{"id":4797,"date":"2024-02-09T05:10:46","date_gmt":"2024-02-09T08:10:46","guid":{"rendered":"https:\/\/diariodepe.com.br\/cri\/?p=4797"},"modified":"2024-03-28T05:11:16","modified_gmt":"2024-03-28T08:11:16","slug":"cmg-promove-gala-do-festival-da-primavera-durante-jogo-da-nhl-nos-eua","status":"publish","type":"post","link":"https:\/\/diariodepe.com.br\/cri\/2024\/02\/09\/cmg-promove-gala-do-festival-da-primavera-durante-jogo-da-nhl-nos-eua\/","title":{"rendered":"CMG promove Gala do Festival da Primavera durante jogo da NHL nos EUA"},"content":{"rendered":"<p>O Grupo de M\u00eddia da China (CMG, na sigla em ingl\u00eas) realizou um evento de promo\u00e7\u00e3o cultural sobre a Gala do Festival da Primavera durante um jogo da Liga Nacional de H\u00f3quei no Gelo (NHL) em Nova York, nos EUA, na v\u00e9spera do Ano Novo Lunar Chin\u00eas. Mais de 10 mil espectadores estadunidenses que estavam no local sentiram os encantos da Festa de Primavera, numa atmosfera calorosa, e celebraram em conjunto a chegada do Ano do Drag\u00e3o.<\/p>\n<p class=\"photo_img_20190808\"><img decoding=\"async\" src=\"https:\/\/p1crires.cri.cn\/photoworkspace\/cri\/contentimg\/2024\/02\/09\/2024020921402511714.jpg\" alt=\"\" width=\"1000\" \/><\/p>\n<p>O presidente do CMG, Shen Haixiong, proferiu um discurso por meio de v\u00eddeo aos f\u00e3s norte-americanos, desejando-lhes um feliz ano novo em nome da emissora.<\/p>\n<p>A atividade tamb\u00e9m ser\u00e1 divulgada para o p\u00fablico da Am\u00e9rica do Norte, por meio das contas do CMG nas principais plataformas de redes sociais e dos canais de comunica\u00e7\u00e3o cooperativos, como a NHL.<\/p>\n","protected":false},"excerpt":{"rendered":"<p>O Grupo de M\u00eddia da China (CMG, na sigla em ingl\u00eas) realizou um evento de promo\u00e7\u00e3o cultural sobre a Gala do Festival da Primavera durante um jogo da Liga Nacional de H\u00f3quei no Gelo (NHL) em Nova York, nos EUA,&#8230;<\/p>\n","protected":false},"author":2,"featured_media":0,"comment_status":"open","ping_status":"open","sticky":false,"template":"","format":"standard","meta":{"footnotes":""},"categories":[1],"tags":[],"class_list":["post-4797","post","type-post","status-publish","format-standard","hentry","category-estudio-paulista"],"yoast_head":"<!-- This site is optimized with the Yoast SEO plugin v27.4 - https:\/\/yoast.com\/product\/yoast-seo-wordpress\/ -->\n<title>CMG promove Gala do Festival da Primavera durante jogo da NHL nos EUA - CRI e Diario de Pernambuco<\/title>\n<meta name=\"robots\" content=\"index, follow, max-snippet:-1, max-image-preview:large, max-video-preview:-1\" \/>\n<link rel=\"canonical\" href=\"https:\/\/diariodepe.com.br\/cri\/2024\/02\/09\/cmg-promove-gala-do-festival-da-primavera-durante-jogo-da-nhl-nos-eua\/\" \/>\n<meta property=\"og:locale\" content=\"pt_BR\" \/>\n<meta property=\"og:type\" content=\"article\" \/>\n<meta property=\"og:title\" content=\"CMG promove Gala do Festival da Primavera durante jogo da NHL nos EUA - CRI e Diario de Pernambuco\" \/>\n<meta property=\"og:description\" content=\"O Grupo de M\u00eddia da China (CMG, na sigla em ingl\u00eas) realizou um evento de promo\u00e7\u00e3o cultural sobre a Gala do Festival da Primavera durante um jogo da Liga Nacional de H\u00f3quei no Gelo (NHL) em Nova York, nos EUA,...\" \/>\n<meta property=\"og:url\" content=\"https:\/\/diariodepe.com.br\/cri\/2024\/02\/09\/cmg-promove-gala-do-festival-da-primavera-durante-jogo-da-nhl-nos-eua\/\" \/>\n<meta property=\"og:site_name\" content=\"CRI e Diario de Pernambuco\" \/>\n<meta property=\"article:published_time\" content=\"2024-02-09T08:10:46+00:00\" \/>\n<meta property=\"article:modified_time\" content=\"2024-03-28T08:11:16+00:00\" \/>\n<meta property=\"og:image\" content=\"https:\/\/p1crires.cri.cn\/photoworkspace\/cri\/contentimg\/2024\/02\/09\/2024020921402511714.jpg\" \/>\n<meta name=\"author\" content=\"Ismael Lucas S. Pereira\" \/>\n<meta name=\"twitter:card\" content=\"summary_large_image\" \/>\n<meta name=\"twitter:label1\" content=\"Escrito por\" \/>\n\t<meta name=\"twitter:data1\" content=\"Ismael Lucas S. Pereira\" \/>\n\t<meta name=\"twitter:label2\" content=\"Est. tempo de leitura\" \/>\n\t<meta name=\"twitter:data2\" content=\"1 minuto\" \/>\n<script type=\"application\/ld+json\" class=\"yoast-schema-graph\">{\"@context\":\"https:\\\/\\\/schema.org\",\"@graph\":[{\"@type\":\"Article\",\"@id\":\"https:\\\/\\\/diariodepe.com.br\\\/cri\\\/2024\\\/02\\\/09\\\/cmg-promove-gala-do-festival-da-primavera-durante-jogo-da-nhl-nos-eua\\\/#article\",\"isPartOf\":{\"@id\":\"https:\\\/\\\/diariodepe.com.br\\\/cri\\\/2024\\\/02\\\/09\\\/cmg-promove-gala-do-festival-da-primavera-durante-jogo-da-nhl-nos-eua\\\/\"},\"author\":{\"name\":\"Ismael Lucas S. Pereira\",\"@id\":\"https:\\\/\\\/diariodepe.com.br\\\/cri\\\/#\\\/schema\\\/person\\\/121bb28d84f1a5b1205ef4ce9c2e0c6b\"},\"headline\":\"CMG promove Gala do Festival da Primavera durante jogo da NHL nos EUA\",\"datePublished\":\"2024-02-09T08:10:46+00:00\",\"dateModified\":\"2024-03-28T08:11:16+00:00\",\"mainEntityOfPage\":{\"@id\":\"https:\\\/\\\/diariodepe.com.br\\\/cri\\\/2024\\\/02\\\/09\\\/cmg-promove-gala-do-festival-da-primavera-durante-jogo-da-nhl-nos-eua\\\/\"},\"wordCount\":160,\"commentCount\":0,\"publisher\":{\"@id\":\"https:\\\/\\\/diariodepe.com.br\\\/cri\\\/#organization\"},\"image\":{\"@id\":\"https:\\\/\\\/diariodepe.com.br\\\/cri\\\/2024\\\/02\\\/09\\\/cmg-promove-gala-do-festival-da-primavera-durante-jogo-da-nhl-nos-eua\\\/#primaryimage\"},\"thumbnailUrl\":\"https:\\\/\\\/p1crires.cri.cn\\\/photoworkspace\\\/cri\\\/contentimg\\\/2024\\\/02\\\/09\\\/2024020921402511714.jpg\",\"articleSection\":[\"Est\u00fadio Paulista\"],\"inLanguage\":\"pt-BR\",\"potentialAction\":[{\"@type\":\"CommentAction\",\"name\":\"Comment\",\"target\":[\"https:\\\/\\\/diariodepe.com.br\\\/cri\\\/2024\\\/02\\\/09\\\/cmg-promove-gala-do-festival-da-primavera-durante-jogo-da-nhl-nos-eua\\\/#respond\"]}]},{\"@type\":\"WebPage\",\"@id\":\"https:\\\/\\\/diariodepe.com.br\\\/cri\\\/2024\\\/02\\\/09\\\/cmg-promove-gala-do-festival-da-primavera-durante-jogo-da-nhl-nos-eua\\\/\",\"url\":\"https:\\\/\\\/diariodepe.com.br\\\/cri\\\/2024\\\/02\\\/09\\\/cmg-promove-gala-do-festival-da-primavera-durante-jogo-da-nhl-nos-eua\\\/\",\"name\":\"CMG promove Gala do Festival da Primavera durante jogo da NHL nos EUA - CRI e Diario de Pernambuco\",\"isPartOf\":{\"@id\":\"https:\\\/\\\/diariodepe.com.br\\\/cri\\\/#website\"},\"primaryImageOfPage\":{\"@id\":\"https:\\\/\\\/diariodepe.com.br\\\/cri\\\/2024\\\/02\\\/09\\\/cmg-promove-gala-do-festival-da-primavera-durante-jogo-da-nhl-nos-eua\\\/#primaryimage\"},\"image\":{\"@id\":\"https:\\\/\\\/diariodepe.com.br\\\/cri\\\/2024\\\/02\\\/09\\\/cmg-promove-gala-do-festival-da-primavera-durante-jogo-da-nhl-nos-eua\\\/#primaryimage\"},\"thumbnailUrl\":\"https:\\\/\\\/p1crires.cri.cn\\\/photoworkspace\\\/cri\\\/contentimg\\\/2024\\\/02\\\/09\\\/2024020921402511714.jpg\",\"datePublished\":\"2024-02-09T08:10:46+00:00\",\"dateModified\":\"2024-03-28T08:11:16+00:00\",\"breadcrumb\":{\"@id\":\"https:\\\/\\\/diariodepe.com.br\\\/cri\\\/2024\\\/02\\\/09\\\/cmg-promove-gala-do-festival-da-primavera-durante-jogo-da-nhl-nos-eua\\\/#breadcrumb\"},\"inLanguage\":\"pt-BR\",\"potentialAction\":[{\"@type\":\"ReadAction\",\"target\":[\"https:\\\/\\\/diariodepe.com.br\\\/cri\\\/2024\\\/02\\\/09\\\/cmg-promove-gala-do-festival-da-primavera-durante-jogo-da-nhl-nos-eua\\\/\"]}]},{\"@type\":\"ImageObject\",\"inLanguage\":\"pt-BR\",\"@id\":\"https:\\\/\\\/diariodepe.com.br\\\/cri\\\/2024\\\/02\\\/09\\\/cmg-promove-gala-do-festival-da-primavera-durante-jogo-da-nhl-nos-eua\\\/#primaryimage\",\"url\":\"https:\\\/\\\/p1crires.cri.cn\\\/photoworkspace\\\/cri\\\/contentimg\\\/2024\\\/02\\\/09\\\/2024020921402511714.jpg\",\"contentUrl\":\"https:\\\/\\\/p1crires.cri.cn\\\/photoworkspace\\\/cri\\\/contentimg\\\/2024\\\/02\\\/09\\\/2024020921402511714.jpg\"},{\"@type\":\"BreadcrumbList\",\"@id\":\"https:\\\/\\\/diariodepe.com.br\\\/cri\\\/2024\\\/02\\\/09\\\/cmg-promove-gala-do-festival-da-primavera-durante-jogo-da-nhl-nos-eua\\\/#breadcrumb\",\"itemListElement\":[{\"@type\":\"ListItem\",\"position\":1,\"name\":\"In\u00edcio\",\"item\":\"https:\\\/\\\/diariodepe.com.br\\\/cri\\\/\"},{\"@type\":\"ListItem\",\"position\":2,\"name\":\"CMG promove Gala do Festival da Primavera durante jogo da NHL nos EUA\"}]},{\"@type\":\"WebSite\",\"@id\":\"https:\\\/\\\/diariodepe.com.br\\\/cri\\\/#website\",\"url\":\"https:\\\/\\\/diariodepe.com.br\\\/cri\\\/\",\"name\":\"CRI e Diario de Pernambuco\",\"description\":\"R\u00e1dio Internacional da China\",\"publisher\":{\"@id\":\"https:\\\/\\\/diariodepe.com.br\\\/cri\\\/#organization\"},\"potentialAction\":[{\"@type\":\"SearchAction\",\"target\":{\"@type\":\"EntryPoint\",\"urlTemplate\":\"https:\\\/\\\/diariodepe.com.br\\\/cri\\\/?s={search_term_string}\"},\"query-input\":{\"@type\":\"PropertyValueSpecification\",\"valueRequired\":true,\"valueName\":\"search_term_string\"}}],\"inLanguage\":\"pt-BR\"},{\"@type\":\"Organization\",\"@id\":\"https:\\\/\\\/diariodepe.com.br\\\/cri\\\/#organization\",\"name\":\"CRI e Diario de Pernambuco\",\"url\":\"https:\\\/\\\/diariodepe.com.br\\\/cri\\\/\",\"logo\":{\"@type\":\"ImageObject\",\"inLanguage\":\"pt-BR\",\"@id\":\"https:\\\/\\\/diariodepe.com.br\\\/cri\\\/#\\\/schema\\\/logo\\\/image\\\/\",\"url\":\"https:\\\/\\\/diariodepe.com.br\\\/cri\\\/wp-content\\\/uploads\\\/sites\\\/2\\\/2022\\\/12\\\/cropped-Logo.jpg\",\"contentUrl\":\"https:\\\/\\\/diariodepe.com.br\\\/cri\\\/wp-content\\\/uploads\\\/sites\\\/2\\\/2022\\\/12\\\/cropped-Logo.jpg\",\"width\":700,\"height\":59,\"caption\":\"CRI e Diario de Pernambuco\"},\"image\":{\"@id\":\"https:\\\/\\\/diariodepe.com.br\\\/cri\\\/#\\\/schema\\\/logo\\\/image\\\/\"}},{\"@type\":\"Person\",\"@id\":\"https:\\\/\\\/diariodepe.com.br\\\/cri\\\/#\\\/schema\\\/person\\\/121bb28d84f1a5b1205ef4ce9c2e0c6b\",\"name\":\"Ismael Lucas S. Pereira\",\"image\":{\"@type\":\"ImageObject\",\"inLanguage\":\"pt-BR\",\"@id\":\"https:\\\/\\\/secure.gravatar.com\\\/avatar\\\/887a0f3b5a7ceea963a48499fb883ffce6b5037362def025c52c2505b15d63e4?s=96&d=mm&r=g\",\"url\":\"https:\\\/\\\/secure.gravatar.com\\\/avatar\\\/887a0f3b5a7ceea963a48499fb883ffce6b5037362def025c52c2505b15d63e4?s=96&d=mm&r=g\",\"contentUrl\":\"https:\\\/\\\/secure.gravatar.com\\\/avatar\\\/887a0f3b5a7ceea963a48499fb883ffce6b5037362def025c52c2505b15d63e4?s=96&d=mm&r=g\",\"caption\":\"Ismael Lucas S. Pereira\"},\"url\":\"https:\\\/\\\/diariodepe.com.br\\\/cri\\\/author\\\/ismael-lucas\\\/\"}]}<\/script>\n<!-- \/ Yoast SEO plugin. -->","yoast_head_json":{"title":"CMG promove Gala do Festival da Primavera durante jogo da NHL nos EUA - CRI e Diario de Pernambuco","robots":{"index":"index","follow":"follow","max-snippet":"max-snippet:-1","max-image-preview":"max-image-preview:large","max-video-preview":"max-video-preview:-1"},"canonical":"https:\/\/diariodepe.com.br\/cri\/2024\/02\/09\/cmg-promove-gala-do-festival-da-primavera-durante-jogo-da-nhl-nos-eua\/","og_locale":"pt_BR","og_type":"article","og_title":"CMG promove Gala do Festival da Primavera durante jogo da NHL nos EUA - CRI e Diario de Pernambuco","og_description":"O Grupo de M\u00eddia da China (CMG, na sigla em ingl\u00eas) realizou um evento de promo\u00e7\u00e3o cultural sobre a Gala do Festival da Primavera durante um jogo da Liga Nacional de H\u00f3quei no Gelo (NHL) em Nova York, nos EUA,...","og_url":"https:\/\/diariodepe.com.br\/cri\/2024\/02\/09\/cmg-promove-gala-do-festival-da-primavera-durante-jogo-da-nhl-nos-eua\/","og_site_name":"CRI e Diario de Pernambuco","article_published_time":"2024-02-09T08:10:46+00:00","article_modified_time":"2024-03-28T08:11:16+00:00","og_image":[{"url":"https:\/\/p1crires.cri.cn\/photoworkspace\/cri\/contentimg\/2024\/02\/09\/2024020921402511714.jpg","type":"","width":"","height":""}],"author":"Ismael Lucas S. Pereira","twitter_card":"summary_large_image","twitter_misc":{"Escrito por":"Ismael Lucas S. Pereira","Est. tempo de leitura":"1 minuto"},"schema":{"@context":"https:\/\/schema.org","@graph":[{"@type":"Article","@id":"https:\/\/diariodepe.com.br\/cri\/2024\/02\/09\/cmg-promove-gala-do-festival-da-primavera-durante-jogo-da-nhl-nos-eua\/#article","isPartOf":{"@id":"https:\/\/diariodepe.com.br\/cri\/2024\/02\/09\/cmg-promove-gala-do-festival-da-primavera-durante-jogo-da-nhl-nos-eua\/"},"author":{"name":"Ismael Lucas S. Pereira","@id":"https:\/\/diariodepe.com.br\/cri\/#\/schema\/person\/121bb28d84f1a5b1205ef4ce9c2e0c6b"},"headline":"CMG promove Gala do Festival da Primavera durante jogo da NHL nos EUA","datePublished":"2024-02-09T08:10:46+00:00","dateModified":"2024-03-28T08:11:16+00:00","mainEntityOfPage":{"@id":"https:\/\/diariodepe.com.br\/cri\/2024\/02\/09\/cmg-promove-gala-do-festival-da-primavera-durante-jogo-da-nhl-nos-eua\/"},"wordCount":160,"commentCount":0,"publisher":{"@id":"https:\/\/diariodepe.com.br\/cri\/#organization"},"image":{"@id":"https:\/\/diariodepe.com.br\/cri\/2024\/02\/09\/cmg-promove-gala-do-festival-da-primavera-durante-jogo-da-nhl-nos-eua\/#primaryimage"},"thumbnailUrl":"https:\/\/p1crires.cri.cn\/photoworkspace\/cri\/contentimg\/2024\/02\/09\/2024020921402511714.jpg","articleSection":["Est\u00fadio Paulista"],"inLanguage":"pt-BR","potentialAction":[{"@type":"CommentAction","name":"Comment","target":["https:\/\/diariodepe.com.br\/cri\/2024\/02\/09\/cmg-promove-gala-do-festival-da-primavera-durante-jogo-da-nhl-nos-eua\/#respond"]}]},{"@type":"WebPage","@id":"https:\/\/diariodepe.com.br\/cri\/2024\/02\/09\/cmg-promove-gala-do-festival-da-primavera-durante-jogo-da-nhl-nos-eua\/","url":"https:\/\/diariodepe.com.br\/cri\/2024\/02\/09\/cmg-promove-gala-do-festival-da-primavera-durante-jogo-da-nhl-nos-eua\/","name":"CMG promove Gala do Festival da Primavera durante jogo da NHL nos EUA - CRI e Diario de Pernambuco","isPartOf":{"@id":"https:\/\/diariodepe.com.br\/cri\/#website"},"primaryImageOfPage":{"@id":"https:\/\/diariodepe.com.br\/cri\/2024\/02\/09\/cmg-promove-gala-do-festival-da-primavera-durante-jogo-da-nhl-nos-eua\/#primaryimage"},"image":{"@id":"https:\/\/diariodepe.com.br\/cri\/2024\/02\/09\/cmg-promove-gala-do-festival-da-primavera-durante-jogo-da-nhl-nos-eua\/#primaryimage"},"thumbnailUrl":"https:\/\/p1crires.cri.cn\/photoworkspace\/cri\/contentimg\/2024\/02\/09\/2024020921402511714.jpg","datePublished":"2024-02-09T08:10:46+00:00","dateModified":"2024-03-28T08:11:16+00:00","breadcrumb":{"@id":"https:\/\/diariodepe.com.br\/cri\/2024\/02\/09\/cmg-promove-gala-do-festival-da-primavera-durante-jogo-da-nhl-nos-eua\/#breadcrumb"},"inLanguage":"pt-BR","potentialAction":[{"@type":"ReadAction","target":["https:\/\/diariodepe.com.br\/cri\/2024\/02\/09\/cmg-promove-gala-do-festival-da-primavera-durante-jogo-da-nhl-nos-eua\/"]}]},{"@type":"ImageObject","inLanguage":"pt-BR","@id":"https:\/\/diariodepe.com.br\/cri\/2024\/02\/09\/cmg-promove-gala-do-festival-da-primavera-durante-jogo-da-nhl-nos-eua\/#primaryimage","url":"https:\/\/p1crires.cri.cn\/photoworkspace\/cri\/contentimg\/2024\/02\/09\/2024020921402511714.jpg","contentUrl":"https:\/\/p1crires.cri.cn\/photoworkspace\/cri\/contentimg\/2024\/02\/09\/2024020921402511714.jpg"},{"@type":"BreadcrumbList","@id":"https:\/\/diariodepe.com.br\/cri\/2024\/02\/09\/cmg-promove-gala-do-festival-da-primavera-durante-jogo-da-nhl-nos-eua\/#breadcrumb","itemListElement":[{"@type":"ListItem","position":1,"name":"In\u00edcio","item":"https:\/\/diariodepe.com.br\/cri\/"},{"@type":"ListItem","position":2,"name":"CMG promove Gala do Festival da Primavera durante jogo da NHL nos EUA"}]},{"@type":"WebSite","@id":"https:\/\/diariodepe.com.br\/cri\/#website","url":"https:\/\/diariodepe.com.br\/cri\/","name":"CRI e Diario de Pernambuco","description":"R\u00e1dio Internacional da China","publisher":{"@id":"https:\/\/diariodepe.com.br\/cri\/#organization"},"potentialAction":[{"@type":"SearchAction","target":{"@type":"EntryPoint","urlTemplate":"https:\/\/diariodepe.com.br\/cri\/?s={search_term_string}"},"query-input":{"@type":"PropertyValueSpecification","valueRequired":true,"valueName":"search_term_string"}}],"inLanguage":"pt-BR"},{"@type":"Organization","@id":"https:\/\/diariodepe.com.br\/cri\/#organization","name":"CRI e Diario de Pernambuco","url":"https:\/\/diariodepe.com.br\/cri\/","logo":{"@type":"ImageObject","inLanguage":"pt-BR","@id":"https:\/\/diariodepe.com.br\/cri\/#\/schema\/logo\/image\/","url":"https:\/\/diariodepe.com.br\/cri\/wp-content\/uploads\/sites\/2\/2022\/12\/cropped-Logo.jpg","contentUrl":"https:\/\/diariodepe.com.br\/cri\/wp-content\/uploads\/sites\/2\/2022\/12\/cropped-Logo.jpg","width":700,"height":59,"caption":"CRI e Diario de Pernambuco"},"image":{"@id":"https:\/\/diariodepe.com.br\/cri\/#\/schema\/logo\/image\/"}},{"@type":"Person","@id":"https:\/\/diariodepe.com.br\/cri\/#\/schema\/person\/121bb28d84f1a5b1205ef4ce9c2e0c6b","name":"Ismael Lucas S. Pereira","image":{"@type":"ImageObject","inLanguage":"pt-BR","@id":"https:\/\/secure.gravatar.com\/avatar\/887a0f3b5a7ceea963a48499fb883ffce6b5037362def025c52c2505b15d63e4?s=96&d=mm&r=g","url":"https:\/\/secure.gravatar.com\/avatar\/887a0f3b5a7ceea963a48499fb883ffce6b5037362def025c52c2505b15d63e4?s=96&d=mm&r=g","contentUrl":"https:\/\/secure.gravatar.com\/avatar\/887a0f3b5a7ceea963a48499fb883ffce6b5037362def025c52c2505b15d63e4?s=96&d=mm&r=g","caption":"Ismael Lucas S. Pereira"},"url":"https:\/\/diariodepe.com.br\/cri\/author\/ismael-lucas\/"}]}},"cc_featured_image_caption":{"caption_text":false,"source_text":false,"source_url":false},"amp_enabled":true,"_links":{"self":[{"href":"https:\/\/diariodepe.com.br\/cri\/wp-json\/wp\/v2\/posts\/4797","targetHints":{"allow":["GET"]}}],"collection":[{"href":"https:\/\/diariodepe.com.br\/cri\/wp-json\/wp\/v2\/posts"}],"about":[{"href":"https:\/\/diariodepe.com.br\/cri\/wp-json\/wp\/v2\/types\/post"}],"author":[{"embeddable":true,"href":"https:\/\/diariodepe.com.br\/cri\/wp-json\/wp\/v2\/users\/2"}],"replies":[{"embeddable":true,"href":"https:\/\/diariodepe.com.br\/cri\/wp-json\/wp\/v2\/comments?post=4797"}],"version-history":[{"count":1,"href":"https:\/\/diariodepe.com.br\/cri\/wp-json\/wp\/v2\/posts\/4797\/revisions"}],"predecessor-version":[{"id":4798,"href":"https:\/\/diariodepe.com.br\/cri\/wp-json\/wp\/v2\/posts\/4797\/revisions\/4798"}],"wp:attachment":[{"href":"https:\/\/diariodepe.com.br\/cri\/wp-json\/wp\/v2\/media?parent=4797"}],"wp:term":[{"taxonomy":"category","embeddable":true,"href":"https:\/\/diariodepe.com.br\/cri\/wp-json\/wp\/v2\/categories?post=4797"},{"taxonomy":"post_tag","embeddable":true,"href":"https:\/\/diariodepe.com.br\/cri\/wp-json\/wp\/v2\/tags?post=4797"}],"curies":[{"name":"wp","href":"https:\/\/api.w.org\/{rel}","templated":true}]}}