{"id":4765,"date":"2024-03-20T23:39:14","date_gmt":"2024-03-21T02:39:14","guid":{"rendered":"https:\/\/diariodepe.com.br\/cri\/?p=4765"},"modified":"2024-03-20T23:39:14","modified_gmt":"2024-03-21T02:39:14","slug":"xi-jinping-destaca-promocao-do-desenvolvimento-da-regiao-central","status":"publish","type":"post","link":"https:\/\/diariodepe.com.br\/cri\/2024\/03\/20\/xi-jinping-destaca-promocao-do-desenvolvimento-da-regiao-central\/","title":{"rendered":"Xi Jinping destaca promo\u00e7\u00e3o do desenvolvimento da regi\u00e3o central"},"content":{"rendered":"<p data-spm-anchor-id=\"0.0.0.i1\">O secret\u00e1rio-geral do Comit\u00ea Central do Partido Comunista da China (PCCh) e presidente do pa\u00eds, Xi Jinping, presidiu na tarde desta quarta-feira (20) uma reuni\u00e3o sobre a promo\u00e7\u00e3o do desenvolvimento da regi\u00e3o central na nova era e proferiu um discurso importante, em Changsha, na prov\u00edncia de Hunan.<\/p>\n<p>Ele enfatizou que a regi\u00e3o central \u00e9 uma base importante na produ\u00e7\u00e3o de alimentos, na energia e mat\u00e9rias-primas, na manufatura de equipamentos modernos e ind\u00fastrias de alta tecnologia, assim como um centro de transporte abrangente, desempenhando um papel crucial em todo o pa\u00eds. \u00c9 necess\u00e1rio impulsionar a implementa\u00e7\u00e3o eficiente de uma s\u00e9rie de pol\u00edticas e medidas para acelerar o desenvolvimento dessa regi\u00e3o.<\/p>\n<p>O l\u00edder chin\u00eas destacou a import\u00e2ncia de liderar a inova\u00e7\u00e3o industrial com inova\u00e7\u00e3o tecnol\u00f3gica e desenvolver ativamente as novas for\u00e7as produtivas de qualidade. A China deve impulsionar a nova industrializa\u00e7\u00e3o, cultivar as ind\u00fastrias emergentes e acelerar a constru\u00e7\u00e3o de um sistema industrial moderno suportado pelo setor manufatureiro avan\u00e7ado.<\/p>\n<p>Al\u00e9m disso, \u00e9 importante promover as reformas com profundidade e a abertura de alto n\u00edvel, otimizar o ambiente para as empresas privadas, impulsionar a prote\u00e7\u00e3o ambiental e o desenvolvimento verde e de baixo carbono. O pa\u00eds tamb\u00e9m persistir\u00e1 no desenvolvimento integrado entre \u00e1reas urbanas e rurais e avan\u00e7ar na revitaliza\u00e7\u00e3o rural.<\/p>\n","protected":false},"excerpt":{"rendered":"<p>O secret\u00e1rio-geral do Comit\u00ea Central do Partido Comunista da China (PCCh) e presidente do pa\u00eds, Xi Jinping, presidiu na tarde desta quarta-feira (20) uma reuni\u00e3o sobre a promo\u00e7\u00e3o do desenvolvimento da regi\u00e3o central na nova era e proferiu um discurso&#8230;<\/p>\n","protected":false},"author":2,"featured_media":0,"comment_status":"open","ping_status":"open","sticky":false,"template":"","format":"standard","meta":{"footnotes":""},"categories":[3],"tags":[],"class_list":["post-4765","post","type-post","status-publish","format-standard","hentry","category-china"],"yoast_head":"<!-- This site is optimized with the Yoast SEO plugin v27.4 - https:\/\/yoast.com\/product\/yoast-seo-wordpress\/ -->\n<title>Xi Jinping destaca promo\u00e7\u00e3o do desenvolvimento da regi\u00e3o central - CRI e Diario de Pernambuco<\/title>\n<meta name=\"robots\" content=\"index, follow, max-snippet:-1, max-image-preview:large, max-video-preview:-1\" \/>\n<link rel=\"canonical\" href=\"https:\/\/diariodepe.com.br\/cri\/2024\/03\/20\/xi-jinping-destaca-promocao-do-desenvolvimento-da-regiao-central\/\" \/>\n<meta property=\"og:locale\" content=\"pt_BR\" \/>\n<meta property=\"og:type\" content=\"article\" \/>\n<meta property=\"og:title\" content=\"Xi Jinping destaca promo\u00e7\u00e3o do desenvolvimento da regi\u00e3o central - CRI e Diario de Pernambuco\" \/>\n<meta property=\"og:description\" content=\"O secret\u00e1rio-geral do Comit\u00ea Central do Partido Comunista da China (PCCh) e presidente do pa\u00eds, Xi Jinping, presidiu na tarde desta quarta-feira (20) uma reuni\u00e3o sobre a promo\u00e7\u00e3o do desenvolvimento da regi\u00e3o central na nova era e proferiu um discurso...\" \/>\n<meta property=\"og:url\" content=\"https:\/\/diariodepe.com.br\/cri\/2024\/03\/20\/xi-jinping-destaca-promocao-do-desenvolvimento-da-regiao-central\/\" \/>\n<meta property=\"og:site_name\" content=\"CRI e Diario de Pernambuco\" \/>\n<meta property=\"article:published_time\" content=\"2024-03-21T02:39:14+00:00\" \/>\n<meta name=\"author\" content=\"Ismael Lucas S. Pereira\" \/>\n<meta name=\"twitter:card\" content=\"summary_large_image\" \/>\n<meta name=\"twitter:label1\" content=\"Escrito por\" \/>\n\t<meta name=\"twitter:data1\" content=\"Ismael Lucas S. Pereira\" \/>\n<script type=\"application\/ld+json\" class=\"yoast-schema-graph\">{\"@context\":\"https:\\\/\\\/schema.org\",\"@graph\":[{\"@type\":\"Article\",\"@id\":\"https:\\\/\\\/diariodepe.com.br\\\/cri\\\/2024\\\/03\\\/20\\\/xi-jinping-destaca-promocao-do-desenvolvimento-da-regiao-central\\\/#article\",\"isPartOf\":{\"@id\":\"https:\\\/\\\/diariodepe.com.br\\\/cri\\\/2024\\\/03\\\/20\\\/xi-jinping-destaca-promocao-do-desenvolvimento-da-regiao-central\\\/\"},\"author\":{\"name\":\"Ismael Lucas S. Pereira\",\"@id\":\"https:\\\/\\\/diariodepe.com.br\\\/cri\\\/#\\\/schema\\\/person\\\/121bb28d84f1a5b1205ef4ce9c2e0c6b\"},\"headline\":\"Xi Jinping destaca promo\u00e7\u00e3o do desenvolvimento da regi\u00e3o central\",\"datePublished\":\"2024-03-21T02:39:14+00:00\",\"mainEntityOfPage\":{\"@id\":\"https:\\\/\\\/diariodepe.com.br\\\/cri\\\/2024\\\/03\\\/20\\\/xi-jinping-destaca-promocao-do-desenvolvimento-da-regiao-central\\\/\"},\"wordCount\":249,\"commentCount\":0,\"publisher\":{\"@id\":\"https:\\\/\\\/diariodepe.com.br\\\/cri\\\/#organization\"},\"articleSection\":[\"China\"],\"inLanguage\":\"pt-BR\",\"potentialAction\":[{\"@type\":\"CommentAction\",\"name\":\"Comment\",\"target\":[\"https:\\\/\\\/diariodepe.com.br\\\/cri\\\/2024\\\/03\\\/20\\\/xi-jinping-destaca-promocao-do-desenvolvimento-da-regiao-central\\\/#respond\"]}]},{\"@type\":\"WebPage\",\"@id\":\"https:\\\/\\\/diariodepe.com.br\\\/cri\\\/2024\\\/03\\\/20\\\/xi-jinping-destaca-promocao-do-desenvolvimento-da-regiao-central\\\/\",\"url\":\"https:\\\/\\\/diariodepe.com.br\\\/cri\\\/2024\\\/03\\\/20\\\/xi-jinping-destaca-promocao-do-desenvolvimento-da-regiao-central\\\/\",\"name\":\"Xi Jinping destaca promo\u00e7\u00e3o do desenvolvimento da regi\u00e3o central - CRI e Diario de Pernambuco\",\"isPartOf\":{\"@id\":\"https:\\\/\\\/diariodepe.com.br\\\/cri\\\/#website\"},\"datePublished\":\"2024-03-21T02:39:14+00:00\",\"breadcrumb\":{\"@id\":\"https:\\\/\\\/diariodepe.com.br\\\/cri\\\/2024\\\/03\\\/20\\\/xi-jinping-destaca-promocao-do-desenvolvimento-da-regiao-central\\\/#breadcrumb\"},\"inLanguage\":\"pt-BR\",\"potentialAction\":[{\"@type\":\"ReadAction\",\"target\":[\"https:\\\/\\\/diariodepe.com.br\\\/cri\\\/2024\\\/03\\\/20\\\/xi-jinping-destaca-promocao-do-desenvolvimento-da-regiao-central\\\/\"]}]},{\"@type\":\"BreadcrumbList\",\"@id\":\"https:\\\/\\\/diariodepe.com.br\\\/cri\\\/2024\\\/03\\\/20\\\/xi-jinping-destaca-promocao-do-desenvolvimento-da-regiao-central\\\/#breadcrumb\",\"itemListElement\":[{\"@type\":\"ListItem\",\"position\":1,\"name\":\"In\u00edcio\",\"item\":\"https:\\\/\\\/diariodepe.com.br\\\/cri\\\/\"},{\"@type\":\"ListItem\",\"position\":2,\"name\":\"Xi Jinping destaca promo\u00e7\u00e3o do desenvolvimento da regi\u00e3o central\"}]},{\"@type\":\"WebSite\",\"@id\":\"https:\\\/\\\/diariodepe.com.br\\\/cri\\\/#website\",\"url\":\"https:\\\/\\\/diariodepe.com.br\\\/cri\\\/\",\"name\":\"CRI e Diario de Pernambuco\",\"description\":\"R\u00e1dio Internacional da China\",\"publisher\":{\"@id\":\"https:\\\/\\\/diariodepe.com.br\\\/cri\\\/#organization\"},\"potentialAction\":[{\"@type\":\"SearchAction\",\"target\":{\"@type\":\"EntryPoint\",\"urlTemplate\":\"https:\\\/\\\/diariodepe.com.br\\\/cri\\\/?s={search_term_string}\"},\"query-input\":{\"@type\":\"PropertyValueSpecification\",\"valueRequired\":true,\"valueName\":\"search_term_string\"}}],\"inLanguage\":\"pt-BR\"},{\"@type\":\"Organization\",\"@id\":\"https:\\\/\\\/diariodepe.com.br\\\/cri\\\/#organization\",\"name\":\"CRI e Diario de Pernambuco\",\"url\":\"https:\\\/\\\/diariodepe.com.br\\\/cri\\\/\",\"logo\":{\"@type\":\"ImageObject\",\"inLanguage\":\"pt-BR\",\"@id\":\"https:\\\/\\\/diariodepe.com.br\\\/cri\\\/#\\\/schema\\\/logo\\\/image\\\/\",\"url\":\"https:\\\/\\\/diariodepe.com.br\\\/cri\\\/wp-content\\\/uploads\\\/sites\\\/2\\\/2022\\\/12\\\/cropped-Logo.jpg\",\"contentUrl\":\"https:\\\/\\\/diariodepe.com.br\\\/cri\\\/wp-content\\\/uploads\\\/sites\\\/2\\\/2022\\\/12\\\/cropped-Logo.jpg\",\"width\":700,\"height\":59,\"caption\":\"CRI e Diario de Pernambuco\"},\"image\":{\"@id\":\"https:\\\/\\\/diariodepe.com.br\\\/cri\\\/#\\\/schema\\\/logo\\\/image\\\/\"}},{\"@type\":\"Person\",\"@id\":\"https:\\\/\\\/diariodepe.com.br\\\/cri\\\/#\\\/schema\\\/person\\\/121bb28d84f1a5b1205ef4ce9c2e0c6b\",\"name\":\"Ismael Lucas S. Pereira\",\"image\":{\"@type\":\"ImageObject\",\"inLanguage\":\"pt-BR\",\"@id\":\"https:\\\/\\\/secure.gravatar.com\\\/avatar\\\/887a0f3b5a7ceea963a48499fb883ffce6b5037362def025c52c2505b15d63e4?s=96&d=mm&r=g\",\"url\":\"https:\\\/\\\/secure.gravatar.com\\\/avatar\\\/887a0f3b5a7ceea963a48499fb883ffce6b5037362def025c52c2505b15d63e4?s=96&d=mm&r=g\",\"contentUrl\":\"https:\\\/\\\/secure.gravatar.com\\\/avatar\\\/887a0f3b5a7ceea963a48499fb883ffce6b5037362def025c52c2505b15d63e4?s=96&d=mm&r=g\",\"caption\":\"Ismael Lucas S. Pereira\"},\"url\":\"https:\\\/\\\/diariodepe.com.br\\\/cri\\\/author\\\/ismael-lucas\\\/\"}]}<\/script>\n<!-- \/ Yoast SEO plugin. -->","yoast_head_json":{"title":"Xi Jinping destaca promo\u00e7\u00e3o do desenvolvimento da regi\u00e3o central - CRI e Diario de Pernambuco","robots":{"index":"index","follow":"follow","max-snippet":"max-snippet:-1","max-image-preview":"max-image-preview:large","max-video-preview":"max-video-preview:-1"},"canonical":"https:\/\/diariodepe.com.br\/cri\/2024\/03\/20\/xi-jinping-destaca-promocao-do-desenvolvimento-da-regiao-central\/","og_locale":"pt_BR","og_type":"article","og_title":"Xi Jinping destaca promo\u00e7\u00e3o do desenvolvimento da regi\u00e3o central - CRI e Diario de Pernambuco","og_description":"O secret\u00e1rio-geral do Comit\u00ea Central do Partido Comunista da China (PCCh) e presidente do pa\u00eds, Xi Jinping, presidiu na tarde desta quarta-feira (20) uma reuni\u00e3o sobre a promo\u00e7\u00e3o do desenvolvimento da regi\u00e3o central na nova era e proferiu um discurso...","og_url":"https:\/\/diariodepe.com.br\/cri\/2024\/03\/20\/xi-jinping-destaca-promocao-do-desenvolvimento-da-regiao-central\/","og_site_name":"CRI e Diario de Pernambuco","article_published_time":"2024-03-21T02:39:14+00:00","author":"Ismael Lucas S. Pereira","twitter_card":"summary_large_image","twitter_misc":{"Escrito por":"Ismael Lucas S. Pereira"},"schema":{"@context":"https:\/\/schema.org","@graph":[{"@type":"Article","@id":"https:\/\/diariodepe.com.br\/cri\/2024\/03\/20\/xi-jinping-destaca-promocao-do-desenvolvimento-da-regiao-central\/#article","isPartOf":{"@id":"https:\/\/diariodepe.com.br\/cri\/2024\/03\/20\/xi-jinping-destaca-promocao-do-desenvolvimento-da-regiao-central\/"},"author":{"name":"Ismael Lucas S. Pereira","@id":"https:\/\/diariodepe.com.br\/cri\/#\/schema\/person\/121bb28d84f1a5b1205ef4ce9c2e0c6b"},"headline":"Xi Jinping destaca promo\u00e7\u00e3o do desenvolvimento da regi\u00e3o central","datePublished":"2024-03-21T02:39:14+00:00","mainEntityOfPage":{"@id":"https:\/\/diariodepe.com.br\/cri\/2024\/03\/20\/xi-jinping-destaca-promocao-do-desenvolvimento-da-regiao-central\/"},"wordCount":249,"commentCount":0,"publisher":{"@id":"https:\/\/diariodepe.com.br\/cri\/#organization"},"articleSection":["China"],"inLanguage":"pt-BR","potentialAction":[{"@type":"CommentAction","name":"Comment","target":["https:\/\/diariodepe.com.br\/cri\/2024\/03\/20\/xi-jinping-destaca-promocao-do-desenvolvimento-da-regiao-central\/#respond"]}]},{"@type":"WebPage","@id":"https:\/\/diariodepe.com.br\/cri\/2024\/03\/20\/xi-jinping-destaca-promocao-do-desenvolvimento-da-regiao-central\/","url":"https:\/\/diariodepe.com.br\/cri\/2024\/03\/20\/xi-jinping-destaca-promocao-do-desenvolvimento-da-regiao-central\/","name":"Xi Jinping destaca promo\u00e7\u00e3o do desenvolvimento da regi\u00e3o central - CRI e Diario de Pernambuco","isPartOf":{"@id":"https:\/\/diariodepe.com.br\/cri\/#website"},"datePublished":"2024-03-21T02:39:14+00:00","breadcrumb":{"@id":"https:\/\/diariodepe.com.br\/cri\/2024\/03\/20\/xi-jinping-destaca-promocao-do-desenvolvimento-da-regiao-central\/#breadcrumb"},"inLanguage":"pt-BR","potentialAction":[{"@type":"ReadAction","target":["https:\/\/diariodepe.com.br\/cri\/2024\/03\/20\/xi-jinping-destaca-promocao-do-desenvolvimento-da-regiao-central\/"]}]},{"@type":"BreadcrumbList","@id":"https:\/\/diariodepe.com.br\/cri\/2024\/03\/20\/xi-jinping-destaca-promocao-do-desenvolvimento-da-regiao-central\/#breadcrumb","itemListElement":[{"@type":"ListItem","position":1,"name":"In\u00edcio","item":"https:\/\/diariodepe.com.br\/cri\/"},{"@type":"ListItem","position":2,"name":"Xi Jinping destaca promo\u00e7\u00e3o do desenvolvimento da regi\u00e3o central"}]},{"@type":"WebSite","@id":"https:\/\/diariodepe.com.br\/cri\/#website","url":"https:\/\/diariodepe.com.br\/cri\/","name":"CRI e Diario de Pernambuco","description":"R\u00e1dio Internacional da China","publisher":{"@id":"https:\/\/diariodepe.com.br\/cri\/#organization"},"potentialAction":[{"@type":"SearchAction","target":{"@type":"EntryPoint","urlTemplate":"https:\/\/diariodepe.com.br\/cri\/?s={search_term_string}"},"query-input":{"@type":"PropertyValueSpecification","valueRequired":true,"valueName":"search_term_string"}}],"inLanguage":"pt-BR"},{"@type":"Organization","@id":"https:\/\/diariodepe.com.br\/cri\/#organization","name":"CRI e Diario de Pernambuco","url":"https:\/\/diariodepe.com.br\/cri\/","logo":{"@type":"ImageObject","inLanguage":"pt-BR","@id":"https:\/\/diariodepe.com.br\/cri\/#\/schema\/logo\/image\/","url":"https:\/\/diariodepe.com.br\/cri\/wp-content\/uploads\/sites\/2\/2022\/12\/cropped-Logo.jpg","contentUrl":"https:\/\/diariodepe.com.br\/cri\/wp-content\/uploads\/sites\/2\/2022\/12\/cropped-Logo.jpg","width":700,"height":59,"caption":"CRI e Diario de Pernambuco"},"image":{"@id":"https:\/\/diariodepe.com.br\/cri\/#\/schema\/logo\/image\/"}},{"@type":"Person","@id":"https:\/\/diariodepe.com.br\/cri\/#\/schema\/person\/121bb28d84f1a5b1205ef4ce9c2e0c6b","name":"Ismael Lucas S. Pereira","image":{"@type":"ImageObject","inLanguage":"pt-BR","@id":"https:\/\/secure.gravatar.com\/avatar\/887a0f3b5a7ceea963a48499fb883ffce6b5037362def025c52c2505b15d63e4?s=96&d=mm&r=g","url":"https:\/\/secure.gravatar.com\/avatar\/887a0f3b5a7ceea963a48499fb883ffce6b5037362def025c52c2505b15d63e4?s=96&d=mm&r=g","contentUrl":"https:\/\/secure.gravatar.com\/avatar\/887a0f3b5a7ceea963a48499fb883ffce6b5037362def025c52c2505b15d63e4?s=96&d=mm&r=g","caption":"Ismael Lucas S. Pereira"},"url":"https:\/\/diariodepe.com.br\/cri\/author\/ismael-lucas\/"}]}},"cc_featured_image_caption":{"caption_text":false,"source_text":false,"source_url":false},"amp_enabled":true,"_links":{"self":[{"href":"https:\/\/diariodepe.com.br\/cri\/wp-json\/wp\/v2\/posts\/4765","targetHints":{"allow":["GET"]}}],"collection":[{"href":"https:\/\/diariodepe.com.br\/cri\/wp-json\/wp\/v2\/posts"}],"about":[{"href":"https:\/\/diariodepe.com.br\/cri\/wp-json\/wp\/v2\/types\/post"}],"author":[{"embeddable":true,"href":"https:\/\/diariodepe.com.br\/cri\/wp-json\/wp\/v2\/users\/2"}],"replies":[{"embeddable":true,"href":"https:\/\/diariodepe.com.br\/cri\/wp-json\/wp\/v2\/comments?post=4765"}],"version-history":[{"count":1,"href":"https:\/\/diariodepe.com.br\/cri\/wp-json\/wp\/v2\/posts\/4765\/revisions"}],"predecessor-version":[{"id":4766,"href":"https:\/\/diariodepe.com.br\/cri\/wp-json\/wp\/v2\/posts\/4765\/revisions\/4766"}],"wp:attachment":[{"href":"https:\/\/diariodepe.com.br\/cri\/wp-json\/wp\/v2\/media?parent=4765"}],"wp:term":[{"taxonomy":"category","embeddable":true,"href":"https:\/\/diariodepe.com.br\/cri\/wp-json\/wp\/v2\/categories?post=4765"},{"taxonomy":"post_tag","embeddable":true,"href":"https:\/\/diariodepe.com.br\/cri\/wp-json\/wp\/v2\/tags?post=4765"}],"curies":[{"name":"wp","href":"https:\/\/api.w.org\/{rel}","templated":true}]}}