{"id":4762,"date":"2024-03-20T05:24:21","date_gmt":"2024-03-20T08:24:21","guid":{"rendered":"https:\/\/diariodepe.com.br\/cri\/?p=4762"},"modified":"2024-03-20T05:24:21","modified_gmt":"2024-03-20T08:24:21","slug":"cmg-convida-voce-para-compartilhar-suas-historias-com-a-china","status":"publish","type":"post","link":"https:\/\/diariodepe.com.br\/cri\/2024\/03\/20\/cmg-convida-voce-para-compartilhar-suas-historias-com-a-china\/","title":{"rendered":"CMG convida voc\u00ea para compartilhar suas hist\u00f3rias com a China"},"content":{"rendered":"<p>O Grupo de M\u00eddia da China (CMG, na sigla em ingl\u00eas) faz agora um convite para participar do evento: Escrever nas Nuvens: Minha Hist\u00f3ria com a China.<\/p>\n<p>O ano de 2024 coincide com o 75\u00ba anivers\u00e1rio da Rep\u00fablica Popular da China. Nesta ocasi\u00e3o, convidamos voc\u00ea para compartilhar suas hist\u00f3rias com o pa\u00eds.<\/p>\n<p>Talvez, voc\u00ea j\u00e1 teve uma experi\u00eancia de viagem de turismo, estudo, trabalho ou vida na China, ou voc\u00ea seja um especialista ou admirador da cultura chinesa. Estamos aguardando a sua participa\u00e7\u00e3o.<\/p>\n<p>Basta escanear o QR code abaixo para participar.<\/p>\n<p>Voc\u00ea tamb\u00e9m pode enviar um trecho de v\u00eddeo para o e-mail: cctv4zgylc@163.com .<\/p>\n<p>O evento durar\u00e1 at\u00e9 o dia 31 de agosto de 2024.<\/p>\n","protected":false},"excerpt":{"rendered":"<p>O Grupo de M\u00eddia da China (CMG, na sigla em ingl\u00eas) faz agora um convite para participar do evento: Escrever nas Nuvens: Minha Hist\u00f3ria com a China. O ano de 2024 coincide com o 75\u00ba anivers\u00e1rio da Rep\u00fablica Popular da&#8230;<\/p>\n","protected":false},"author":2,"featured_media":4763,"comment_status":"open","ping_status":"open","sticky":false,"template":"","format":"standard","meta":{"footnotes":""},"categories":[5],"tags":[],"class_list":["post-4762","post","type-post","status-publish","format-standard","has-post-thumbnail","hentry","category-destaques-capa"],"yoast_head":"<!-- This site is optimized with the Yoast SEO plugin v27.4 - https:\/\/yoast.com\/product\/yoast-seo-wordpress\/ -->\n<title>CMG convida voc\u00ea para compartilhar suas hist\u00f3rias com a China - CRI e Diario de Pernambuco<\/title>\n<meta name=\"robots\" content=\"index, follow, max-snippet:-1, max-image-preview:large, max-video-preview:-1\" \/>\n<link rel=\"canonical\" href=\"https:\/\/diariodepe.com.br\/cri\/2024\/03\/20\/cmg-convida-voce-para-compartilhar-suas-historias-com-a-china\/\" \/>\n<meta property=\"og:locale\" content=\"pt_BR\" \/>\n<meta property=\"og:type\" content=\"article\" \/>\n<meta property=\"og:title\" content=\"CMG convida voc\u00ea para compartilhar suas hist\u00f3rias com a China - CRI e Diario de Pernambuco\" \/>\n<meta property=\"og:description\" content=\"O Grupo de M\u00eddia da China (CMG, na sigla em ingl\u00eas) faz agora um convite para participar do evento: Escrever nas Nuvens: Minha Hist\u00f3ria com a China. O ano de 2024 coincide com o 75\u00ba anivers\u00e1rio da Rep\u00fablica Popular da...\" \/>\n<meta property=\"og:url\" content=\"https:\/\/diariodepe.com.br\/cri\/2024\/03\/20\/cmg-convida-voce-para-compartilhar-suas-historias-com-a-china\/\" \/>\n<meta property=\"og:site_name\" content=\"CRI e Diario de Pernambuco\" \/>\n<meta property=\"article:published_time\" content=\"2024-03-20T08:24:21+00:00\" \/>\n<meta property=\"og:image\" content=\"https:\/\/diariodepe.com.br\/cri\/wp-content\/uploads\/sites\/2\/2024\/03\/2024031619251729706.jpg\" \/>\n\t<meta property=\"og:image:width\" content=\"1080\" \/>\n\t<meta property=\"og:image:height\" content=\"608\" \/>\n\t<meta property=\"og:image:type\" content=\"image\/jpeg\" \/>\n<meta name=\"author\" content=\"Ismael Lucas S. Pereira\" \/>\n<meta name=\"twitter:card\" content=\"summary_large_image\" \/>\n<meta name=\"twitter:label1\" content=\"Escrito por\" \/>\n\t<meta name=\"twitter:data1\" content=\"Ismael Lucas S. Pereira\" \/>\n\t<meta name=\"twitter:label2\" content=\"Est. tempo de leitura\" \/>\n\t<meta name=\"twitter:data2\" content=\"1 minuto\" \/>\n<script type=\"application\/ld+json\" class=\"yoast-schema-graph\">{\"@context\":\"https:\\\/\\\/schema.org\",\"@graph\":[{\"@type\":\"Article\",\"@id\":\"https:\\\/\\\/diariodepe.com.br\\\/cri\\\/2024\\\/03\\\/20\\\/cmg-convida-voce-para-compartilhar-suas-historias-com-a-china\\\/#article\",\"isPartOf\":{\"@id\":\"https:\\\/\\\/diariodepe.com.br\\\/cri\\\/2024\\\/03\\\/20\\\/cmg-convida-voce-para-compartilhar-suas-historias-com-a-china\\\/\"},\"author\":{\"name\":\"Ismael Lucas S. Pereira\",\"@id\":\"https:\\\/\\\/diariodepe.com.br\\\/cri\\\/#\\\/schema\\\/person\\\/121bb28d84f1a5b1205ef4ce9c2e0c6b\"},\"headline\":\"CMG convida voc\u00ea para compartilhar suas hist\u00f3rias com a China\",\"datePublished\":\"2024-03-20T08:24:21+00:00\",\"mainEntityOfPage\":{\"@id\":\"https:\\\/\\\/diariodepe.com.br\\\/cri\\\/2024\\\/03\\\/20\\\/cmg-convida-voce-para-compartilhar-suas-historias-com-a-china\\\/\"},\"wordCount\":135,\"commentCount\":0,\"publisher\":{\"@id\":\"https:\\\/\\\/diariodepe.com.br\\\/cri\\\/#organization\"},\"image\":{\"@id\":\"https:\\\/\\\/diariodepe.com.br\\\/cri\\\/2024\\\/03\\\/20\\\/cmg-convida-voce-para-compartilhar-suas-historias-com-a-china\\\/#primaryimage\"},\"thumbnailUrl\":\"https:\\\/\\\/diariodepe.com.br\\\/cri\\\/wp-content\\\/uploads\\\/sites\\\/2\\\/2024\\\/03\\\/2024031619251729706.jpg\",\"articleSection\":[\"Destaques Capa\"],\"inLanguage\":\"pt-BR\",\"potentialAction\":[{\"@type\":\"CommentAction\",\"name\":\"Comment\",\"target\":[\"https:\\\/\\\/diariodepe.com.br\\\/cri\\\/2024\\\/03\\\/20\\\/cmg-convida-voce-para-compartilhar-suas-historias-com-a-china\\\/#respond\"]}]},{\"@type\":\"WebPage\",\"@id\":\"https:\\\/\\\/diariodepe.com.br\\\/cri\\\/2024\\\/03\\\/20\\\/cmg-convida-voce-para-compartilhar-suas-historias-com-a-china\\\/\",\"url\":\"https:\\\/\\\/diariodepe.com.br\\\/cri\\\/2024\\\/03\\\/20\\\/cmg-convida-voce-para-compartilhar-suas-historias-com-a-china\\\/\",\"name\":\"CMG convida voc\u00ea para compartilhar suas hist\u00f3rias com a China - CRI e Diario de Pernambuco\",\"isPartOf\":{\"@id\":\"https:\\\/\\\/diariodepe.com.br\\\/cri\\\/#website\"},\"primaryImageOfPage\":{\"@id\":\"https:\\\/\\\/diariodepe.com.br\\\/cri\\\/2024\\\/03\\\/20\\\/cmg-convida-voce-para-compartilhar-suas-historias-com-a-china\\\/#primaryimage\"},\"image\":{\"@id\":\"https:\\\/\\\/diariodepe.com.br\\\/cri\\\/2024\\\/03\\\/20\\\/cmg-convida-voce-para-compartilhar-suas-historias-com-a-china\\\/#primaryimage\"},\"thumbnailUrl\":\"https:\\\/\\\/diariodepe.com.br\\\/cri\\\/wp-content\\\/uploads\\\/sites\\\/2\\\/2024\\\/03\\\/2024031619251729706.jpg\",\"datePublished\":\"2024-03-20T08:24:21+00:00\",\"breadcrumb\":{\"@id\":\"https:\\\/\\\/diariodepe.com.br\\\/cri\\\/2024\\\/03\\\/20\\\/cmg-convida-voce-para-compartilhar-suas-historias-com-a-china\\\/#breadcrumb\"},\"inLanguage\":\"pt-BR\",\"potentialAction\":[{\"@type\":\"ReadAction\",\"target\":[\"https:\\\/\\\/diariodepe.com.br\\\/cri\\\/2024\\\/03\\\/20\\\/cmg-convida-voce-para-compartilhar-suas-historias-com-a-china\\\/\"]}]},{\"@type\":\"ImageObject\",\"inLanguage\":\"pt-BR\",\"@id\":\"https:\\\/\\\/diariodepe.com.br\\\/cri\\\/2024\\\/03\\\/20\\\/cmg-convida-voce-para-compartilhar-suas-historias-com-a-china\\\/#primaryimage\",\"url\":\"https:\\\/\\\/diariodepe.com.br\\\/cri\\\/wp-content\\\/uploads\\\/sites\\\/2\\\/2024\\\/03\\\/2024031619251729706.jpg\",\"contentUrl\":\"https:\\\/\\\/diariodepe.com.br\\\/cri\\\/wp-content\\\/uploads\\\/sites\\\/2\\\/2024\\\/03\\\/2024031619251729706.jpg\",\"width\":1080,\"height\":608},{\"@type\":\"BreadcrumbList\",\"@id\":\"https:\\\/\\\/diariodepe.com.br\\\/cri\\\/2024\\\/03\\\/20\\\/cmg-convida-voce-para-compartilhar-suas-historias-com-a-china\\\/#breadcrumb\",\"itemListElement\":[{\"@type\":\"ListItem\",\"position\":1,\"name\":\"In\u00edcio\",\"item\":\"https:\\\/\\\/diariodepe.com.br\\\/cri\\\/\"},{\"@type\":\"ListItem\",\"position\":2,\"name\":\"CMG convida voc\u00ea para compartilhar suas hist\u00f3rias com a China\"}]},{\"@type\":\"WebSite\",\"@id\":\"https:\\\/\\\/diariodepe.com.br\\\/cri\\\/#website\",\"url\":\"https:\\\/\\\/diariodepe.com.br\\\/cri\\\/\",\"name\":\"CRI e Diario de Pernambuco\",\"description\":\"R\u00e1dio Internacional da China\",\"publisher\":{\"@id\":\"https:\\\/\\\/diariodepe.com.br\\\/cri\\\/#organization\"},\"potentialAction\":[{\"@type\":\"SearchAction\",\"target\":{\"@type\":\"EntryPoint\",\"urlTemplate\":\"https:\\\/\\\/diariodepe.com.br\\\/cri\\\/?s={search_term_string}\"},\"query-input\":{\"@type\":\"PropertyValueSpecification\",\"valueRequired\":true,\"valueName\":\"search_term_string\"}}],\"inLanguage\":\"pt-BR\"},{\"@type\":\"Organization\",\"@id\":\"https:\\\/\\\/diariodepe.com.br\\\/cri\\\/#organization\",\"name\":\"CRI e Diario de Pernambuco\",\"url\":\"https:\\\/\\\/diariodepe.com.br\\\/cri\\\/\",\"logo\":{\"@type\":\"ImageObject\",\"inLanguage\":\"pt-BR\",\"@id\":\"https:\\\/\\\/diariodepe.com.br\\\/cri\\\/#\\\/schema\\\/logo\\\/image\\\/\",\"url\":\"https:\\\/\\\/diariodepe.com.br\\\/cri\\\/wp-content\\\/uploads\\\/sites\\\/2\\\/2022\\\/12\\\/cropped-Logo.jpg\",\"contentUrl\":\"https:\\\/\\\/diariodepe.com.br\\\/cri\\\/wp-content\\\/uploads\\\/sites\\\/2\\\/2022\\\/12\\\/cropped-Logo.jpg\",\"width\":700,\"height\":59,\"caption\":\"CRI e Diario de Pernambuco\"},\"image\":{\"@id\":\"https:\\\/\\\/diariodepe.com.br\\\/cri\\\/#\\\/schema\\\/logo\\\/image\\\/\"}},{\"@type\":\"Person\",\"@id\":\"https:\\\/\\\/diariodepe.com.br\\\/cri\\\/#\\\/schema\\\/person\\\/121bb28d84f1a5b1205ef4ce9c2e0c6b\",\"name\":\"Ismael Lucas S. Pereira\",\"image\":{\"@type\":\"ImageObject\",\"inLanguage\":\"pt-BR\",\"@id\":\"https:\\\/\\\/secure.gravatar.com\\\/avatar\\\/887a0f3b5a7ceea963a48499fb883ffce6b5037362def025c52c2505b15d63e4?s=96&d=mm&r=g\",\"url\":\"https:\\\/\\\/secure.gravatar.com\\\/avatar\\\/887a0f3b5a7ceea963a48499fb883ffce6b5037362def025c52c2505b15d63e4?s=96&d=mm&r=g\",\"contentUrl\":\"https:\\\/\\\/secure.gravatar.com\\\/avatar\\\/887a0f3b5a7ceea963a48499fb883ffce6b5037362def025c52c2505b15d63e4?s=96&d=mm&r=g\",\"caption\":\"Ismael Lucas S. Pereira\"},\"url\":\"https:\\\/\\\/diariodepe.com.br\\\/cri\\\/author\\\/ismael-lucas\\\/\"}]}<\/script>\n<!-- \/ Yoast SEO plugin. -->","yoast_head_json":{"title":"CMG convida voc\u00ea para compartilhar suas hist\u00f3rias com a China - CRI e Diario de Pernambuco","robots":{"index":"index","follow":"follow","max-snippet":"max-snippet:-1","max-image-preview":"max-image-preview:large","max-video-preview":"max-video-preview:-1"},"canonical":"https:\/\/diariodepe.com.br\/cri\/2024\/03\/20\/cmg-convida-voce-para-compartilhar-suas-historias-com-a-china\/","og_locale":"pt_BR","og_type":"article","og_title":"CMG convida voc\u00ea para compartilhar suas hist\u00f3rias com a China - CRI e Diario de Pernambuco","og_description":"O Grupo de M\u00eddia da China (CMG, na sigla em ingl\u00eas) faz agora um convite para participar do evento: Escrever nas Nuvens: Minha Hist\u00f3ria com a China. O ano de 2024 coincide com o 75\u00ba anivers\u00e1rio da Rep\u00fablica Popular da...","og_url":"https:\/\/diariodepe.com.br\/cri\/2024\/03\/20\/cmg-convida-voce-para-compartilhar-suas-historias-com-a-china\/","og_site_name":"CRI e Diario de Pernambuco","article_published_time":"2024-03-20T08:24:21+00:00","og_image":[{"width":1080,"height":608,"url":"https:\/\/diariodepe.com.br\/cri\/wp-content\/uploads\/sites\/2\/2024\/03\/2024031619251729706.jpg","type":"image\/jpeg"}],"author":"Ismael Lucas S. Pereira","twitter_card":"summary_large_image","twitter_misc":{"Escrito por":"Ismael Lucas S. Pereira","Est. tempo de leitura":"1 minuto"},"schema":{"@context":"https:\/\/schema.org","@graph":[{"@type":"Article","@id":"https:\/\/diariodepe.com.br\/cri\/2024\/03\/20\/cmg-convida-voce-para-compartilhar-suas-historias-com-a-china\/#article","isPartOf":{"@id":"https:\/\/diariodepe.com.br\/cri\/2024\/03\/20\/cmg-convida-voce-para-compartilhar-suas-historias-com-a-china\/"},"author":{"name":"Ismael Lucas S. Pereira","@id":"https:\/\/diariodepe.com.br\/cri\/#\/schema\/person\/121bb28d84f1a5b1205ef4ce9c2e0c6b"},"headline":"CMG convida voc\u00ea para compartilhar suas hist\u00f3rias com a China","datePublished":"2024-03-20T08:24:21+00:00","mainEntityOfPage":{"@id":"https:\/\/diariodepe.com.br\/cri\/2024\/03\/20\/cmg-convida-voce-para-compartilhar-suas-historias-com-a-china\/"},"wordCount":135,"commentCount":0,"publisher":{"@id":"https:\/\/diariodepe.com.br\/cri\/#organization"},"image":{"@id":"https:\/\/diariodepe.com.br\/cri\/2024\/03\/20\/cmg-convida-voce-para-compartilhar-suas-historias-com-a-china\/#primaryimage"},"thumbnailUrl":"https:\/\/diariodepe.com.br\/cri\/wp-content\/uploads\/sites\/2\/2024\/03\/2024031619251729706.jpg","articleSection":["Destaques Capa"],"inLanguage":"pt-BR","potentialAction":[{"@type":"CommentAction","name":"Comment","target":["https:\/\/diariodepe.com.br\/cri\/2024\/03\/20\/cmg-convida-voce-para-compartilhar-suas-historias-com-a-china\/#respond"]}]},{"@type":"WebPage","@id":"https:\/\/diariodepe.com.br\/cri\/2024\/03\/20\/cmg-convida-voce-para-compartilhar-suas-historias-com-a-china\/","url":"https:\/\/diariodepe.com.br\/cri\/2024\/03\/20\/cmg-convida-voce-para-compartilhar-suas-historias-com-a-china\/","name":"CMG convida voc\u00ea para compartilhar suas hist\u00f3rias com a China - CRI e Diario de Pernambuco","isPartOf":{"@id":"https:\/\/diariodepe.com.br\/cri\/#website"},"primaryImageOfPage":{"@id":"https:\/\/diariodepe.com.br\/cri\/2024\/03\/20\/cmg-convida-voce-para-compartilhar-suas-historias-com-a-china\/#primaryimage"},"image":{"@id":"https:\/\/diariodepe.com.br\/cri\/2024\/03\/20\/cmg-convida-voce-para-compartilhar-suas-historias-com-a-china\/#primaryimage"},"thumbnailUrl":"https:\/\/diariodepe.com.br\/cri\/wp-content\/uploads\/sites\/2\/2024\/03\/2024031619251729706.jpg","datePublished":"2024-03-20T08:24:21+00:00","breadcrumb":{"@id":"https:\/\/diariodepe.com.br\/cri\/2024\/03\/20\/cmg-convida-voce-para-compartilhar-suas-historias-com-a-china\/#breadcrumb"},"inLanguage":"pt-BR","potentialAction":[{"@type":"ReadAction","target":["https:\/\/diariodepe.com.br\/cri\/2024\/03\/20\/cmg-convida-voce-para-compartilhar-suas-historias-com-a-china\/"]}]},{"@type":"ImageObject","inLanguage":"pt-BR","@id":"https:\/\/diariodepe.com.br\/cri\/2024\/03\/20\/cmg-convida-voce-para-compartilhar-suas-historias-com-a-china\/#primaryimage","url":"https:\/\/diariodepe.com.br\/cri\/wp-content\/uploads\/sites\/2\/2024\/03\/2024031619251729706.jpg","contentUrl":"https:\/\/diariodepe.com.br\/cri\/wp-content\/uploads\/sites\/2\/2024\/03\/2024031619251729706.jpg","width":1080,"height":608},{"@type":"BreadcrumbList","@id":"https:\/\/diariodepe.com.br\/cri\/2024\/03\/20\/cmg-convida-voce-para-compartilhar-suas-historias-com-a-china\/#breadcrumb","itemListElement":[{"@type":"ListItem","position":1,"name":"In\u00edcio","item":"https:\/\/diariodepe.com.br\/cri\/"},{"@type":"ListItem","position":2,"name":"CMG convida voc\u00ea para compartilhar suas hist\u00f3rias com a China"}]},{"@type":"WebSite","@id":"https:\/\/diariodepe.com.br\/cri\/#website","url":"https:\/\/diariodepe.com.br\/cri\/","name":"CRI e Diario de Pernambuco","description":"R\u00e1dio Internacional da China","publisher":{"@id":"https:\/\/diariodepe.com.br\/cri\/#organization"},"potentialAction":[{"@type":"SearchAction","target":{"@type":"EntryPoint","urlTemplate":"https:\/\/diariodepe.com.br\/cri\/?s={search_term_string}"},"query-input":{"@type":"PropertyValueSpecification","valueRequired":true,"valueName":"search_term_string"}}],"inLanguage":"pt-BR"},{"@type":"Organization","@id":"https:\/\/diariodepe.com.br\/cri\/#organization","name":"CRI e Diario de Pernambuco","url":"https:\/\/diariodepe.com.br\/cri\/","logo":{"@type":"ImageObject","inLanguage":"pt-BR","@id":"https:\/\/diariodepe.com.br\/cri\/#\/schema\/logo\/image\/","url":"https:\/\/diariodepe.com.br\/cri\/wp-content\/uploads\/sites\/2\/2022\/12\/cropped-Logo.jpg","contentUrl":"https:\/\/diariodepe.com.br\/cri\/wp-content\/uploads\/sites\/2\/2022\/12\/cropped-Logo.jpg","width":700,"height":59,"caption":"CRI e Diario de Pernambuco"},"image":{"@id":"https:\/\/diariodepe.com.br\/cri\/#\/schema\/logo\/image\/"}},{"@type":"Person","@id":"https:\/\/diariodepe.com.br\/cri\/#\/schema\/person\/121bb28d84f1a5b1205ef4ce9c2e0c6b","name":"Ismael Lucas S. Pereira","image":{"@type":"ImageObject","inLanguage":"pt-BR","@id":"https:\/\/secure.gravatar.com\/avatar\/887a0f3b5a7ceea963a48499fb883ffce6b5037362def025c52c2505b15d63e4?s=96&d=mm&r=g","url":"https:\/\/secure.gravatar.com\/avatar\/887a0f3b5a7ceea963a48499fb883ffce6b5037362def025c52c2505b15d63e4?s=96&d=mm&r=g","contentUrl":"https:\/\/secure.gravatar.com\/avatar\/887a0f3b5a7ceea963a48499fb883ffce6b5037362def025c52c2505b15d63e4?s=96&d=mm&r=g","caption":"Ismael Lucas S. Pereira"},"url":"https:\/\/diariodepe.com.br\/cri\/author\/ismael-lucas\/"}]}},"cc_featured_image_caption":{"caption_text":false,"source_text":false,"source_url":false},"amp_enabled":true,"_links":{"self":[{"href":"https:\/\/diariodepe.com.br\/cri\/wp-json\/wp\/v2\/posts\/4762","targetHints":{"allow":["GET"]}}],"collection":[{"href":"https:\/\/diariodepe.com.br\/cri\/wp-json\/wp\/v2\/posts"}],"about":[{"href":"https:\/\/diariodepe.com.br\/cri\/wp-json\/wp\/v2\/types\/post"}],"author":[{"embeddable":true,"href":"https:\/\/diariodepe.com.br\/cri\/wp-json\/wp\/v2\/users\/2"}],"replies":[{"embeddable":true,"href":"https:\/\/diariodepe.com.br\/cri\/wp-json\/wp\/v2\/comments?post=4762"}],"version-history":[{"count":1,"href":"https:\/\/diariodepe.com.br\/cri\/wp-json\/wp\/v2\/posts\/4762\/revisions"}],"predecessor-version":[{"id":4764,"href":"https:\/\/diariodepe.com.br\/cri\/wp-json\/wp\/v2\/posts\/4762\/revisions\/4764"}],"wp:featuredmedia":[{"embeddable":true,"href":"https:\/\/diariodepe.com.br\/cri\/wp-json\/wp\/v2\/media\/4763"}],"wp:attachment":[{"href":"https:\/\/diariodepe.com.br\/cri\/wp-json\/wp\/v2\/media?parent=4762"}],"wp:term":[{"taxonomy":"category","embeddable":true,"href":"https:\/\/diariodepe.com.br\/cri\/wp-json\/wp\/v2\/categories?post=4762"},{"taxonomy":"post_tag","embeddable":true,"href":"https:\/\/diariodepe.com.br\/cri\/wp-json\/wp\/v2\/tags?post=4762"}],"curies":[{"name":"wp","href":"https:\/\/api.w.org\/{rel}","templated":true}]}}