{"id":4749,"date":"2024-03-19T23:04:53","date_gmt":"2024-03-20T02:04:53","guid":{"rendered":"https:\/\/diariodepe.com.br\/cri\/?p=4749"},"modified":"2024-03-19T23:05:25","modified_gmt":"2024-03-20T02:05:25","slug":"home-noticias-comentario-videos-galeria-de-fotos-especiais-chines-dia-a-dia-dialogo-de-midias-internacionais-promove-cooperacoes-pragmaticas-entre-china-e-brasil","status":"publish","type":"post","link":"https:\/\/diariodepe.com.br\/cri\/2024\/03\/19\/home-noticias-comentario-videos-galeria-de-fotos-especiais-chines-dia-a-dia-dialogo-de-midias-internacionais-promove-cooperacoes-pragmaticas-entre-china-e-brasil\/","title":{"rendered":"Di\u00e1logo de m\u00eddias internacionais promove coopera\u00e7\u00f5es pragm\u00e1ticas entre China e Brasil"},"content":{"rendered":"<p>Na sexta-feira (15), um\u00a0di\u00e1go de m\u00eddias globais, intitulado China na Primavera, teve a sua estada em\u00a0S\u00e3o Paulo, a maior cidade do Brasil. O evento \u00e9 organizado principalmente\u00a0pelo Grupo de M\u00eddia da China (CMG, na sigla em ingl\u00eas) e pelo Centro de Estudos de Direito Econ\u00f4mico e Social (CEDES) do Brasil. Mais de cem representantes dos setores pol\u00edtico, comercial e midi\u00e1tico participaram do evento.<\/p>\n<p>O C\u00f4nsul-Geral da China\u00a0em S\u00e3o Paulo, Yu Peng, afirmou que a China e o Brasil s\u00e3o importantes economias emergentes com influ\u00eancias globais. O ano de 2024\u00a0representa\u00a0o\u00a050\u02da anivers\u00e1rio do estabelecimento das rela\u00e7\u00f5es diplom\u00e1ticas entre os dois pa\u00edses. Sob a orienta\u00e7\u00e3o da estrat\u00e9gia diplom\u00e1tica dos\u00a0chefes de Estado, os la\u00e7os sino-brasileiros se tornaram cada vez mais maduros\u00a0e as suas coopera\u00e7\u00f5es pragm\u00e1ticas t\u00eam se consolidado\u00a0mais. Os resultados frut\u00edferos obtidos nas \u00e1reas de energia\u00a0verde, carros el\u00e9tricos, transporte e log\u00edstica, assim como inova\u00e7\u00e3o cient\u00edfica e tecnol\u00f3gica demonstram as bases\u00a0s\u00f3lidas e o potencial de desenvolvimento da parceria econ\u00f4mica e comercial entre os dois pa\u00edses.<\/p>\n<p>O diretor do CMG na Am\u00e9rcia Latina, Zhu Boying, afirmou que o ve\u00edculo de comunica\u00e7\u00e3o chin\u00eas espera refor\u00e7ar\u00a0as\u00a0intera\u00e7\u00f5es e coopera\u00e7\u00f5es com os colegas das m\u00eddias brasileiras, impulsionar a cria\u00e7\u00e3o de mecanismos peri\u00f3dicos\u00a0ou de datas n\u00e3o fixas para visitas m\u00fatuas e di\u00e1logos entre as m\u00eddias dos dois pa\u00edses, a fim de elevar as coopera\u00e7\u00f5es midi\u00e1ticas a um novo patamar e promover as influ\u00eancias de m\u00eddias um do lado do outro.<\/p>\n<p>O diretor do CEDES do Brasil, Jo\u00e3o Grandino Rodas, afirmou que a China obteve grandes \u00eaxitos no desenvolvimento do com\u00e9rcio, economia verde, prote\u00e7\u00e3o ambiental e no desenvolvimento sustent\u00e1vel, e o futuro do pa\u00eds \u00e9 cheio de esperan\u00e7a. A institui\u00e7\u00e3o brasileira tem\u00a0vontade de continuar realizando as coopera\u00e7\u00f5es acad\u00eamicas com o CMG.<\/p>\n","protected":false},"excerpt":{"rendered":"<p>Na sexta-feira (15), um\u00a0di\u00e1go de m\u00eddias globais, intitulado China na Primavera, teve a sua estada em\u00a0S\u00e3o Paulo, a maior cidade do Brasil. O evento \u00e9 organizado principalmente\u00a0pelo Grupo de M\u00eddia da China (CMG, na sigla em ingl\u00eas) e pelo Centro&#8230;<\/p>\n","protected":false},"author":2,"featured_media":0,"comment_status":"open","ping_status":"open","sticky":false,"template":"","format":"standard","meta":{"footnotes":""},"categories":[3],"tags":[],"class_list":["post-4749","post","type-post","status-publish","format-standard","hentry","category-china"],"yoast_head":"<!-- This site is optimized with the Yoast SEO plugin v27.4 - https:\/\/yoast.com\/product\/yoast-seo-wordpress\/ -->\n<title>Di\u00e1logo de m\u00eddias internacionais promove coopera\u00e7\u00f5es pragm\u00e1ticas entre China e Brasil - CRI e Diario de Pernambuco<\/title>\n<meta name=\"robots\" content=\"index, follow, max-snippet:-1, max-image-preview:large, max-video-preview:-1\" \/>\n<link rel=\"canonical\" href=\"https:\/\/diariodepe.com.br\/cri\/2024\/03\/19\/home-noticias-comentario-videos-galeria-de-fotos-especiais-chines-dia-a-dia-dialogo-de-midias-internacionais-promove-cooperacoes-pragmaticas-entre-china-e-brasil\/\" \/>\n<meta property=\"og:locale\" content=\"pt_BR\" \/>\n<meta property=\"og:type\" content=\"article\" \/>\n<meta property=\"og:title\" content=\"Di\u00e1logo de m\u00eddias internacionais promove coopera\u00e7\u00f5es pragm\u00e1ticas entre China e Brasil - CRI e Diario de Pernambuco\" \/>\n<meta property=\"og:description\" content=\"Na sexta-feira (15), um\u00a0di\u00e1go de m\u00eddias globais, intitulado China na Primavera, teve a sua estada em\u00a0S\u00e3o Paulo, a maior cidade do Brasil. O evento \u00e9 organizado principalmente\u00a0pelo Grupo de M\u00eddia da China (CMG, na sigla em ingl\u00eas) e pelo Centro...\" \/>\n<meta property=\"og:url\" content=\"https:\/\/diariodepe.com.br\/cri\/2024\/03\/19\/home-noticias-comentario-videos-galeria-de-fotos-especiais-chines-dia-a-dia-dialogo-de-midias-internacionais-promove-cooperacoes-pragmaticas-entre-china-e-brasil\/\" \/>\n<meta property=\"og:site_name\" content=\"CRI e Diario de Pernambuco\" \/>\n<meta property=\"article:published_time\" content=\"2024-03-20T02:04:53+00:00\" \/>\n<meta property=\"article:modified_time\" content=\"2024-03-20T02:05:25+00:00\" \/>\n<meta name=\"author\" content=\"Ismael Lucas S. Pereira\" \/>\n<meta name=\"twitter:card\" content=\"summary_large_image\" \/>\n<meta name=\"twitter:label1\" content=\"Escrito por\" \/>\n\t<meta name=\"twitter:data1\" content=\"Ismael Lucas S. Pereira\" \/>\n\t<meta name=\"twitter:label2\" content=\"Est. tempo de leitura\" \/>\n\t<meta name=\"twitter:data2\" content=\"2 minutos\" \/>\n<script type=\"application\/ld+json\" class=\"yoast-schema-graph\">{\"@context\":\"https:\\\/\\\/schema.org\",\"@graph\":[{\"@type\":\"Article\",\"@id\":\"https:\\\/\\\/diariodepe.com.br\\\/cri\\\/2024\\\/03\\\/19\\\/home-noticias-comentario-videos-galeria-de-fotos-especiais-chines-dia-a-dia-dialogo-de-midias-internacionais-promove-cooperacoes-pragmaticas-entre-china-e-brasil\\\/#article\",\"isPartOf\":{\"@id\":\"https:\\\/\\\/diariodepe.com.br\\\/cri\\\/2024\\\/03\\\/19\\\/home-noticias-comentario-videos-galeria-de-fotos-especiais-chines-dia-a-dia-dialogo-de-midias-internacionais-promove-cooperacoes-pragmaticas-entre-china-e-brasil\\\/\"},\"author\":{\"name\":\"Ismael Lucas S. Pereira\",\"@id\":\"https:\\\/\\\/diariodepe.com.br\\\/cri\\\/#\\\/schema\\\/person\\\/121bb28d84f1a5b1205ef4ce9c2e0c6b\"},\"headline\":\"Di\u00e1logo de m\u00eddias internacionais promove coopera\u00e7\u00f5es pragm\u00e1ticas entre China e Brasil\",\"datePublished\":\"2024-03-20T02:04:53+00:00\",\"dateModified\":\"2024-03-20T02:05:25+00:00\",\"mainEntityOfPage\":{\"@id\":\"https:\\\/\\\/diariodepe.com.br\\\/cri\\\/2024\\\/03\\\/19\\\/home-noticias-comentario-videos-galeria-de-fotos-especiais-chines-dia-a-dia-dialogo-de-midias-internacionais-promove-cooperacoes-pragmaticas-entre-china-e-brasil\\\/\"},\"wordCount\":365,\"commentCount\":0,\"publisher\":{\"@id\":\"https:\\\/\\\/diariodepe.com.br\\\/cri\\\/#organization\"},\"articleSection\":[\"China\"],\"inLanguage\":\"pt-BR\",\"potentialAction\":[{\"@type\":\"CommentAction\",\"name\":\"Comment\",\"target\":[\"https:\\\/\\\/diariodepe.com.br\\\/cri\\\/2024\\\/03\\\/19\\\/home-noticias-comentario-videos-galeria-de-fotos-especiais-chines-dia-a-dia-dialogo-de-midias-internacionais-promove-cooperacoes-pragmaticas-entre-china-e-brasil\\\/#respond\"]}]},{\"@type\":\"WebPage\",\"@id\":\"https:\\\/\\\/diariodepe.com.br\\\/cri\\\/2024\\\/03\\\/19\\\/home-noticias-comentario-videos-galeria-de-fotos-especiais-chines-dia-a-dia-dialogo-de-midias-internacionais-promove-cooperacoes-pragmaticas-entre-china-e-brasil\\\/\",\"url\":\"https:\\\/\\\/diariodepe.com.br\\\/cri\\\/2024\\\/03\\\/19\\\/home-noticias-comentario-videos-galeria-de-fotos-especiais-chines-dia-a-dia-dialogo-de-midias-internacionais-promove-cooperacoes-pragmaticas-entre-china-e-brasil\\\/\",\"name\":\"Di\u00e1logo de m\u00eddias internacionais promove coopera\u00e7\u00f5es pragm\u00e1ticas entre China e Brasil - CRI e Diario de Pernambuco\",\"isPartOf\":{\"@id\":\"https:\\\/\\\/diariodepe.com.br\\\/cri\\\/#website\"},\"datePublished\":\"2024-03-20T02:04:53+00:00\",\"dateModified\":\"2024-03-20T02:05:25+00:00\",\"breadcrumb\":{\"@id\":\"https:\\\/\\\/diariodepe.com.br\\\/cri\\\/2024\\\/03\\\/19\\\/home-noticias-comentario-videos-galeria-de-fotos-especiais-chines-dia-a-dia-dialogo-de-midias-internacionais-promove-cooperacoes-pragmaticas-entre-china-e-brasil\\\/#breadcrumb\"},\"inLanguage\":\"pt-BR\",\"potentialAction\":[{\"@type\":\"ReadAction\",\"target\":[\"https:\\\/\\\/diariodepe.com.br\\\/cri\\\/2024\\\/03\\\/19\\\/home-noticias-comentario-videos-galeria-de-fotos-especiais-chines-dia-a-dia-dialogo-de-midias-internacionais-promove-cooperacoes-pragmaticas-entre-china-e-brasil\\\/\"]}]},{\"@type\":\"BreadcrumbList\",\"@id\":\"https:\\\/\\\/diariodepe.com.br\\\/cri\\\/2024\\\/03\\\/19\\\/home-noticias-comentario-videos-galeria-de-fotos-especiais-chines-dia-a-dia-dialogo-de-midias-internacionais-promove-cooperacoes-pragmaticas-entre-china-e-brasil\\\/#breadcrumb\",\"itemListElement\":[{\"@type\":\"ListItem\",\"position\":1,\"name\":\"In\u00edcio\",\"item\":\"https:\\\/\\\/diariodepe.com.br\\\/cri\\\/\"},{\"@type\":\"ListItem\",\"position\":2,\"name\":\"Di\u00e1logo de m\u00eddias internacionais promove coopera\u00e7\u00f5es pragm\u00e1ticas entre China e Brasil\"}]},{\"@type\":\"WebSite\",\"@id\":\"https:\\\/\\\/diariodepe.com.br\\\/cri\\\/#website\",\"url\":\"https:\\\/\\\/diariodepe.com.br\\\/cri\\\/\",\"name\":\"CRI e Diario de Pernambuco\",\"description\":\"R\u00e1dio Internacional da China\",\"publisher\":{\"@id\":\"https:\\\/\\\/diariodepe.com.br\\\/cri\\\/#organization\"},\"potentialAction\":[{\"@type\":\"SearchAction\",\"target\":{\"@type\":\"EntryPoint\",\"urlTemplate\":\"https:\\\/\\\/diariodepe.com.br\\\/cri\\\/?s={search_term_string}\"},\"query-input\":{\"@type\":\"PropertyValueSpecification\",\"valueRequired\":true,\"valueName\":\"search_term_string\"}}],\"inLanguage\":\"pt-BR\"},{\"@type\":\"Organization\",\"@id\":\"https:\\\/\\\/diariodepe.com.br\\\/cri\\\/#organization\",\"name\":\"CRI e Diario de Pernambuco\",\"url\":\"https:\\\/\\\/diariodepe.com.br\\\/cri\\\/\",\"logo\":{\"@type\":\"ImageObject\",\"inLanguage\":\"pt-BR\",\"@id\":\"https:\\\/\\\/diariodepe.com.br\\\/cri\\\/#\\\/schema\\\/logo\\\/image\\\/\",\"url\":\"https:\\\/\\\/diariodepe.com.br\\\/cri\\\/wp-content\\\/uploads\\\/sites\\\/2\\\/2022\\\/12\\\/cropped-Logo.jpg\",\"contentUrl\":\"https:\\\/\\\/diariodepe.com.br\\\/cri\\\/wp-content\\\/uploads\\\/sites\\\/2\\\/2022\\\/12\\\/cropped-Logo.jpg\",\"width\":700,\"height\":59,\"caption\":\"CRI e Diario de Pernambuco\"},\"image\":{\"@id\":\"https:\\\/\\\/diariodepe.com.br\\\/cri\\\/#\\\/schema\\\/logo\\\/image\\\/\"}},{\"@type\":\"Person\",\"@id\":\"https:\\\/\\\/diariodepe.com.br\\\/cri\\\/#\\\/schema\\\/person\\\/121bb28d84f1a5b1205ef4ce9c2e0c6b\",\"name\":\"Ismael Lucas S. Pereira\",\"image\":{\"@type\":\"ImageObject\",\"inLanguage\":\"pt-BR\",\"@id\":\"https:\\\/\\\/secure.gravatar.com\\\/avatar\\\/887a0f3b5a7ceea963a48499fb883ffce6b5037362def025c52c2505b15d63e4?s=96&d=mm&r=g\",\"url\":\"https:\\\/\\\/secure.gravatar.com\\\/avatar\\\/887a0f3b5a7ceea963a48499fb883ffce6b5037362def025c52c2505b15d63e4?s=96&d=mm&r=g\",\"contentUrl\":\"https:\\\/\\\/secure.gravatar.com\\\/avatar\\\/887a0f3b5a7ceea963a48499fb883ffce6b5037362def025c52c2505b15d63e4?s=96&d=mm&r=g\",\"caption\":\"Ismael Lucas S. Pereira\"},\"url\":\"https:\\\/\\\/diariodepe.com.br\\\/cri\\\/author\\\/ismael-lucas\\\/\"}]}<\/script>\n<!-- \/ Yoast SEO plugin. -->","yoast_head_json":{"title":"Di\u00e1logo de m\u00eddias internacionais promove coopera\u00e7\u00f5es pragm\u00e1ticas entre China e Brasil - CRI e Diario de Pernambuco","robots":{"index":"index","follow":"follow","max-snippet":"max-snippet:-1","max-image-preview":"max-image-preview:large","max-video-preview":"max-video-preview:-1"},"canonical":"https:\/\/diariodepe.com.br\/cri\/2024\/03\/19\/home-noticias-comentario-videos-galeria-de-fotos-especiais-chines-dia-a-dia-dialogo-de-midias-internacionais-promove-cooperacoes-pragmaticas-entre-china-e-brasil\/","og_locale":"pt_BR","og_type":"article","og_title":"Di\u00e1logo de m\u00eddias internacionais promove coopera\u00e7\u00f5es pragm\u00e1ticas entre China e Brasil - CRI e Diario de Pernambuco","og_description":"Na sexta-feira (15), um\u00a0di\u00e1go de m\u00eddias globais, intitulado China na Primavera, teve a sua estada em\u00a0S\u00e3o Paulo, a maior cidade do Brasil. O evento \u00e9 organizado principalmente\u00a0pelo Grupo de M\u00eddia da China (CMG, na sigla em ingl\u00eas) e pelo Centro...","og_url":"https:\/\/diariodepe.com.br\/cri\/2024\/03\/19\/home-noticias-comentario-videos-galeria-de-fotos-especiais-chines-dia-a-dia-dialogo-de-midias-internacionais-promove-cooperacoes-pragmaticas-entre-china-e-brasil\/","og_site_name":"CRI e Diario de Pernambuco","article_published_time":"2024-03-20T02:04:53+00:00","article_modified_time":"2024-03-20T02:05:25+00:00","author":"Ismael Lucas S. Pereira","twitter_card":"summary_large_image","twitter_misc":{"Escrito por":"Ismael Lucas S. Pereira","Est. tempo de leitura":"2 minutos"},"schema":{"@context":"https:\/\/schema.org","@graph":[{"@type":"Article","@id":"https:\/\/diariodepe.com.br\/cri\/2024\/03\/19\/home-noticias-comentario-videos-galeria-de-fotos-especiais-chines-dia-a-dia-dialogo-de-midias-internacionais-promove-cooperacoes-pragmaticas-entre-china-e-brasil\/#article","isPartOf":{"@id":"https:\/\/diariodepe.com.br\/cri\/2024\/03\/19\/home-noticias-comentario-videos-galeria-de-fotos-especiais-chines-dia-a-dia-dialogo-de-midias-internacionais-promove-cooperacoes-pragmaticas-entre-china-e-brasil\/"},"author":{"name":"Ismael Lucas S. Pereira","@id":"https:\/\/diariodepe.com.br\/cri\/#\/schema\/person\/121bb28d84f1a5b1205ef4ce9c2e0c6b"},"headline":"Di\u00e1logo de m\u00eddias internacionais promove coopera\u00e7\u00f5es pragm\u00e1ticas entre China e Brasil","datePublished":"2024-03-20T02:04:53+00:00","dateModified":"2024-03-20T02:05:25+00:00","mainEntityOfPage":{"@id":"https:\/\/diariodepe.com.br\/cri\/2024\/03\/19\/home-noticias-comentario-videos-galeria-de-fotos-especiais-chines-dia-a-dia-dialogo-de-midias-internacionais-promove-cooperacoes-pragmaticas-entre-china-e-brasil\/"},"wordCount":365,"commentCount":0,"publisher":{"@id":"https:\/\/diariodepe.com.br\/cri\/#organization"},"articleSection":["China"],"inLanguage":"pt-BR","potentialAction":[{"@type":"CommentAction","name":"Comment","target":["https:\/\/diariodepe.com.br\/cri\/2024\/03\/19\/home-noticias-comentario-videos-galeria-de-fotos-especiais-chines-dia-a-dia-dialogo-de-midias-internacionais-promove-cooperacoes-pragmaticas-entre-china-e-brasil\/#respond"]}]},{"@type":"WebPage","@id":"https:\/\/diariodepe.com.br\/cri\/2024\/03\/19\/home-noticias-comentario-videos-galeria-de-fotos-especiais-chines-dia-a-dia-dialogo-de-midias-internacionais-promove-cooperacoes-pragmaticas-entre-china-e-brasil\/","url":"https:\/\/diariodepe.com.br\/cri\/2024\/03\/19\/home-noticias-comentario-videos-galeria-de-fotos-especiais-chines-dia-a-dia-dialogo-de-midias-internacionais-promove-cooperacoes-pragmaticas-entre-china-e-brasil\/","name":"Di\u00e1logo de m\u00eddias internacionais promove coopera\u00e7\u00f5es pragm\u00e1ticas entre China e Brasil - CRI e Diario de Pernambuco","isPartOf":{"@id":"https:\/\/diariodepe.com.br\/cri\/#website"},"datePublished":"2024-03-20T02:04:53+00:00","dateModified":"2024-03-20T02:05:25+00:00","breadcrumb":{"@id":"https:\/\/diariodepe.com.br\/cri\/2024\/03\/19\/home-noticias-comentario-videos-galeria-de-fotos-especiais-chines-dia-a-dia-dialogo-de-midias-internacionais-promove-cooperacoes-pragmaticas-entre-china-e-brasil\/#breadcrumb"},"inLanguage":"pt-BR","potentialAction":[{"@type":"ReadAction","target":["https:\/\/diariodepe.com.br\/cri\/2024\/03\/19\/home-noticias-comentario-videos-galeria-de-fotos-especiais-chines-dia-a-dia-dialogo-de-midias-internacionais-promove-cooperacoes-pragmaticas-entre-china-e-brasil\/"]}]},{"@type":"BreadcrumbList","@id":"https:\/\/diariodepe.com.br\/cri\/2024\/03\/19\/home-noticias-comentario-videos-galeria-de-fotos-especiais-chines-dia-a-dia-dialogo-de-midias-internacionais-promove-cooperacoes-pragmaticas-entre-china-e-brasil\/#breadcrumb","itemListElement":[{"@type":"ListItem","position":1,"name":"In\u00edcio","item":"https:\/\/diariodepe.com.br\/cri\/"},{"@type":"ListItem","position":2,"name":"Di\u00e1logo de m\u00eddias internacionais promove coopera\u00e7\u00f5es pragm\u00e1ticas entre China e Brasil"}]},{"@type":"WebSite","@id":"https:\/\/diariodepe.com.br\/cri\/#website","url":"https:\/\/diariodepe.com.br\/cri\/","name":"CRI e Diario de Pernambuco","description":"R\u00e1dio Internacional da China","publisher":{"@id":"https:\/\/diariodepe.com.br\/cri\/#organization"},"potentialAction":[{"@type":"SearchAction","target":{"@type":"EntryPoint","urlTemplate":"https:\/\/diariodepe.com.br\/cri\/?s={search_term_string}"},"query-input":{"@type":"PropertyValueSpecification","valueRequired":true,"valueName":"search_term_string"}}],"inLanguage":"pt-BR"},{"@type":"Organization","@id":"https:\/\/diariodepe.com.br\/cri\/#organization","name":"CRI e Diario de Pernambuco","url":"https:\/\/diariodepe.com.br\/cri\/","logo":{"@type":"ImageObject","inLanguage":"pt-BR","@id":"https:\/\/diariodepe.com.br\/cri\/#\/schema\/logo\/image\/","url":"https:\/\/diariodepe.com.br\/cri\/wp-content\/uploads\/sites\/2\/2022\/12\/cropped-Logo.jpg","contentUrl":"https:\/\/diariodepe.com.br\/cri\/wp-content\/uploads\/sites\/2\/2022\/12\/cropped-Logo.jpg","width":700,"height":59,"caption":"CRI e Diario de Pernambuco"},"image":{"@id":"https:\/\/diariodepe.com.br\/cri\/#\/schema\/logo\/image\/"}},{"@type":"Person","@id":"https:\/\/diariodepe.com.br\/cri\/#\/schema\/person\/121bb28d84f1a5b1205ef4ce9c2e0c6b","name":"Ismael Lucas S. Pereira","image":{"@type":"ImageObject","inLanguage":"pt-BR","@id":"https:\/\/secure.gravatar.com\/avatar\/887a0f3b5a7ceea963a48499fb883ffce6b5037362def025c52c2505b15d63e4?s=96&d=mm&r=g","url":"https:\/\/secure.gravatar.com\/avatar\/887a0f3b5a7ceea963a48499fb883ffce6b5037362def025c52c2505b15d63e4?s=96&d=mm&r=g","contentUrl":"https:\/\/secure.gravatar.com\/avatar\/887a0f3b5a7ceea963a48499fb883ffce6b5037362def025c52c2505b15d63e4?s=96&d=mm&r=g","caption":"Ismael Lucas S. Pereira"},"url":"https:\/\/diariodepe.com.br\/cri\/author\/ismael-lucas\/"}]}},"cc_featured_image_caption":{"caption_text":false,"source_text":false,"source_url":false},"amp_enabled":true,"_links":{"self":[{"href":"https:\/\/diariodepe.com.br\/cri\/wp-json\/wp\/v2\/posts\/4749","targetHints":{"allow":["GET"]}}],"collection":[{"href":"https:\/\/diariodepe.com.br\/cri\/wp-json\/wp\/v2\/posts"}],"about":[{"href":"https:\/\/diariodepe.com.br\/cri\/wp-json\/wp\/v2\/types\/post"}],"author":[{"embeddable":true,"href":"https:\/\/diariodepe.com.br\/cri\/wp-json\/wp\/v2\/users\/2"}],"replies":[{"embeddable":true,"href":"https:\/\/diariodepe.com.br\/cri\/wp-json\/wp\/v2\/comments?post=4749"}],"version-history":[{"count":2,"href":"https:\/\/diariodepe.com.br\/cri\/wp-json\/wp\/v2\/posts\/4749\/revisions"}],"predecessor-version":[{"id":4751,"href":"https:\/\/diariodepe.com.br\/cri\/wp-json\/wp\/v2\/posts\/4749\/revisions\/4751"}],"wp:attachment":[{"href":"https:\/\/diariodepe.com.br\/cri\/wp-json\/wp\/v2\/media?parent=4749"}],"wp:term":[{"taxonomy":"category","embeddable":true,"href":"https:\/\/diariodepe.com.br\/cri\/wp-json\/wp\/v2\/categories?post=4749"},{"taxonomy":"post_tag","embeddable":true,"href":"https:\/\/diariodepe.com.br\/cri\/wp-json\/wp\/v2\/tags?post=4749"}],"curies":[{"name":"wp","href":"https:\/\/api.w.org\/{rel}","templated":true}]}}