{"id":4722,"date":"2024-03-18T07:36:23","date_gmt":"2024-03-18T10:36:23","guid":{"rendered":"https:\/\/diariodepe.com.br\/cri\/?p=4722"},"modified":"2024-03-18T07:36:23","modified_gmt":"2024-03-18T10:36:23","slug":"a-narrativa-do-pico-da-china-absurdo","status":"publish","type":"post","link":"https:\/\/diariodepe.com.br\/cri\/2024\/03\/18\/a-narrativa-do-pico-da-china-absurdo\/","title":{"rendered":"A narrativa do \u201cpico da China\u201d? Absurdo!"},"content":{"rendered":"<div>\n<div>\n<div id=\"abody\">\n<p data-spm-anchor-id=\"0.0.0.i1\">\u00c0 medida que a outrora popular teoria do \u201ccolapso da China\u201d vem perdendo seu apelo, o Ocidente inventou a teoria do \u201cpico da China\u201d. Vamos ver os \u201cmitos\u201d mais enganosos dessa nova fal\u00e1cia.<\/p>\n<p>Mito 1: O investimento estrangeiro est\u00e1 fugindo da China<\/p>\n<p>Em 2023, a China ainda atraiu 1,13 trilh\u00e3o de yuans de investimento estrangeiro, o terceiro maior fluxo da hist\u00f3ria. Foram estabelecidas na China 53.766 novas empresas de investimento estrangeiro, um aumento impressionante de 40%. Em janeiro do ano corrente, o investimento proveniente da Fran\u00e7a cresceu 25 vezes, o da Su\u00e9cia, 11 vezes, e os da Alemanha, da Austr\u00e1lia e da Singapura aumentaram respectivamente 212%, 186% e 77%.<\/p>\n<p>Em 2023, o com\u00e9rcio bilateral entre China e Europa atingiu o impressionante US$ 1,2 trilh\u00e3o, o segundo maior n\u00edvel da hist\u00f3ria. Ao mesmo tempo, o com\u00e9rcio entre China e Estados Unidos totalizou cerca de US$ 660 bilh\u00f5es, que apesar de sofrer queda, \u00e9 o terceiro maior na hist\u00f3ria, muito superior ao valor do 2018, quando o pa\u00eds norteamericano arrancou a guerra comercial.<\/p>\n<p>A China e o Ocidente continuam sendo partes interessadas interligadas, resistindo \u00e0s tentativas de desacoplamento.<\/p>\n<p>Mito 2: O desemprego assolar\u00e1 a sociedade chinesa<\/p>\n<p>Os acad\u00eamicos pol\u00edticos geralmente afirmam que quando o desemprego atinge 20%, um pa\u00eds sofrer\u00e1 agita\u00e7\u00e3o social. Entretanto, segundo dados do governo chin\u00eas, a taxa m\u00e9dia de desemprego urbano em 2023 foi de 5,2%, longe da cena que os Estados Unidos sofreu durante a crise financeira de 2008, com uma taxa de desemprego de 10% que levou \u00e0s ruas muitos mendigos.<\/p>\n<p>Tamb\u00e9m vale lembrar que o enfrentamento ao desemprego ocupa um lugar de destaque na agenda de todos os n\u00edveis do governo chin\u00eas. De corte de impostos a bonifica\u00e7\u00e3o de juros, j\u00e1 se implementaram v\u00e1rias pol\u00edticas de promo\u00e7\u00e3o do emprego. Al\u00e9m disso, com o aumento de emprego flex\u00edvel, a popularidade do com\u00e9rcio eletr\u00f4nico e o r\u00e1pido crescimento da economia de live streaming (transmiss\u00e3o cont\u00ednua feita em tempo real) est\u00e3o criando numerosos postos de trabalho.<\/p>\n<p>\u00c9 especula\u00e7\u00e3o e n\u00e3o expectativa que desemprego assolar\u00e1 a sociedade chinesa.<\/p>\n<p>Mito 3: O envelhecimento populacional implica recess\u00e3o econ\u00f4mica<\/p>\n<p>A China n\u00e3o est\u00e1 sozinha nessa transi\u00e7\u00e3o. Todos os pa\u00edses de renda m\u00e9dia e alta est\u00e3o enfrentando diferentes graus de envelhecimento populacional.<\/p>\n<p>Face \u00e0 poss\u00edvel redu\u00e7\u00e3o da for\u00e7a de trabalho, a China est\u00e1 automatizando v\u00e1rios processos de servi\u00e7o\u2014tais como armazenamento, coleta, transporte, integra\u00e7\u00e3o e entrega\u2014com a ado\u00e7\u00e3o de Intelig\u00eancia Artificial e outras tecnologias. Mais ainda, a China possui uma taxa bruta de matr\u00edcula no ensino superior de mais de 60%, criando um vasto reservat\u00f3rio de indiv\u00edduos com forma\u00e7\u00e3o universit\u00e1ria. Trata-se de um dividendo de talentos que elevar\u00e1 ainda mais a qualidade de servi\u00e7os. Com base nisso, o envelhecimento da sociedade estimulou um grande mercado de sa\u00fade, bem-estar e entretenimento para idosos. Gera uma demanda de mais de 10 trilh\u00f5es de yuans com crescimento superior a 15% anualmente.<\/p>\n<p>O envelhecimento demogr\u00e1fico traz press\u00f5es, mais est\u00e1 longe de ser um obst\u00e1culo intranspon\u00edvel ao progresso social.<\/p>\n<p>Mito 4: Os chineses n\u00e3o t\u00eam confian\u00e7a no futuro<\/p>\n<p>A China \u00e9 a \u00fanica economia principal que n\u00e3o arrancou nem participou de nenhuma guerra nas \u00faltimas quatro d\u00e9cadas. O ambiente externo pac\u00edfico e a sociedade dom\u00e9stica est\u00e1vel formam o alicerce sobre o qual os chineses se esfor\u00e7am por uma vida melhor.<\/p>\n<p>As fam\u00edlias chinesas investem significativamente na educa\u00e7\u00e3o, o que naturalmente alimenta uma intensa competi\u00e7\u00e3o social. No entanto, os pa\u00edses caracterizados pela involu\u00e7\u00e3o\u2014competi\u00e7\u00e3o intensificada por um progresso limitado\u2014est\u00e3o geralmente preparados para novos avan\u00e7os no desenvolvimento. Com essa involu\u00e7\u00e3o e a concorr\u00eancia saud\u00e1vel entre as empresas, a China est\u00e1 gradualmente alcan\u00e7ando os pa\u00edses desenvolvidos em ind\u00fastrias como a aeroespacial, a de aeronaves de grande porte, chips, constru\u00e7\u00e3o naval e a automobil\u00edstica.<\/p>\n<p>Perante os desafios atuais, o povo chin\u00eas est\u00e1 com os olhos voltados para o futuro e firme cren\u00e7a coletiva na for\u00e7a duradoura de sua na\u00e7\u00e3o.<\/p>\n<p>Por Xi Pu, um observador de assuntos internacionais em Beijing<\/p>\n<\/div>\n<\/div>\n<\/div>\n<div>\n<div>\n<div><\/div>\n<\/div>\n<\/div>\n","protected":false},"excerpt":{"rendered":"<p>\u00c0 medida que a outrora popular teoria do \u201ccolapso da China\u201d vem perdendo seu apelo, o Ocidente inventou a teoria do \u201cpico da China\u201d. Vamos ver os \u201cmitos\u201d mais enganosos dessa nova fal\u00e1cia. Mito 1: O investimento estrangeiro est\u00e1 fugindo&#8230;<\/p>\n","protected":false},"author":2,"featured_media":0,"comment_status":"open","ping_status":"open","sticky":false,"template":"","format":"standard","meta":{"footnotes":""},"categories":[7],"tags":[],"class_list":["post-4722","post","type-post","status-publish","format-standard","hentry","category-visao"],"yoast_head":"<!-- This site is optimized with the Yoast SEO plugin v27.4 - https:\/\/yoast.com\/product\/yoast-seo-wordpress\/ -->\n<title>A narrativa do \u201cpico da China\u201d? Absurdo! - CRI e Diario de Pernambuco<\/title>\n<meta name=\"robots\" content=\"index, follow, max-snippet:-1, max-image-preview:large, max-video-preview:-1\" \/>\n<link rel=\"canonical\" href=\"https:\/\/diariodepe.com.br\/cri\/2024\/03\/18\/a-narrativa-do-pico-da-china-absurdo\/\" \/>\n<meta property=\"og:locale\" content=\"pt_BR\" \/>\n<meta property=\"og:type\" content=\"article\" \/>\n<meta property=\"og:title\" content=\"A narrativa do \u201cpico da China\u201d? Absurdo! - CRI e Diario de Pernambuco\" \/>\n<meta property=\"og:description\" content=\"\u00c0 medida que a outrora popular teoria do \u201ccolapso da China\u201d vem perdendo seu apelo, o Ocidente inventou a teoria do \u201cpico da China\u201d. Vamos ver os \u201cmitos\u201d mais enganosos dessa nova fal\u00e1cia. Mito 1: O investimento estrangeiro est\u00e1 fugindo...\" \/>\n<meta property=\"og:url\" content=\"https:\/\/diariodepe.com.br\/cri\/2024\/03\/18\/a-narrativa-do-pico-da-china-absurdo\/\" \/>\n<meta property=\"og:site_name\" content=\"CRI e Diario de Pernambuco\" \/>\n<meta property=\"article:published_time\" content=\"2024-03-18T10:36:23+00:00\" \/>\n<meta name=\"author\" content=\"Ismael Lucas S. Pereira\" \/>\n<meta name=\"twitter:card\" content=\"summary_large_image\" \/>\n<meta name=\"twitter:label1\" content=\"Escrito por\" \/>\n\t<meta name=\"twitter:data1\" content=\"Ismael Lucas S. Pereira\" \/>\n\t<meta name=\"twitter:label2\" content=\"Est. tempo de leitura\" \/>\n\t<meta name=\"twitter:data2\" content=\"4 minutos\" \/>\n<script type=\"application\/ld+json\" class=\"yoast-schema-graph\">{\"@context\":\"https:\\\/\\\/schema.org\",\"@graph\":[{\"@type\":\"Article\",\"@id\":\"https:\\\/\\\/diariodepe.com.br\\\/cri\\\/2024\\\/03\\\/18\\\/a-narrativa-do-pico-da-china-absurdo\\\/#article\",\"isPartOf\":{\"@id\":\"https:\\\/\\\/diariodepe.com.br\\\/cri\\\/2024\\\/03\\\/18\\\/a-narrativa-do-pico-da-china-absurdo\\\/\"},\"author\":{\"name\":\"Ismael Lucas S. Pereira\",\"@id\":\"https:\\\/\\\/diariodepe.com.br\\\/cri\\\/#\\\/schema\\\/person\\\/121bb28d84f1a5b1205ef4ce9c2e0c6b\"},\"headline\":\"A narrativa do \u201cpico da China\u201d? Absurdo!\",\"datePublished\":\"2024-03-18T10:36:23+00:00\",\"mainEntityOfPage\":{\"@id\":\"https:\\\/\\\/diariodepe.com.br\\\/cri\\\/2024\\\/03\\\/18\\\/a-narrativa-do-pico-da-china-absurdo\\\/\"},\"wordCount\":718,\"commentCount\":0,\"publisher\":{\"@id\":\"https:\\\/\\\/diariodepe.com.br\\\/cri\\\/#organization\"},\"articleSection\":[\"Vis\u00e3o\"],\"inLanguage\":\"pt-BR\",\"potentialAction\":[{\"@type\":\"CommentAction\",\"name\":\"Comment\",\"target\":[\"https:\\\/\\\/diariodepe.com.br\\\/cri\\\/2024\\\/03\\\/18\\\/a-narrativa-do-pico-da-china-absurdo\\\/#respond\"]}]},{\"@type\":\"WebPage\",\"@id\":\"https:\\\/\\\/diariodepe.com.br\\\/cri\\\/2024\\\/03\\\/18\\\/a-narrativa-do-pico-da-china-absurdo\\\/\",\"url\":\"https:\\\/\\\/diariodepe.com.br\\\/cri\\\/2024\\\/03\\\/18\\\/a-narrativa-do-pico-da-china-absurdo\\\/\",\"name\":\"A narrativa do \u201cpico da China\u201d? Absurdo! - CRI e Diario de Pernambuco\",\"isPartOf\":{\"@id\":\"https:\\\/\\\/diariodepe.com.br\\\/cri\\\/#website\"},\"datePublished\":\"2024-03-18T10:36:23+00:00\",\"breadcrumb\":{\"@id\":\"https:\\\/\\\/diariodepe.com.br\\\/cri\\\/2024\\\/03\\\/18\\\/a-narrativa-do-pico-da-china-absurdo\\\/#breadcrumb\"},\"inLanguage\":\"pt-BR\",\"potentialAction\":[{\"@type\":\"ReadAction\",\"target\":[\"https:\\\/\\\/diariodepe.com.br\\\/cri\\\/2024\\\/03\\\/18\\\/a-narrativa-do-pico-da-china-absurdo\\\/\"]}]},{\"@type\":\"BreadcrumbList\",\"@id\":\"https:\\\/\\\/diariodepe.com.br\\\/cri\\\/2024\\\/03\\\/18\\\/a-narrativa-do-pico-da-china-absurdo\\\/#breadcrumb\",\"itemListElement\":[{\"@type\":\"ListItem\",\"position\":1,\"name\":\"In\u00edcio\",\"item\":\"https:\\\/\\\/diariodepe.com.br\\\/cri\\\/\"},{\"@type\":\"ListItem\",\"position\":2,\"name\":\"A narrativa do \u201cpico da China\u201d? Absurdo!\"}]},{\"@type\":\"WebSite\",\"@id\":\"https:\\\/\\\/diariodepe.com.br\\\/cri\\\/#website\",\"url\":\"https:\\\/\\\/diariodepe.com.br\\\/cri\\\/\",\"name\":\"CRI e Diario de Pernambuco\",\"description\":\"R\u00e1dio Internacional da China\",\"publisher\":{\"@id\":\"https:\\\/\\\/diariodepe.com.br\\\/cri\\\/#organization\"},\"potentialAction\":[{\"@type\":\"SearchAction\",\"target\":{\"@type\":\"EntryPoint\",\"urlTemplate\":\"https:\\\/\\\/diariodepe.com.br\\\/cri\\\/?s={search_term_string}\"},\"query-input\":{\"@type\":\"PropertyValueSpecification\",\"valueRequired\":true,\"valueName\":\"search_term_string\"}}],\"inLanguage\":\"pt-BR\"},{\"@type\":\"Organization\",\"@id\":\"https:\\\/\\\/diariodepe.com.br\\\/cri\\\/#organization\",\"name\":\"CRI e Diario de Pernambuco\",\"url\":\"https:\\\/\\\/diariodepe.com.br\\\/cri\\\/\",\"logo\":{\"@type\":\"ImageObject\",\"inLanguage\":\"pt-BR\",\"@id\":\"https:\\\/\\\/diariodepe.com.br\\\/cri\\\/#\\\/schema\\\/logo\\\/image\\\/\",\"url\":\"https:\\\/\\\/diariodepe.com.br\\\/cri\\\/wp-content\\\/uploads\\\/sites\\\/2\\\/2022\\\/12\\\/cropped-Logo.jpg\",\"contentUrl\":\"https:\\\/\\\/diariodepe.com.br\\\/cri\\\/wp-content\\\/uploads\\\/sites\\\/2\\\/2022\\\/12\\\/cropped-Logo.jpg\",\"width\":700,\"height\":59,\"caption\":\"CRI e Diario de Pernambuco\"},\"image\":{\"@id\":\"https:\\\/\\\/diariodepe.com.br\\\/cri\\\/#\\\/schema\\\/logo\\\/image\\\/\"}},{\"@type\":\"Person\",\"@id\":\"https:\\\/\\\/diariodepe.com.br\\\/cri\\\/#\\\/schema\\\/person\\\/121bb28d84f1a5b1205ef4ce9c2e0c6b\",\"name\":\"Ismael Lucas S. Pereira\",\"image\":{\"@type\":\"ImageObject\",\"inLanguage\":\"pt-BR\",\"@id\":\"https:\\\/\\\/secure.gravatar.com\\\/avatar\\\/887a0f3b5a7ceea963a48499fb883ffce6b5037362def025c52c2505b15d63e4?s=96&d=mm&r=g\",\"url\":\"https:\\\/\\\/secure.gravatar.com\\\/avatar\\\/887a0f3b5a7ceea963a48499fb883ffce6b5037362def025c52c2505b15d63e4?s=96&d=mm&r=g\",\"contentUrl\":\"https:\\\/\\\/secure.gravatar.com\\\/avatar\\\/887a0f3b5a7ceea963a48499fb883ffce6b5037362def025c52c2505b15d63e4?s=96&d=mm&r=g\",\"caption\":\"Ismael Lucas S. Pereira\"},\"url\":\"https:\\\/\\\/diariodepe.com.br\\\/cri\\\/author\\\/ismael-lucas\\\/\"}]}<\/script>\n<!-- \/ Yoast SEO plugin. -->","yoast_head_json":{"title":"A narrativa do \u201cpico da China\u201d? Absurdo! - CRI e Diario de Pernambuco","robots":{"index":"index","follow":"follow","max-snippet":"max-snippet:-1","max-image-preview":"max-image-preview:large","max-video-preview":"max-video-preview:-1"},"canonical":"https:\/\/diariodepe.com.br\/cri\/2024\/03\/18\/a-narrativa-do-pico-da-china-absurdo\/","og_locale":"pt_BR","og_type":"article","og_title":"A narrativa do \u201cpico da China\u201d? Absurdo! - CRI e Diario de Pernambuco","og_description":"\u00c0 medida que a outrora popular teoria do \u201ccolapso da China\u201d vem perdendo seu apelo, o Ocidente inventou a teoria do \u201cpico da China\u201d. Vamos ver os \u201cmitos\u201d mais enganosos dessa nova fal\u00e1cia. Mito 1: O investimento estrangeiro est\u00e1 fugindo...","og_url":"https:\/\/diariodepe.com.br\/cri\/2024\/03\/18\/a-narrativa-do-pico-da-china-absurdo\/","og_site_name":"CRI e Diario de Pernambuco","article_published_time":"2024-03-18T10:36:23+00:00","author":"Ismael Lucas S. Pereira","twitter_card":"summary_large_image","twitter_misc":{"Escrito por":"Ismael Lucas S. Pereira","Est. tempo de leitura":"4 minutos"},"schema":{"@context":"https:\/\/schema.org","@graph":[{"@type":"Article","@id":"https:\/\/diariodepe.com.br\/cri\/2024\/03\/18\/a-narrativa-do-pico-da-china-absurdo\/#article","isPartOf":{"@id":"https:\/\/diariodepe.com.br\/cri\/2024\/03\/18\/a-narrativa-do-pico-da-china-absurdo\/"},"author":{"name":"Ismael Lucas S. Pereira","@id":"https:\/\/diariodepe.com.br\/cri\/#\/schema\/person\/121bb28d84f1a5b1205ef4ce9c2e0c6b"},"headline":"A narrativa do \u201cpico da China\u201d? Absurdo!","datePublished":"2024-03-18T10:36:23+00:00","mainEntityOfPage":{"@id":"https:\/\/diariodepe.com.br\/cri\/2024\/03\/18\/a-narrativa-do-pico-da-china-absurdo\/"},"wordCount":718,"commentCount":0,"publisher":{"@id":"https:\/\/diariodepe.com.br\/cri\/#organization"},"articleSection":["Vis\u00e3o"],"inLanguage":"pt-BR","potentialAction":[{"@type":"CommentAction","name":"Comment","target":["https:\/\/diariodepe.com.br\/cri\/2024\/03\/18\/a-narrativa-do-pico-da-china-absurdo\/#respond"]}]},{"@type":"WebPage","@id":"https:\/\/diariodepe.com.br\/cri\/2024\/03\/18\/a-narrativa-do-pico-da-china-absurdo\/","url":"https:\/\/diariodepe.com.br\/cri\/2024\/03\/18\/a-narrativa-do-pico-da-china-absurdo\/","name":"A narrativa do \u201cpico da China\u201d? Absurdo! - CRI e Diario de Pernambuco","isPartOf":{"@id":"https:\/\/diariodepe.com.br\/cri\/#website"},"datePublished":"2024-03-18T10:36:23+00:00","breadcrumb":{"@id":"https:\/\/diariodepe.com.br\/cri\/2024\/03\/18\/a-narrativa-do-pico-da-china-absurdo\/#breadcrumb"},"inLanguage":"pt-BR","potentialAction":[{"@type":"ReadAction","target":["https:\/\/diariodepe.com.br\/cri\/2024\/03\/18\/a-narrativa-do-pico-da-china-absurdo\/"]}]},{"@type":"BreadcrumbList","@id":"https:\/\/diariodepe.com.br\/cri\/2024\/03\/18\/a-narrativa-do-pico-da-china-absurdo\/#breadcrumb","itemListElement":[{"@type":"ListItem","position":1,"name":"In\u00edcio","item":"https:\/\/diariodepe.com.br\/cri\/"},{"@type":"ListItem","position":2,"name":"A narrativa do \u201cpico da China\u201d? Absurdo!"}]},{"@type":"WebSite","@id":"https:\/\/diariodepe.com.br\/cri\/#website","url":"https:\/\/diariodepe.com.br\/cri\/","name":"CRI e Diario de Pernambuco","description":"R\u00e1dio Internacional da China","publisher":{"@id":"https:\/\/diariodepe.com.br\/cri\/#organization"},"potentialAction":[{"@type":"SearchAction","target":{"@type":"EntryPoint","urlTemplate":"https:\/\/diariodepe.com.br\/cri\/?s={search_term_string}"},"query-input":{"@type":"PropertyValueSpecification","valueRequired":true,"valueName":"search_term_string"}}],"inLanguage":"pt-BR"},{"@type":"Organization","@id":"https:\/\/diariodepe.com.br\/cri\/#organization","name":"CRI e Diario de Pernambuco","url":"https:\/\/diariodepe.com.br\/cri\/","logo":{"@type":"ImageObject","inLanguage":"pt-BR","@id":"https:\/\/diariodepe.com.br\/cri\/#\/schema\/logo\/image\/","url":"https:\/\/diariodepe.com.br\/cri\/wp-content\/uploads\/sites\/2\/2022\/12\/cropped-Logo.jpg","contentUrl":"https:\/\/diariodepe.com.br\/cri\/wp-content\/uploads\/sites\/2\/2022\/12\/cropped-Logo.jpg","width":700,"height":59,"caption":"CRI e Diario de Pernambuco"},"image":{"@id":"https:\/\/diariodepe.com.br\/cri\/#\/schema\/logo\/image\/"}},{"@type":"Person","@id":"https:\/\/diariodepe.com.br\/cri\/#\/schema\/person\/121bb28d84f1a5b1205ef4ce9c2e0c6b","name":"Ismael Lucas S. Pereira","image":{"@type":"ImageObject","inLanguage":"pt-BR","@id":"https:\/\/secure.gravatar.com\/avatar\/887a0f3b5a7ceea963a48499fb883ffce6b5037362def025c52c2505b15d63e4?s=96&d=mm&r=g","url":"https:\/\/secure.gravatar.com\/avatar\/887a0f3b5a7ceea963a48499fb883ffce6b5037362def025c52c2505b15d63e4?s=96&d=mm&r=g","contentUrl":"https:\/\/secure.gravatar.com\/avatar\/887a0f3b5a7ceea963a48499fb883ffce6b5037362def025c52c2505b15d63e4?s=96&d=mm&r=g","caption":"Ismael Lucas S. Pereira"},"url":"https:\/\/diariodepe.com.br\/cri\/author\/ismael-lucas\/"}]}},"cc_featured_image_caption":{"caption_text":false,"source_text":false,"source_url":false},"amp_enabled":true,"_links":{"self":[{"href":"https:\/\/diariodepe.com.br\/cri\/wp-json\/wp\/v2\/posts\/4722","targetHints":{"allow":["GET"]}}],"collection":[{"href":"https:\/\/diariodepe.com.br\/cri\/wp-json\/wp\/v2\/posts"}],"about":[{"href":"https:\/\/diariodepe.com.br\/cri\/wp-json\/wp\/v2\/types\/post"}],"author":[{"embeddable":true,"href":"https:\/\/diariodepe.com.br\/cri\/wp-json\/wp\/v2\/users\/2"}],"replies":[{"embeddable":true,"href":"https:\/\/diariodepe.com.br\/cri\/wp-json\/wp\/v2\/comments?post=4722"}],"version-history":[{"count":1,"href":"https:\/\/diariodepe.com.br\/cri\/wp-json\/wp\/v2\/posts\/4722\/revisions"}],"predecessor-version":[{"id":4723,"href":"https:\/\/diariodepe.com.br\/cri\/wp-json\/wp\/v2\/posts\/4722\/revisions\/4723"}],"wp:attachment":[{"href":"https:\/\/diariodepe.com.br\/cri\/wp-json\/wp\/v2\/media?parent=4722"}],"wp:term":[{"taxonomy":"category","embeddable":true,"href":"https:\/\/diariodepe.com.br\/cri\/wp-json\/wp\/v2\/categories?post=4722"},{"taxonomy":"post_tag","embeddable":true,"href":"https:\/\/diariodepe.com.br\/cri\/wp-json\/wp\/v2\/tags?post=4722"}],"curies":[{"name":"wp","href":"https:\/\/api.w.org\/{rel}","templated":true}]}}