{"id":4720,"date":"2024-03-18T01:50:40","date_gmt":"2024-03-18T04:50:40","guid":{"rendered":"https:\/\/diariodepe.com.br\/cri\/?p=4720"},"modified":"2024-03-18T01:50:40","modified_gmt":"2024-03-18T04:50:40","slug":"ministro-da-agricultura-e-florestas-de-angola-ve-china-como-parceiro-irmao-no-caminho-de-desenvolvimento","status":"publish","type":"post","link":"https:\/\/diariodepe.com.br\/cri\/2024\/03\/18\/ministro-da-agricultura-e-florestas-de-angola-ve-china-como-parceiro-irmao-no-caminho-de-desenvolvimento\/","title":{"rendered":"Ministro da Agricultura e Florestas de Angola v\u00ea China como parceiro irm\u00e3o no caminho de desenvolvimento."},"content":{"rendered":"<p>\u00c0 beira do F\u00f3rum de Neg\u00f3cios Angola-China sobre petr\u00f3leo e g\u00e1s, recursos minerais e de agricultura, o ministro da Agricultura e Florestas de Angola, Ant\u00f3nio Francisco Lima de Assis, avalia bem positivamente as coopera\u00e7\u00f5es bilaterais com a China, descrevendo o pa\u00eds asi\u00e1tico como irm\u00e3o no caminho do desenvolvimento. O evento est\u00e1 sendo promovido nos dias 16 e 17 em Beijing no \u00e2mbito da agenda de visita oficial do presidente angolano, Jo\u00e3o Louren\u00e7o, \u00e0 China.<\/p>\n<p><iframe title=\"Ministro da Agricultura e Florestas de Angola: China \u00e9 parceiro irm\u00e3o que precisamos\" width=\"640\" height=\"360\" src=\"https:\/\/www.youtube.com\/embed\/RmBz6EoiM1U?start=29&#038;feature=oembed\" frameborder=\"0\" allow=\"accelerometer; autoplay; clipboard-write; encrypted-media; gyroscope; picture-in-picture; web-share\" referrerpolicy=\"strict-origin-when-cross-origin\" allowfullscreen><\/iframe><\/p>\n","protected":false},"excerpt":{"rendered":"<p>\u00c0 beira do F\u00f3rum de Neg\u00f3cios Angola-China sobre petr\u00f3leo e g\u00e1s, recursos minerais e de agricultura, o ministro da Agricultura e Florestas de Angola, Ant\u00f3nio Francisco Lima de Assis, avalia bem positivamente as coopera\u00e7\u00f5es bilaterais com a China, descrevendo o&#8230;<\/p>\n","protected":false},"author":2,"featured_media":0,"comment_status":"open","ping_status":"open","sticky":false,"template":"","format":"standard","meta":{"footnotes":""},"categories":[5,11],"tags":[],"class_list":["post-4720","post","type-post","status-publish","format-standard","hentry","category-destaques-capa","category-videos"],"yoast_head":"<!-- This site is optimized with the Yoast SEO plugin v27.4 - https:\/\/yoast.com\/product\/yoast-seo-wordpress\/ -->\n<title>Ministro da Agricultura e Florestas de Angola v\u00ea China como parceiro irm\u00e3o no caminho de desenvolvimento. - CRI e Diario de Pernambuco<\/title>\n<meta name=\"robots\" content=\"index, follow, max-snippet:-1, max-image-preview:large, max-video-preview:-1\" \/>\n<link rel=\"canonical\" href=\"https:\/\/diariodepe.com.br\/cri\/2024\/03\/18\/ministro-da-agricultura-e-florestas-de-angola-ve-china-como-parceiro-irmao-no-caminho-de-desenvolvimento\/\" \/>\n<meta property=\"og:locale\" content=\"pt_BR\" \/>\n<meta property=\"og:type\" content=\"article\" \/>\n<meta property=\"og:title\" content=\"Ministro da Agricultura e Florestas de Angola v\u00ea China como parceiro irm\u00e3o no caminho de desenvolvimento. - CRI e Diario de Pernambuco\" \/>\n<meta property=\"og:description\" content=\"\u00c0 beira do F\u00f3rum de Neg\u00f3cios Angola-China sobre petr\u00f3leo e g\u00e1s, recursos minerais e de agricultura, o ministro da Agricultura e Florestas de Angola, Ant\u00f3nio Francisco Lima de Assis, avalia bem positivamente as coopera\u00e7\u00f5es bilaterais com a China, descrevendo o...\" \/>\n<meta property=\"og:url\" content=\"https:\/\/diariodepe.com.br\/cri\/2024\/03\/18\/ministro-da-agricultura-e-florestas-de-angola-ve-china-como-parceiro-irmao-no-caminho-de-desenvolvimento\/\" \/>\n<meta property=\"og:site_name\" content=\"CRI e Diario de Pernambuco\" \/>\n<meta property=\"article:published_time\" content=\"2024-03-18T04:50:40+00:00\" \/>\n<meta name=\"author\" content=\"Ismael Lucas S. Pereira\" \/>\n<meta name=\"twitter:card\" content=\"summary_large_image\" \/>\n<meta name=\"twitter:label1\" content=\"Escrito por\" \/>\n\t<meta name=\"twitter:data1\" content=\"Ismael Lucas S. Pereira\" \/>\n\t<meta name=\"twitter:label2\" content=\"Est. tempo de leitura\" \/>\n\t<meta name=\"twitter:data2\" content=\"1 minuto\" \/>\n<script type=\"application\/ld+json\" class=\"yoast-schema-graph\">{\"@context\":\"https:\\\/\\\/schema.org\",\"@graph\":[{\"@type\":\"Article\",\"@id\":\"https:\\\/\\\/diariodepe.com.br\\\/cri\\\/2024\\\/03\\\/18\\\/ministro-da-agricultura-e-florestas-de-angola-ve-china-como-parceiro-irmao-no-caminho-de-desenvolvimento\\\/#article\",\"isPartOf\":{\"@id\":\"https:\\\/\\\/diariodepe.com.br\\\/cri\\\/2024\\\/03\\\/18\\\/ministro-da-agricultura-e-florestas-de-angola-ve-china-como-parceiro-irmao-no-caminho-de-desenvolvimento\\\/\"},\"author\":{\"name\":\"Ismael Lucas S. Pereira\",\"@id\":\"https:\\\/\\\/diariodepe.com.br\\\/cri\\\/#\\\/schema\\\/person\\\/121bb28d84f1a5b1205ef4ce9c2e0c6b\"},\"headline\":\"Ministro da Agricultura e Florestas de Angola v\u00ea China como parceiro irm\u00e3o no caminho de desenvolvimento.\",\"datePublished\":\"2024-03-18T04:50:40+00:00\",\"mainEntityOfPage\":{\"@id\":\"https:\\\/\\\/diariodepe.com.br\\\/cri\\\/2024\\\/03\\\/18\\\/ministro-da-agricultura-e-florestas-de-angola-ve-china-como-parceiro-irmao-no-caminho-de-desenvolvimento\\\/\"},\"wordCount\":111,\"commentCount\":0,\"publisher\":{\"@id\":\"https:\\\/\\\/diariodepe.com.br\\\/cri\\\/#organization\"},\"articleSection\":[\"Destaques Capa\",\"V\u00eddeos\"],\"inLanguage\":\"pt-BR\",\"potentialAction\":[{\"@type\":\"CommentAction\",\"name\":\"Comment\",\"target\":[\"https:\\\/\\\/diariodepe.com.br\\\/cri\\\/2024\\\/03\\\/18\\\/ministro-da-agricultura-e-florestas-de-angola-ve-china-como-parceiro-irmao-no-caminho-de-desenvolvimento\\\/#respond\"]}]},{\"@type\":\"WebPage\",\"@id\":\"https:\\\/\\\/diariodepe.com.br\\\/cri\\\/2024\\\/03\\\/18\\\/ministro-da-agricultura-e-florestas-de-angola-ve-china-como-parceiro-irmao-no-caminho-de-desenvolvimento\\\/\",\"url\":\"https:\\\/\\\/diariodepe.com.br\\\/cri\\\/2024\\\/03\\\/18\\\/ministro-da-agricultura-e-florestas-de-angola-ve-china-como-parceiro-irmao-no-caminho-de-desenvolvimento\\\/\",\"name\":\"Ministro da Agricultura e Florestas de Angola v\u00ea China como parceiro irm\u00e3o no caminho de desenvolvimento. - CRI e Diario de Pernambuco\",\"isPartOf\":{\"@id\":\"https:\\\/\\\/diariodepe.com.br\\\/cri\\\/#website\"},\"datePublished\":\"2024-03-18T04:50:40+00:00\",\"breadcrumb\":{\"@id\":\"https:\\\/\\\/diariodepe.com.br\\\/cri\\\/2024\\\/03\\\/18\\\/ministro-da-agricultura-e-florestas-de-angola-ve-china-como-parceiro-irmao-no-caminho-de-desenvolvimento\\\/#breadcrumb\"},\"inLanguage\":\"pt-BR\",\"potentialAction\":[{\"@type\":\"ReadAction\",\"target\":[\"https:\\\/\\\/diariodepe.com.br\\\/cri\\\/2024\\\/03\\\/18\\\/ministro-da-agricultura-e-florestas-de-angola-ve-china-como-parceiro-irmao-no-caminho-de-desenvolvimento\\\/\"]}]},{\"@type\":\"BreadcrumbList\",\"@id\":\"https:\\\/\\\/diariodepe.com.br\\\/cri\\\/2024\\\/03\\\/18\\\/ministro-da-agricultura-e-florestas-de-angola-ve-china-como-parceiro-irmao-no-caminho-de-desenvolvimento\\\/#breadcrumb\",\"itemListElement\":[{\"@type\":\"ListItem\",\"position\":1,\"name\":\"In\u00edcio\",\"item\":\"https:\\\/\\\/diariodepe.com.br\\\/cri\\\/\"},{\"@type\":\"ListItem\",\"position\":2,\"name\":\"Ministro da Agricultura e Florestas de Angola v\u00ea China como parceiro irm\u00e3o no caminho de desenvolvimento.\"}]},{\"@type\":\"WebSite\",\"@id\":\"https:\\\/\\\/diariodepe.com.br\\\/cri\\\/#website\",\"url\":\"https:\\\/\\\/diariodepe.com.br\\\/cri\\\/\",\"name\":\"CRI e Diario de Pernambuco\",\"description\":\"R\u00e1dio Internacional da China\",\"publisher\":{\"@id\":\"https:\\\/\\\/diariodepe.com.br\\\/cri\\\/#organization\"},\"potentialAction\":[{\"@type\":\"SearchAction\",\"target\":{\"@type\":\"EntryPoint\",\"urlTemplate\":\"https:\\\/\\\/diariodepe.com.br\\\/cri\\\/?s={search_term_string}\"},\"query-input\":{\"@type\":\"PropertyValueSpecification\",\"valueRequired\":true,\"valueName\":\"search_term_string\"}}],\"inLanguage\":\"pt-BR\"},{\"@type\":\"Organization\",\"@id\":\"https:\\\/\\\/diariodepe.com.br\\\/cri\\\/#organization\",\"name\":\"CRI e Diario de Pernambuco\",\"url\":\"https:\\\/\\\/diariodepe.com.br\\\/cri\\\/\",\"logo\":{\"@type\":\"ImageObject\",\"inLanguage\":\"pt-BR\",\"@id\":\"https:\\\/\\\/diariodepe.com.br\\\/cri\\\/#\\\/schema\\\/logo\\\/image\\\/\",\"url\":\"https:\\\/\\\/diariodepe.com.br\\\/cri\\\/wp-content\\\/uploads\\\/sites\\\/2\\\/2022\\\/12\\\/cropped-Logo.jpg\",\"contentUrl\":\"https:\\\/\\\/diariodepe.com.br\\\/cri\\\/wp-content\\\/uploads\\\/sites\\\/2\\\/2022\\\/12\\\/cropped-Logo.jpg\",\"width\":700,\"height\":59,\"caption\":\"CRI e Diario de Pernambuco\"},\"image\":{\"@id\":\"https:\\\/\\\/diariodepe.com.br\\\/cri\\\/#\\\/schema\\\/logo\\\/image\\\/\"}},{\"@type\":\"Person\",\"@id\":\"https:\\\/\\\/diariodepe.com.br\\\/cri\\\/#\\\/schema\\\/person\\\/121bb28d84f1a5b1205ef4ce9c2e0c6b\",\"name\":\"Ismael Lucas S. Pereira\",\"image\":{\"@type\":\"ImageObject\",\"inLanguage\":\"pt-BR\",\"@id\":\"https:\\\/\\\/secure.gravatar.com\\\/avatar\\\/887a0f3b5a7ceea963a48499fb883ffce6b5037362def025c52c2505b15d63e4?s=96&d=mm&r=g\",\"url\":\"https:\\\/\\\/secure.gravatar.com\\\/avatar\\\/887a0f3b5a7ceea963a48499fb883ffce6b5037362def025c52c2505b15d63e4?s=96&d=mm&r=g\",\"contentUrl\":\"https:\\\/\\\/secure.gravatar.com\\\/avatar\\\/887a0f3b5a7ceea963a48499fb883ffce6b5037362def025c52c2505b15d63e4?s=96&d=mm&r=g\",\"caption\":\"Ismael Lucas S. Pereira\"},\"url\":\"https:\\\/\\\/diariodepe.com.br\\\/cri\\\/author\\\/ismael-lucas\\\/\"}]}<\/script>\n<!-- \/ Yoast SEO plugin. -->","yoast_head_json":{"title":"Ministro da Agricultura e Florestas de Angola v\u00ea China como parceiro irm\u00e3o no caminho de desenvolvimento. - CRI e Diario de Pernambuco","robots":{"index":"index","follow":"follow","max-snippet":"max-snippet:-1","max-image-preview":"max-image-preview:large","max-video-preview":"max-video-preview:-1"},"canonical":"https:\/\/diariodepe.com.br\/cri\/2024\/03\/18\/ministro-da-agricultura-e-florestas-de-angola-ve-china-como-parceiro-irmao-no-caminho-de-desenvolvimento\/","og_locale":"pt_BR","og_type":"article","og_title":"Ministro da Agricultura e Florestas de Angola v\u00ea China como parceiro irm\u00e3o no caminho de desenvolvimento. - CRI e Diario de Pernambuco","og_description":"\u00c0 beira do F\u00f3rum de Neg\u00f3cios Angola-China sobre petr\u00f3leo e g\u00e1s, recursos minerais e de agricultura, o ministro da Agricultura e Florestas de Angola, Ant\u00f3nio Francisco Lima de Assis, avalia bem positivamente as coopera\u00e7\u00f5es bilaterais com a China, descrevendo o...","og_url":"https:\/\/diariodepe.com.br\/cri\/2024\/03\/18\/ministro-da-agricultura-e-florestas-de-angola-ve-china-como-parceiro-irmao-no-caminho-de-desenvolvimento\/","og_site_name":"CRI e Diario de Pernambuco","article_published_time":"2024-03-18T04:50:40+00:00","author":"Ismael Lucas S. Pereira","twitter_card":"summary_large_image","twitter_misc":{"Escrito por":"Ismael Lucas S. Pereira","Est. tempo de leitura":"1 minuto"},"schema":{"@context":"https:\/\/schema.org","@graph":[{"@type":"Article","@id":"https:\/\/diariodepe.com.br\/cri\/2024\/03\/18\/ministro-da-agricultura-e-florestas-de-angola-ve-china-como-parceiro-irmao-no-caminho-de-desenvolvimento\/#article","isPartOf":{"@id":"https:\/\/diariodepe.com.br\/cri\/2024\/03\/18\/ministro-da-agricultura-e-florestas-de-angola-ve-china-como-parceiro-irmao-no-caminho-de-desenvolvimento\/"},"author":{"name":"Ismael Lucas S. Pereira","@id":"https:\/\/diariodepe.com.br\/cri\/#\/schema\/person\/121bb28d84f1a5b1205ef4ce9c2e0c6b"},"headline":"Ministro da Agricultura e Florestas de Angola v\u00ea China como parceiro irm\u00e3o no caminho de desenvolvimento.","datePublished":"2024-03-18T04:50:40+00:00","mainEntityOfPage":{"@id":"https:\/\/diariodepe.com.br\/cri\/2024\/03\/18\/ministro-da-agricultura-e-florestas-de-angola-ve-china-como-parceiro-irmao-no-caminho-de-desenvolvimento\/"},"wordCount":111,"commentCount":0,"publisher":{"@id":"https:\/\/diariodepe.com.br\/cri\/#organization"},"articleSection":["Destaques Capa","V\u00eddeos"],"inLanguage":"pt-BR","potentialAction":[{"@type":"CommentAction","name":"Comment","target":["https:\/\/diariodepe.com.br\/cri\/2024\/03\/18\/ministro-da-agricultura-e-florestas-de-angola-ve-china-como-parceiro-irmao-no-caminho-de-desenvolvimento\/#respond"]}]},{"@type":"WebPage","@id":"https:\/\/diariodepe.com.br\/cri\/2024\/03\/18\/ministro-da-agricultura-e-florestas-de-angola-ve-china-como-parceiro-irmao-no-caminho-de-desenvolvimento\/","url":"https:\/\/diariodepe.com.br\/cri\/2024\/03\/18\/ministro-da-agricultura-e-florestas-de-angola-ve-china-como-parceiro-irmao-no-caminho-de-desenvolvimento\/","name":"Ministro da Agricultura e Florestas de Angola v\u00ea China como parceiro irm\u00e3o no caminho de desenvolvimento. - CRI e Diario de Pernambuco","isPartOf":{"@id":"https:\/\/diariodepe.com.br\/cri\/#website"},"datePublished":"2024-03-18T04:50:40+00:00","breadcrumb":{"@id":"https:\/\/diariodepe.com.br\/cri\/2024\/03\/18\/ministro-da-agricultura-e-florestas-de-angola-ve-china-como-parceiro-irmao-no-caminho-de-desenvolvimento\/#breadcrumb"},"inLanguage":"pt-BR","potentialAction":[{"@type":"ReadAction","target":["https:\/\/diariodepe.com.br\/cri\/2024\/03\/18\/ministro-da-agricultura-e-florestas-de-angola-ve-china-como-parceiro-irmao-no-caminho-de-desenvolvimento\/"]}]},{"@type":"BreadcrumbList","@id":"https:\/\/diariodepe.com.br\/cri\/2024\/03\/18\/ministro-da-agricultura-e-florestas-de-angola-ve-china-como-parceiro-irmao-no-caminho-de-desenvolvimento\/#breadcrumb","itemListElement":[{"@type":"ListItem","position":1,"name":"In\u00edcio","item":"https:\/\/diariodepe.com.br\/cri\/"},{"@type":"ListItem","position":2,"name":"Ministro da Agricultura e Florestas de Angola v\u00ea China como parceiro irm\u00e3o no caminho de desenvolvimento."}]},{"@type":"WebSite","@id":"https:\/\/diariodepe.com.br\/cri\/#website","url":"https:\/\/diariodepe.com.br\/cri\/","name":"CRI e Diario de Pernambuco","description":"R\u00e1dio Internacional da China","publisher":{"@id":"https:\/\/diariodepe.com.br\/cri\/#organization"},"potentialAction":[{"@type":"SearchAction","target":{"@type":"EntryPoint","urlTemplate":"https:\/\/diariodepe.com.br\/cri\/?s={search_term_string}"},"query-input":{"@type":"PropertyValueSpecification","valueRequired":true,"valueName":"search_term_string"}}],"inLanguage":"pt-BR"},{"@type":"Organization","@id":"https:\/\/diariodepe.com.br\/cri\/#organization","name":"CRI e Diario de Pernambuco","url":"https:\/\/diariodepe.com.br\/cri\/","logo":{"@type":"ImageObject","inLanguage":"pt-BR","@id":"https:\/\/diariodepe.com.br\/cri\/#\/schema\/logo\/image\/","url":"https:\/\/diariodepe.com.br\/cri\/wp-content\/uploads\/sites\/2\/2022\/12\/cropped-Logo.jpg","contentUrl":"https:\/\/diariodepe.com.br\/cri\/wp-content\/uploads\/sites\/2\/2022\/12\/cropped-Logo.jpg","width":700,"height":59,"caption":"CRI e Diario de Pernambuco"},"image":{"@id":"https:\/\/diariodepe.com.br\/cri\/#\/schema\/logo\/image\/"}},{"@type":"Person","@id":"https:\/\/diariodepe.com.br\/cri\/#\/schema\/person\/121bb28d84f1a5b1205ef4ce9c2e0c6b","name":"Ismael Lucas S. Pereira","image":{"@type":"ImageObject","inLanguage":"pt-BR","@id":"https:\/\/secure.gravatar.com\/avatar\/887a0f3b5a7ceea963a48499fb883ffce6b5037362def025c52c2505b15d63e4?s=96&d=mm&r=g","url":"https:\/\/secure.gravatar.com\/avatar\/887a0f3b5a7ceea963a48499fb883ffce6b5037362def025c52c2505b15d63e4?s=96&d=mm&r=g","contentUrl":"https:\/\/secure.gravatar.com\/avatar\/887a0f3b5a7ceea963a48499fb883ffce6b5037362def025c52c2505b15d63e4?s=96&d=mm&r=g","caption":"Ismael Lucas S. Pereira"},"url":"https:\/\/diariodepe.com.br\/cri\/author\/ismael-lucas\/"}]}},"cc_featured_image_caption":{"caption_text":false,"source_text":false,"source_url":false},"amp_enabled":true,"_links":{"self":[{"href":"https:\/\/diariodepe.com.br\/cri\/wp-json\/wp\/v2\/posts\/4720","targetHints":{"allow":["GET"]}}],"collection":[{"href":"https:\/\/diariodepe.com.br\/cri\/wp-json\/wp\/v2\/posts"}],"about":[{"href":"https:\/\/diariodepe.com.br\/cri\/wp-json\/wp\/v2\/types\/post"}],"author":[{"embeddable":true,"href":"https:\/\/diariodepe.com.br\/cri\/wp-json\/wp\/v2\/users\/2"}],"replies":[{"embeddable":true,"href":"https:\/\/diariodepe.com.br\/cri\/wp-json\/wp\/v2\/comments?post=4720"}],"version-history":[{"count":1,"href":"https:\/\/diariodepe.com.br\/cri\/wp-json\/wp\/v2\/posts\/4720\/revisions"}],"predecessor-version":[{"id":4721,"href":"https:\/\/diariodepe.com.br\/cri\/wp-json\/wp\/v2\/posts\/4720\/revisions\/4721"}],"wp:attachment":[{"href":"https:\/\/diariodepe.com.br\/cri\/wp-json\/wp\/v2\/media?parent=4720"}],"wp:term":[{"taxonomy":"category","embeddable":true,"href":"https:\/\/diariodepe.com.br\/cri\/wp-json\/wp\/v2\/categories?post=4720"},{"taxonomy":"post_tag","embeddable":true,"href":"https:\/\/diariodepe.com.br\/cri\/wp-json\/wp\/v2\/tags?post=4720"}],"curies":[{"name":"wp","href":"https:\/\/api.w.org\/{rel}","templated":true}]}}