{"id":4704,"date":"2024-03-14T23:48:19","date_gmt":"2024-03-15T02:48:19","guid":{"rendered":"https:\/\/diariodepe.com.br\/cri\/?p=4704"},"modified":"2024-03-14T23:48:19","modified_gmt":"2024-03-15T02:48:19","slug":"correspondente-da-cnn-estava-a-bordo-de-uma-embarcacao-da-guarda-costeira-filipina","status":"publish","type":"post","link":"https:\/\/diariodepe.com.br\/cri\/2024\/03\/14\/correspondente-da-cnn-estava-a-bordo-de-uma-embarcacao-da-guarda-costeira-filipina\/","title":{"rendered":"Correspondente da CNN estava a bordo de uma embarca\u00e7\u00e3o da Guarda Costeira Filipina"},"content":{"rendered":"<p>Em 5 de mar\u00e7o, as Filipinas quebraram sua promessa e duas embarca\u00e7\u00f5es da Guarda Costeira e duas embarca\u00e7\u00f5es de reabastecimento invadiram as \u00e1guas pr\u00f3ximas ao recife Ren&#8217;ai das Ilhas Nansha, em uma tentativa de reabastecer o navio de guerra encalhado ilegalmente no local. Na ocasi\u00e3o, uma embarca\u00e7\u00e3o da Guarda Costeira Filipina bateu deliberadamente em uma embarca\u00e7\u00e3o da Guarda Costeira da China que realizava normalmente suas tarefas de aplica\u00e7\u00e3o da lei, ignorando repetidos avisos. \u00c9 importante observar que havia um correspondente da CNN escondido no navio filipino.<\/p>\n<p>No dia seguinte, a CNN n\u00e3o apenas publicou uma imagem e afirmou que seu correspondente testemunhou o &#8220;confronto em grande escala&#8221; entre a China e as Filipinas, como tamb\u00e9m divulgou uma reportagem especial ilustrando o que o jornalista havia vivenciado quando estava na embarca\u00e7\u00e3o filipina, em desvantagem num\u00e9rica cercada pela China.<\/p>\n<p>As publica\u00e7\u00f5es foram compartilhadas v\u00e1rias vezes nas redes sociais no exterior. Quanto ao encaminhamento, o autor descobriu, ao aplicar algoritmos de detec\u00e7\u00e3o, que havia 62 contas suspeitas de serem administradas por rob\u00f4s.<\/p>\n<p>\u00c9 \u00f3bvio que se trata de uma propaganda bem planejada.<\/p>\n<p>As Filipinas t\u00eam se tornado cada vez mais h\u00e1beis em &#8220;pescar tristezas&#8221; por meios cada vez mais abundantes, desde a alega\u00e7\u00e3o de que foram &#8220;intimidadas&#8221; pela China at\u00e9 a publica\u00e7\u00e3o de algumas imagens deliberadamente editadas e, em seguida, a mobiliza\u00e7\u00e3o de seu &#8220;parceiro externo&#8221;, a CNN, e at\u00e9 mesmo o emprego de rob\u00f4s em redes sociais.<\/p>\n<p>O correspondente da CNN Ivan Watson, que tem um hist\u00f3rico de &#8220;gl\u00f3ria&#8221;, foi chamado de &#8220;agente&#8221; por autoridades turcas quando estava na Turquia. Em 2014, ele foi transferido para Hong Kong, na China, e expressou seu apoio aos &#8220;ativistas&#8221; presos quando relatou o movimento ilegal &#8220;Occupy Central&#8221; em Hong Kong.<\/p>\n<p>A reportagem da CNN tamb\u00e9m foi veiculada pela m\u00eddia local nas Filipinas, incluindo Rappler, Vera Files, SALNs e outras m\u00eddias estabelecidas em nome da &#8220;verifica\u00e7\u00e3o de fatos independentes&#8221; e o assunto levantou discuss\u00f5es acaloradas.<\/p>\n<p>No entanto, algumas pesquisas revelam que essas m\u00eddias &#8220;independentes&#8221; s\u00e3o apoiadas financeiramente pela Funda\u00e7\u00e3o Americana e pela Ag\u00eancia Central de Intelig\u00eancia dos Estados Unidos. Essa estrutura viola completamente as cl\u00e1usulas constitucionais das Filipinas que pro\u00edbem que pa\u00edses estrangeiros controlem ou possuam uma m\u00eddia no pa\u00eds.<\/p>\n<p>A Bolsa de Valores das Filipinas descobriu, por exemplo, que o Rappler \u00e9 financiado pela Omidyar Network, uma empresa de investimentos beneficente dos Estados Unidos.<\/p>\n<p>O fundador do Vera Files \u00e9 um membro anunciado do Conselho de Administra\u00e7\u00e3o da Poynter International Fact-Checking Organization, uma organiza\u00e7\u00e3o sem fins lucrativos dos EUA.<\/p>\n<p>Tanto a Omidyar Network quanto a Poynter International Fact-Checking Organization est\u00e3o intimamente relacionadas ao Centro de Engajamento Global do Departamento de Estado dos EUA.<\/p>\n<p>As informa\u00e7\u00f5es no site oficial do governo federal dos EUA, que exibe para onde fluem suas doa\u00e7\u00f5es, mostram que o estudo das atividades da China nas Filipinas \u00e9 exatamente um dos programas apoiados pelo Centro de Engajamento Global.<\/p>\n<p>A hist\u00f3ria j\u00e1 demonstrou muitas vezes o que acontece com a &#8220;vanguarda&#8221; que implementa as estrat\u00e9gias dos EUA, que ser\u00e1 realmente miser\u00e1vel.<\/p>\n","protected":false},"excerpt":{"rendered":"<p>Em 5 de mar\u00e7o, as Filipinas quebraram sua promessa e duas embarca\u00e7\u00f5es da Guarda Costeira e duas embarca\u00e7\u00f5es de reabastecimento invadiram as \u00e1guas pr\u00f3ximas ao recife Ren&#8217;ai das Ilhas Nansha, em uma tentativa de reabastecer o navio de guerra encalhado&#8230;<\/p>\n","protected":false},"author":2,"featured_media":4705,"comment_status":"open","ping_status":"open","sticky":false,"template":"","format":"standard","meta":{"footnotes":""},"categories":[7],"tags":[],"class_list":["post-4704","post","type-post","status-publish","format-standard","has-post-thumbnail","hentry","category-visao"],"yoast_head":"<!-- This site is optimized with the Yoast SEO plugin v27.4 - https:\/\/yoast.com\/product\/yoast-seo-wordpress\/ -->\n<title>Correspondente da CNN estava a bordo de uma embarca\u00e7\u00e3o da Guarda Costeira Filipina - CRI e Diario de Pernambuco<\/title>\n<meta name=\"robots\" content=\"index, follow, max-snippet:-1, max-image-preview:large, max-video-preview:-1\" \/>\n<link rel=\"canonical\" href=\"https:\/\/diariodepe.com.br\/cri\/2024\/03\/14\/correspondente-da-cnn-estava-a-bordo-de-uma-embarcacao-da-guarda-costeira-filipina\/\" \/>\n<meta property=\"og:locale\" content=\"pt_BR\" \/>\n<meta property=\"og:type\" content=\"article\" \/>\n<meta property=\"og:title\" content=\"Correspondente da CNN estava a bordo de uma embarca\u00e7\u00e3o da Guarda Costeira Filipina - CRI e Diario de Pernambuco\" \/>\n<meta property=\"og:description\" content=\"Em 5 de mar\u00e7o, as Filipinas quebraram sua promessa e duas embarca\u00e7\u00f5es da Guarda Costeira e duas embarca\u00e7\u00f5es de reabastecimento invadiram as \u00e1guas pr\u00f3ximas ao recife Ren&#8217;ai das Ilhas Nansha, em uma tentativa de reabastecer o navio de guerra encalhado...\" \/>\n<meta property=\"og:url\" content=\"https:\/\/diariodepe.com.br\/cri\/2024\/03\/14\/correspondente-da-cnn-estava-a-bordo-de-uma-embarcacao-da-guarda-costeira-filipina\/\" \/>\n<meta property=\"og:site_name\" content=\"CRI e Diario de Pernambuco\" \/>\n<meta property=\"article:published_time\" content=\"2024-03-15T02:48:19+00:00\" \/>\n<meta property=\"og:image\" content=\"https:\/\/diariodepe.com.br\/cri\/wp-content\/uploads\/sites\/2\/2024\/03\/2024031216062292136.jpeg\" \/>\n\t<meta property=\"og:image:width\" content=\"1080\" \/>\n\t<meta property=\"og:image:height\" content=\"572\" \/>\n\t<meta property=\"og:image:type\" content=\"image\/jpeg\" \/>\n<meta name=\"author\" content=\"Ismael Lucas S. Pereira\" \/>\n<meta name=\"twitter:card\" content=\"summary_large_image\" \/>\n<meta name=\"twitter:label1\" content=\"Escrito por\" \/>\n\t<meta name=\"twitter:data1\" content=\"Ismael Lucas S. Pereira\" \/>\n\t<meta name=\"twitter:label2\" content=\"Est. tempo de leitura\" \/>\n\t<meta name=\"twitter:data2\" content=\"3 minutos\" \/>\n<script type=\"application\/ld+json\" class=\"yoast-schema-graph\">{\"@context\":\"https:\\\/\\\/schema.org\",\"@graph\":[{\"@type\":\"Article\",\"@id\":\"https:\\\/\\\/diariodepe.com.br\\\/cri\\\/2024\\\/03\\\/14\\\/correspondente-da-cnn-estava-a-bordo-de-uma-embarcacao-da-guarda-costeira-filipina\\\/#article\",\"isPartOf\":{\"@id\":\"https:\\\/\\\/diariodepe.com.br\\\/cri\\\/2024\\\/03\\\/14\\\/correspondente-da-cnn-estava-a-bordo-de-uma-embarcacao-da-guarda-costeira-filipina\\\/\"},\"author\":{\"name\":\"Ismael Lucas S. Pereira\",\"@id\":\"https:\\\/\\\/diariodepe.com.br\\\/cri\\\/#\\\/schema\\\/person\\\/121bb28d84f1a5b1205ef4ce9c2e0c6b\"},\"headline\":\"Correspondente da CNN estava a bordo de uma embarca\u00e7\u00e3o da Guarda Costeira Filipina\",\"datePublished\":\"2024-03-15T02:48:19+00:00\",\"mainEntityOfPage\":{\"@id\":\"https:\\\/\\\/diariodepe.com.br\\\/cri\\\/2024\\\/03\\\/14\\\/correspondente-da-cnn-estava-a-bordo-de-uma-embarcacao-da-guarda-costeira-filipina\\\/\"},\"wordCount\":552,\"commentCount\":0,\"publisher\":{\"@id\":\"https:\\\/\\\/diariodepe.com.br\\\/cri\\\/#organization\"},\"image\":{\"@id\":\"https:\\\/\\\/diariodepe.com.br\\\/cri\\\/2024\\\/03\\\/14\\\/correspondente-da-cnn-estava-a-bordo-de-uma-embarcacao-da-guarda-costeira-filipina\\\/#primaryimage\"},\"thumbnailUrl\":\"https:\\\/\\\/diariodepe.com.br\\\/cri\\\/wp-content\\\/uploads\\\/sites\\\/2\\\/2024\\\/03\\\/2024031216062292136.jpeg\",\"articleSection\":[\"Vis\u00e3o\"],\"inLanguage\":\"pt-BR\",\"potentialAction\":[{\"@type\":\"CommentAction\",\"name\":\"Comment\",\"target\":[\"https:\\\/\\\/diariodepe.com.br\\\/cri\\\/2024\\\/03\\\/14\\\/correspondente-da-cnn-estava-a-bordo-de-uma-embarcacao-da-guarda-costeira-filipina\\\/#respond\"]}]},{\"@type\":\"WebPage\",\"@id\":\"https:\\\/\\\/diariodepe.com.br\\\/cri\\\/2024\\\/03\\\/14\\\/correspondente-da-cnn-estava-a-bordo-de-uma-embarcacao-da-guarda-costeira-filipina\\\/\",\"url\":\"https:\\\/\\\/diariodepe.com.br\\\/cri\\\/2024\\\/03\\\/14\\\/correspondente-da-cnn-estava-a-bordo-de-uma-embarcacao-da-guarda-costeira-filipina\\\/\",\"name\":\"Correspondente da CNN estava a bordo de uma embarca\u00e7\u00e3o da Guarda Costeira Filipina - CRI e Diario de Pernambuco\",\"isPartOf\":{\"@id\":\"https:\\\/\\\/diariodepe.com.br\\\/cri\\\/#website\"},\"primaryImageOfPage\":{\"@id\":\"https:\\\/\\\/diariodepe.com.br\\\/cri\\\/2024\\\/03\\\/14\\\/correspondente-da-cnn-estava-a-bordo-de-uma-embarcacao-da-guarda-costeira-filipina\\\/#primaryimage\"},\"image\":{\"@id\":\"https:\\\/\\\/diariodepe.com.br\\\/cri\\\/2024\\\/03\\\/14\\\/correspondente-da-cnn-estava-a-bordo-de-uma-embarcacao-da-guarda-costeira-filipina\\\/#primaryimage\"},\"thumbnailUrl\":\"https:\\\/\\\/diariodepe.com.br\\\/cri\\\/wp-content\\\/uploads\\\/sites\\\/2\\\/2024\\\/03\\\/2024031216062292136.jpeg\",\"datePublished\":\"2024-03-15T02:48:19+00:00\",\"breadcrumb\":{\"@id\":\"https:\\\/\\\/diariodepe.com.br\\\/cri\\\/2024\\\/03\\\/14\\\/correspondente-da-cnn-estava-a-bordo-de-uma-embarcacao-da-guarda-costeira-filipina\\\/#breadcrumb\"},\"inLanguage\":\"pt-BR\",\"potentialAction\":[{\"@type\":\"ReadAction\",\"target\":[\"https:\\\/\\\/diariodepe.com.br\\\/cri\\\/2024\\\/03\\\/14\\\/correspondente-da-cnn-estava-a-bordo-de-uma-embarcacao-da-guarda-costeira-filipina\\\/\"]}]},{\"@type\":\"ImageObject\",\"inLanguage\":\"pt-BR\",\"@id\":\"https:\\\/\\\/diariodepe.com.br\\\/cri\\\/2024\\\/03\\\/14\\\/correspondente-da-cnn-estava-a-bordo-de-uma-embarcacao-da-guarda-costeira-filipina\\\/#primaryimage\",\"url\":\"https:\\\/\\\/diariodepe.com.br\\\/cri\\\/wp-content\\\/uploads\\\/sites\\\/2\\\/2024\\\/03\\\/2024031216062292136.jpeg\",\"contentUrl\":\"https:\\\/\\\/diariodepe.com.br\\\/cri\\\/wp-content\\\/uploads\\\/sites\\\/2\\\/2024\\\/03\\\/2024031216062292136.jpeg\",\"width\":1080,\"height\":572},{\"@type\":\"BreadcrumbList\",\"@id\":\"https:\\\/\\\/diariodepe.com.br\\\/cri\\\/2024\\\/03\\\/14\\\/correspondente-da-cnn-estava-a-bordo-de-uma-embarcacao-da-guarda-costeira-filipina\\\/#breadcrumb\",\"itemListElement\":[{\"@type\":\"ListItem\",\"position\":1,\"name\":\"In\u00edcio\",\"item\":\"https:\\\/\\\/diariodepe.com.br\\\/cri\\\/\"},{\"@type\":\"ListItem\",\"position\":2,\"name\":\"Correspondente da CNN estava a bordo de uma embarca\u00e7\u00e3o da Guarda Costeira Filipina\"}]},{\"@type\":\"WebSite\",\"@id\":\"https:\\\/\\\/diariodepe.com.br\\\/cri\\\/#website\",\"url\":\"https:\\\/\\\/diariodepe.com.br\\\/cri\\\/\",\"name\":\"CRI e Diario de Pernambuco\",\"description\":\"R\u00e1dio Internacional da China\",\"publisher\":{\"@id\":\"https:\\\/\\\/diariodepe.com.br\\\/cri\\\/#organization\"},\"potentialAction\":[{\"@type\":\"SearchAction\",\"target\":{\"@type\":\"EntryPoint\",\"urlTemplate\":\"https:\\\/\\\/diariodepe.com.br\\\/cri\\\/?s={search_term_string}\"},\"query-input\":{\"@type\":\"PropertyValueSpecification\",\"valueRequired\":true,\"valueName\":\"search_term_string\"}}],\"inLanguage\":\"pt-BR\"},{\"@type\":\"Organization\",\"@id\":\"https:\\\/\\\/diariodepe.com.br\\\/cri\\\/#organization\",\"name\":\"CRI e Diario de Pernambuco\",\"url\":\"https:\\\/\\\/diariodepe.com.br\\\/cri\\\/\",\"logo\":{\"@type\":\"ImageObject\",\"inLanguage\":\"pt-BR\",\"@id\":\"https:\\\/\\\/diariodepe.com.br\\\/cri\\\/#\\\/schema\\\/logo\\\/image\\\/\",\"url\":\"https:\\\/\\\/diariodepe.com.br\\\/cri\\\/wp-content\\\/uploads\\\/sites\\\/2\\\/2022\\\/12\\\/cropped-Logo.jpg\",\"contentUrl\":\"https:\\\/\\\/diariodepe.com.br\\\/cri\\\/wp-content\\\/uploads\\\/sites\\\/2\\\/2022\\\/12\\\/cropped-Logo.jpg\",\"width\":700,\"height\":59,\"caption\":\"CRI e Diario de Pernambuco\"},\"image\":{\"@id\":\"https:\\\/\\\/diariodepe.com.br\\\/cri\\\/#\\\/schema\\\/logo\\\/image\\\/\"}},{\"@type\":\"Person\",\"@id\":\"https:\\\/\\\/diariodepe.com.br\\\/cri\\\/#\\\/schema\\\/person\\\/121bb28d84f1a5b1205ef4ce9c2e0c6b\",\"name\":\"Ismael Lucas S. Pereira\",\"image\":{\"@type\":\"ImageObject\",\"inLanguage\":\"pt-BR\",\"@id\":\"https:\\\/\\\/secure.gravatar.com\\\/avatar\\\/887a0f3b5a7ceea963a48499fb883ffce6b5037362def025c52c2505b15d63e4?s=96&d=mm&r=g\",\"url\":\"https:\\\/\\\/secure.gravatar.com\\\/avatar\\\/887a0f3b5a7ceea963a48499fb883ffce6b5037362def025c52c2505b15d63e4?s=96&d=mm&r=g\",\"contentUrl\":\"https:\\\/\\\/secure.gravatar.com\\\/avatar\\\/887a0f3b5a7ceea963a48499fb883ffce6b5037362def025c52c2505b15d63e4?s=96&d=mm&r=g\",\"caption\":\"Ismael Lucas S. Pereira\"},\"url\":\"https:\\\/\\\/diariodepe.com.br\\\/cri\\\/author\\\/ismael-lucas\\\/\"}]}<\/script>\n<!-- \/ Yoast SEO plugin. -->","yoast_head_json":{"title":"Correspondente da CNN estava a bordo de uma embarca\u00e7\u00e3o da Guarda Costeira Filipina - CRI e Diario de Pernambuco","robots":{"index":"index","follow":"follow","max-snippet":"max-snippet:-1","max-image-preview":"max-image-preview:large","max-video-preview":"max-video-preview:-1"},"canonical":"https:\/\/diariodepe.com.br\/cri\/2024\/03\/14\/correspondente-da-cnn-estava-a-bordo-de-uma-embarcacao-da-guarda-costeira-filipina\/","og_locale":"pt_BR","og_type":"article","og_title":"Correspondente da CNN estava a bordo de uma embarca\u00e7\u00e3o da Guarda Costeira Filipina - CRI e Diario de Pernambuco","og_description":"Em 5 de mar\u00e7o, as Filipinas quebraram sua promessa e duas embarca\u00e7\u00f5es da Guarda Costeira e duas embarca\u00e7\u00f5es de reabastecimento invadiram as \u00e1guas pr\u00f3ximas ao recife Ren&#8217;ai das Ilhas Nansha, em uma tentativa de reabastecer o navio de guerra encalhado...","og_url":"https:\/\/diariodepe.com.br\/cri\/2024\/03\/14\/correspondente-da-cnn-estava-a-bordo-de-uma-embarcacao-da-guarda-costeira-filipina\/","og_site_name":"CRI e Diario de Pernambuco","article_published_time":"2024-03-15T02:48:19+00:00","og_image":[{"width":1080,"height":572,"url":"https:\/\/diariodepe.com.br\/cri\/wp-content\/uploads\/sites\/2\/2024\/03\/2024031216062292136.jpeg","type":"image\/jpeg"}],"author":"Ismael Lucas S. Pereira","twitter_card":"summary_large_image","twitter_misc":{"Escrito por":"Ismael Lucas S. Pereira","Est. tempo de leitura":"3 minutos"},"schema":{"@context":"https:\/\/schema.org","@graph":[{"@type":"Article","@id":"https:\/\/diariodepe.com.br\/cri\/2024\/03\/14\/correspondente-da-cnn-estava-a-bordo-de-uma-embarcacao-da-guarda-costeira-filipina\/#article","isPartOf":{"@id":"https:\/\/diariodepe.com.br\/cri\/2024\/03\/14\/correspondente-da-cnn-estava-a-bordo-de-uma-embarcacao-da-guarda-costeira-filipina\/"},"author":{"name":"Ismael Lucas S. Pereira","@id":"https:\/\/diariodepe.com.br\/cri\/#\/schema\/person\/121bb28d84f1a5b1205ef4ce9c2e0c6b"},"headline":"Correspondente da CNN estava a bordo de uma embarca\u00e7\u00e3o da Guarda Costeira Filipina","datePublished":"2024-03-15T02:48:19+00:00","mainEntityOfPage":{"@id":"https:\/\/diariodepe.com.br\/cri\/2024\/03\/14\/correspondente-da-cnn-estava-a-bordo-de-uma-embarcacao-da-guarda-costeira-filipina\/"},"wordCount":552,"commentCount":0,"publisher":{"@id":"https:\/\/diariodepe.com.br\/cri\/#organization"},"image":{"@id":"https:\/\/diariodepe.com.br\/cri\/2024\/03\/14\/correspondente-da-cnn-estava-a-bordo-de-uma-embarcacao-da-guarda-costeira-filipina\/#primaryimage"},"thumbnailUrl":"https:\/\/diariodepe.com.br\/cri\/wp-content\/uploads\/sites\/2\/2024\/03\/2024031216062292136.jpeg","articleSection":["Vis\u00e3o"],"inLanguage":"pt-BR","potentialAction":[{"@type":"CommentAction","name":"Comment","target":["https:\/\/diariodepe.com.br\/cri\/2024\/03\/14\/correspondente-da-cnn-estava-a-bordo-de-uma-embarcacao-da-guarda-costeira-filipina\/#respond"]}]},{"@type":"WebPage","@id":"https:\/\/diariodepe.com.br\/cri\/2024\/03\/14\/correspondente-da-cnn-estava-a-bordo-de-uma-embarcacao-da-guarda-costeira-filipina\/","url":"https:\/\/diariodepe.com.br\/cri\/2024\/03\/14\/correspondente-da-cnn-estava-a-bordo-de-uma-embarcacao-da-guarda-costeira-filipina\/","name":"Correspondente da CNN estava a bordo de uma embarca\u00e7\u00e3o da Guarda Costeira Filipina - CRI e Diario de Pernambuco","isPartOf":{"@id":"https:\/\/diariodepe.com.br\/cri\/#website"},"primaryImageOfPage":{"@id":"https:\/\/diariodepe.com.br\/cri\/2024\/03\/14\/correspondente-da-cnn-estava-a-bordo-de-uma-embarcacao-da-guarda-costeira-filipina\/#primaryimage"},"image":{"@id":"https:\/\/diariodepe.com.br\/cri\/2024\/03\/14\/correspondente-da-cnn-estava-a-bordo-de-uma-embarcacao-da-guarda-costeira-filipina\/#primaryimage"},"thumbnailUrl":"https:\/\/diariodepe.com.br\/cri\/wp-content\/uploads\/sites\/2\/2024\/03\/2024031216062292136.jpeg","datePublished":"2024-03-15T02:48:19+00:00","breadcrumb":{"@id":"https:\/\/diariodepe.com.br\/cri\/2024\/03\/14\/correspondente-da-cnn-estava-a-bordo-de-uma-embarcacao-da-guarda-costeira-filipina\/#breadcrumb"},"inLanguage":"pt-BR","potentialAction":[{"@type":"ReadAction","target":["https:\/\/diariodepe.com.br\/cri\/2024\/03\/14\/correspondente-da-cnn-estava-a-bordo-de-uma-embarcacao-da-guarda-costeira-filipina\/"]}]},{"@type":"ImageObject","inLanguage":"pt-BR","@id":"https:\/\/diariodepe.com.br\/cri\/2024\/03\/14\/correspondente-da-cnn-estava-a-bordo-de-uma-embarcacao-da-guarda-costeira-filipina\/#primaryimage","url":"https:\/\/diariodepe.com.br\/cri\/wp-content\/uploads\/sites\/2\/2024\/03\/2024031216062292136.jpeg","contentUrl":"https:\/\/diariodepe.com.br\/cri\/wp-content\/uploads\/sites\/2\/2024\/03\/2024031216062292136.jpeg","width":1080,"height":572},{"@type":"BreadcrumbList","@id":"https:\/\/diariodepe.com.br\/cri\/2024\/03\/14\/correspondente-da-cnn-estava-a-bordo-de-uma-embarcacao-da-guarda-costeira-filipina\/#breadcrumb","itemListElement":[{"@type":"ListItem","position":1,"name":"In\u00edcio","item":"https:\/\/diariodepe.com.br\/cri\/"},{"@type":"ListItem","position":2,"name":"Correspondente da CNN estava a bordo de uma embarca\u00e7\u00e3o da Guarda Costeira Filipina"}]},{"@type":"WebSite","@id":"https:\/\/diariodepe.com.br\/cri\/#website","url":"https:\/\/diariodepe.com.br\/cri\/","name":"CRI e Diario de Pernambuco","description":"R\u00e1dio Internacional da China","publisher":{"@id":"https:\/\/diariodepe.com.br\/cri\/#organization"},"potentialAction":[{"@type":"SearchAction","target":{"@type":"EntryPoint","urlTemplate":"https:\/\/diariodepe.com.br\/cri\/?s={search_term_string}"},"query-input":{"@type":"PropertyValueSpecification","valueRequired":true,"valueName":"search_term_string"}}],"inLanguage":"pt-BR"},{"@type":"Organization","@id":"https:\/\/diariodepe.com.br\/cri\/#organization","name":"CRI e Diario de Pernambuco","url":"https:\/\/diariodepe.com.br\/cri\/","logo":{"@type":"ImageObject","inLanguage":"pt-BR","@id":"https:\/\/diariodepe.com.br\/cri\/#\/schema\/logo\/image\/","url":"https:\/\/diariodepe.com.br\/cri\/wp-content\/uploads\/sites\/2\/2022\/12\/cropped-Logo.jpg","contentUrl":"https:\/\/diariodepe.com.br\/cri\/wp-content\/uploads\/sites\/2\/2022\/12\/cropped-Logo.jpg","width":700,"height":59,"caption":"CRI e Diario de Pernambuco"},"image":{"@id":"https:\/\/diariodepe.com.br\/cri\/#\/schema\/logo\/image\/"}},{"@type":"Person","@id":"https:\/\/diariodepe.com.br\/cri\/#\/schema\/person\/121bb28d84f1a5b1205ef4ce9c2e0c6b","name":"Ismael Lucas S. Pereira","image":{"@type":"ImageObject","inLanguage":"pt-BR","@id":"https:\/\/secure.gravatar.com\/avatar\/887a0f3b5a7ceea963a48499fb883ffce6b5037362def025c52c2505b15d63e4?s=96&d=mm&r=g","url":"https:\/\/secure.gravatar.com\/avatar\/887a0f3b5a7ceea963a48499fb883ffce6b5037362def025c52c2505b15d63e4?s=96&d=mm&r=g","contentUrl":"https:\/\/secure.gravatar.com\/avatar\/887a0f3b5a7ceea963a48499fb883ffce6b5037362def025c52c2505b15d63e4?s=96&d=mm&r=g","caption":"Ismael Lucas S. Pereira"},"url":"https:\/\/diariodepe.com.br\/cri\/author\/ismael-lucas\/"}]}},"cc_featured_image_caption":{"caption_text":false,"source_text":false,"source_url":false},"amp_enabled":true,"_links":{"self":[{"href":"https:\/\/diariodepe.com.br\/cri\/wp-json\/wp\/v2\/posts\/4704","targetHints":{"allow":["GET"]}}],"collection":[{"href":"https:\/\/diariodepe.com.br\/cri\/wp-json\/wp\/v2\/posts"}],"about":[{"href":"https:\/\/diariodepe.com.br\/cri\/wp-json\/wp\/v2\/types\/post"}],"author":[{"embeddable":true,"href":"https:\/\/diariodepe.com.br\/cri\/wp-json\/wp\/v2\/users\/2"}],"replies":[{"embeddable":true,"href":"https:\/\/diariodepe.com.br\/cri\/wp-json\/wp\/v2\/comments?post=4704"}],"version-history":[{"count":1,"href":"https:\/\/diariodepe.com.br\/cri\/wp-json\/wp\/v2\/posts\/4704\/revisions"}],"predecessor-version":[{"id":4706,"href":"https:\/\/diariodepe.com.br\/cri\/wp-json\/wp\/v2\/posts\/4704\/revisions\/4706"}],"wp:featuredmedia":[{"embeddable":true,"href":"https:\/\/diariodepe.com.br\/cri\/wp-json\/wp\/v2\/media\/4705"}],"wp:attachment":[{"href":"https:\/\/diariodepe.com.br\/cri\/wp-json\/wp\/v2\/media?parent=4704"}],"wp:term":[{"taxonomy":"category","embeddable":true,"href":"https:\/\/diariodepe.com.br\/cri\/wp-json\/wp\/v2\/categories?post=4704"},{"taxonomy":"post_tag","embeddable":true,"href":"https:\/\/diariodepe.com.br\/cri\/wp-json\/wp\/v2\/tags?post=4704"}],"curies":[{"name":"wp","href":"https:\/\/api.w.org\/{rel}","templated":true}]}}