{"id":4687,"date":"2024-03-11T23:19:57","date_gmt":"2024-03-12T02:19:57","guid":{"rendered":"https:\/\/diariodepe.com.br\/cri\/?p=4687"},"modified":"2024-03-11T23:19:57","modified_gmt":"2024-03-12T02:19:57","slug":"cmg-acrescenta-12-linguas-nas-transmissoes-ao-exterior","status":"publish","type":"post","link":"https:\/\/diariodepe.com.br\/cri\/2024\/03\/11\/cmg-acrescenta-12-linguas-nas-transmissoes-ao-exterior\/","title":{"rendered":"CMG acrescenta 12 l\u00ednguas nas transmiss\u00f5es ao exterior"},"content":{"rendered":"<p>A China Global Television Network (CGTN), do Grupo de M\u00eddia da China (CMG, na sigla em ingl\u00eas), acrescentou 12 l\u00ednguas estrangeiras nas suas transmiss\u00f5es ao exterior, aumentando o n\u00famero dos idiomas das emiss\u00f5es da emissora no ultramar para 80. O CMG j\u00e1 \u00e9 o ve\u00edculo de imprensa com o maior n\u00famero de l\u00ednguas do mundo.<\/p>\n<p>Os novos idiomas incluem cinco para a \u00c1frica, nomeadamente fulani, falado no oeste e centro da \u00c1frica; am\u00e1rico, falado na Eti\u00f3pia; malgaxe, falado em Madagascar; tswana, falado na \u00c1frica do Sul, Botsuana, Nam\u00edbia, Zimb\u00e1bue e outros pa\u00edses; shona, usado na Z\u00e2mbia e em Mo\u00e7ambique. Tamb\u00e9m h\u00e1 tr\u00eas novas l\u00ednguas para o Sudeste Asi\u00e1tico e o Sul da \u00c1sia, incluindo punjabi, falado na \u00cdndia e no Paquist\u00e3o; dhivehi, usado nas Maldivas, e tetum, do Timor Leste.<\/p>\n<p>O dialeto eg\u00edpcio foi ampliado para o Oriente M\u00e9dio, e o guarani, para a Am\u00e9rica Latina, falado no Paraguai, na Argentina e no Brasil. J\u00e1 para o Sul do Pac\u00edfico, s\u00e3o os idiomas fiji e samoano.<\/p>\n","protected":false},"excerpt":{"rendered":"<p>A China Global Television Network (CGTN), do Grupo de M\u00eddia da China (CMG, na sigla em ingl\u00eas), acrescentou 12 l\u00ednguas estrangeiras nas suas transmiss\u00f5es ao exterior, aumentando o n\u00famero dos idiomas das emiss\u00f5es da emissora no ultramar para 80. O&#8230;<\/p>\n","protected":false},"author":2,"featured_media":0,"comment_status":"open","ping_status":"open","sticky":false,"template":"","format":"standard","meta":{"footnotes":""},"categories":[3],"tags":[],"class_list":["post-4687","post","type-post","status-publish","format-standard","hentry","category-china"],"yoast_head":"<!-- This site is optimized with the Yoast SEO plugin v27.4 - https:\/\/yoast.com\/product\/yoast-seo-wordpress\/ -->\n<title>CMG acrescenta 12 l\u00ednguas nas transmiss\u00f5es ao exterior - CRI e Diario de Pernambuco<\/title>\n<meta name=\"robots\" content=\"index, follow, max-snippet:-1, max-image-preview:large, max-video-preview:-1\" \/>\n<link rel=\"canonical\" href=\"https:\/\/diariodepe.com.br\/cri\/2024\/03\/11\/cmg-acrescenta-12-linguas-nas-transmissoes-ao-exterior\/\" \/>\n<meta property=\"og:locale\" content=\"pt_BR\" \/>\n<meta property=\"og:type\" content=\"article\" \/>\n<meta property=\"og:title\" content=\"CMG acrescenta 12 l\u00ednguas nas transmiss\u00f5es ao exterior - CRI e Diario de Pernambuco\" \/>\n<meta property=\"og:description\" content=\"A China Global Television Network (CGTN), do Grupo de M\u00eddia da China (CMG, na sigla em ingl\u00eas), acrescentou 12 l\u00ednguas estrangeiras nas suas transmiss\u00f5es ao exterior, aumentando o n\u00famero dos idiomas das emiss\u00f5es da emissora no ultramar para 80. O...\" \/>\n<meta property=\"og:url\" content=\"https:\/\/diariodepe.com.br\/cri\/2024\/03\/11\/cmg-acrescenta-12-linguas-nas-transmissoes-ao-exterior\/\" \/>\n<meta property=\"og:site_name\" content=\"CRI e Diario de Pernambuco\" \/>\n<meta property=\"article:published_time\" content=\"2024-03-12T02:19:57+00:00\" \/>\n<meta name=\"author\" content=\"Ismael Lucas S. Pereira\" \/>\n<meta name=\"twitter:card\" content=\"summary_large_image\" \/>\n<meta name=\"twitter:label1\" content=\"Escrito por\" \/>\n\t<meta name=\"twitter:data1\" content=\"Ismael Lucas S. Pereira\" \/>\n<script type=\"application\/ld+json\" class=\"yoast-schema-graph\">{\"@context\":\"https:\\\/\\\/schema.org\",\"@graph\":[{\"@type\":\"Article\",\"@id\":\"https:\\\/\\\/diariodepe.com.br\\\/cri\\\/2024\\\/03\\\/11\\\/cmg-acrescenta-12-linguas-nas-transmissoes-ao-exterior\\\/#article\",\"isPartOf\":{\"@id\":\"https:\\\/\\\/diariodepe.com.br\\\/cri\\\/2024\\\/03\\\/11\\\/cmg-acrescenta-12-linguas-nas-transmissoes-ao-exterior\\\/\"},\"author\":{\"name\":\"Ismael Lucas S. Pereira\",\"@id\":\"https:\\\/\\\/diariodepe.com.br\\\/cri\\\/#\\\/schema\\\/person\\\/121bb28d84f1a5b1205ef4ce9c2e0c6b\"},\"headline\":\"CMG acrescenta 12 l\u00ednguas nas transmiss\u00f5es ao exterior\",\"datePublished\":\"2024-03-12T02:19:57+00:00\",\"mainEntityOfPage\":{\"@id\":\"https:\\\/\\\/diariodepe.com.br\\\/cri\\\/2024\\\/03\\\/11\\\/cmg-acrescenta-12-linguas-nas-transmissoes-ao-exterior\\\/\"},\"wordCount\":198,\"commentCount\":0,\"publisher\":{\"@id\":\"https:\\\/\\\/diariodepe.com.br\\\/cri\\\/#organization\"},\"articleSection\":[\"China\"],\"inLanguage\":\"pt-BR\",\"potentialAction\":[{\"@type\":\"CommentAction\",\"name\":\"Comment\",\"target\":[\"https:\\\/\\\/diariodepe.com.br\\\/cri\\\/2024\\\/03\\\/11\\\/cmg-acrescenta-12-linguas-nas-transmissoes-ao-exterior\\\/#respond\"]}]},{\"@type\":\"WebPage\",\"@id\":\"https:\\\/\\\/diariodepe.com.br\\\/cri\\\/2024\\\/03\\\/11\\\/cmg-acrescenta-12-linguas-nas-transmissoes-ao-exterior\\\/\",\"url\":\"https:\\\/\\\/diariodepe.com.br\\\/cri\\\/2024\\\/03\\\/11\\\/cmg-acrescenta-12-linguas-nas-transmissoes-ao-exterior\\\/\",\"name\":\"CMG acrescenta 12 l\u00ednguas nas transmiss\u00f5es ao exterior - CRI e Diario de Pernambuco\",\"isPartOf\":{\"@id\":\"https:\\\/\\\/diariodepe.com.br\\\/cri\\\/#website\"},\"datePublished\":\"2024-03-12T02:19:57+00:00\",\"breadcrumb\":{\"@id\":\"https:\\\/\\\/diariodepe.com.br\\\/cri\\\/2024\\\/03\\\/11\\\/cmg-acrescenta-12-linguas-nas-transmissoes-ao-exterior\\\/#breadcrumb\"},\"inLanguage\":\"pt-BR\",\"potentialAction\":[{\"@type\":\"ReadAction\",\"target\":[\"https:\\\/\\\/diariodepe.com.br\\\/cri\\\/2024\\\/03\\\/11\\\/cmg-acrescenta-12-linguas-nas-transmissoes-ao-exterior\\\/\"]}]},{\"@type\":\"BreadcrumbList\",\"@id\":\"https:\\\/\\\/diariodepe.com.br\\\/cri\\\/2024\\\/03\\\/11\\\/cmg-acrescenta-12-linguas-nas-transmissoes-ao-exterior\\\/#breadcrumb\",\"itemListElement\":[{\"@type\":\"ListItem\",\"position\":1,\"name\":\"In\u00edcio\",\"item\":\"https:\\\/\\\/diariodepe.com.br\\\/cri\\\/\"},{\"@type\":\"ListItem\",\"position\":2,\"name\":\"CMG acrescenta 12 l\u00ednguas nas transmiss\u00f5es ao exterior\"}]},{\"@type\":\"WebSite\",\"@id\":\"https:\\\/\\\/diariodepe.com.br\\\/cri\\\/#website\",\"url\":\"https:\\\/\\\/diariodepe.com.br\\\/cri\\\/\",\"name\":\"CRI e Diario de Pernambuco\",\"description\":\"R\u00e1dio Internacional da China\",\"publisher\":{\"@id\":\"https:\\\/\\\/diariodepe.com.br\\\/cri\\\/#organization\"},\"potentialAction\":[{\"@type\":\"SearchAction\",\"target\":{\"@type\":\"EntryPoint\",\"urlTemplate\":\"https:\\\/\\\/diariodepe.com.br\\\/cri\\\/?s={search_term_string}\"},\"query-input\":{\"@type\":\"PropertyValueSpecification\",\"valueRequired\":true,\"valueName\":\"search_term_string\"}}],\"inLanguage\":\"pt-BR\"},{\"@type\":\"Organization\",\"@id\":\"https:\\\/\\\/diariodepe.com.br\\\/cri\\\/#organization\",\"name\":\"CRI e Diario de Pernambuco\",\"url\":\"https:\\\/\\\/diariodepe.com.br\\\/cri\\\/\",\"logo\":{\"@type\":\"ImageObject\",\"inLanguage\":\"pt-BR\",\"@id\":\"https:\\\/\\\/diariodepe.com.br\\\/cri\\\/#\\\/schema\\\/logo\\\/image\\\/\",\"url\":\"https:\\\/\\\/diariodepe.com.br\\\/cri\\\/wp-content\\\/uploads\\\/sites\\\/2\\\/2022\\\/12\\\/cropped-Logo.jpg\",\"contentUrl\":\"https:\\\/\\\/diariodepe.com.br\\\/cri\\\/wp-content\\\/uploads\\\/sites\\\/2\\\/2022\\\/12\\\/cropped-Logo.jpg\",\"width\":700,\"height\":59,\"caption\":\"CRI e Diario de Pernambuco\"},\"image\":{\"@id\":\"https:\\\/\\\/diariodepe.com.br\\\/cri\\\/#\\\/schema\\\/logo\\\/image\\\/\"}},{\"@type\":\"Person\",\"@id\":\"https:\\\/\\\/diariodepe.com.br\\\/cri\\\/#\\\/schema\\\/person\\\/121bb28d84f1a5b1205ef4ce9c2e0c6b\",\"name\":\"Ismael Lucas S. Pereira\",\"image\":{\"@type\":\"ImageObject\",\"inLanguage\":\"pt-BR\",\"@id\":\"https:\\\/\\\/secure.gravatar.com\\\/avatar\\\/887a0f3b5a7ceea963a48499fb883ffce6b5037362def025c52c2505b15d63e4?s=96&d=mm&r=g\",\"url\":\"https:\\\/\\\/secure.gravatar.com\\\/avatar\\\/887a0f3b5a7ceea963a48499fb883ffce6b5037362def025c52c2505b15d63e4?s=96&d=mm&r=g\",\"contentUrl\":\"https:\\\/\\\/secure.gravatar.com\\\/avatar\\\/887a0f3b5a7ceea963a48499fb883ffce6b5037362def025c52c2505b15d63e4?s=96&d=mm&r=g\",\"caption\":\"Ismael Lucas S. Pereira\"},\"url\":\"https:\\\/\\\/diariodepe.com.br\\\/cri\\\/author\\\/ismael-lucas\\\/\"}]}<\/script>\n<!-- \/ Yoast SEO plugin. -->","yoast_head_json":{"title":"CMG acrescenta 12 l\u00ednguas nas transmiss\u00f5es ao exterior - CRI e Diario de Pernambuco","robots":{"index":"index","follow":"follow","max-snippet":"max-snippet:-1","max-image-preview":"max-image-preview:large","max-video-preview":"max-video-preview:-1"},"canonical":"https:\/\/diariodepe.com.br\/cri\/2024\/03\/11\/cmg-acrescenta-12-linguas-nas-transmissoes-ao-exterior\/","og_locale":"pt_BR","og_type":"article","og_title":"CMG acrescenta 12 l\u00ednguas nas transmiss\u00f5es ao exterior - CRI e Diario de Pernambuco","og_description":"A China Global Television Network (CGTN), do Grupo de M\u00eddia da China (CMG, na sigla em ingl\u00eas), acrescentou 12 l\u00ednguas estrangeiras nas suas transmiss\u00f5es ao exterior, aumentando o n\u00famero dos idiomas das emiss\u00f5es da emissora no ultramar para 80. O...","og_url":"https:\/\/diariodepe.com.br\/cri\/2024\/03\/11\/cmg-acrescenta-12-linguas-nas-transmissoes-ao-exterior\/","og_site_name":"CRI e Diario de Pernambuco","article_published_time":"2024-03-12T02:19:57+00:00","author":"Ismael Lucas S. Pereira","twitter_card":"summary_large_image","twitter_misc":{"Escrito por":"Ismael Lucas S. Pereira"},"schema":{"@context":"https:\/\/schema.org","@graph":[{"@type":"Article","@id":"https:\/\/diariodepe.com.br\/cri\/2024\/03\/11\/cmg-acrescenta-12-linguas-nas-transmissoes-ao-exterior\/#article","isPartOf":{"@id":"https:\/\/diariodepe.com.br\/cri\/2024\/03\/11\/cmg-acrescenta-12-linguas-nas-transmissoes-ao-exterior\/"},"author":{"name":"Ismael Lucas S. Pereira","@id":"https:\/\/diariodepe.com.br\/cri\/#\/schema\/person\/121bb28d84f1a5b1205ef4ce9c2e0c6b"},"headline":"CMG acrescenta 12 l\u00ednguas nas transmiss\u00f5es ao exterior","datePublished":"2024-03-12T02:19:57+00:00","mainEntityOfPage":{"@id":"https:\/\/diariodepe.com.br\/cri\/2024\/03\/11\/cmg-acrescenta-12-linguas-nas-transmissoes-ao-exterior\/"},"wordCount":198,"commentCount":0,"publisher":{"@id":"https:\/\/diariodepe.com.br\/cri\/#organization"},"articleSection":["China"],"inLanguage":"pt-BR","potentialAction":[{"@type":"CommentAction","name":"Comment","target":["https:\/\/diariodepe.com.br\/cri\/2024\/03\/11\/cmg-acrescenta-12-linguas-nas-transmissoes-ao-exterior\/#respond"]}]},{"@type":"WebPage","@id":"https:\/\/diariodepe.com.br\/cri\/2024\/03\/11\/cmg-acrescenta-12-linguas-nas-transmissoes-ao-exterior\/","url":"https:\/\/diariodepe.com.br\/cri\/2024\/03\/11\/cmg-acrescenta-12-linguas-nas-transmissoes-ao-exterior\/","name":"CMG acrescenta 12 l\u00ednguas nas transmiss\u00f5es ao exterior - CRI e Diario de Pernambuco","isPartOf":{"@id":"https:\/\/diariodepe.com.br\/cri\/#website"},"datePublished":"2024-03-12T02:19:57+00:00","breadcrumb":{"@id":"https:\/\/diariodepe.com.br\/cri\/2024\/03\/11\/cmg-acrescenta-12-linguas-nas-transmissoes-ao-exterior\/#breadcrumb"},"inLanguage":"pt-BR","potentialAction":[{"@type":"ReadAction","target":["https:\/\/diariodepe.com.br\/cri\/2024\/03\/11\/cmg-acrescenta-12-linguas-nas-transmissoes-ao-exterior\/"]}]},{"@type":"BreadcrumbList","@id":"https:\/\/diariodepe.com.br\/cri\/2024\/03\/11\/cmg-acrescenta-12-linguas-nas-transmissoes-ao-exterior\/#breadcrumb","itemListElement":[{"@type":"ListItem","position":1,"name":"In\u00edcio","item":"https:\/\/diariodepe.com.br\/cri\/"},{"@type":"ListItem","position":2,"name":"CMG acrescenta 12 l\u00ednguas nas transmiss\u00f5es ao exterior"}]},{"@type":"WebSite","@id":"https:\/\/diariodepe.com.br\/cri\/#website","url":"https:\/\/diariodepe.com.br\/cri\/","name":"CRI e Diario de Pernambuco","description":"R\u00e1dio Internacional da China","publisher":{"@id":"https:\/\/diariodepe.com.br\/cri\/#organization"},"potentialAction":[{"@type":"SearchAction","target":{"@type":"EntryPoint","urlTemplate":"https:\/\/diariodepe.com.br\/cri\/?s={search_term_string}"},"query-input":{"@type":"PropertyValueSpecification","valueRequired":true,"valueName":"search_term_string"}}],"inLanguage":"pt-BR"},{"@type":"Organization","@id":"https:\/\/diariodepe.com.br\/cri\/#organization","name":"CRI e Diario de Pernambuco","url":"https:\/\/diariodepe.com.br\/cri\/","logo":{"@type":"ImageObject","inLanguage":"pt-BR","@id":"https:\/\/diariodepe.com.br\/cri\/#\/schema\/logo\/image\/","url":"https:\/\/diariodepe.com.br\/cri\/wp-content\/uploads\/sites\/2\/2022\/12\/cropped-Logo.jpg","contentUrl":"https:\/\/diariodepe.com.br\/cri\/wp-content\/uploads\/sites\/2\/2022\/12\/cropped-Logo.jpg","width":700,"height":59,"caption":"CRI e Diario de Pernambuco"},"image":{"@id":"https:\/\/diariodepe.com.br\/cri\/#\/schema\/logo\/image\/"}},{"@type":"Person","@id":"https:\/\/diariodepe.com.br\/cri\/#\/schema\/person\/121bb28d84f1a5b1205ef4ce9c2e0c6b","name":"Ismael Lucas S. Pereira","image":{"@type":"ImageObject","inLanguage":"pt-BR","@id":"https:\/\/secure.gravatar.com\/avatar\/887a0f3b5a7ceea963a48499fb883ffce6b5037362def025c52c2505b15d63e4?s=96&d=mm&r=g","url":"https:\/\/secure.gravatar.com\/avatar\/887a0f3b5a7ceea963a48499fb883ffce6b5037362def025c52c2505b15d63e4?s=96&d=mm&r=g","contentUrl":"https:\/\/secure.gravatar.com\/avatar\/887a0f3b5a7ceea963a48499fb883ffce6b5037362def025c52c2505b15d63e4?s=96&d=mm&r=g","caption":"Ismael Lucas S. Pereira"},"url":"https:\/\/diariodepe.com.br\/cri\/author\/ismael-lucas\/"}]}},"cc_featured_image_caption":{"caption_text":false,"source_text":false,"source_url":false},"amp_enabled":true,"_links":{"self":[{"href":"https:\/\/diariodepe.com.br\/cri\/wp-json\/wp\/v2\/posts\/4687","targetHints":{"allow":["GET"]}}],"collection":[{"href":"https:\/\/diariodepe.com.br\/cri\/wp-json\/wp\/v2\/posts"}],"about":[{"href":"https:\/\/diariodepe.com.br\/cri\/wp-json\/wp\/v2\/types\/post"}],"author":[{"embeddable":true,"href":"https:\/\/diariodepe.com.br\/cri\/wp-json\/wp\/v2\/users\/2"}],"replies":[{"embeddable":true,"href":"https:\/\/diariodepe.com.br\/cri\/wp-json\/wp\/v2\/comments?post=4687"}],"version-history":[{"count":1,"href":"https:\/\/diariodepe.com.br\/cri\/wp-json\/wp\/v2\/posts\/4687\/revisions"}],"predecessor-version":[{"id":4688,"href":"https:\/\/diariodepe.com.br\/cri\/wp-json\/wp\/v2\/posts\/4687\/revisions\/4688"}],"wp:attachment":[{"href":"https:\/\/diariodepe.com.br\/cri\/wp-json\/wp\/v2\/media?parent=4687"}],"wp:term":[{"taxonomy":"category","embeddable":true,"href":"https:\/\/diariodepe.com.br\/cri\/wp-json\/wp\/v2\/categories?post=4687"},{"taxonomy":"post_tag","embeddable":true,"href":"https:\/\/diariodepe.com.br\/cri\/wp-json\/wp\/v2\/tags?post=4687"}],"curies":[{"name":"wp","href":"https:\/\/api.w.org\/{rel}","templated":true}]}}