{"id":4486,"date":"2024-02-23T06:35:32","date_gmt":"2024-02-23T09:35:32","guid":{"rendered":"https:\/\/diariodepe.com.br\/cri\/?p=4486"},"modified":"2024-02-23T06:35:32","modified_gmt":"2024-02-23T09:35:32","slug":"festival-da-primavera-e-seu-significado-para-o-crescente-desenvolvimento-economico-chines","status":"publish","type":"post","link":"https:\/\/diariodepe.com.br\/cri\/2024\/02\/23\/festival-da-primavera-e-seu-significado-para-o-crescente-desenvolvimento-economico-chines\/","title":{"rendered":"Festival da Primavera e seu significado para o crescente desenvolvimento econ\u00f4mico chin\u00eas"},"content":{"rendered":"<p data-spm-anchor-id=\"0.0.0.i4\">O Festival da Primavera, tamb\u00e9m conhecido como Ano Novo Chin\u00eas, \u00e9 uma das celebra\u00e7\u00f5es mais significativas e amplamente festejadas na China e em muitos outros pa\u00edses asi\u00e1ticos. Iniciado em 10 de fevereiro de 2024, este per\u00edodo marca uma grande migra\u00e7\u00e3o dos chineses por todo o pa\u00eds, reunindo-se para se encontrarem com parentes e amigos h\u00e1 muito tempo n\u00e3o vistos. Esta \u00e9 uma evid\u00eancia impressionante do dinamismo da economia chinesa, que possui o maior movimento migrat\u00f3rio do planeta e que \u00e9 impulsionada pela expans\u00e3o e desenvolvimento acelerado das modernas infraestruturas ferrovi\u00e1rias, hidrovi\u00e1rias e a\u00e9reas que funcionam em constante desenvolvimento.<\/p>\n<p>De acordo com fontes do Minist\u00e9rio de Transportes da China, mais de 2 bilh\u00f5es de viagens nacionais foram registradas durante o per\u00edodo do festival, que ocorreu de 10 a 17 de fevereiro. Para ilustrar a magnitude desse fen\u00f4meno, imagine toda a popula\u00e7\u00e3o do Brasil se deslocando 10 vezes ao longo de uma semana! Essa estat\u00edstica \u00e9 simplesmente impressionante e dif\u00edcil de se compreender para aqueles que n\u00e3o est\u00e3o familiarizados com o funcionamento do gigante asi\u00e1tico.<\/p>\n<p class=\"photo_img_20190808\"><img decoding=\"async\" src=\"https:\/\/p3crires.cri.cn\/photoworkspace\/cri\/contentimg\/2024\/02\/23\/2024022310144889812.png\" alt=\"\" width=\"1000\" \/><\/p>\n<p>Com uma economia robusta, em crescimento e altamente diversificada, a China estabeleceu a maior rede de transporte do mundo. Atualmente, possui mais de 150 mil quil\u00f4metros de ferrovias, dos quais mais de 40 mil quil\u00f4metros s\u00e3o compostos por trens de alta velocidade, capazes de atingir velocidades superiores a 300 km\/h. Al\u00e9m disso, Shanghai abriga a maior malha de metr\u00f4 do mundo em uma mesma cidade, conectando todos os cantos de uma das maiores megal\u00f3poles existentes. Todas essas infraestruturas s\u00e3o exemplos vivos do compromisso da China com o desenvolvimento e a moderniza\u00e7\u00e3o de seus sistemas de transporte.<\/p>\n<p>As redes hidrovi\u00e1rias e a\u00e9reas da China tamb\u00e9m n\u00e3o ficam para tr\u00e1s, solidificando ainda mais sua posi\u00e7\u00e3o como o maior exportador global. Em 2023, as exporta\u00e7\u00f5es chinesas ultrapassaram a marca de\u00a0US$ 3 trilh\u00f5es, um feito significativo que contribui enormemente para a economia mundial. Este volume maci\u00e7o de exporta\u00e7\u00f5es \u00e9 facilitado pela extensa rede de rotas mar\u00edtimas e a\u00e9reas da China, demonstrando seu papel vital no com\u00e9rcio internacional e sua influ\u00eancia na economia global.<\/p>\n<p>Com sete dos dez portos mais movimentados do mundo, a China \u00e9 um importante parceiro econ\u00f4mico do Brasil, destacando-se como o principal importador de produtos agropecu\u00e1rios do pa\u00eds. A rela\u00e7\u00e3o sino-brasileira atingiu recordes hist\u00f3ricos em 2023, impulsionando o com\u00e9rcio bilateral a n\u00edveis sem precedentes. Gra\u00e7as a essa parceria s\u00f3lida, o Brasil p\u00f4de gerar in\u00fameros empregos, com as exporta\u00e7\u00f5es para a China ultrapassando a marca dos\u00a0US$ 100 bilh\u00f5es no ano passado. Essa colabora\u00e7\u00e3o econ\u00f4mica tem sido fundamental para impulsionar o crescimento e o desenvolvimento do Brasil, demonstrando a import\u00e2ncia da rela\u00e7\u00e3o entre as duas na\u00e7\u00f5es.<\/p>\n<p>Como se n\u00e3o bastasse, a crescente economia da China contribui muito com o crescimento da economia brasileira na medida em que os vag\u00f5es de trens e metr\u00f4s das principais cidades brasileiras foram fornecidos pela China.<\/p>\n<p>Vemos que o Festival da Primavera n\u00e3o apenas celebra tradi\u00e7\u00f5es milenares, mas tamb\u00e9m serve como um indicador vivo da din\u00e2mica e capacidade de desenvolvimento da economia chinesa. O grande movimento migrat\u00f3rio durante este per\u00edodo, aliado ao impressionante sistema de transporte do pa\u00eds, destaca n\u00e3o apenas a escala das conquistas chinesas, mas tamb\u00e9m sua influ\u00eancia global. A parceria econ\u00f4mica entre a China e o Brasil evidencia n\u00e3o apenas a for\u00e7a do com\u00e9rcio bilateral, mas tamb\u00e9m os impactos tang\u00edveis que essa colabora\u00e7\u00e3o tem na cria\u00e7\u00e3o de empregos e no crescimento econ\u00f4mico do Brasil. A integra\u00e7\u00e3o da infraestrutura chinesa em territ\u00f3rio brasileiro contribui ainda com a constante \u00a0colabora\u00e7\u00e3o m\u00fatua moldada nessa rela\u00e7\u00e3o econ\u00f4mica que continua a guiar os rumos do desenvolvimento em ambas as na\u00e7\u00f5es.<\/p>\n<p><em>por Raphael Taucei Panizzi, coordenador de engenharia e consultor de solu\u00e7\u00f5es tecnol\u00f3gicas do Brasil\u00a0<\/em><\/p>\n","protected":false},"excerpt":{"rendered":"<p>O Festival da Primavera, tamb\u00e9m conhecido como Ano Novo Chin\u00eas, \u00e9 uma das celebra\u00e7\u00f5es mais significativas e amplamente festejadas na China e em muitos outros pa\u00edses asi\u00e1ticos. Iniciado em 10 de fevereiro de 2024, este per\u00edodo marca uma grande migra\u00e7\u00e3o&#8230;<\/p>\n","protected":false},"author":2,"featured_media":4487,"comment_status":"open","ping_status":"open","sticky":false,"template":"","format":"standard","meta":{"footnotes":""},"categories":[5,7],"tags":[],"class_list":["post-4486","post","type-post","status-publish","format-standard","has-post-thumbnail","hentry","category-destaques-capa","category-visao"],"yoast_head":"<!-- This site is optimized with the Yoast SEO plugin v27.4 - https:\/\/yoast.com\/product\/yoast-seo-wordpress\/ -->\n<title>Festival da Primavera e seu significado para o crescente desenvolvimento econ\u00f4mico chin\u00eas - CRI e Diario de Pernambuco<\/title>\n<meta name=\"robots\" content=\"index, follow, max-snippet:-1, max-image-preview:large, max-video-preview:-1\" \/>\n<link rel=\"canonical\" href=\"https:\/\/diariodepe.com.br\/cri\/2024\/02\/23\/festival-da-primavera-e-seu-significado-para-o-crescente-desenvolvimento-economico-chines\/\" \/>\n<meta property=\"og:locale\" content=\"pt_BR\" \/>\n<meta property=\"og:type\" content=\"article\" \/>\n<meta property=\"og:title\" content=\"Festival da Primavera e seu significado para o crescente desenvolvimento econ\u00f4mico chin\u00eas - CRI e Diario de Pernambuco\" \/>\n<meta property=\"og:description\" content=\"O Festival da Primavera, tamb\u00e9m conhecido como Ano Novo Chin\u00eas, \u00e9 uma das celebra\u00e7\u00f5es mais significativas e amplamente festejadas na China e em muitos outros pa\u00edses asi\u00e1ticos. Iniciado em 10 de fevereiro de 2024, este per\u00edodo marca uma grande migra\u00e7\u00e3o...\" \/>\n<meta property=\"og:url\" content=\"https:\/\/diariodepe.com.br\/cri\/2024\/02\/23\/festival-da-primavera-e-seu-significado-para-o-crescente-desenvolvimento-economico-chines\/\" \/>\n<meta property=\"og:site_name\" content=\"CRI e Diario de Pernambuco\" \/>\n<meta property=\"article:published_time\" content=\"2024-02-23T09:35:32+00:00\" \/>\n<meta property=\"og:image\" content=\"https:\/\/diariodepe.com.br\/cri\/wp-content\/uploads\/sites\/2\/2024\/02\/\u62a5\u9053\u5458.png\" \/>\n\t<meta property=\"og:image:width\" content=\"1222\" \/>\n\t<meta property=\"og:image:height\" content=\"815\" \/>\n\t<meta property=\"og:image:type\" content=\"image\/png\" \/>\n<meta name=\"author\" content=\"Ismael Lucas S. Pereira\" \/>\n<meta name=\"twitter:card\" content=\"summary_large_image\" \/>\n<meta name=\"twitter:label1\" content=\"Escrito por\" \/>\n\t<meta name=\"twitter:data1\" content=\"Ismael Lucas S. Pereira\" \/>\n\t<meta name=\"twitter:label2\" content=\"Est. tempo de leitura\" \/>\n\t<meta name=\"twitter:data2\" content=\"4 minutos\" \/>\n<script type=\"application\/ld+json\" class=\"yoast-schema-graph\">{\"@context\":\"https:\\\/\\\/schema.org\",\"@graph\":[{\"@type\":\"Article\",\"@id\":\"https:\\\/\\\/diariodepe.com.br\\\/cri\\\/2024\\\/02\\\/23\\\/festival-da-primavera-e-seu-significado-para-o-crescente-desenvolvimento-economico-chines\\\/#article\",\"isPartOf\":{\"@id\":\"https:\\\/\\\/diariodepe.com.br\\\/cri\\\/2024\\\/02\\\/23\\\/festival-da-primavera-e-seu-significado-para-o-crescente-desenvolvimento-economico-chines\\\/\"},\"author\":{\"name\":\"Ismael Lucas S. Pereira\",\"@id\":\"https:\\\/\\\/diariodepe.com.br\\\/cri\\\/#\\\/schema\\\/person\\\/121bb28d84f1a5b1205ef4ce9c2e0c6b\"},\"headline\":\"Festival da Primavera e seu significado para o crescente desenvolvimento econ\u00f4mico chin\u00eas\",\"datePublished\":\"2024-02-23T09:35:32+00:00\",\"mainEntityOfPage\":{\"@id\":\"https:\\\/\\\/diariodepe.com.br\\\/cri\\\/2024\\\/02\\\/23\\\/festival-da-primavera-e-seu-significado-para-o-crescente-desenvolvimento-economico-chines\\\/\"},\"wordCount\":700,\"commentCount\":0,\"publisher\":{\"@id\":\"https:\\\/\\\/diariodepe.com.br\\\/cri\\\/#organization\"},\"image\":{\"@id\":\"https:\\\/\\\/diariodepe.com.br\\\/cri\\\/2024\\\/02\\\/23\\\/festival-da-primavera-e-seu-significado-para-o-crescente-desenvolvimento-economico-chines\\\/#primaryimage\"},\"thumbnailUrl\":\"https:\\\/\\\/diariodepe.com.br\\\/cri\\\/wp-content\\\/uploads\\\/sites\\\/2\\\/2024\\\/02\\\/\u62a5\u9053\u5458.png\",\"articleSection\":[\"Destaques Capa\",\"Vis\u00e3o\"],\"inLanguage\":\"pt-BR\",\"potentialAction\":[{\"@type\":\"CommentAction\",\"name\":\"Comment\",\"target\":[\"https:\\\/\\\/diariodepe.com.br\\\/cri\\\/2024\\\/02\\\/23\\\/festival-da-primavera-e-seu-significado-para-o-crescente-desenvolvimento-economico-chines\\\/#respond\"]}]},{\"@type\":\"WebPage\",\"@id\":\"https:\\\/\\\/diariodepe.com.br\\\/cri\\\/2024\\\/02\\\/23\\\/festival-da-primavera-e-seu-significado-para-o-crescente-desenvolvimento-economico-chines\\\/\",\"url\":\"https:\\\/\\\/diariodepe.com.br\\\/cri\\\/2024\\\/02\\\/23\\\/festival-da-primavera-e-seu-significado-para-o-crescente-desenvolvimento-economico-chines\\\/\",\"name\":\"Festival da Primavera e seu significado para o crescente desenvolvimento econ\u00f4mico chin\u00eas - CRI e Diario de Pernambuco\",\"isPartOf\":{\"@id\":\"https:\\\/\\\/diariodepe.com.br\\\/cri\\\/#website\"},\"primaryImageOfPage\":{\"@id\":\"https:\\\/\\\/diariodepe.com.br\\\/cri\\\/2024\\\/02\\\/23\\\/festival-da-primavera-e-seu-significado-para-o-crescente-desenvolvimento-economico-chines\\\/#primaryimage\"},\"image\":{\"@id\":\"https:\\\/\\\/diariodepe.com.br\\\/cri\\\/2024\\\/02\\\/23\\\/festival-da-primavera-e-seu-significado-para-o-crescente-desenvolvimento-economico-chines\\\/#primaryimage\"},\"thumbnailUrl\":\"https:\\\/\\\/diariodepe.com.br\\\/cri\\\/wp-content\\\/uploads\\\/sites\\\/2\\\/2024\\\/02\\\/\u62a5\u9053\u5458.png\",\"datePublished\":\"2024-02-23T09:35:32+00:00\",\"breadcrumb\":{\"@id\":\"https:\\\/\\\/diariodepe.com.br\\\/cri\\\/2024\\\/02\\\/23\\\/festival-da-primavera-e-seu-significado-para-o-crescente-desenvolvimento-economico-chines\\\/#breadcrumb\"},\"inLanguage\":\"pt-BR\",\"potentialAction\":[{\"@type\":\"ReadAction\",\"target\":[\"https:\\\/\\\/diariodepe.com.br\\\/cri\\\/2024\\\/02\\\/23\\\/festival-da-primavera-e-seu-significado-para-o-crescente-desenvolvimento-economico-chines\\\/\"]}]},{\"@type\":\"ImageObject\",\"inLanguage\":\"pt-BR\",\"@id\":\"https:\\\/\\\/diariodepe.com.br\\\/cri\\\/2024\\\/02\\\/23\\\/festival-da-primavera-e-seu-significado-para-o-crescente-desenvolvimento-economico-chines\\\/#primaryimage\",\"url\":\"https:\\\/\\\/diariodepe.com.br\\\/cri\\\/wp-content\\\/uploads\\\/sites\\\/2\\\/2024\\\/02\\\/\u62a5\u9053\u5458.png\",\"contentUrl\":\"https:\\\/\\\/diariodepe.com.br\\\/cri\\\/wp-content\\\/uploads\\\/sites\\\/2\\\/2024\\\/02\\\/\u62a5\u9053\u5458.png\",\"width\":1222,\"height\":815},{\"@type\":\"BreadcrumbList\",\"@id\":\"https:\\\/\\\/diariodepe.com.br\\\/cri\\\/2024\\\/02\\\/23\\\/festival-da-primavera-e-seu-significado-para-o-crescente-desenvolvimento-economico-chines\\\/#breadcrumb\",\"itemListElement\":[{\"@type\":\"ListItem\",\"position\":1,\"name\":\"In\u00edcio\",\"item\":\"https:\\\/\\\/diariodepe.com.br\\\/cri\\\/\"},{\"@type\":\"ListItem\",\"position\":2,\"name\":\"Festival da Primavera e seu significado para o crescente desenvolvimento econ\u00f4mico chin\u00eas\"}]},{\"@type\":\"WebSite\",\"@id\":\"https:\\\/\\\/diariodepe.com.br\\\/cri\\\/#website\",\"url\":\"https:\\\/\\\/diariodepe.com.br\\\/cri\\\/\",\"name\":\"CRI e Diario de Pernambuco\",\"description\":\"R\u00e1dio Internacional da China\",\"publisher\":{\"@id\":\"https:\\\/\\\/diariodepe.com.br\\\/cri\\\/#organization\"},\"potentialAction\":[{\"@type\":\"SearchAction\",\"target\":{\"@type\":\"EntryPoint\",\"urlTemplate\":\"https:\\\/\\\/diariodepe.com.br\\\/cri\\\/?s={search_term_string}\"},\"query-input\":{\"@type\":\"PropertyValueSpecification\",\"valueRequired\":true,\"valueName\":\"search_term_string\"}}],\"inLanguage\":\"pt-BR\"},{\"@type\":\"Organization\",\"@id\":\"https:\\\/\\\/diariodepe.com.br\\\/cri\\\/#organization\",\"name\":\"CRI e Diario de Pernambuco\",\"url\":\"https:\\\/\\\/diariodepe.com.br\\\/cri\\\/\",\"logo\":{\"@type\":\"ImageObject\",\"inLanguage\":\"pt-BR\",\"@id\":\"https:\\\/\\\/diariodepe.com.br\\\/cri\\\/#\\\/schema\\\/logo\\\/image\\\/\",\"url\":\"https:\\\/\\\/diariodepe.com.br\\\/cri\\\/wp-content\\\/uploads\\\/sites\\\/2\\\/2022\\\/12\\\/cropped-Logo.jpg\",\"contentUrl\":\"https:\\\/\\\/diariodepe.com.br\\\/cri\\\/wp-content\\\/uploads\\\/sites\\\/2\\\/2022\\\/12\\\/cropped-Logo.jpg\",\"width\":700,\"height\":59,\"caption\":\"CRI e Diario de Pernambuco\"},\"image\":{\"@id\":\"https:\\\/\\\/diariodepe.com.br\\\/cri\\\/#\\\/schema\\\/logo\\\/image\\\/\"}},{\"@type\":\"Person\",\"@id\":\"https:\\\/\\\/diariodepe.com.br\\\/cri\\\/#\\\/schema\\\/person\\\/121bb28d84f1a5b1205ef4ce9c2e0c6b\",\"name\":\"Ismael Lucas S. Pereira\",\"image\":{\"@type\":\"ImageObject\",\"inLanguage\":\"pt-BR\",\"@id\":\"https:\\\/\\\/secure.gravatar.com\\\/avatar\\\/887a0f3b5a7ceea963a48499fb883ffce6b5037362def025c52c2505b15d63e4?s=96&d=mm&r=g\",\"url\":\"https:\\\/\\\/secure.gravatar.com\\\/avatar\\\/887a0f3b5a7ceea963a48499fb883ffce6b5037362def025c52c2505b15d63e4?s=96&d=mm&r=g\",\"contentUrl\":\"https:\\\/\\\/secure.gravatar.com\\\/avatar\\\/887a0f3b5a7ceea963a48499fb883ffce6b5037362def025c52c2505b15d63e4?s=96&d=mm&r=g\",\"caption\":\"Ismael Lucas S. Pereira\"},\"url\":\"https:\\\/\\\/diariodepe.com.br\\\/cri\\\/author\\\/ismael-lucas\\\/\"}]}<\/script>\n<!-- \/ Yoast SEO plugin. -->","yoast_head_json":{"title":"Festival da Primavera e seu significado para o crescente desenvolvimento econ\u00f4mico chin\u00eas - CRI e Diario de Pernambuco","robots":{"index":"index","follow":"follow","max-snippet":"max-snippet:-1","max-image-preview":"max-image-preview:large","max-video-preview":"max-video-preview:-1"},"canonical":"https:\/\/diariodepe.com.br\/cri\/2024\/02\/23\/festival-da-primavera-e-seu-significado-para-o-crescente-desenvolvimento-economico-chines\/","og_locale":"pt_BR","og_type":"article","og_title":"Festival da Primavera e seu significado para o crescente desenvolvimento econ\u00f4mico chin\u00eas - CRI e Diario de Pernambuco","og_description":"O Festival da Primavera, tamb\u00e9m conhecido como Ano Novo Chin\u00eas, \u00e9 uma das celebra\u00e7\u00f5es mais significativas e amplamente festejadas na China e em muitos outros pa\u00edses asi\u00e1ticos. Iniciado em 10 de fevereiro de 2024, este per\u00edodo marca uma grande migra\u00e7\u00e3o...","og_url":"https:\/\/diariodepe.com.br\/cri\/2024\/02\/23\/festival-da-primavera-e-seu-significado-para-o-crescente-desenvolvimento-economico-chines\/","og_site_name":"CRI e Diario de Pernambuco","article_published_time":"2024-02-23T09:35:32+00:00","og_image":[{"width":1222,"height":815,"url":"https:\/\/diariodepe.com.br\/cri\/wp-content\/uploads\/sites\/2\/2024\/02\/\u62a5\u9053\u5458.png","type":"image\/png"}],"author":"Ismael Lucas S. Pereira","twitter_card":"summary_large_image","twitter_misc":{"Escrito por":"Ismael Lucas S. Pereira","Est. tempo de leitura":"4 minutos"},"schema":{"@context":"https:\/\/schema.org","@graph":[{"@type":"Article","@id":"https:\/\/diariodepe.com.br\/cri\/2024\/02\/23\/festival-da-primavera-e-seu-significado-para-o-crescente-desenvolvimento-economico-chines\/#article","isPartOf":{"@id":"https:\/\/diariodepe.com.br\/cri\/2024\/02\/23\/festival-da-primavera-e-seu-significado-para-o-crescente-desenvolvimento-economico-chines\/"},"author":{"name":"Ismael Lucas S. Pereira","@id":"https:\/\/diariodepe.com.br\/cri\/#\/schema\/person\/121bb28d84f1a5b1205ef4ce9c2e0c6b"},"headline":"Festival da Primavera e seu significado para o crescente desenvolvimento econ\u00f4mico chin\u00eas","datePublished":"2024-02-23T09:35:32+00:00","mainEntityOfPage":{"@id":"https:\/\/diariodepe.com.br\/cri\/2024\/02\/23\/festival-da-primavera-e-seu-significado-para-o-crescente-desenvolvimento-economico-chines\/"},"wordCount":700,"commentCount":0,"publisher":{"@id":"https:\/\/diariodepe.com.br\/cri\/#organization"},"image":{"@id":"https:\/\/diariodepe.com.br\/cri\/2024\/02\/23\/festival-da-primavera-e-seu-significado-para-o-crescente-desenvolvimento-economico-chines\/#primaryimage"},"thumbnailUrl":"https:\/\/diariodepe.com.br\/cri\/wp-content\/uploads\/sites\/2\/2024\/02\/\u62a5\u9053\u5458.png","articleSection":["Destaques Capa","Vis\u00e3o"],"inLanguage":"pt-BR","potentialAction":[{"@type":"CommentAction","name":"Comment","target":["https:\/\/diariodepe.com.br\/cri\/2024\/02\/23\/festival-da-primavera-e-seu-significado-para-o-crescente-desenvolvimento-economico-chines\/#respond"]}]},{"@type":"WebPage","@id":"https:\/\/diariodepe.com.br\/cri\/2024\/02\/23\/festival-da-primavera-e-seu-significado-para-o-crescente-desenvolvimento-economico-chines\/","url":"https:\/\/diariodepe.com.br\/cri\/2024\/02\/23\/festival-da-primavera-e-seu-significado-para-o-crescente-desenvolvimento-economico-chines\/","name":"Festival da Primavera e seu significado para o crescente desenvolvimento econ\u00f4mico chin\u00eas - CRI e Diario de Pernambuco","isPartOf":{"@id":"https:\/\/diariodepe.com.br\/cri\/#website"},"primaryImageOfPage":{"@id":"https:\/\/diariodepe.com.br\/cri\/2024\/02\/23\/festival-da-primavera-e-seu-significado-para-o-crescente-desenvolvimento-economico-chines\/#primaryimage"},"image":{"@id":"https:\/\/diariodepe.com.br\/cri\/2024\/02\/23\/festival-da-primavera-e-seu-significado-para-o-crescente-desenvolvimento-economico-chines\/#primaryimage"},"thumbnailUrl":"https:\/\/diariodepe.com.br\/cri\/wp-content\/uploads\/sites\/2\/2024\/02\/\u62a5\u9053\u5458.png","datePublished":"2024-02-23T09:35:32+00:00","breadcrumb":{"@id":"https:\/\/diariodepe.com.br\/cri\/2024\/02\/23\/festival-da-primavera-e-seu-significado-para-o-crescente-desenvolvimento-economico-chines\/#breadcrumb"},"inLanguage":"pt-BR","potentialAction":[{"@type":"ReadAction","target":["https:\/\/diariodepe.com.br\/cri\/2024\/02\/23\/festival-da-primavera-e-seu-significado-para-o-crescente-desenvolvimento-economico-chines\/"]}]},{"@type":"ImageObject","inLanguage":"pt-BR","@id":"https:\/\/diariodepe.com.br\/cri\/2024\/02\/23\/festival-da-primavera-e-seu-significado-para-o-crescente-desenvolvimento-economico-chines\/#primaryimage","url":"https:\/\/diariodepe.com.br\/cri\/wp-content\/uploads\/sites\/2\/2024\/02\/\u62a5\u9053\u5458.png","contentUrl":"https:\/\/diariodepe.com.br\/cri\/wp-content\/uploads\/sites\/2\/2024\/02\/\u62a5\u9053\u5458.png","width":1222,"height":815},{"@type":"BreadcrumbList","@id":"https:\/\/diariodepe.com.br\/cri\/2024\/02\/23\/festival-da-primavera-e-seu-significado-para-o-crescente-desenvolvimento-economico-chines\/#breadcrumb","itemListElement":[{"@type":"ListItem","position":1,"name":"In\u00edcio","item":"https:\/\/diariodepe.com.br\/cri\/"},{"@type":"ListItem","position":2,"name":"Festival da Primavera e seu significado para o crescente desenvolvimento econ\u00f4mico chin\u00eas"}]},{"@type":"WebSite","@id":"https:\/\/diariodepe.com.br\/cri\/#website","url":"https:\/\/diariodepe.com.br\/cri\/","name":"CRI e Diario de Pernambuco","description":"R\u00e1dio Internacional da China","publisher":{"@id":"https:\/\/diariodepe.com.br\/cri\/#organization"},"potentialAction":[{"@type":"SearchAction","target":{"@type":"EntryPoint","urlTemplate":"https:\/\/diariodepe.com.br\/cri\/?s={search_term_string}"},"query-input":{"@type":"PropertyValueSpecification","valueRequired":true,"valueName":"search_term_string"}}],"inLanguage":"pt-BR"},{"@type":"Organization","@id":"https:\/\/diariodepe.com.br\/cri\/#organization","name":"CRI e Diario de Pernambuco","url":"https:\/\/diariodepe.com.br\/cri\/","logo":{"@type":"ImageObject","inLanguage":"pt-BR","@id":"https:\/\/diariodepe.com.br\/cri\/#\/schema\/logo\/image\/","url":"https:\/\/diariodepe.com.br\/cri\/wp-content\/uploads\/sites\/2\/2022\/12\/cropped-Logo.jpg","contentUrl":"https:\/\/diariodepe.com.br\/cri\/wp-content\/uploads\/sites\/2\/2022\/12\/cropped-Logo.jpg","width":700,"height":59,"caption":"CRI e Diario de Pernambuco"},"image":{"@id":"https:\/\/diariodepe.com.br\/cri\/#\/schema\/logo\/image\/"}},{"@type":"Person","@id":"https:\/\/diariodepe.com.br\/cri\/#\/schema\/person\/121bb28d84f1a5b1205ef4ce9c2e0c6b","name":"Ismael Lucas S. Pereira","image":{"@type":"ImageObject","inLanguage":"pt-BR","@id":"https:\/\/secure.gravatar.com\/avatar\/887a0f3b5a7ceea963a48499fb883ffce6b5037362def025c52c2505b15d63e4?s=96&d=mm&r=g","url":"https:\/\/secure.gravatar.com\/avatar\/887a0f3b5a7ceea963a48499fb883ffce6b5037362def025c52c2505b15d63e4?s=96&d=mm&r=g","contentUrl":"https:\/\/secure.gravatar.com\/avatar\/887a0f3b5a7ceea963a48499fb883ffce6b5037362def025c52c2505b15d63e4?s=96&d=mm&r=g","caption":"Ismael Lucas S. Pereira"},"url":"https:\/\/diariodepe.com.br\/cri\/author\/ismael-lucas\/"}]}},"cc_featured_image_caption":{"caption_text":false,"source_text":false,"source_url":false},"amp_enabled":true,"_links":{"self":[{"href":"https:\/\/diariodepe.com.br\/cri\/wp-json\/wp\/v2\/posts\/4486","targetHints":{"allow":["GET"]}}],"collection":[{"href":"https:\/\/diariodepe.com.br\/cri\/wp-json\/wp\/v2\/posts"}],"about":[{"href":"https:\/\/diariodepe.com.br\/cri\/wp-json\/wp\/v2\/types\/post"}],"author":[{"embeddable":true,"href":"https:\/\/diariodepe.com.br\/cri\/wp-json\/wp\/v2\/users\/2"}],"replies":[{"embeddable":true,"href":"https:\/\/diariodepe.com.br\/cri\/wp-json\/wp\/v2\/comments?post=4486"}],"version-history":[{"count":1,"href":"https:\/\/diariodepe.com.br\/cri\/wp-json\/wp\/v2\/posts\/4486\/revisions"}],"predecessor-version":[{"id":4488,"href":"https:\/\/diariodepe.com.br\/cri\/wp-json\/wp\/v2\/posts\/4486\/revisions\/4488"}],"wp:featuredmedia":[{"embeddable":true,"href":"https:\/\/diariodepe.com.br\/cri\/wp-json\/wp\/v2\/media\/4487"}],"wp:attachment":[{"href":"https:\/\/diariodepe.com.br\/cri\/wp-json\/wp\/v2\/media?parent=4486"}],"wp:term":[{"taxonomy":"category","embeddable":true,"href":"https:\/\/diariodepe.com.br\/cri\/wp-json\/wp\/v2\/categories?post=4486"},{"taxonomy":"post_tag","embeddable":true,"href":"https:\/\/diariodepe.com.br\/cri\/wp-json\/wp\/v2\/tags?post=4486"}],"curies":[{"name":"wp","href":"https:\/\/api.w.org\/{rel}","templated":true}]}}