{"id":446,"date":"2023-01-26T01:22:20","date_gmt":"2023-01-26T04:22:20","guid":{"rendered":"https:\/\/diariodepe.com.br\/cri\/?p=446"},"modified":"2023-01-26T01:22:22","modified_gmt":"2023-01-26T04:22:22","slug":"china-e-um-parceiro-comercial-importante-para-a-argentina-diz-chanceler-argentino","status":"publish","type":"post","link":"https:\/\/diariodepe.com.br\/cri\/2023\/01\/26\/china-e-um-parceiro-comercial-importante-para-a-argentina-diz-chanceler-argentino\/","title":{"rendered":"<strong>China \u00e9 um parceiro comercial importante para a Argentina, diz chanceler argentino<\/strong>"},"content":{"rendered":"\n<p>A 7\u00aa&nbsp;C\u00fapula da Comunidade de Estados Latino-Americanos e Caribenhos (CELAC) foi realizada nesta ter\u00e7a-feira (24) em Buenos Aires,&nbsp;capital da Argentina. Na&nbsp;ocasi\u00e3o, o ministro das Rela\u00e7\u00f5es Exteriores&nbsp;da Argentina, Santiago Cafiero,&nbsp;concedeu&nbsp;uma entrevista exclusiva&nbsp;ao Grupo de M\u00eddia da China.<\/p>\n\n\n\n<p>Na entrevista, Cafiero expressou seu agradecimento ao presidente chin\u00eas Xi Jinping por sua mensagem em v\u00eddeo para a c\u00fapula. Ele disse que a participa\u00e7\u00e3o da China nesta discuss\u00e3o sobre desenvolvimento sub-regional pode promover a coopera\u00e7\u00e3o, auxiliar na coordena\u00e7\u00e3o da agenda multilateral e enriquecer o multilateralismo. Somente atrav\u00e9s de uma abordagem integrada os pa\u00edses da Am\u00e9rica Latina e do Caribe poder\u00e3o construir rela\u00e7\u00f5es mais fortes com o resto do mundo, disse Cafiero.<\/p>\n\n\n\n<p>Na entrevista, o diplomata&nbsp;argentino tamb\u00e9m disse que a China \u00e9 um importante parceiro comercial da Argentina e que ele espera que a coopera\u00e7\u00e3o entre os dois pa\u00edses no campo econ\u00f4mico e comercial se desenvolva significativamente. Atualmente, a&nbsp;Argentina participa da constru\u00e7\u00e3o conjunta&nbsp;da iniciativa \u201cCintur\u00e3o&nbsp;e Rota\u201d e&nbsp;tamb\u00e9m apresentou uma solicita\u00e7\u00e3o para aderir ao mecanismo de coopera\u00e7\u00e3o BRICS.<\/p>\n\n\n\n<p>No final da entrevista, Cafiero enviou seus melhores votos de&nbsp;Festival da Primavera&nbsp;ao povo chin\u00eas.<\/p>\n","protected":false},"excerpt":{"rendered":"<p>A 7\u00aa&nbsp;C\u00fapula da Comunidade de Estados Latino-Americanos e Caribenhos (CELAC) foi realizada nesta ter\u00e7a-feira (24) em Buenos Aires,&nbsp;capital da Argentina. Na&nbsp;ocasi\u00e3o, o ministro das Rela\u00e7\u00f5es Exteriores&nbsp;da Argentina, Santiago Cafiero,&nbsp;concedeu&nbsp;uma entrevista exclusiva&nbsp;ao Grupo de M\u00eddia da China. Na entrevista, Cafiero expressou&#8230;<\/p>\n","protected":false},"author":2,"featured_media":447,"comment_status":"open","ping_status":"open","sticky":false,"template":"","format":"standard","meta":{"footnotes":""},"categories":[8],"tags":[],"class_list":["post-446","post","type-post","status-publish","format-standard","has-post-thumbnail","hentry","category-internacional"],"yoast_head":"<!-- This site is optimized with the Yoast SEO plugin v27.4 - https:\/\/yoast.com\/product\/yoast-seo-wordpress\/ -->\n<title>China \u00e9 um parceiro comercial importante para a Argentina, diz chanceler argentino - CRI e Diario de Pernambuco<\/title>\n<meta name=\"robots\" content=\"index, follow, max-snippet:-1, max-image-preview:large, max-video-preview:-1\" \/>\n<link rel=\"canonical\" href=\"https:\/\/diariodepe.com.br\/cri\/2023\/01\/26\/china-e-um-parceiro-comercial-importante-para-a-argentina-diz-chanceler-argentino\/\" \/>\n<meta property=\"og:locale\" content=\"pt_BR\" \/>\n<meta property=\"og:type\" content=\"article\" \/>\n<meta property=\"og:title\" content=\"China \u00e9 um parceiro comercial importante para a Argentina, diz chanceler argentino - CRI e Diario de Pernambuco\" \/>\n<meta property=\"og:description\" content=\"A 7\u00aa&nbsp;C\u00fapula da Comunidade de Estados Latino-Americanos e Caribenhos (CELAC) foi realizada nesta ter\u00e7a-feira (24) em Buenos Aires,&nbsp;capital da Argentina. Na&nbsp;ocasi\u00e3o, o ministro das Rela\u00e7\u00f5es Exteriores&nbsp;da Argentina, Santiago Cafiero,&nbsp;concedeu&nbsp;uma entrevista exclusiva&nbsp;ao Grupo de M\u00eddia da China. Na entrevista, Cafiero expressou...\" \/>\n<meta property=\"og:url\" content=\"https:\/\/diariodepe.com.br\/cri\/2023\/01\/26\/china-e-um-parceiro-comercial-importante-para-a-argentina-diz-chanceler-argentino\/\" \/>\n<meta property=\"og:site_name\" content=\"CRI e Diario de Pernambuco\" \/>\n<meta property=\"article:published_time\" content=\"2023-01-26T04:22:20+00:00\" \/>\n<meta property=\"article:modified_time\" content=\"2023-01-26T04:22:22+00:00\" \/>\n<meta property=\"og:image\" content=\"https:\/\/diariodepe.com.br\/cri\/wp-content\/uploads\/sites\/2\/2023\/01\/2023012519075418871.png\" \/>\n\t<meta property=\"og:image:width\" content=\"640\" \/>\n\t<meta property=\"og:image:height\" content=\"360\" \/>\n\t<meta property=\"og:image:type\" content=\"image\/png\" \/>\n<meta name=\"author\" content=\"Ismael Lucas S. Pereira\" \/>\n<meta name=\"twitter:card\" content=\"summary_large_image\" \/>\n<meta name=\"twitter:label1\" content=\"Escrito por\" \/>\n\t<meta name=\"twitter:data1\" content=\"Ismael Lucas S. Pereira\" \/>\n\t<meta name=\"twitter:label2\" content=\"Est. tempo de leitura\" \/>\n\t<meta name=\"twitter:data2\" content=\"2 minutos\" \/>\n<script type=\"application\/ld+json\" class=\"yoast-schema-graph\">{\"@context\":\"https:\\\/\\\/schema.org\",\"@graph\":[{\"@type\":\"Article\",\"@id\":\"https:\\\/\\\/diariodepe.com.br\\\/cri\\\/2023\\\/01\\\/26\\\/china-e-um-parceiro-comercial-importante-para-a-argentina-diz-chanceler-argentino\\\/#article\",\"isPartOf\":{\"@id\":\"https:\\\/\\\/diariodepe.com.br\\\/cri\\\/2023\\\/01\\\/26\\\/china-e-um-parceiro-comercial-importante-para-a-argentina-diz-chanceler-argentino\\\/\"},\"author\":{\"name\":\"Ismael Lucas S. Pereira\",\"@id\":\"https:\\\/\\\/diariodepe.com.br\\\/cri\\\/#\\\/schema\\\/person\\\/121bb28d84f1a5b1205ef4ce9c2e0c6b\"},\"headline\":\"China \u00e9 um parceiro comercial importante para a Argentina, diz chanceler argentino\",\"datePublished\":\"2023-01-26T04:22:20+00:00\",\"dateModified\":\"2023-01-26T04:22:22+00:00\",\"mainEntityOfPage\":{\"@id\":\"https:\\\/\\\/diariodepe.com.br\\\/cri\\\/2023\\\/01\\\/26\\\/china-e-um-parceiro-comercial-importante-para-a-argentina-diz-chanceler-argentino\\\/\"},\"wordCount\":239,\"commentCount\":0,\"publisher\":{\"@id\":\"https:\\\/\\\/diariodepe.com.br\\\/cri\\\/#organization\"},\"image\":{\"@id\":\"https:\\\/\\\/diariodepe.com.br\\\/cri\\\/2023\\\/01\\\/26\\\/china-e-um-parceiro-comercial-importante-para-a-argentina-diz-chanceler-argentino\\\/#primaryimage\"},\"thumbnailUrl\":\"https:\\\/\\\/diariodepe.com.br\\\/cri\\\/wp-content\\\/uploads\\\/sites\\\/2\\\/2023\\\/01\\\/2023012519075418871.png\",\"articleSection\":[\"Internacional\"],\"inLanguage\":\"pt-BR\",\"potentialAction\":[{\"@type\":\"CommentAction\",\"name\":\"Comment\",\"target\":[\"https:\\\/\\\/diariodepe.com.br\\\/cri\\\/2023\\\/01\\\/26\\\/china-e-um-parceiro-comercial-importante-para-a-argentina-diz-chanceler-argentino\\\/#respond\"]}]},{\"@type\":\"WebPage\",\"@id\":\"https:\\\/\\\/diariodepe.com.br\\\/cri\\\/2023\\\/01\\\/26\\\/china-e-um-parceiro-comercial-importante-para-a-argentina-diz-chanceler-argentino\\\/\",\"url\":\"https:\\\/\\\/diariodepe.com.br\\\/cri\\\/2023\\\/01\\\/26\\\/china-e-um-parceiro-comercial-importante-para-a-argentina-diz-chanceler-argentino\\\/\",\"name\":\"China \u00e9 um parceiro comercial importante para a Argentina, diz chanceler argentino - CRI e Diario de Pernambuco\",\"isPartOf\":{\"@id\":\"https:\\\/\\\/diariodepe.com.br\\\/cri\\\/#website\"},\"primaryImageOfPage\":{\"@id\":\"https:\\\/\\\/diariodepe.com.br\\\/cri\\\/2023\\\/01\\\/26\\\/china-e-um-parceiro-comercial-importante-para-a-argentina-diz-chanceler-argentino\\\/#primaryimage\"},\"image\":{\"@id\":\"https:\\\/\\\/diariodepe.com.br\\\/cri\\\/2023\\\/01\\\/26\\\/china-e-um-parceiro-comercial-importante-para-a-argentina-diz-chanceler-argentino\\\/#primaryimage\"},\"thumbnailUrl\":\"https:\\\/\\\/diariodepe.com.br\\\/cri\\\/wp-content\\\/uploads\\\/sites\\\/2\\\/2023\\\/01\\\/2023012519075418871.png\",\"datePublished\":\"2023-01-26T04:22:20+00:00\",\"dateModified\":\"2023-01-26T04:22:22+00:00\",\"breadcrumb\":{\"@id\":\"https:\\\/\\\/diariodepe.com.br\\\/cri\\\/2023\\\/01\\\/26\\\/china-e-um-parceiro-comercial-importante-para-a-argentina-diz-chanceler-argentino\\\/#breadcrumb\"},\"inLanguage\":\"pt-BR\",\"potentialAction\":[{\"@type\":\"ReadAction\",\"target\":[\"https:\\\/\\\/diariodepe.com.br\\\/cri\\\/2023\\\/01\\\/26\\\/china-e-um-parceiro-comercial-importante-para-a-argentina-diz-chanceler-argentino\\\/\"]}]},{\"@type\":\"ImageObject\",\"inLanguage\":\"pt-BR\",\"@id\":\"https:\\\/\\\/diariodepe.com.br\\\/cri\\\/2023\\\/01\\\/26\\\/china-e-um-parceiro-comercial-importante-para-a-argentina-diz-chanceler-argentino\\\/#primaryimage\",\"url\":\"https:\\\/\\\/diariodepe.com.br\\\/cri\\\/wp-content\\\/uploads\\\/sites\\\/2\\\/2023\\\/01\\\/2023012519075418871.png\",\"contentUrl\":\"https:\\\/\\\/diariodepe.com.br\\\/cri\\\/wp-content\\\/uploads\\\/sites\\\/2\\\/2023\\\/01\\\/2023012519075418871.png\",\"width\":640,\"height\":360},{\"@type\":\"BreadcrumbList\",\"@id\":\"https:\\\/\\\/diariodepe.com.br\\\/cri\\\/2023\\\/01\\\/26\\\/china-e-um-parceiro-comercial-importante-para-a-argentina-diz-chanceler-argentino\\\/#breadcrumb\",\"itemListElement\":[{\"@type\":\"ListItem\",\"position\":1,\"name\":\"In\u00edcio\",\"item\":\"https:\\\/\\\/diariodepe.com.br\\\/cri\\\/\"},{\"@type\":\"ListItem\",\"position\":2,\"name\":\"China \u00e9 um parceiro comercial importante para a Argentina, diz chanceler argentino\"}]},{\"@type\":\"WebSite\",\"@id\":\"https:\\\/\\\/diariodepe.com.br\\\/cri\\\/#website\",\"url\":\"https:\\\/\\\/diariodepe.com.br\\\/cri\\\/\",\"name\":\"CRI e Diario de Pernambuco\",\"description\":\"R\u00e1dio Internacional da China\",\"publisher\":{\"@id\":\"https:\\\/\\\/diariodepe.com.br\\\/cri\\\/#organization\"},\"potentialAction\":[{\"@type\":\"SearchAction\",\"target\":{\"@type\":\"EntryPoint\",\"urlTemplate\":\"https:\\\/\\\/diariodepe.com.br\\\/cri\\\/?s={search_term_string}\"},\"query-input\":{\"@type\":\"PropertyValueSpecification\",\"valueRequired\":true,\"valueName\":\"search_term_string\"}}],\"inLanguage\":\"pt-BR\"},{\"@type\":\"Organization\",\"@id\":\"https:\\\/\\\/diariodepe.com.br\\\/cri\\\/#organization\",\"name\":\"CRI e Diario de Pernambuco\",\"url\":\"https:\\\/\\\/diariodepe.com.br\\\/cri\\\/\",\"logo\":{\"@type\":\"ImageObject\",\"inLanguage\":\"pt-BR\",\"@id\":\"https:\\\/\\\/diariodepe.com.br\\\/cri\\\/#\\\/schema\\\/logo\\\/image\\\/\",\"url\":\"https:\\\/\\\/diariodepe.com.br\\\/cri\\\/wp-content\\\/uploads\\\/sites\\\/2\\\/2022\\\/12\\\/cropped-Logo.jpg\",\"contentUrl\":\"https:\\\/\\\/diariodepe.com.br\\\/cri\\\/wp-content\\\/uploads\\\/sites\\\/2\\\/2022\\\/12\\\/cropped-Logo.jpg\",\"width\":700,\"height\":59,\"caption\":\"CRI e Diario de Pernambuco\"},\"image\":{\"@id\":\"https:\\\/\\\/diariodepe.com.br\\\/cri\\\/#\\\/schema\\\/logo\\\/image\\\/\"}},{\"@type\":\"Person\",\"@id\":\"https:\\\/\\\/diariodepe.com.br\\\/cri\\\/#\\\/schema\\\/person\\\/121bb28d84f1a5b1205ef4ce9c2e0c6b\",\"name\":\"Ismael Lucas S. Pereira\",\"image\":{\"@type\":\"ImageObject\",\"inLanguage\":\"pt-BR\",\"@id\":\"https:\\\/\\\/secure.gravatar.com\\\/avatar\\\/887a0f3b5a7ceea963a48499fb883ffce6b5037362def025c52c2505b15d63e4?s=96&d=mm&r=g\",\"url\":\"https:\\\/\\\/secure.gravatar.com\\\/avatar\\\/887a0f3b5a7ceea963a48499fb883ffce6b5037362def025c52c2505b15d63e4?s=96&d=mm&r=g\",\"contentUrl\":\"https:\\\/\\\/secure.gravatar.com\\\/avatar\\\/887a0f3b5a7ceea963a48499fb883ffce6b5037362def025c52c2505b15d63e4?s=96&d=mm&r=g\",\"caption\":\"Ismael Lucas S. Pereira\"},\"url\":\"https:\\\/\\\/diariodepe.com.br\\\/cri\\\/author\\\/ismael-lucas\\\/\"}]}<\/script>\n<!-- \/ Yoast SEO plugin. -->","yoast_head_json":{"title":"China \u00e9 um parceiro comercial importante para a Argentina, diz chanceler argentino - CRI e Diario de Pernambuco","robots":{"index":"index","follow":"follow","max-snippet":"max-snippet:-1","max-image-preview":"max-image-preview:large","max-video-preview":"max-video-preview:-1"},"canonical":"https:\/\/diariodepe.com.br\/cri\/2023\/01\/26\/china-e-um-parceiro-comercial-importante-para-a-argentina-diz-chanceler-argentino\/","og_locale":"pt_BR","og_type":"article","og_title":"China \u00e9 um parceiro comercial importante para a Argentina, diz chanceler argentino - CRI e Diario de Pernambuco","og_description":"A 7\u00aa&nbsp;C\u00fapula da Comunidade de Estados Latino-Americanos e Caribenhos (CELAC) foi realizada nesta ter\u00e7a-feira (24) em Buenos Aires,&nbsp;capital da Argentina. Na&nbsp;ocasi\u00e3o, o ministro das Rela\u00e7\u00f5es Exteriores&nbsp;da Argentina, Santiago Cafiero,&nbsp;concedeu&nbsp;uma entrevista exclusiva&nbsp;ao Grupo de M\u00eddia da China. Na entrevista, Cafiero expressou...","og_url":"https:\/\/diariodepe.com.br\/cri\/2023\/01\/26\/china-e-um-parceiro-comercial-importante-para-a-argentina-diz-chanceler-argentino\/","og_site_name":"CRI e Diario de Pernambuco","article_published_time":"2023-01-26T04:22:20+00:00","article_modified_time":"2023-01-26T04:22:22+00:00","og_image":[{"width":640,"height":360,"url":"https:\/\/diariodepe.com.br\/cri\/wp-content\/uploads\/sites\/2\/2023\/01\/2023012519075418871.png","type":"image\/png"}],"author":"Ismael Lucas S. Pereira","twitter_card":"summary_large_image","twitter_misc":{"Escrito por":"Ismael Lucas S. Pereira","Est. tempo de leitura":"2 minutos"},"schema":{"@context":"https:\/\/schema.org","@graph":[{"@type":"Article","@id":"https:\/\/diariodepe.com.br\/cri\/2023\/01\/26\/china-e-um-parceiro-comercial-importante-para-a-argentina-diz-chanceler-argentino\/#article","isPartOf":{"@id":"https:\/\/diariodepe.com.br\/cri\/2023\/01\/26\/china-e-um-parceiro-comercial-importante-para-a-argentina-diz-chanceler-argentino\/"},"author":{"name":"Ismael Lucas S. Pereira","@id":"https:\/\/diariodepe.com.br\/cri\/#\/schema\/person\/121bb28d84f1a5b1205ef4ce9c2e0c6b"},"headline":"China \u00e9 um parceiro comercial importante para a Argentina, diz chanceler argentino","datePublished":"2023-01-26T04:22:20+00:00","dateModified":"2023-01-26T04:22:22+00:00","mainEntityOfPage":{"@id":"https:\/\/diariodepe.com.br\/cri\/2023\/01\/26\/china-e-um-parceiro-comercial-importante-para-a-argentina-diz-chanceler-argentino\/"},"wordCount":239,"commentCount":0,"publisher":{"@id":"https:\/\/diariodepe.com.br\/cri\/#organization"},"image":{"@id":"https:\/\/diariodepe.com.br\/cri\/2023\/01\/26\/china-e-um-parceiro-comercial-importante-para-a-argentina-diz-chanceler-argentino\/#primaryimage"},"thumbnailUrl":"https:\/\/diariodepe.com.br\/cri\/wp-content\/uploads\/sites\/2\/2023\/01\/2023012519075418871.png","articleSection":["Internacional"],"inLanguage":"pt-BR","potentialAction":[{"@type":"CommentAction","name":"Comment","target":["https:\/\/diariodepe.com.br\/cri\/2023\/01\/26\/china-e-um-parceiro-comercial-importante-para-a-argentina-diz-chanceler-argentino\/#respond"]}]},{"@type":"WebPage","@id":"https:\/\/diariodepe.com.br\/cri\/2023\/01\/26\/china-e-um-parceiro-comercial-importante-para-a-argentina-diz-chanceler-argentino\/","url":"https:\/\/diariodepe.com.br\/cri\/2023\/01\/26\/china-e-um-parceiro-comercial-importante-para-a-argentina-diz-chanceler-argentino\/","name":"China \u00e9 um parceiro comercial importante para a Argentina, diz chanceler argentino - CRI e Diario de Pernambuco","isPartOf":{"@id":"https:\/\/diariodepe.com.br\/cri\/#website"},"primaryImageOfPage":{"@id":"https:\/\/diariodepe.com.br\/cri\/2023\/01\/26\/china-e-um-parceiro-comercial-importante-para-a-argentina-diz-chanceler-argentino\/#primaryimage"},"image":{"@id":"https:\/\/diariodepe.com.br\/cri\/2023\/01\/26\/china-e-um-parceiro-comercial-importante-para-a-argentina-diz-chanceler-argentino\/#primaryimage"},"thumbnailUrl":"https:\/\/diariodepe.com.br\/cri\/wp-content\/uploads\/sites\/2\/2023\/01\/2023012519075418871.png","datePublished":"2023-01-26T04:22:20+00:00","dateModified":"2023-01-26T04:22:22+00:00","breadcrumb":{"@id":"https:\/\/diariodepe.com.br\/cri\/2023\/01\/26\/china-e-um-parceiro-comercial-importante-para-a-argentina-diz-chanceler-argentino\/#breadcrumb"},"inLanguage":"pt-BR","potentialAction":[{"@type":"ReadAction","target":["https:\/\/diariodepe.com.br\/cri\/2023\/01\/26\/china-e-um-parceiro-comercial-importante-para-a-argentina-diz-chanceler-argentino\/"]}]},{"@type":"ImageObject","inLanguage":"pt-BR","@id":"https:\/\/diariodepe.com.br\/cri\/2023\/01\/26\/china-e-um-parceiro-comercial-importante-para-a-argentina-diz-chanceler-argentino\/#primaryimage","url":"https:\/\/diariodepe.com.br\/cri\/wp-content\/uploads\/sites\/2\/2023\/01\/2023012519075418871.png","contentUrl":"https:\/\/diariodepe.com.br\/cri\/wp-content\/uploads\/sites\/2\/2023\/01\/2023012519075418871.png","width":640,"height":360},{"@type":"BreadcrumbList","@id":"https:\/\/diariodepe.com.br\/cri\/2023\/01\/26\/china-e-um-parceiro-comercial-importante-para-a-argentina-diz-chanceler-argentino\/#breadcrumb","itemListElement":[{"@type":"ListItem","position":1,"name":"In\u00edcio","item":"https:\/\/diariodepe.com.br\/cri\/"},{"@type":"ListItem","position":2,"name":"China \u00e9 um parceiro comercial importante para a Argentina, diz chanceler argentino"}]},{"@type":"WebSite","@id":"https:\/\/diariodepe.com.br\/cri\/#website","url":"https:\/\/diariodepe.com.br\/cri\/","name":"CRI e Diario de Pernambuco","description":"R\u00e1dio Internacional da China","publisher":{"@id":"https:\/\/diariodepe.com.br\/cri\/#organization"},"potentialAction":[{"@type":"SearchAction","target":{"@type":"EntryPoint","urlTemplate":"https:\/\/diariodepe.com.br\/cri\/?s={search_term_string}"},"query-input":{"@type":"PropertyValueSpecification","valueRequired":true,"valueName":"search_term_string"}}],"inLanguage":"pt-BR"},{"@type":"Organization","@id":"https:\/\/diariodepe.com.br\/cri\/#organization","name":"CRI e Diario de Pernambuco","url":"https:\/\/diariodepe.com.br\/cri\/","logo":{"@type":"ImageObject","inLanguage":"pt-BR","@id":"https:\/\/diariodepe.com.br\/cri\/#\/schema\/logo\/image\/","url":"https:\/\/diariodepe.com.br\/cri\/wp-content\/uploads\/sites\/2\/2022\/12\/cropped-Logo.jpg","contentUrl":"https:\/\/diariodepe.com.br\/cri\/wp-content\/uploads\/sites\/2\/2022\/12\/cropped-Logo.jpg","width":700,"height":59,"caption":"CRI e Diario de Pernambuco"},"image":{"@id":"https:\/\/diariodepe.com.br\/cri\/#\/schema\/logo\/image\/"}},{"@type":"Person","@id":"https:\/\/diariodepe.com.br\/cri\/#\/schema\/person\/121bb28d84f1a5b1205ef4ce9c2e0c6b","name":"Ismael Lucas S. Pereira","image":{"@type":"ImageObject","inLanguage":"pt-BR","@id":"https:\/\/secure.gravatar.com\/avatar\/887a0f3b5a7ceea963a48499fb883ffce6b5037362def025c52c2505b15d63e4?s=96&d=mm&r=g","url":"https:\/\/secure.gravatar.com\/avatar\/887a0f3b5a7ceea963a48499fb883ffce6b5037362def025c52c2505b15d63e4?s=96&d=mm&r=g","contentUrl":"https:\/\/secure.gravatar.com\/avatar\/887a0f3b5a7ceea963a48499fb883ffce6b5037362def025c52c2505b15d63e4?s=96&d=mm&r=g","caption":"Ismael Lucas S. Pereira"},"url":"https:\/\/diariodepe.com.br\/cri\/author\/ismael-lucas\/"}]}},"cc_featured_image_caption":{"caption_text":"","source_text":"","source_url":""},"amp_enabled":true,"_links":{"self":[{"href":"https:\/\/diariodepe.com.br\/cri\/wp-json\/wp\/v2\/posts\/446","targetHints":{"allow":["GET"]}}],"collection":[{"href":"https:\/\/diariodepe.com.br\/cri\/wp-json\/wp\/v2\/posts"}],"about":[{"href":"https:\/\/diariodepe.com.br\/cri\/wp-json\/wp\/v2\/types\/post"}],"author":[{"embeddable":true,"href":"https:\/\/diariodepe.com.br\/cri\/wp-json\/wp\/v2\/users\/2"}],"replies":[{"embeddable":true,"href":"https:\/\/diariodepe.com.br\/cri\/wp-json\/wp\/v2\/comments?post=446"}],"version-history":[{"count":1,"href":"https:\/\/diariodepe.com.br\/cri\/wp-json\/wp\/v2\/posts\/446\/revisions"}],"predecessor-version":[{"id":448,"href":"https:\/\/diariodepe.com.br\/cri\/wp-json\/wp\/v2\/posts\/446\/revisions\/448"}],"wp:featuredmedia":[{"embeddable":true,"href":"https:\/\/diariodepe.com.br\/cri\/wp-json\/wp\/v2\/media\/447"}],"wp:attachment":[{"href":"https:\/\/diariodepe.com.br\/cri\/wp-json\/wp\/v2\/media?parent=446"}],"wp:term":[{"taxonomy":"category","embeddable":true,"href":"https:\/\/diariodepe.com.br\/cri\/wp-json\/wp\/v2\/categories?post=446"},{"taxonomy":"post_tag","embeddable":true,"href":"https:\/\/diariodepe.com.br\/cri\/wp-json\/wp\/v2\/tags?post=446"}],"curies":[{"name":"wp","href":"https:\/\/api.w.org\/{rel}","templated":true}]}}