{"id":437,"date":"2023-01-24T00:20:46","date_gmt":"2023-01-24T03:20:46","guid":{"rendered":"https:\/\/diariodepe.com.br\/cri\/?p=437"},"modified":"2023-01-24T00:20:47","modified_gmt":"2023-01-24T03:20:47","slug":"xi-jinping-da-saudacoes-de-festival-da-primavera-a-todos-os-chineses","status":"publish","type":"post","link":"https:\/\/diariodepe.com.br\/cri\/2023\/01\/24\/xi-jinping-da-saudacoes-de-festival-da-primavera-a-todos-os-chineses\/","title":{"rendered":"<strong>Xi Jinping d\u00e1 sauda\u00e7\u00f5es de Festival da Primavera a todos os chineses<\/strong>"},"content":{"rendered":"\n<p>O presidente chin\u00eas, Xi Jinping, estendeu sauda\u00e7\u00f5es de Festival da Primavera a todos os chineses nesta sexta-feira (20), na recep\u00e7\u00e3o tradicional realizada em Beijing pelo Comit\u00ea Central do Partido Comunista da China (PCCh) e pelo Conselho de Estado do pa\u00eds.<\/p>\n\n\n\n<p>Xi Jinping fez um discurso durante reuni\u00e3o no Grande Pal\u00e1cio do Povo, saudando o povo chin\u00eas de todos os grupos \u00e9tnicos, os compatriotas em Hong Kong, Macau e Taiwan, e os chineses no exterior.<\/p>\n\n\n\n<p>Segundo ele, no ano do Tigre (o ano que est\u00e1 terminando), os chineses conquistaram mais sucessos na constru\u00e7\u00e3o da moderniza\u00e7\u00e3o socialista, mesmo com o ambiente internacional muito turbulento e as tarefas da reforma e desenvolvimento muito pesadas. O l\u00edder chin\u00eas enfatizou que os sucessos do \u00faltimo ano demonstraram que enquanto o Partido e o povo estiverem juntos, n\u00e3o haver\u00e1 dificuldades invenc\u00edveis.<\/p>\n\n\n\n<p>\u201cPrecisamos de trabalhos verdadeiros e \u00e1rduos para abrir um futuro mais bonito\u201d, salientou Xi Jinping. Ele espera que no ano do Coelho (o ano novo chin\u00eas que est\u00e1 chegando), todos os chineses, especialmente os jovens, sejam vigorosos e \u00e1geis como o coelho, para conquistar mais progressos em todos os aspectos.<\/p>\n","protected":false},"excerpt":{"rendered":"<p>O presidente chin\u00eas, Xi Jinping, estendeu sauda\u00e7\u00f5es de Festival da Primavera a todos os chineses nesta sexta-feira (20), na recep\u00e7\u00e3o tradicional realizada em Beijing pelo Comit\u00ea Central do Partido Comunista da China (PCCh) e pelo Conselho de Estado do pa\u00eds&#8230;.<\/p>\n","protected":false},"author":2,"featured_media":0,"comment_status":"open","ping_status":"open","sticky":false,"template":"","format":"standard","meta":{"footnotes":""},"categories":[3],"tags":[],"class_list":["post-437","post","type-post","status-publish","format-standard","hentry","category-china"],"yoast_head":"<!-- This site is optimized with the Yoast SEO plugin v27.4 - https:\/\/yoast.com\/product\/yoast-seo-wordpress\/ -->\n<title>Xi Jinping d\u00e1 sauda\u00e7\u00f5es de Festival da Primavera a todos os chineses - CRI e Diario de Pernambuco<\/title>\n<meta name=\"robots\" content=\"index, follow, max-snippet:-1, max-image-preview:large, max-video-preview:-1\" \/>\n<link rel=\"canonical\" href=\"https:\/\/diariodepe.com.br\/cri\/2023\/01\/24\/xi-jinping-da-saudacoes-de-festival-da-primavera-a-todos-os-chineses\/\" \/>\n<meta property=\"og:locale\" content=\"pt_BR\" \/>\n<meta property=\"og:type\" content=\"article\" \/>\n<meta property=\"og:title\" content=\"Xi Jinping d\u00e1 sauda\u00e7\u00f5es de Festival da Primavera a todos os chineses - CRI e Diario de Pernambuco\" \/>\n<meta property=\"og:description\" content=\"O presidente chin\u00eas, Xi Jinping, estendeu sauda\u00e7\u00f5es de Festival da Primavera a todos os chineses nesta sexta-feira (20), na recep\u00e7\u00e3o tradicional realizada em Beijing pelo Comit\u00ea Central do Partido Comunista da China (PCCh) e pelo Conselho de Estado do pa\u00eds....\" \/>\n<meta property=\"og:url\" content=\"https:\/\/diariodepe.com.br\/cri\/2023\/01\/24\/xi-jinping-da-saudacoes-de-festival-da-primavera-a-todos-os-chineses\/\" \/>\n<meta property=\"og:site_name\" content=\"CRI e Diario de Pernambuco\" \/>\n<meta property=\"article:published_time\" content=\"2023-01-24T03:20:46+00:00\" \/>\n<meta property=\"article:modified_time\" content=\"2023-01-24T03:20:47+00:00\" \/>\n<meta name=\"author\" content=\"Ismael Lucas S. Pereira\" \/>\n<meta name=\"twitter:card\" content=\"summary_large_image\" \/>\n<meta name=\"twitter:label1\" content=\"Escrito por\" \/>\n\t<meta name=\"twitter:data1\" content=\"Ismael Lucas S. Pereira\" \/>\n\t<meta name=\"twitter:label2\" content=\"Est. tempo de leitura\" \/>\n\t<meta name=\"twitter:data2\" content=\"2 minutos\" \/>\n<script type=\"application\/ld+json\" class=\"yoast-schema-graph\">{\"@context\":\"https:\\\/\\\/schema.org\",\"@graph\":[{\"@type\":\"Article\",\"@id\":\"https:\\\/\\\/diariodepe.com.br\\\/cri\\\/2023\\\/01\\\/24\\\/xi-jinping-da-saudacoes-de-festival-da-primavera-a-todos-os-chineses\\\/#article\",\"isPartOf\":{\"@id\":\"https:\\\/\\\/diariodepe.com.br\\\/cri\\\/2023\\\/01\\\/24\\\/xi-jinping-da-saudacoes-de-festival-da-primavera-a-todos-os-chineses\\\/\"},\"author\":{\"name\":\"Ismael Lucas S. Pereira\",\"@id\":\"https:\\\/\\\/diariodepe.com.br\\\/cri\\\/#\\\/schema\\\/person\\\/121bb28d84f1a5b1205ef4ce9c2e0c6b\"},\"headline\":\"Xi Jinping d\u00e1 sauda\u00e7\u00f5es de Festival da Primavera a todos os chineses\",\"datePublished\":\"2023-01-24T03:20:46+00:00\",\"dateModified\":\"2023-01-24T03:20:47+00:00\",\"mainEntityOfPage\":{\"@id\":\"https:\\\/\\\/diariodepe.com.br\\\/cri\\\/2023\\\/01\\\/24\\\/xi-jinping-da-saudacoes-de-festival-da-primavera-a-todos-os-chineses\\\/\"},\"wordCount\":211,\"commentCount\":0,\"publisher\":{\"@id\":\"https:\\\/\\\/diariodepe.com.br\\\/cri\\\/#organization\"},\"articleSection\":[\"China\"],\"inLanguage\":\"pt-BR\",\"potentialAction\":[{\"@type\":\"CommentAction\",\"name\":\"Comment\",\"target\":[\"https:\\\/\\\/diariodepe.com.br\\\/cri\\\/2023\\\/01\\\/24\\\/xi-jinping-da-saudacoes-de-festival-da-primavera-a-todos-os-chineses\\\/#respond\"]}]},{\"@type\":\"WebPage\",\"@id\":\"https:\\\/\\\/diariodepe.com.br\\\/cri\\\/2023\\\/01\\\/24\\\/xi-jinping-da-saudacoes-de-festival-da-primavera-a-todos-os-chineses\\\/\",\"url\":\"https:\\\/\\\/diariodepe.com.br\\\/cri\\\/2023\\\/01\\\/24\\\/xi-jinping-da-saudacoes-de-festival-da-primavera-a-todos-os-chineses\\\/\",\"name\":\"Xi Jinping d\u00e1 sauda\u00e7\u00f5es de Festival da Primavera a todos os chineses - CRI e Diario de Pernambuco\",\"isPartOf\":{\"@id\":\"https:\\\/\\\/diariodepe.com.br\\\/cri\\\/#website\"},\"datePublished\":\"2023-01-24T03:20:46+00:00\",\"dateModified\":\"2023-01-24T03:20:47+00:00\",\"breadcrumb\":{\"@id\":\"https:\\\/\\\/diariodepe.com.br\\\/cri\\\/2023\\\/01\\\/24\\\/xi-jinping-da-saudacoes-de-festival-da-primavera-a-todos-os-chineses\\\/#breadcrumb\"},\"inLanguage\":\"pt-BR\",\"potentialAction\":[{\"@type\":\"ReadAction\",\"target\":[\"https:\\\/\\\/diariodepe.com.br\\\/cri\\\/2023\\\/01\\\/24\\\/xi-jinping-da-saudacoes-de-festival-da-primavera-a-todos-os-chineses\\\/\"]}]},{\"@type\":\"BreadcrumbList\",\"@id\":\"https:\\\/\\\/diariodepe.com.br\\\/cri\\\/2023\\\/01\\\/24\\\/xi-jinping-da-saudacoes-de-festival-da-primavera-a-todos-os-chineses\\\/#breadcrumb\",\"itemListElement\":[{\"@type\":\"ListItem\",\"position\":1,\"name\":\"In\u00edcio\",\"item\":\"https:\\\/\\\/diariodepe.com.br\\\/cri\\\/\"},{\"@type\":\"ListItem\",\"position\":2,\"name\":\"Xi Jinping d\u00e1 sauda\u00e7\u00f5es de Festival da Primavera a todos os chineses\"}]},{\"@type\":\"WebSite\",\"@id\":\"https:\\\/\\\/diariodepe.com.br\\\/cri\\\/#website\",\"url\":\"https:\\\/\\\/diariodepe.com.br\\\/cri\\\/\",\"name\":\"CRI e Diario de Pernambuco\",\"description\":\"R\u00e1dio Internacional da China\",\"publisher\":{\"@id\":\"https:\\\/\\\/diariodepe.com.br\\\/cri\\\/#organization\"},\"potentialAction\":[{\"@type\":\"SearchAction\",\"target\":{\"@type\":\"EntryPoint\",\"urlTemplate\":\"https:\\\/\\\/diariodepe.com.br\\\/cri\\\/?s={search_term_string}\"},\"query-input\":{\"@type\":\"PropertyValueSpecification\",\"valueRequired\":true,\"valueName\":\"search_term_string\"}}],\"inLanguage\":\"pt-BR\"},{\"@type\":\"Organization\",\"@id\":\"https:\\\/\\\/diariodepe.com.br\\\/cri\\\/#organization\",\"name\":\"CRI e Diario de Pernambuco\",\"url\":\"https:\\\/\\\/diariodepe.com.br\\\/cri\\\/\",\"logo\":{\"@type\":\"ImageObject\",\"inLanguage\":\"pt-BR\",\"@id\":\"https:\\\/\\\/diariodepe.com.br\\\/cri\\\/#\\\/schema\\\/logo\\\/image\\\/\",\"url\":\"https:\\\/\\\/diariodepe.com.br\\\/cri\\\/wp-content\\\/uploads\\\/sites\\\/2\\\/2022\\\/12\\\/cropped-Logo.jpg\",\"contentUrl\":\"https:\\\/\\\/diariodepe.com.br\\\/cri\\\/wp-content\\\/uploads\\\/sites\\\/2\\\/2022\\\/12\\\/cropped-Logo.jpg\",\"width\":700,\"height\":59,\"caption\":\"CRI e Diario de Pernambuco\"},\"image\":{\"@id\":\"https:\\\/\\\/diariodepe.com.br\\\/cri\\\/#\\\/schema\\\/logo\\\/image\\\/\"}},{\"@type\":\"Person\",\"@id\":\"https:\\\/\\\/diariodepe.com.br\\\/cri\\\/#\\\/schema\\\/person\\\/121bb28d84f1a5b1205ef4ce9c2e0c6b\",\"name\":\"Ismael Lucas S. Pereira\",\"image\":{\"@type\":\"ImageObject\",\"inLanguage\":\"pt-BR\",\"@id\":\"https:\\\/\\\/secure.gravatar.com\\\/avatar\\\/887a0f3b5a7ceea963a48499fb883ffce6b5037362def025c52c2505b15d63e4?s=96&d=mm&r=g\",\"url\":\"https:\\\/\\\/secure.gravatar.com\\\/avatar\\\/887a0f3b5a7ceea963a48499fb883ffce6b5037362def025c52c2505b15d63e4?s=96&d=mm&r=g\",\"contentUrl\":\"https:\\\/\\\/secure.gravatar.com\\\/avatar\\\/887a0f3b5a7ceea963a48499fb883ffce6b5037362def025c52c2505b15d63e4?s=96&d=mm&r=g\",\"caption\":\"Ismael Lucas S. Pereira\"},\"url\":\"https:\\\/\\\/diariodepe.com.br\\\/cri\\\/author\\\/ismael-lucas\\\/\"}]}<\/script>\n<!-- \/ Yoast SEO plugin. -->","yoast_head_json":{"title":"Xi Jinping d\u00e1 sauda\u00e7\u00f5es de Festival da Primavera a todos os chineses - CRI e Diario de Pernambuco","robots":{"index":"index","follow":"follow","max-snippet":"max-snippet:-1","max-image-preview":"max-image-preview:large","max-video-preview":"max-video-preview:-1"},"canonical":"https:\/\/diariodepe.com.br\/cri\/2023\/01\/24\/xi-jinping-da-saudacoes-de-festival-da-primavera-a-todos-os-chineses\/","og_locale":"pt_BR","og_type":"article","og_title":"Xi Jinping d\u00e1 sauda\u00e7\u00f5es de Festival da Primavera a todos os chineses - CRI e Diario de Pernambuco","og_description":"O presidente chin\u00eas, Xi Jinping, estendeu sauda\u00e7\u00f5es de Festival da Primavera a todos os chineses nesta sexta-feira (20), na recep\u00e7\u00e3o tradicional realizada em Beijing pelo Comit\u00ea Central do Partido Comunista da China (PCCh) e pelo Conselho de Estado do pa\u00eds....","og_url":"https:\/\/diariodepe.com.br\/cri\/2023\/01\/24\/xi-jinping-da-saudacoes-de-festival-da-primavera-a-todos-os-chineses\/","og_site_name":"CRI e Diario de Pernambuco","article_published_time":"2023-01-24T03:20:46+00:00","article_modified_time":"2023-01-24T03:20:47+00:00","author":"Ismael Lucas S. Pereira","twitter_card":"summary_large_image","twitter_misc":{"Escrito por":"Ismael Lucas S. Pereira","Est. tempo de leitura":"2 minutos"},"schema":{"@context":"https:\/\/schema.org","@graph":[{"@type":"Article","@id":"https:\/\/diariodepe.com.br\/cri\/2023\/01\/24\/xi-jinping-da-saudacoes-de-festival-da-primavera-a-todos-os-chineses\/#article","isPartOf":{"@id":"https:\/\/diariodepe.com.br\/cri\/2023\/01\/24\/xi-jinping-da-saudacoes-de-festival-da-primavera-a-todos-os-chineses\/"},"author":{"name":"Ismael Lucas S. Pereira","@id":"https:\/\/diariodepe.com.br\/cri\/#\/schema\/person\/121bb28d84f1a5b1205ef4ce9c2e0c6b"},"headline":"Xi Jinping d\u00e1 sauda\u00e7\u00f5es de Festival da Primavera a todos os chineses","datePublished":"2023-01-24T03:20:46+00:00","dateModified":"2023-01-24T03:20:47+00:00","mainEntityOfPage":{"@id":"https:\/\/diariodepe.com.br\/cri\/2023\/01\/24\/xi-jinping-da-saudacoes-de-festival-da-primavera-a-todos-os-chineses\/"},"wordCount":211,"commentCount":0,"publisher":{"@id":"https:\/\/diariodepe.com.br\/cri\/#organization"},"articleSection":["China"],"inLanguage":"pt-BR","potentialAction":[{"@type":"CommentAction","name":"Comment","target":["https:\/\/diariodepe.com.br\/cri\/2023\/01\/24\/xi-jinping-da-saudacoes-de-festival-da-primavera-a-todos-os-chineses\/#respond"]}]},{"@type":"WebPage","@id":"https:\/\/diariodepe.com.br\/cri\/2023\/01\/24\/xi-jinping-da-saudacoes-de-festival-da-primavera-a-todos-os-chineses\/","url":"https:\/\/diariodepe.com.br\/cri\/2023\/01\/24\/xi-jinping-da-saudacoes-de-festival-da-primavera-a-todos-os-chineses\/","name":"Xi Jinping d\u00e1 sauda\u00e7\u00f5es de Festival da Primavera a todos os chineses - CRI e Diario de Pernambuco","isPartOf":{"@id":"https:\/\/diariodepe.com.br\/cri\/#website"},"datePublished":"2023-01-24T03:20:46+00:00","dateModified":"2023-01-24T03:20:47+00:00","breadcrumb":{"@id":"https:\/\/diariodepe.com.br\/cri\/2023\/01\/24\/xi-jinping-da-saudacoes-de-festival-da-primavera-a-todos-os-chineses\/#breadcrumb"},"inLanguage":"pt-BR","potentialAction":[{"@type":"ReadAction","target":["https:\/\/diariodepe.com.br\/cri\/2023\/01\/24\/xi-jinping-da-saudacoes-de-festival-da-primavera-a-todos-os-chineses\/"]}]},{"@type":"BreadcrumbList","@id":"https:\/\/diariodepe.com.br\/cri\/2023\/01\/24\/xi-jinping-da-saudacoes-de-festival-da-primavera-a-todos-os-chineses\/#breadcrumb","itemListElement":[{"@type":"ListItem","position":1,"name":"In\u00edcio","item":"https:\/\/diariodepe.com.br\/cri\/"},{"@type":"ListItem","position":2,"name":"Xi Jinping d\u00e1 sauda\u00e7\u00f5es de Festival da Primavera a todos os chineses"}]},{"@type":"WebSite","@id":"https:\/\/diariodepe.com.br\/cri\/#website","url":"https:\/\/diariodepe.com.br\/cri\/","name":"CRI e Diario de Pernambuco","description":"R\u00e1dio Internacional da China","publisher":{"@id":"https:\/\/diariodepe.com.br\/cri\/#organization"},"potentialAction":[{"@type":"SearchAction","target":{"@type":"EntryPoint","urlTemplate":"https:\/\/diariodepe.com.br\/cri\/?s={search_term_string}"},"query-input":{"@type":"PropertyValueSpecification","valueRequired":true,"valueName":"search_term_string"}}],"inLanguage":"pt-BR"},{"@type":"Organization","@id":"https:\/\/diariodepe.com.br\/cri\/#organization","name":"CRI e Diario de Pernambuco","url":"https:\/\/diariodepe.com.br\/cri\/","logo":{"@type":"ImageObject","inLanguage":"pt-BR","@id":"https:\/\/diariodepe.com.br\/cri\/#\/schema\/logo\/image\/","url":"https:\/\/diariodepe.com.br\/cri\/wp-content\/uploads\/sites\/2\/2022\/12\/cropped-Logo.jpg","contentUrl":"https:\/\/diariodepe.com.br\/cri\/wp-content\/uploads\/sites\/2\/2022\/12\/cropped-Logo.jpg","width":700,"height":59,"caption":"CRI e Diario de Pernambuco"},"image":{"@id":"https:\/\/diariodepe.com.br\/cri\/#\/schema\/logo\/image\/"}},{"@type":"Person","@id":"https:\/\/diariodepe.com.br\/cri\/#\/schema\/person\/121bb28d84f1a5b1205ef4ce9c2e0c6b","name":"Ismael Lucas S. Pereira","image":{"@type":"ImageObject","inLanguage":"pt-BR","@id":"https:\/\/secure.gravatar.com\/avatar\/887a0f3b5a7ceea963a48499fb883ffce6b5037362def025c52c2505b15d63e4?s=96&d=mm&r=g","url":"https:\/\/secure.gravatar.com\/avatar\/887a0f3b5a7ceea963a48499fb883ffce6b5037362def025c52c2505b15d63e4?s=96&d=mm&r=g","contentUrl":"https:\/\/secure.gravatar.com\/avatar\/887a0f3b5a7ceea963a48499fb883ffce6b5037362def025c52c2505b15d63e4?s=96&d=mm&r=g","caption":"Ismael Lucas S. Pereira"},"url":"https:\/\/diariodepe.com.br\/cri\/author\/ismael-lucas\/"}]}},"cc_featured_image_caption":{"caption_text":"","source_text":"","source_url":""},"amp_enabled":true,"_links":{"self":[{"href":"https:\/\/diariodepe.com.br\/cri\/wp-json\/wp\/v2\/posts\/437","targetHints":{"allow":["GET"]}}],"collection":[{"href":"https:\/\/diariodepe.com.br\/cri\/wp-json\/wp\/v2\/posts"}],"about":[{"href":"https:\/\/diariodepe.com.br\/cri\/wp-json\/wp\/v2\/types\/post"}],"author":[{"embeddable":true,"href":"https:\/\/diariodepe.com.br\/cri\/wp-json\/wp\/v2\/users\/2"}],"replies":[{"embeddable":true,"href":"https:\/\/diariodepe.com.br\/cri\/wp-json\/wp\/v2\/comments?post=437"}],"version-history":[{"count":1,"href":"https:\/\/diariodepe.com.br\/cri\/wp-json\/wp\/v2\/posts\/437\/revisions"}],"predecessor-version":[{"id":438,"href":"https:\/\/diariodepe.com.br\/cri\/wp-json\/wp\/v2\/posts\/437\/revisions\/438"}],"wp:attachment":[{"href":"https:\/\/diariodepe.com.br\/cri\/wp-json\/wp\/v2\/media?parent=437"}],"wp:term":[{"taxonomy":"category","embeddable":true,"href":"https:\/\/diariodepe.com.br\/cri\/wp-json\/wp\/v2\/categories?post=437"},{"taxonomy":"post_tag","embeddable":true,"href":"https:\/\/diariodepe.com.br\/cri\/wp-json\/wp\/v2\/tags?post=437"}],"curies":[{"name":"wp","href":"https:\/\/api.w.org\/{rel}","templated":true}]}}