{"id":428,"date":"2023-01-24T00:14:16","date_gmt":"2023-01-24T03:14:16","guid":{"rendered":"https:\/\/diariodepe.com.br\/cri\/?p=428"},"modified":"2023-01-24T00:14:17","modified_gmt":"2023-01-24T03:14:17","slug":"gala-do-festival-da-primavera-registra-publico-de-11-bilhoes-pelo-mundo","status":"publish","type":"post","link":"https:\/\/diariodepe.com.br\/cri\/2023\/01\/24\/gala-do-festival-da-primavera-registra-publico-de-11-bilhoes-pelo-mundo\/","title":{"rendered":"<strong>Gala do Festival da Primavera registra p\u00fablico de 11 bilh\u00f5es pelo mundo<\/strong>"},"content":{"rendered":"\n<p>A Gala do Festival da Primavera de 2023, produzida pelo Grupo de M\u00eddia da China (CMG, na sigla em ingl\u00eas), ofereceu um banquete cultural para chineses pelo mundo. At\u00e9 as 2h deste domingo (22), o programa registrou p\u00fablico de 11 bilh\u00f5es, e 50,51% era de jovens entre 15 e 44 anos. Al\u00e9m disso, a escala de transmiss\u00e3o da gala nas novas m\u00eddias e sua divulga\u00e7\u00e3o ultramarina bateram recordes hist\u00f3ricos.<\/p>\n\n\n\n<p>A audi\u00eancia do programa representa 76,29% das fatias de mercado chin\u00eas da televis\u00e3o, um aumento de 2,19 pontos percentuais sobre o ano passado. J\u00e1 nas novas m\u00eddias, mais de 188 milh\u00f5es de pessoas assistiram \u00e0 transmiss\u00e3o ao vivo, um crescimento de 56,7% frente ao ano passado.<\/p>\n","protected":false},"excerpt":{"rendered":"<p>A Gala do Festival da Primavera de 2023, produzida pelo Grupo de M\u00eddia da China (CMG, na sigla em ingl\u00eas), ofereceu um banquete cultural para chineses pelo mundo. At\u00e9 as 2h deste domingo (22), o programa registrou p\u00fablico de 11&#8230;<\/p>\n","protected":false},"author":2,"featured_media":0,"comment_status":"open","ping_status":"open","sticky":false,"template":"","format":"standard","meta":{"footnotes":""},"categories":[8],"tags":[],"class_list":["post-428","post","type-post","status-publish","format-standard","hentry","category-internacional"],"yoast_head":"<!-- This site is optimized with the Yoast SEO plugin v27.4 - https:\/\/yoast.com\/product\/yoast-seo-wordpress\/ -->\n<title>Gala do Festival da Primavera registra p\u00fablico de 11 bilh\u00f5es pelo mundo - CRI e Diario de Pernambuco<\/title>\n<meta name=\"robots\" content=\"index, follow, max-snippet:-1, max-image-preview:large, max-video-preview:-1\" \/>\n<link rel=\"canonical\" href=\"https:\/\/diariodepe.com.br\/cri\/2023\/01\/24\/gala-do-festival-da-primavera-registra-publico-de-11-bilhoes-pelo-mundo\/\" \/>\n<meta property=\"og:locale\" content=\"pt_BR\" \/>\n<meta property=\"og:type\" content=\"article\" \/>\n<meta property=\"og:title\" content=\"Gala do Festival da Primavera registra p\u00fablico de 11 bilh\u00f5es pelo mundo - CRI e Diario de Pernambuco\" \/>\n<meta property=\"og:description\" content=\"A Gala do Festival da Primavera de 2023, produzida pelo Grupo de M\u00eddia da China (CMG, na sigla em ingl\u00eas), ofereceu um banquete cultural para chineses pelo mundo. At\u00e9 as 2h deste domingo (22), o programa registrou p\u00fablico de 11...\" \/>\n<meta property=\"og:url\" content=\"https:\/\/diariodepe.com.br\/cri\/2023\/01\/24\/gala-do-festival-da-primavera-registra-publico-de-11-bilhoes-pelo-mundo\/\" \/>\n<meta property=\"og:site_name\" content=\"CRI e Diario de Pernambuco\" \/>\n<meta property=\"article:published_time\" content=\"2023-01-24T03:14:16+00:00\" \/>\n<meta property=\"article:modified_time\" content=\"2023-01-24T03:14:17+00:00\" \/>\n<meta name=\"author\" content=\"Ismael Lucas S. Pereira\" \/>\n<meta name=\"twitter:card\" content=\"summary_large_image\" \/>\n<meta name=\"twitter:label1\" content=\"Escrito por\" \/>\n\t<meta name=\"twitter:data1\" content=\"Ismael Lucas S. Pereira\" \/>\n\t<meta name=\"twitter:label2\" content=\"Est. tempo de leitura\" \/>\n\t<meta name=\"twitter:data2\" content=\"1 minuto\" \/>\n<script type=\"application\/ld+json\" class=\"yoast-schema-graph\">{\"@context\":\"https:\\\/\\\/schema.org\",\"@graph\":[{\"@type\":\"Article\",\"@id\":\"https:\\\/\\\/diariodepe.com.br\\\/cri\\\/2023\\\/01\\\/24\\\/gala-do-festival-da-primavera-registra-publico-de-11-bilhoes-pelo-mundo\\\/#article\",\"isPartOf\":{\"@id\":\"https:\\\/\\\/diariodepe.com.br\\\/cri\\\/2023\\\/01\\\/24\\\/gala-do-festival-da-primavera-registra-publico-de-11-bilhoes-pelo-mundo\\\/\"},\"author\":{\"name\":\"Ismael Lucas S. Pereira\",\"@id\":\"https:\\\/\\\/diariodepe.com.br\\\/cri\\\/#\\\/schema\\\/person\\\/121bb28d84f1a5b1205ef4ce9c2e0c6b\"},\"headline\":\"Gala do Festival da Primavera registra p\u00fablico de 11 bilh\u00f5es pelo mundo\",\"datePublished\":\"2023-01-24T03:14:16+00:00\",\"dateModified\":\"2023-01-24T03:14:17+00:00\",\"mainEntityOfPage\":{\"@id\":\"https:\\\/\\\/diariodepe.com.br\\\/cri\\\/2023\\\/01\\\/24\\\/gala-do-festival-da-primavera-registra-publico-de-11-bilhoes-pelo-mundo\\\/\"},\"wordCount\":132,\"commentCount\":0,\"publisher\":{\"@id\":\"https:\\\/\\\/diariodepe.com.br\\\/cri\\\/#organization\"},\"articleSection\":[\"Internacional\"],\"inLanguage\":\"pt-BR\",\"potentialAction\":[{\"@type\":\"CommentAction\",\"name\":\"Comment\",\"target\":[\"https:\\\/\\\/diariodepe.com.br\\\/cri\\\/2023\\\/01\\\/24\\\/gala-do-festival-da-primavera-registra-publico-de-11-bilhoes-pelo-mundo\\\/#respond\"]}]},{\"@type\":\"WebPage\",\"@id\":\"https:\\\/\\\/diariodepe.com.br\\\/cri\\\/2023\\\/01\\\/24\\\/gala-do-festival-da-primavera-registra-publico-de-11-bilhoes-pelo-mundo\\\/\",\"url\":\"https:\\\/\\\/diariodepe.com.br\\\/cri\\\/2023\\\/01\\\/24\\\/gala-do-festival-da-primavera-registra-publico-de-11-bilhoes-pelo-mundo\\\/\",\"name\":\"Gala do Festival da Primavera registra p\u00fablico de 11 bilh\u00f5es pelo mundo - CRI e Diario de Pernambuco\",\"isPartOf\":{\"@id\":\"https:\\\/\\\/diariodepe.com.br\\\/cri\\\/#website\"},\"datePublished\":\"2023-01-24T03:14:16+00:00\",\"dateModified\":\"2023-01-24T03:14:17+00:00\",\"breadcrumb\":{\"@id\":\"https:\\\/\\\/diariodepe.com.br\\\/cri\\\/2023\\\/01\\\/24\\\/gala-do-festival-da-primavera-registra-publico-de-11-bilhoes-pelo-mundo\\\/#breadcrumb\"},\"inLanguage\":\"pt-BR\",\"potentialAction\":[{\"@type\":\"ReadAction\",\"target\":[\"https:\\\/\\\/diariodepe.com.br\\\/cri\\\/2023\\\/01\\\/24\\\/gala-do-festival-da-primavera-registra-publico-de-11-bilhoes-pelo-mundo\\\/\"]}]},{\"@type\":\"BreadcrumbList\",\"@id\":\"https:\\\/\\\/diariodepe.com.br\\\/cri\\\/2023\\\/01\\\/24\\\/gala-do-festival-da-primavera-registra-publico-de-11-bilhoes-pelo-mundo\\\/#breadcrumb\",\"itemListElement\":[{\"@type\":\"ListItem\",\"position\":1,\"name\":\"In\u00edcio\",\"item\":\"https:\\\/\\\/diariodepe.com.br\\\/cri\\\/\"},{\"@type\":\"ListItem\",\"position\":2,\"name\":\"Gala do Festival da Primavera registra p\u00fablico de 11 bilh\u00f5es pelo mundo\"}]},{\"@type\":\"WebSite\",\"@id\":\"https:\\\/\\\/diariodepe.com.br\\\/cri\\\/#website\",\"url\":\"https:\\\/\\\/diariodepe.com.br\\\/cri\\\/\",\"name\":\"CRI e Diario de Pernambuco\",\"description\":\"R\u00e1dio Internacional da China\",\"publisher\":{\"@id\":\"https:\\\/\\\/diariodepe.com.br\\\/cri\\\/#organization\"},\"potentialAction\":[{\"@type\":\"SearchAction\",\"target\":{\"@type\":\"EntryPoint\",\"urlTemplate\":\"https:\\\/\\\/diariodepe.com.br\\\/cri\\\/?s={search_term_string}\"},\"query-input\":{\"@type\":\"PropertyValueSpecification\",\"valueRequired\":true,\"valueName\":\"search_term_string\"}}],\"inLanguage\":\"pt-BR\"},{\"@type\":\"Organization\",\"@id\":\"https:\\\/\\\/diariodepe.com.br\\\/cri\\\/#organization\",\"name\":\"CRI e Diario de Pernambuco\",\"url\":\"https:\\\/\\\/diariodepe.com.br\\\/cri\\\/\",\"logo\":{\"@type\":\"ImageObject\",\"inLanguage\":\"pt-BR\",\"@id\":\"https:\\\/\\\/diariodepe.com.br\\\/cri\\\/#\\\/schema\\\/logo\\\/image\\\/\",\"url\":\"https:\\\/\\\/diariodepe.com.br\\\/cri\\\/wp-content\\\/uploads\\\/sites\\\/2\\\/2022\\\/12\\\/cropped-Logo.jpg\",\"contentUrl\":\"https:\\\/\\\/diariodepe.com.br\\\/cri\\\/wp-content\\\/uploads\\\/sites\\\/2\\\/2022\\\/12\\\/cropped-Logo.jpg\",\"width\":700,\"height\":59,\"caption\":\"CRI e Diario de Pernambuco\"},\"image\":{\"@id\":\"https:\\\/\\\/diariodepe.com.br\\\/cri\\\/#\\\/schema\\\/logo\\\/image\\\/\"}},{\"@type\":\"Person\",\"@id\":\"https:\\\/\\\/diariodepe.com.br\\\/cri\\\/#\\\/schema\\\/person\\\/121bb28d84f1a5b1205ef4ce9c2e0c6b\",\"name\":\"Ismael Lucas S. Pereira\",\"image\":{\"@type\":\"ImageObject\",\"inLanguage\":\"pt-BR\",\"@id\":\"https:\\\/\\\/secure.gravatar.com\\\/avatar\\\/887a0f3b5a7ceea963a48499fb883ffce6b5037362def025c52c2505b15d63e4?s=96&d=mm&r=g\",\"url\":\"https:\\\/\\\/secure.gravatar.com\\\/avatar\\\/887a0f3b5a7ceea963a48499fb883ffce6b5037362def025c52c2505b15d63e4?s=96&d=mm&r=g\",\"contentUrl\":\"https:\\\/\\\/secure.gravatar.com\\\/avatar\\\/887a0f3b5a7ceea963a48499fb883ffce6b5037362def025c52c2505b15d63e4?s=96&d=mm&r=g\",\"caption\":\"Ismael Lucas S. Pereira\"},\"url\":\"https:\\\/\\\/diariodepe.com.br\\\/cri\\\/author\\\/ismael-lucas\\\/\"}]}<\/script>\n<!-- \/ Yoast SEO plugin. -->","yoast_head_json":{"title":"Gala do Festival da Primavera registra p\u00fablico de 11 bilh\u00f5es pelo mundo - CRI e Diario de Pernambuco","robots":{"index":"index","follow":"follow","max-snippet":"max-snippet:-1","max-image-preview":"max-image-preview:large","max-video-preview":"max-video-preview:-1"},"canonical":"https:\/\/diariodepe.com.br\/cri\/2023\/01\/24\/gala-do-festival-da-primavera-registra-publico-de-11-bilhoes-pelo-mundo\/","og_locale":"pt_BR","og_type":"article","og_title":"Gala do Festival da Primavera registra p\u00fablico de 11 bilh\u00f5es pelo mundo - CRI e Diario de Pernambuco","og_description":"A Gala do Festival da Primavera de 2023, produzida pelo Grupo de M\u00eddia da China (CMG, na sigla em ingl\u00eas), ofereceu um banquete cultural para chineses pelo mundo. At\u00e9 as 2h deste domingo (22), o programa registrou p\u00fablico de 11...","og_url":"https:\/\/diariodepe.com.br\/cri\/2023\/01\/24\/gala-do-festival-da-primavera-registra-publico-de-11-bilhoes-pelo-mundo\/","og_site_name":"CRI e Diario de Pernambuco","article_published_time":"2023-01-24T03:14:16+00:00","article_modified_time":"2023-01-24T03:14:17+00:00","author":"Ismael Lucas S. Pereira","twitter_card":"summary_large_image","twitter_misc":{"Escrito por":"Ismael Lucas S. Pereira","Est. tempo de leitura":"1 minuto"},"schema":{"@context":"https:\/\/schema.org","@graph":[{"@type":"Article","@id":"https:\/\/diariodepe.com.br\/cri\/2023\/01\/24\/gala-do-festival-da-primavera-registra-publico-de-11-bilhoes-pelo-mundo\/#article","isPartOf":{"@id":"https:\/\/diariodepe.com.br\/cri\/2023\/01\/24\/gala-do-festival-da-primavera-registra-publico-de-11-bilhoes-pelo-mundo\/"},"author":{"name":"Ismael Lucas S. Pereira","@id":"https:\/\/diariodepe.com.br\/cri\/#\/schema\/person\/121bb28d84f1a5b1205ef4ce9c2e0c6b"},"headline":"Gala do Festival da Primavera registra p\u00fablico de 11 bilh\u00f5es pelo mundo","datePublished":"2023-01-24T03:14:16+00:00","dateModified":"2023-01-24T03:14:17+00:00","mainEntityOfPage":{"@id":"https:\/\/diariodepe.com.br\/cri\/2023\/01\/24\/gala-do-festival-da-primavera-registra-publico-de-11-bilhoes-pelo-mundo\/"},"wordCount":132,"commentCount":0,"publisher":{"@id":"https:\/\/diariodepe.com.br\/cri\/#organization"},"articleSection":["Internacional"],"inLanguage":"pt-BR","potentialAction":[{"@type":"CommentAction","name":"Comment","target":["https:\/\/diariodepe.com.br\/cri\/2023\/01\/24\/gala-do-festival-da-primavera-registra-publico-de-11-bilhoes-pelo-mundo\/#respond"]}]},{"@type":"WebPage","@id":"https:\/\/diariodepe.com.br\/cri\/2023\/01\/24\/gala-do-festival-da-primavera-registra-publico-de-11-bilhoes-pelo-mundo\/","url":"https:\/\/diariodepe.com.br\/cri\/2023\/01\/24\/gala-do-festival-da-primavera-registra-publico-de-11-bilhoes-pelo-mundo\/","name":"Gala do Festival da Primavera registra p\u00fablico de 11 bilh\u00f5es pelo mundo - CRI e Diario de Pernambuco","isPartOf":{"@id":"https:\/\/diariodepe.com.br\/cri\/#website"},"datePublished":"2023-01-24T03:14:16+00:00","dateModified":"2023-01-24T03:14:17+00:00","breadcrumb":{"@id":"https:\/\/diariodepe.com.br\/cri\/2023\/01\/24\/gala-do-festival-da-primavera-registra-publico-de-11-bilhoes-pelo-mundo\/#breadcrumb"},"inLanguage":"pt-BR","potentialAction":[{"@type":"ReadAction","target":["https:\/\/diariodepe.com.br\/cri\/2023\/01\/24\/gala-do-festival-da-primavera-registra-publico-de-11-bilhoes-pelo-mundo\/"]}]},{"@type":"BreadcrumbList","@id":"https:\/\/diariodepe.com.br\/cri\/2023\/01\/24\/gala-do-festival-da-primavera-registra-publico-de-11-bilhoes-pelo-mundo\/#breadcrumb","itemListElement":[{"@type":"ListItem","position":1,"name":"In\u00edcio","item":"https:\/\/diariodepe.com.br\/cri\/"},{"@type":"ListItem","position":2,"name":"Gala do Festival da Primavera registra p\u00fablico de 11 bilh\u00f5es pelo mundo"}]},{"@type":"WebSite","@id":"https:\/\/diariodepe.com.br\/cri\/#website","url":"https:\/\/diariodepe.com.br\/cri\/","name":"CRI e Diario de Pernambuco","description":"R\u00e1dio Internacional da China","publisher":{"@id":"https:\/\/diariodepe.com.br\/cri\/#organization"},"potentialAction":[{"@type":"SearchAction","target":{"@type":"EntryPoint","urlTemplate":"https:\/\/diariodepe.com.br\/cri\/?s={search_term_string}"},"query-input":{"@type":"PropertyValueSpecification","valueRequired":true,"valueName":"search_term_string"}}],"inLanguage":"pt-BR"},{"@type":"Organization","@id":"https:\/\/diariodepe.com.br\/cri\/#organization","name":"CRI e Diario de Pernambuco","url":"https:\/\/diariodepe.com.br\/cri\/","logo":{"@type":"ImageObject","inLanguage":"pt-BR","@id":"https:\/\/diariodepe.com.br\/cri\/#\/schema\/logo\/image\/","url":"https:\/\/diariodepe.com.br\/cri\/wp-content\/uploads\/sites\/2\/2022\/12\/cropped-Logo.jpg","contentUrl":"https:\/\/diariodepe.com.br\/cri\/wp-content\/uploads\/sites\/2\/2022\/12\/cropped-Logo.jpg","width":700,"height":59,"caption":"CRI e Diario de Pernambuco"},"image":{"@id":"https:\/\/diariodepe.com.br\/cri\/#\/schema\/logo\/image\/"}},{"@type":"Person","@id":"https:\/\/diariodepe.com.br\/cri\/#\/schema\/person\/121bb28d84f1a5b1205ef4ce9c2e0c6b","name":"Ismael Lucas S. Pereira","image":{"@type":"ImageObject","inLanguage":"pt-BR","@id":"https:\/\/secure.gravatar.com\/avatar\/887a0f3b5a7ceea963a48499fb883ffce6b5037362def025c52c2505b15d63e4?s=96&d=mm&r=g","url":"https:\/\/secure.gravatar.com\/avatar\/887a0f3b5a7ceea963a48499fb883ffce6b5037362def025c52c2505b15d63e4?s=96&d=mm&r=g","contentUrl":"https:\/\/secure.gravatar.com\/avatar\/887a0f3b5a7ceea963a48499fb883ffce6b5037362def025c52c2505b15d63e4?s=96&d=mm&r=g","caption":"Ismael Lucas S. Pereira"},"url":"https:\/\/diariodepe.com.br\/cri\/author\/ismael-lucas\/"}]}},"cc_featured_image_caption":{"caption_text":"","source_text":"","source_url":""},"amp_enabled":true,"_links":{"self":[{"href":"https:\/\/diariodepe.com.br\/cri\/wp-json\/wp\/v2\/posts\/428","targetHints":{"allow":["GET"]}}],"collection":[{"href":"https:\/\/diariodepe.com.br\/cri\/wp-json\/wp\/v2\/posts"}],"about":[{"href":"https:\/\/diariodepe.com.br\/cri\/wp-json\/wp\/v2\/types\/post"}],"author":[{"embeddable":true,"href":"https:\/\/diariodepe.com.br\/cri\/wp-json\/wp\/v2\/users\/2"}],"replies":[{"embeddable":true,"href":"https:\/\/diariodepe.com.br\/cri\/wp-json\/wp\/v2\/comments?post=428"}],"version-history":[{"count":1,"href":"https:\/\/diariodepe.com.br\/cri\/wp-json\/wp\/v2\/posts\/428\/revisions"}],"predecessor-version":[{"id":429,"href":"https:\/\/diariodepe.com.br\/cri\/wp-json\/wp\/v2\/posts\/428\/revisions\/429"}],"wp:attachment":[{"href":"https:\/\/diariodepe.com.br\/cri\/wp-json\/wp\/v2\/media?parent=428"}],"wp:term":[{"taxonomy":"category","embeddable":true,"href":"https:\/\/diariodepe.com.br\/cri\/wp-json\/wp\/v2\/categories?post=428"},{"taxonomy":"post_tag","embeddable":true,"href":"https:\/\/diariodepe.com.br\/cri\/wp-json\/wp\/v2\/tags?post=428"}],"curies":[{"name":"wp","href":"https:\/\/api.w.org\/{rel}","templated":true}]}}