{"id":419,"date":"2023-01-23T23:57:10","date_gmt":"2023-01-24T02:57:10","guid":{"rendered":"https:\/\/diariodepe.com.br\/cri\/?p=419"},"modified":"2023-01-23T23:57:11","modified_gmt":"2023-01-24T02:57:11","slug":"pior-do-que-o-novo-coronavirus-e-o-virus-politico","status":"publish","type":"post","link":"https:\/\/diariodepe.com.br\/cri\/2023\/01\/23\/pior-do-que-o-novo-coronavirus-e-o-virus-politico\/","title":{"rendered":"<strong>Pior do que o novo coronav\u00edrus \u00e9 o &#8220;v\u00edrus pol\u00edtico&#8221;<\/strong>"},"content":{"rendered":"\n<p>Os Estados Unidos nunca deixaram de usar o novo coronav\u00edrus para realizar \u201cmanipula\u00e7\u00f5es pol\u00edticas\u201d. Quando a pandemia come\u00e7ou, pol\u00edticos estadunidenses arrogantemente chamaram o novo coronav\u00edrus de \u201cv\u00edrus chin\u00eas\u201d. Quando a China entrou na fase regular de preven\u00e7\u00e3o e controle, os EUA caluniaram a pol\u00edtica do \u201czero-Covid din\u00e2mico\u201d como uma viola\u00e7\u00e3o dos direitos humanos. Quando a China otimizou suas medidas de resposta epid\u00eamica, os EUA impuseram restri\u00e7\u00f5es discriminat\u00f3rias de entrada no seu territ\u00f3rio contra chineses com o pretexto de estarem preocupados com o surgimento de variantes. O jornal brit\u00e2nico The Observer relatou recentemente que v\u00e1rios especialistas consideram as restri\u00e7\u00f5es aos viajantes oriundos da China como \u201cpura manipula\u00e7\u00e3o pol\u00edtica\u201d e carentes de fundamentos cient\u00edficos. Este \u201cv\u00edrus pol\u00edtico\u201d \u00e9 pior do que o novo coronav\u00edrus.<\/p>\n","protected":false},"excerpt":{"rendered":"<p>Os Estados Unidos nunca deixaram de usar o novo coronav\u00edrus para realizar \u201cmanipula\u00e7\u00f5es pol\u00edticas\u201d. Quando a pandemia come\u00e7ou, pol\u00edticos estadunidenses arrogantemente chamaram o novo coronav\u00edrus de \u201cv\u00edrus chin\u00eas\u201d. Quando a China entrou na fase regular de preven\u00e7\u00e3o e controle, os&#8230;<\/p>\n","protected":false},"author":2,"featured_media":420,"comment_status":"open","ping_status":"open","sticky":false,"template":"","format":"standard","meta":{"footnotes":""},"categories":[3],"tags":[],"class_list":["post-419","post","type-post","status-publish","format-standard","has-post-thumbnail","hentry","category-china"],"yoast_head":"<!-- This site is optimized with the Yoast SEO plugin v27.4 - https:\/\/yoast.com\/product\/yoast-seo-wordpress\/ -->\n<title>Pior do que o novo coronav\u00edrus \u00e9 o &quot;v\u00edrus pol\u00edtico&quot; - CRI e Diario de Pernambuco<\/title>\n<meta name=\"robots\" content=\"index, follow, max-snippet:-1, max-image-preview:large, max-video-preview:-1\" \/>\n<link rel=\"canonical\" href=\"https:\/\/diariodepe.com.br\/cri\/2023\/01\/23\/pior-do-que-o-novo-coronavirus-e-o-virus-politico\/\" \/>\n<meta property=\"og:locale\" content=\"pt_BR\" \/>\n<meta property=\"og:type\" content=\"article\" \/>\n<meta property=\"og:title\" content=\"Pior do que o novo coronav\u00edrus \u00e9 o &quot;v\u00edrus pol\u00edtico&quot; - CRI e Diario de Pernambuco\" \/>\n<meta property=\"og:description\" content=\"Os Estados Unidos nunca deixaram de usar o novo coronav\u00edrus para realizar \u201cmanipula\u00e7\u00f5es pol\u00edticas\u201d. Quando a pandemia come\u00e7ou, pol\u00edticos estadunidenses arrogantemente chamaram o novo coronav\u00edrus de \u201cv\u00edrus chin\u00eas\u201d. Quando a China entrou na fase regular de preven\u00e7\u00e3o e controle, os...\" \/>\n<meta property=\"og:url\" content=\"https:\/\/diariodepe.com.br\/cri\/2023\/01\/23\/pior-do-que-o-novo-coronavirus-e-o-virus-politico\/\" \/>\n<meta property=\"og:site_name\" content=\"CRI e Diario de Pernambuco\" \/>\n<meta property=\"article:published_time\" content=\"2023-01-24T02:57:10+00:00\" \/>\n<meta property=\"article:modified_time\" content=\"2023-01-24T02:57:11+00:00\" \/>\n<meta property=\"og:image\" content=\"https:\/\/diariodepe.com.br\/cri\/wp-content\/uploads\/sites\/2\/2023\/01\/2023011811445259104.jpg\" \/>\n\t<meta property=\"og:image:width\" content=\"1267\" \/>\n\t<meta property=\"og:image:height\" content=\"713\" \/>\n\t<meta property=\"og:image:type\" content=\"image\/jpeg\" \/>\n<meta name=\"author\" content=\"Ismael Lucas S. Pereira\" \/>\n<meta name=\"twitter:card\" content=\"summary_large_image\" \/>\n<meta name=\"twitter:label1\" content=\"Escrito por\" \/>\n\t<meta name=\"twitter:data1\" content=\"Ismael Lucas S. Pereira\" \/>\n\t<meta name=\"twitter:label2\" content=\"Est. tempo de leitura\" \/>\n\t<meta name=\"twitter:data2\" content=\"1 minuto\" \/>\n<script type=\"application\/ld+json\" class=\"yoast-schema-graph\">{\"@context\":\"https:\\\/\\\/schema.org\",\"@graph\":[{\"@type\":\"Article\",\"@id\":\"https:\\\/\\\/diariodepe.com.br\\\/cri\\\/2023\\\/01\\\/23\\\/pior-do-que-o-novo-coronavirus-e-o-virus-politico\\\/#article\",\"isPartOf\":{\"@id\":\"https:\\\/\\\/diariodepe.com.br\\\/cri\\\/2023\\\/01\\\/23\\\/pior-do-que-o-novo-coronavirus-e-o-virus-politico\\\/\"},\"author\":{\"name\":\"Ismael Lucas S. Pereira\",\"@id\":\"https:\\\/\\\/diariodepe.com.br\\\/cri\\\/#\\\/schema\\\/person\\\/121bb28d84f1a5b1205ef4ce9c2e0c6b\"},\"headline\":\"Pior do que o novo coronav\u00edrus \u00e9 o &#8220;v\u00edrus pol\u00edtico&#8221;\",\"datePublished\":\"2023-01-24T02:57:10+00:00\",\"dateModified\":\"2023-01-24T02:57:11+00:00\",\"mainEntityOfPage\":{\"@id\":\"https:\\\/\\\/diariodepe.com.br\\\/cri\\\/2023\\\/01\\\/23\\\/pior-do-que-o-novo-coronavirus-e-o-virus-politico\\\/\"},\"wordCount\":158,\"commentCount\":0,\"publisher\":{\"@id\":\"https:\\\/\\\/diariodepe.com.br\\\/cri\\\/#organization\"},\"image\":{\"@id\":\"https:\\\/\\\/diariodepe.com.br\\\/cri\\\/2023\\\/01\\\/23\\\/pior-do-que-o-novo-coronavirus-e-o-virus-politico\\\/#primaryimage\"},\"thumbnailUrl\":\"https:\\\/\\\/diariodepe.com.br\\\/cri\\\/wp-content\\\/uploads\\\/sites\\\/2\\\/2023\\\/01\\\/2023011811445259104.jpg\",\"articleSection\":[\"China\"],\"inLanguage\":\"pt-BR\",\"potentialAction\":[{\"@type\":\"CommentAction\",\"name\":\"Comment\",\"target\":[\"https:\\\/\\\/diariodepe.com.br\\\/cri\\\/2023\\\/01\\\/23\\\/pior-do-que-o-novo-coronavirus-e-o-virus-politico\\\/#respond\"]}]},{\"@type\":\"WebPage\",\"@id\":\"https:\\\/\\\/diariodepe.com.br\\\/cri\\\/2023\\\/01\\\/23\\\/pior-do-que-o-novo-coronavirus-e-o-virus-politico\\\/\",\"url\":\"https:\\\/\\\/diariodepe.com.br\\\/cri\\\/2023\\\/01\\\/23\\\/pior-do-que-o-novo-coronavirus-e-o-virus-politico\\\/\",\"name\":\"Pior do que o novo coronav\u00edrus \u00e9 o \\\"v\u00edrus pol\u00edtico\\\" - CRI e Diario de Pernambuco\",\"isPartOf\":{\"@id\":\"https:\\\/\\\/diariodepe.com.br\\\/cri\\\/#website\"},\"primaryImageOfPage\":{\"@id\":\"https:\\\/\\\/diariodepe.com.br\\\/cri\\\/2023\\\/01\\\/23\\\/pior-do-que-o-novo-coronavirus-e-o-virus-politico\\\/#primaryimage\"},\"image\":{\"@id\":\"https:\\\/\\\/diariodepe.com.br\\\/cri\\\/2023\\\/01\\\/23\\\/pior-do-que-o-novo-coronavirus-e-o-virus-politico\\\/#primaryimage\"},\"thumbnailUrl\":\"https:\\\/\\\/diariodepe.com.br\\\/cri\\\/wp-content\\\/uploads\\\/sites\\\/2\\\/2023\\\/01\\\/2023011811445259104.jpg\",\"datePublished\":\"2023-01-24T02:57:10+00:00\",\"dateModified\":\"2023-01-24T02:57:11+00:00\",\"breadcrumb\":{\"@id\":\"https:\\\/\\\/diariodepe.com.br\\\/cri\\\/2023\\\/01\\\/23\\\/pior-do-que-o-novo-coronavirus-e-o-virus-politico\\\/#breadcrumb\"},\"inLanguage\":\"pt-BR\",\"potentialAction\":[{\"@type\":\"ReadAction\",\"target\":[\"https:\\\/\\\/diariodepe.com.br\\\/cri\\\/2023\\\/01\\\/23\\\/pior-do-que-o-novo-coronavirus-e-o-virus-politico\\\/\"]}]},{\"@type\":\"ImageObject\",\"inLanguage\":\"pt-BR\",\"@id\":\"https:\\\/\\\/diariodepe.com.br\\\/cri\\\/2023\\\/01\\\/23\\\/pior-do-que-o-novo-coronavirus-e-o-virus-politico\\\/#primaryimage\",\"url\":\"https:\\\/\\\/diariodepe.com.br\\\/cri\\\/wp-content\\\/uploads\\\/sites\\\/2\\\/2023\\\/01\\\/2023011811445259104.jpg\",\"contentUrl\":\"https:\\\/\\\/diariodepe.com.br\\\/cri\\\/wp-content\\\/uploads\\\/sites\\\/2\\\/2023\\\/01\\\/2023011811445259104.jpg\",\"width\":1267,\"height\":713},{\"@type\":\"BreadcrumbList\",\"@id\":\"https:\\\/\\\/diariodepe.com.br\\\/cri\\\/2023\\\/01\\\/23\\\/pior-do-que-o-novo-coronavirus-e-o-virus-politico\\\/#breadcrumb\",\"itemListElement\":[{\"@type\":\"ListItem\",\"position\":1,\"name\":\"In\u00edcio\",\"item\":\"https:\\\/\\\/diariodepe.com.br\\\/cri\\\/\"},{\"@type\":\"ListItem\",\"position\":2,\"name\":\"Pior do que o novo coronav\u00edrus \u00e9 o &#8220;v\u00edrus pol\u00edtico&#8221;\"}]},{\"@type\":\"WebSite\",\"@id\":\"https:\\\/\\\/diariodepe.com.br\\\/cri\\\/#website\",\"url\":\"https:\\\/\\\/diariodepe.com.br\\\/cri\\\/\",\"name\":\"CRI e Diario de Pernambuco\",\"description\":\"R\u00e1dio Internacional da China\",\"publisher\":{\"@id\":\"https:\\\/\\\/diariodepe.com.br\\\/cri\\\/#organization\"},\"potentialAction\":[{\"@type\":\"SearchAction\",\"target\":{\"@type\":\"EntryPoint\",\"urlTemplate\":\"https:\\\/\\\/diariodepe.com.br\\\/cri\\\/?s={search_term_string}\"},\"query-input\":{\"@type\":\"PropertyValueSpecification\",\"valueRequired\":true,\"valueName\":\"search_term_string\"}}],\"inLanguage\":\"pt-BR\"},{\"@type\":\"Organization\",\"@id\":\"https:\\\/\\\/diariodepe.com.br\\\/cri\\\/#organization\",\"name\":\"CRI e Diario de Pernambuco\",\"url\":\"https:\\\/\\\/diariodepe.com.br\\\/cri\\\/\",\"logo\":{\"@type\":\"ImageObject\",\"inLanguage\":\"pt-BR\",\"@id\":\"https:\\\/\\\/diariodepe.com.br\\\/cri\\\/#\\\/schema\\\/logo\\\/image\\\/\",\"url\":\"https:\\\/\\\/diariodepe.com.br\\\/cri\\\/wp-content\\\/uploads\\\/sites\\\/2\\\/2022\\\/12\\\/cropped-Logo.jpg\",\"contentUrl\":\"https:\\\/\\\/diariodepe.com.br\\\/cri\\\/wp-content\\\/uploads\\\/sites\\\/2\\\/2022\\\/12\\\/cropped-Logo.jpg\",\"width\":700,\"height\":59,\"caption\":\"CRI e Diario de Pernambuco\"},\"image\":{\"@id\":\"https:\\\/\\\/diariodepe.com.br\\\/cri\\\/#\\\/schema\\\/logo\\\/image\\\/\"}},{\"@type\":\"Person\",\"@id\":\"https:\\\/\\\/diariodepe.com.br\\\/cri\\\/#\\\/schema\\\/person\\\/121bb28d84f1a5b1205ef4ce9c2e0c6b\",\"name\":\"Ismael Lucas S. Pereira\",\"image\":{\"@type\":\"ImageObject\",\"inLanguage\":\"pt-BR\",\"@id\":\"https:\\\/\\\/secure.gravatar.com\\\/avatar\\\/887a0f3b5a7ceea963a48499fb883ffce6b5037362def025c52c2505b15d63e4?s=96&d=mm&r=g\",\"url\":\"https:\\\/\\\/secure.gravatar.com\\\/avatar\\\/887a0f3b5a7ceea963a48499fb883ffce6b5037362def025c52c2505b15d63e4?s=96&d=mm&r=g\",\"contentUrl\":\"https:\\\/\\\/secure.gravatar.com\\\/avatar\\\/887a0f3b5a7ceea963a48499fb883ffce6b5037362def025c52c2505b15d63e4?s=96&d=mm&r=g\",\"caption\":\"Ismael Lucas S. Pereira\"},\"url\":\"https:\\\/\\\/diariodepe.com.br\\\/cri\\\/author\\\/ismael-lucas\\\/\"}]}<\/script>\n<!-- \/ Yoast SEO plugin. -->","yoast_head_json":{"title":"Pior do que o novo coronav\u00edrus \u00e9 o \"v\u00edrus pol\u00edtico\" - CRI e Diario de Pernambuco","robots":{"index":"index","follow":"follow","max-snippet":"max-snippet:-1","max-image-preview":"max-image-preview:large","max-video-preview":"max-video-preview:-1"},"canonical":"https:\/\/diariodepe.com.br\/cri\/2023\/01\/23\/pior-do-que-o-novo-coronavirus-e-o-virus-politico\/","og_locale":"pt_BR","og_type":"article","og_title":"Pior do que o novo coronav\u00edrus \u00e9 o \"v\u00edrus pol\u00edtico\" - CRI e Diario de Pernambuco","og_description":"Os Estados Unidos nunca deixaram de usar o novo coronav\u00edrus para realizar \u201cmanipula\u00e7\u00f5es pol\u00edticas\u201d. Quando a pandemia come\u00e7ou, pol\u00edticos estadunidenses arrogantemente chamaram o novo coronav\u00edrus de \u201cv\u00edrus chin\u00eas\u201d. Quando a China entrou na fase regular de preven\u00e7\u00e3o e controle, os...","og_url":"https:\/\/diariodepe.com.br\/cri\/2023\/01\/23\/pior-do-que-o-novo-coronavirus-e-o-virus-politico\/","og_site_name":"CRI e Diario de Pernambuco","article_published_time":"2023-01-24T02:57:10+00:00","article_modified_time":"2023-01-24T02:57:11+00:00","og_image":[{"width":1267,"height":713,"url":"https:\/\/diariodepe.com.br\/cri\/wp-content\/uploads\/sites\/2\/2023\/01\/2023011811445259104.jpg","type":"image\/jpeg"}],"author":"Ismael Lucas S. Pereira","twitter_card":"summary_large_image","twitter_misc":{"Escrito por":"Ismael Lucas S. Pereira","Est. tempo de leitura":"1 minuto"},"schema":{"@context":"https:\/\/schema.org","@graph":[{"@type":"Article","@id":"https:\/\/diariodepe.com.br\/cri\/2023\/01\/23\/pior-do-que-o-novo-coronavirus-e-o-virus-politico\/#article","isPartOf":{"@id":"https:\/\/diariodepe.com.br\/cri\/2023\/01\/23\/pior-do-que-o-novo-coronavirus-e-o-virus-politico\/"},"author":{"name":"Ismael Lucas S. Pereira","@id":"https:\/\/diariodepe.com.br\/cri\/#\/schema\/person\/121bb28d84f1a5b1205ef4ce9c2e0c6b"},"headline":"Pior do que o novo coronav\u00edrus \u00e9 o &#8220;v\u00edrus pol\u00edtico&#8221;","datePublished":"2023-01-24T02:57:10+00:00","dateModified":"2023-01-24T02:57:11+00:00","mainEntityOfPage":{"@id":"https:\/\/diariodepe.com.br\/cri\/2023\/01\/23\/pior-do-que-o-novo-coronavirus-e-o-virus-politico\/"},"wordCount":158,"commentCount":0,"publisher":{"@id":"https:\/\/diariodepe.com.br\/cri\/#organization"},"image":{"@id":"https:\/\/diariodepe.com.br\/cri\/2023\/01\/23\/pior-do-que-o-novo-coronavirus-e-o-virus-politico\/#primaryimage"},"thumbnailUrl":"https:\/\/diariodepe.com.br\/cri\/wp-content\/uploads\/sites\/2\/2023\/01\/2023011811445259104.jpg","articleSection":["China"],"inLanguage":"pt-BR","potentialAction":[{"@type":"CommentAction","name":"Comment","target":["https:\/\/diariodepe.com.br\/cri\/2023\/01\/23\/pior-do-que-o-novo-coronavirus-e-o-virus-politico\/#respond"]}]},{"@type":"WebPage","@id":"https:\/\/diariodepe.com.br\/cri\/2023\/01\/23\/pior-do-que-o-novo-coronavirus-e-o-virus-politico\/","url":"https:\/\/diariodepe.com.br\/cri\/2023\/01\/23\/pior-do-que-o-novo-coronavirus-e-o-virus-politico\/","name":"Pior do que o novo coronav\u00edrus \u00e9 o \"v\u00edrus pol\u00edtico\" - CRI e Diario de Pernambuco","isPartOf":{"@id":"https:\/\/diariodepe.com.br\/cri\/#website"},"primaryImageOfPage":{"@id":"https:\/\/diariodepe.com.br\/cri\/2023\/01\/23\/pior-do-que-o-novo-coronavirus-e-o-virus-politico\/#primaryimage"},"image":{"@id":"https:\/\/diariodepe.com.br\/cri\/2023\/01\/23\/pior-do-que-o-novo-coronavirus-e-o-virus-politico\/#primaryimage"},"thumbnailUrl":"https:\/\/diariodepe.com.br\/cri\/wp-content\/uploads\/sites\/2\/2023\/01\/2023011811445259104.jpg","datePublished":"2023-01-24T02:57:10+00:00","dateModified":"2023-01-24T02:57:11+00:00","breadcrumb":{"@id":"https:\/\/diariodepe.com.br\/cri\/2023\/01\/23\/pior-do-que-o-novo-coronavirus-e-o-virus-politico\/#breadcrumb"},"inLanguage":"pt-BR","potentialAction":[{"@type":"ReadAction","target":["https:\/\/diariodepe.com.br\/cri\/2023\/01\/23\/pior-do-que-o-novo-coronavirus-e-o-virus-politico\/"]}]},{"@type":"ImageObject","inLanguage":"pt-BR","@id":"https:\/\/diariodepe.com.br\/cri\/2023\/01\/23\/pior-do-que-o-novo-coronavirus-e-o-virus-politico\/#primaryimage","url":"https:\/\/diariodepe.com.br\/cri\/wp-content\/uploads\/sites\/2\/2023\/01\/2023011811445259104.jpg","contentUrl":"https:\/\/diariodepe.com.br\/cri\/wp-content\/uploads\/sites\/2\/2023\/01\/2023011811445259104.jpg","width":1267,"height":713},{"@type":"BreadcrumbList","@id":"https:\/\/diariodepe.com.br\/cri\/2023\/01\/23\/pior-do-que-o-novo-coronavirus-e-o-virus-politico\/#breadcrumb","itemListElement":[{"@type":"ListItem","position":1,"name":"In\u00edcio","item":"https:\/\/diariodepe.com.br\/cri\/"},{"@type":"ListItem","position":2,"name":"Pior do que o novo coronav\u00edrus \u00e9 o &#8220;v\u00edrus pol\u00edtico&#8221;"}]},{"@type":"WebSite","@id":"https:\/\/diariodepe.com.br\/cri\/#website","url":"https:\/\/diariodepe.com.br\/cri\/","name":"CRI e Diario de Pernambuco","description":"R\u00e1dio Internacional da China","publisher":{"@id":"https:\/\/diariodepe.com.br\/cri\/#organization"},"potentialAction":[{"@type":"SearchAction","target":{"@type":"EntryPoint","urlTemplate":"https:\/\/diariodepe.com.br\/cri\/?s={search_term_string}"},"query-input":{"@type":"PropertyValueSpecification","valueRequired":true,"valueName":"search_term_string"}}],"inLanguage":"pt-BR"},{"@type":"Organization","@id":"https:\/\/diariodepe.com.br\/cri\/#organization","name":"CRI e Diario de Pernambuco","url":"https:\/\/diariodepe.com.br\/cri\/","logo":{"@type":"ImageObject","inLanguage":"pt-BR","@id":"https:\/\/diariodepe.com.br\/cri\/#\/schema\/logo\/image\/","url":"https:\/\/diariodepe.com.br\/cri\/wp-content\/uploads\/sites\/2\/2022\/12\/cropped-Logo.jpg","contentUrl":"https:\/\/diariodepe.com.br\/cri\/wp-content\/uploads\/sites\/2\/2022\/12\/cropped-Logo.jpg","width":700,"height":59,"caption":"CRI e Diario de Pernambuco"},"image":{"@id":"https:\/\/diariodepe.com.br\/cri\/#\/schema\/logo\/image\/"}},{"@type":"Person","@id":"https:\/\/diariodepe.com.br\/cri\/#\/schema\/person\/121bb28d84f1a5b1205ef4ce9c2e0c6b","name":"Ismael Lucas S. Pereira","image":{"@type":"ImageObject","inLanguage":"pt-BR","@id":"https:\/\/secure.gravatar.com\/avatar\/887a0f3b5a7ceea963a48499fb883ffce6b5037362def025c52c2505b15d63e4?s=96&d=mm&r=g","url":"https:\/\/secure.gravatar.com\/avatar\/887a0f3b5a7ceea963a48499fb883ffce6b5037362def025c52c2505b15d63e4?s=96&d=mm&r=g","contentUrl":"https:\/\/secure.gravatar.com\/avatar\/887a0f3b5a7ceea963a48499fb883ffce6b5037362def025c52c2505b15d63e4?s=96&d=mm&r=g","caption":"Ismael Lucas S. Pereira"},"url":"https:\/\/diariodepe.com.br\/cri\/author\/ismael-lucas\/"}]}},"cc_featured_image_caption":{"caption_text":"","source_text":"","source_url":""},"amp_enabled":true,"_links":{"self":[{"href":"https:\/\/diariodepe.com.br\/cri\/wp-json\/wp\/v2\/posts\/419","targetHints":{"allow":["GET"]}}],"collection":[{"href":"https:\/\/diariodepe.com.br\/cri\/wp-json\/wp\/v2\/posts"}],"about":[{"href":"https:\/\/diariodepe.com.br\/cri\/wp-json\/wp\/v2\/types\/post"}],"author":[{"embeddable":true,"href":"https:\/\/diariodepe.com.br\/cri\/wp-json\/wp\/v2\/users\/2"}],"replies":[{"embeddable":true,"href":"https:\/\/diariodepe.com.br\/cri\/wp-json\/wp\/v2\/comments?post=419"}],"version-history":[{"count":1,"href":"https:\/\/diariodepe.com.br\/cri\/wp-json\/wp\/v2\/posts\/419\/revisions"}],"predecessor-version":[{"id":421,"href":"https:\/\/diariodepe.com.br\/cri\/wp-json\/wp\/v2\/posts\/419\/revisions\/421"}],"wp:featuredmedia":[{"embeddable":true,"href":"https:\/\/diariodepe.com.br\/cri\/wp-json\/wp\/v2\/media\/420"}],"wp:attachment":[{"href":"https:\/\/diariodepe.com.br\/cri\/wp-json\/wp\/v2\/media?parent=419"}],"wp:term":[{"taxonomy":"category","embeddable":true,"href":"https:\/\/diariodepe.com.br\/cri\/wp-json\/wp\/v2\/categories?post=419"},{"taxonomy":"post_tag","embeddable":true,"href":"https:\/\/diariodepe.com.br\/cri\/wp-json\/wp\/v2\/tags?post=419"}],"curies":[{"name":"wp","href":"https:\/\/api.w.org\/{rel}","templated":true}]}}