{"id":417,"date":"2023-01-23T23:55:13","date_gmt":"2023-01-24T02:55:13","guid":{"rendered":"https:\/\/diariodepe.com.br\/cri\/?p=417"},"modified":"2023-01-23T23:55:14","modified_gmt":"2023-01-24T02:55:14","slug":"vice-primeiro-ministro-reafirma-o-compromisso-da-china-com-o-crescimento-e-a-cooperacao-entre-os-paises","status":"publish","type":"post","link":"https:\/\/diariodepe.com.br\/cri\/2023\/01\/23\/vice-primeiro-ministro-reafirma-o-compromisso-da-china-com-o-crescimento-e-a-cooperacao-entre-os-paises\/","title":{"rendered":"<strong>Vice-primeiro-ministro reafirma o compromisso da China com o crescimento e a coopera\u00e7\u00e3o entre os pa\u00edses<\/strong>"},"content":{"rendered":"\n<p>O vice-primeiro-ministro chin\u00eas, Liu He, proferiu um discurso na ter\u00e7a-feira (17) no F\u00f3rum Econ\u00f4mico Mundial 2023 realizado em Davos, na Su\u00ed\u00e7a.<\/p>\n\n\n\n<p>Ele disse que o 20\u00ba Congresso Nacional do Partido Comunista da China elegeu o novo grupo de lideran\u00e7a central, com o camarada Xi Jinping como n\u00facleo, o qual tra\u00e7ou um grande programa de desenvolvimento caracterizado pela moderniza\u00e7\u00e3o chinesa para os pr\u00f3ximos cinco anos. A Confer\u00eancia Central de Trabalho Econ\u00f4mico realizada recentemente fez planos para a \u00e1rea em 2023, enfatizando a necessidade de tomar o desenvolvimento como tarefa principal, seguir a dire\u00e7\u00e3o da reforma da economia de mercado socialista, promover a abertura abrangente em todas as frentes, manter o Estado de direito e promover o desenvolvimento impulsionado pela inova\u00e7\u00e3o. Com esfor\u00e7os, a economia chinesa alcan\u00e7ar\u00e1 uma melhoria geral este ano, e seu crescimento voltar\u00e1 muito provavelmente a um n\u00edvel normal.<\/p>\n\n\n\n<p>Liu He apontou que o sistema financeiro da China \u00e9 s\u00f3lido. Para enfrentar riscos no setor imobili\u00e1rio, o pa\u00eds se comprometeu a estabilizar as expectativas, proporcionar a liquidez razo\u00e1vel, relaxando restri\u00e7\u00f5es que uma vez foram introduzidas para enfrentar superaquecimento no mercado imobili\u00e1rio e expandindo a demanda efetiva. As condi\u00e7\u00f5es nacionais b\u00e1sicas determinam que o pa\u00eds deve se abrir para o exterior e melhorar continuamente a qualidade e o n\u00edvel de sua abertura. A China se op\u00f5e ao unilateralismo e ao protecionismo e promove o fortalecimento da coopera\u00e7\u00e3o internacional em todos os \u00e2mbitos.<\/p>\n\n\n\n<p>\u00c0 margem do f\u00f3rum, Liu He reuniu-se com a conselheira federal su\u00ed\u00e7a e ministra das Finan\u00e7as, Karin Keller-Sutter, e a ex-conselheira federal su\u00ed\u00e7a e ex-ministra das Finan\u00e7as, Ueli Maurer, em Zurique, na Su\u00ed\u00e7a. Os dois lados manifestaram a disposi\u00e7\u00e3o de promover conjuntamente o desenvolvimento das rela\u00e7\u00f5es China-Su\u00ed\u00e7a e aprofundar a coopera\u00e7\u00e3o em diversas \u00e1reas, como economia, com\u00e9rcio, finan\u00e7as e inova\u00e7\u00e3o.<\/p>\n","protected":false},"excerpt":{"rendered":"<p>O vice-primeiro-ministro chin\u00eas, Liu He, proferiu um discurso na ter\u00e7a-feira (17) no F\u00f3rum Econ\u00f4mico Mundial 2023 realizado em Davos, na Su\u00ed\u00e7a. Ele disse que o 20\u00ba Congresso Nacional do Partido Comunista da China elegeu o novo grupo de lideran\u00e7a central,&#8230;<\/p>\n","protected":false},"author":2,"featured_media":0,"comment_status":"open","ping_status":"open","sticky":false,"template":"","format":"standard","meta":{"footnotes":""},"categories":[8],"tags":[],"class_list":["post-417","post","type-post","status-publish","format-standard","hentry","category-internacional"],"yoast_head":"<!-- This site is optimized with the Yoast SEO plugin v27.4 - https:\/\/yoast.com\/product\/yoast-seo-wordpress\/ -->\n<title>Vice-primeiro-ministro reafirma o compromisso da China com o crescimento e a coopera\u00e7\u00e3o entre os pa\u00edses - CRI e Diario de Pernambuco<\/title>\n<meta name=\"robots\" content=\"index, follow, max-snippet:-1, max-image-preview:large, max-video-preview:-1\" \/>\n<link rel=\"canonical\" href=\"https:\/\/diariodepe.com.br\/cri\/2023\/01\/23\/vice-primeiro-ministro-reafirma-o-compromisso-da-china-com-o-crescimento-e-a-cooperacao-entre-os-paises\/\" \/>\n<meta property=\"og:locale\" content=\"pt_BR\" \/>\n<meta property=\"og:type\" content=\"article\" \/>\n<meta property=\"og:title\" content=\"Vice-primeiro-ministro reafirma o compromisso da China com o crescimento e a coopera\u00e7\u00e3o entre os pa\u00edses - CRI e Diario de Pernambuco\" \/>\n<meta property=\"og:description\" content=\"O vice-primeiro-ministro chin\u00eas, Liu He, proferiu um discurso na ter\u00e7a-feira (17) no F\u00f3rum Econ\u00f4mico Mundial 2023 realizado em Davos, na Su\u00ed\u00e7a. Ele disse que o 20\u00ba Congresso Nacional do Partido Comunista da China elegeu o novo grupo de lideran\u00e7a central,...\" \/>\n<meta property=\"og:url\" content=\"https:\/\/diariodepe.com.br\/cri\/2023\/01\/23\/vice-primeiro-ministro-reafirma-o-compromisso-da-china-com-o-crescimento-e-a-cooperacao-entre-os-paises\/\" \/>\n<meta property=\"og:site_name\" content=\"CRI e Diario de Pernambuco\" \/>\n<meta property=\"article:published_time\" content=\"2023-01-24T02:55:13+00:00\" \/>\n<meta property=\"article:modified_time\" content=\"2023-01-24T02:55:14+00:00\" \/>\n<meta name=\"author\" content=\"Ismael Lucas S. Pereira\" \/>\n<meta name=\"twitter:card\" content=\"summary_large_image\" \/>\n<meta name=\"twitter:label1\" content=\"Escrito por\" \/>\n\t<meta name=\"twitter:data1\" content=\"Ismael Lucas S. Pereira\" \/>\n\t<meta name=\"twitter:label2\" content=\"Est. tempo de leitura\" \/>\n\t<meta name=\"twitter:data2\" content=\"2 minutos\" \/>\n<script type=\"application\/ld+json\" class=\"yoast-schema-graph\">{\"@context\":\"https:\\\/\\\/schema.org\",\"@graph\":[{\"@type\":\"Article\",\"@id\":\"https:\\\/\\\/diariodepe.com.br\\\/cri\\\/2023\\\/01\\\/23\\\/vice-primeiro-ministro-reafirma-o-compromisso-da-china-com-o-crescimento-e-a-cooperacao-entre-os-paises\\\/#article\",\"isPartOf\":{\"@id\":\"https:\\\/\\\/diariodepe.com.br\\\/cri\\\/2023\\\/01\\\/23\\\/vice-primeiro-ministro-reafirma-o-compromisso-da-china-com-o-crescimento-e-a-cooperacao-entre-os-paises\\\/\"},\"author\":{\"name\":\"Ismael Lucas S. Pereira\",\"@id\":\"https:\\\/\\\/diariodepe.com.br\\\/cri\\\/#\\\/schema\\\/person\\\/121bb28d84f1a5b1205ef4ce9c2e0c6b\"},\"headline\":\"Vice-primeiro-ministro reafirma o compromisso da China com o crescimento e a coopera\u00e7\u00e3o entre os pa\u00edses\",\"datePublished\":\"2023-01-24T02:55:13+00:00\",\"dateModified\":\"2023-01-24T02:55:14+00:00\",\"mainEntityOfPage\":{\"@id\":\"https:\\\/\\\/diariodepe.com.br\\\/cri\\\/2023\\\/01\\\/23\\\/vice-primeiro-ministro-reafirma-o-compromisso-da-china-com-o-crescimento-e-a-cooperacao-entre-os-paises\\\/\"},\"wordCount\":345,\"commentCount\":0,\"publisher\":{\"@id\":\"https:\\\/\\\/diariodepe.com.br\\\/cri\\\/#organization\"},\"articleSection\":[\"Internacional\"],\"inLanguage\":\"pt-BR\",\"potentialAction\":[{\"@type\":\"CommentAction\",\"name\":\"Comment\",\"target\":[\"https:\\\/\\\/diariodepe.com.br\\\/cri\\\/2023\\\/01\\\/23\\\/vice-primeiro-ministro-reafirma-o-compromisso-da-china-com-o-crescimento-e-a-cooperacao-entre-os-paises\\\/#respond\"]}]},{\"@type\":\"WebPage\",\"@id\":\"https:\\\/\\\/diariodepe.com.br\\\/cri\\\/2023\\\/01\\\/23\\\/vice-primeiro-ministro-reafirma-o-compromisso-da-china-com-o-crescimento-e-a-cooperacao-entre-os-paises\\\/\",\"url\":\"https:\\\/\\\/diariodepe.com.br\\\/cri\\\/2023\\\/01\\\/23\\\/vice-primeiro-ministro-reafirma-o-compromisso-da-china-com-o-crescimento-e-a-cooperacao-entre-os-paises\\\/\",\"name\":\"Vice-primeiro-ministro reafirma o compromisso da China com o crescimento e a coopera\u00e7\u00e3o entre os pa\u00edses - CRI e Diario de Pernambuco\",\"isPartOf\":{\"@id\":\"https:\\\/\\\/diariodepe.com.br\\\/cri\\\/#website\"},\"datePublished\":\"2023-01-24T02:55:13+00:00\",\"dateModified\":\"2023-01-24T02:55:14+00:00\",\"breadcrumb\":{\"@id\":\"https:\\\/\\\/diariodepe.com.br\\\/cri\\\/2023\\\/01\\\/23\\\/vice-primeiro-ministro-reafirma-o-compromisso-da-china-com-o-crescimento-e-a-cooperacao-entre-os-paises\\\/#breadcrumb\"},\"inLanguage\":\"pt-BR\",\"potentialAction\":[{\"@type\":\"ReadAction\",\"target\":[\"https:\\\/\\\/diariodepe.com.br\\\/cri\\\/2023\\\/01\\\/23\\\/vice-primeiro-ministro-reafirma-o-compromisso-da-china-com-o-crescimento-e-a-cooperacao-entre-os-paises\\\/\"]}]},{\"@type\":\"BreadcrumbList\",\"@id\":\"https:\\\/\\\/diariodepe.com.br\\\/cri\\\/2023\\\/01\\\/23\\\/vice-primeiro-ministro-reafirma-o-compromisso-da-china-com-o-crescimento-e-a-cooperacao-entre-os-paises\\\/#breadcrumb\",\"itemListElement\":[{\"@type\":\"ListItem\",\"position\":1,\"name\":\"In\u00edcio\",\"item\":\"https:\\\/\\\/diariodepe.com.br\\\/cri\\\/\"},{\"@type\":\"ListItem\",\"position\":2,\"name\":\"Vice-primeiro-ministro reafirma o compromisso da China com o crescimento e a coopera\u00e7\u00e3o entre os pa\u00edses\"}]},{\"@type\":\"WebSite\",\"@id\":\"https:\\\/\\\/diariodepe.com.br\\\/cri\\\/#website\",\"url\":\"https:\\\/\\\/diariodepe.com.br\\\/cri\\\/\",\"name\":\"CRI e Diario de Pernambuco\",\"description\":\"R\u00e1dio Internacional da China\",\"publisher\":{\"@id\":\"https:\\\/\\\/diariodepe.com.br\\\/cri\\\/#organization\"},\"potentialAction\":[{\"@type\":\"SearchAction\",\"target\":{\"@type\":\"EntryPoint\",\"urlTemplate\":\"https:\\\/\\\/diariodepe.com.br\\\/cri\\\/?s={search_term_string}\"},\"query-input\":{\"@type\":\"PropertyValueSpecification\",\"valueRequired\":true,\"valueName\":\"search_term_string\"}}],\"inLanguage\":\"pt-BR\"},{\"@type\":\"Organization\",\"@id\":\"https:\\\/\\\/diariodepe.com.br\\\/cri\\\/#organization\",\"name\":\"CRI e Diario de Pernambuco\",\"url\":\"https:\\\/\\\/diariodepe.com.br\\\/cri\\\/\",\"logo\":{\"@type\":\"ImageObject\",\"inLanguage\":\"pt-BR\",\"@id\":\"https:\\\/\\\/diariodepe.com.br\\\/cri\\\/#\\\/schema\\\/logo\\\/image\\\/\",\"url\":\"https:\\\/\\\/diariodepe.com.br\\\/cri\\\/wp-content\\\/uploads\\\/sites\\\/2\\\/2022\\\/12\\\/cropped-Logo.jpg\",\"contentUrl\":\"https:\\\/\\\/diariodepe.com.br\\\/cri\\\/wp-content\\\/uploads\\\/sites\\\/2\\\/2022\\\/12\\\/cropped-Logo.jpg\",\"width\":700,\"height\":59,\"caption\":\"CRI e Diario de Pernambuco\"},\"image\":{\"@id\":\"https:\\\/\\\/diariodepe.com.br\\\/cri\\\/#\\\/schema\\\/logo\\\/image\\\/\"}},{\"@type\":\"Person\",\"@id\":\"https:\\\/\\\/diariodepe.com.br\\\/cri\\\/#\\\/schema\\\/person\\\/121bb28d84f1a5b1205ef4ce9c2e0c6b\",\"name\":\"Ismael Lucas S. Pereira\",\"image\":{\"@type\":\"ImageObject\",\"inLanguage\":\"pt-BR\",\"@id\":\"https:\\\/\\\/secure.gravatar.com\\\/avatar\\\/887a0f3b5a7ceea963a48499fb883ffce6b5037362def025c52c2505b15d63e4?s=96&d=mm&r=g\",\"url\":\"https:\\\/\\\/secure.gravatar.com\\\/avatar\\\/887a0f3b5a7ceea963a48499fb883ffce6b5037362def025c52c2505b15d63e4?s=96&d=mm&r=g\",\"contentUrl\":\"https:\\\/\\\/secure.gravatar.com\\\/avatar\\\/887a0f3b5a7ceea963a48499fb883ffce6b5037362def025c52c2505b15d63e4?s=96&d=mm&r=g\",\"caption\":\"Ismael Lucas S. Pereira\"},\"url\":\"https:\\\/\\\/diariodepe.com.br\\\/cri\\\/author\\\/ismael-lucas\\\/\"}]}<\/script>\n<!-- \/ Yoast SEO plugin. -->","yoast_head_json":{"title":"Vice-primeiro-ministro reafirma o compromisso da China com o crescimento e a coopera\u00e7\u00e3o entre os pa\u00edses - CRI e Diario de Pernambuco","robots":{"index":"index","follow":"follow","max-snippet":"max-snippet:-1","max-image-preview":"max-image-preview:large","max-video-preview":"max-video-preview:-1"},"canonical":"https:\/\/diariodepe.com.br\/cri\/2023\/01\/23\/vice-primeiro-ministro-reafirma-o-compromisso-da-china-com-o-crescimento-e-a-cooperacao-entre-os-paises\/","og_locale":"pt_BR","og_type":"article","og_title":"Vice-primeiro-ministro reafirma o compromisso da China com o crescimento e a coopera\u00e7\u00e3o entre os pa\u00edses - CRI e Diario de Pernambuco","og_description":"O vice-primeiro-ministro chin\u00eas, Liu He, proferiu um discurso na ter\u00e7a-feira (17) no F\u00f3rum Econ\u00f4mico Mundial 2023 realizado em Davos, na Su\u00ed\u00e7a. Ele disse que o 20\u00ba Congresso Nacional do Partido Comunista da China elegeu o novo grupo de lideran\u00e7a central,...","og_url":"https:\/\/diariodepe.com.br\/cri\/2023\/01\/23\/vice-primeiro-ministro-reafirma-o-compromisso-da-china-com-o-crescimento-e-a-cooperacao-entre-os-paises\/","og_site_name":"CRI e Diario de Pernambuco","article_published_time":"2023-01-24T02:55:13+00:00","article_modified_time":"2023-01-24T02:55:14+00:00","author":"Ismael Lucas S. Pereira","twitter_card":"summary_large_image","twitter_misc":{"Escrito por":"Ismael Lucas S. Pereira","Est. tempo de leitura":"2 minutos"},"schema":{"@context":"https:\/\/schema.org","@graph":[{"@type":"Article","@id":"https:\/\/diariodepe.com.br\/cri\/2023\/01\/23\/vice-primeiro-ministro-reafirma-o-compromisso-da-china-com-o-crescimento-e-a-cooperacao-entre-os-paises\/#article","isPartOf":{"@id":"https:\/\/diariodepe.com.br\/cri\/2023\/01\/23\/vice-primeiro-ministro-reafirma-o-compromisso-da-china-com-o-crescimento-e-a-cooperacao-entre-os-paises\/"},"author":{"name":"Ismael Lucas S. Pereira","@id":"https:\/\/diariodepe.com.br\/cri\/#\/schema\/person\/121bb28d84f1a5b1205ef4ce9c2e0c6b"},"headline":"Vice-primeiro-ministro reafirma o compromisso da China com o crescimento e a coopera\u00e7\u00e3o entre os pa\u00edses","datePublished":"2023-01-24T02:55:13+00:00","dateModified":"2023-01-24T02:55:14+00:00","mainEntityOfPage":{"@id":"https:\/\/diariodepe.com.br\/cri\/2023\/01\/23\/vice-primeiro-ministro-reafirma-o-compromisso-da-china-com-o-crescimento-e-a-cooperacao-entre-os-paises\/"},"wordCount":345,"commentCount":0,"publisher":{"@id":"https:\/\/diariodepe.com.br\/cri\/#organization"},"articleSection":["Internacional"],"inLanguage":"pt-BR","potentialAction":[{"@type":"CommentAction","name":"Comment","target":["https:\/\/diariodepe.com.br\/cri\/2023\/01\/23\/vice-primeiro-ministro-reafirma-o-compromisso-da-china-com-o-crescimento-e-a-cooperacao-entre-os-paises\/#respond"]}]},{"@type":"WebPage","@id":"https:\/\/diariodepe.com.br\/cri\/2023\/01\/23\/vice-primeiro-ministro-reafirma-o-compromisso-da-china-com-o-crescimento-e-a-cooperacao-entre-os-paises\/","url":"https:\/\/diariodepe.com.br\/cri\/2023\/01\/23\/vice-primeiro-ministro-reafirma-o-compromisso-da-china-com-o-crescimento-e-a-cooperacao-entre-os-paises\/","name":"Vice-primeiro-ministro reafirma o compromisso da China com o crescimento e a coopera\u00e7\u00e3o entre os pa\u00edses - CRI e Diario de Pernambuco","isPartOf":{"@id":"https:\/\/diariodepe.com.br\/cri\/#website"},"datePublished":"2023-01-24T02:55:13+00:00","dateModified":"2023-01-24T02:55:14+00:00","breadcrumb":{"@id":"https:\/\/diariodepe.com.br\/cri\/2023\/01\/23\/vice-primeiro-ministro-reafirma-o-compromisso-da-china-com-o-crescimento-e-a-cooperacao-entre-os-paises\/#breadcrumb"},"inLanguage":"pt-BR","potentialAction":[{"@type":"ReadAction","target":["https:\/\/diariodepe.com.br\/cri\/2023\/01\/23\/vice-primeiro-ministro-reafirma-o-compromisso-da-china-com-o-crescimento-e-a-cooperacao-entre-os-paises\/"]}]},{"@type":"BreadcrumbList","@id":"https:\/\/diariodepe.com.br\/cri\/2023\/01\/23\/vice-primeiro-ministro-reafirma-o-compromisso-da-china-com-o-crescimento-e-a-cooperacao-entre-os-paises\/#breadcrumb","itemListElement":[{"@type":"ListItem","position":1,"name":"In\u00edcio","item":"https:\/\/diariodepe.com.br\/cri\/"},{"@type":"ListItem","position":2,"name":"Vice-primeiro-ministro reafirma o compromisso da China com o crescimento e a coopera\u00e7\u00e3o entre os pa\u00edses"}]},{"@type":"WebSite","@id":"https:\/\/diariodepe.com.br\/cri\/#website","url":"https:\/\/diariodepe.com.br\/cri\/","name":"CRI e Diario de Pernambuco","description":"R\u00e1dio Internacional da China","publisher":{"@id":"https:\/\/diariodepe.com.br\/cri\/#organization"},"potentialAction":[{"@type":"SearchAction","target":{"@type":"EntryPoint","urlTemplate":"https:\/\/diariodepe.com.br\/cri\/?s={search_term_string}"},"query-input":{"@type":"PropertyValueSpecification","valueRequired":true,"valueName":"search_term_string"}}],"inLanguage":"pt-BR"},{"@type":"Organization","@id":"https:\/\/diariodepe.com.br\/cri\/#organization","name":"CRI e Diario de Pernambuco","url":"https:\/\/diariodepe.com.br\/cri\/","logo":{"@type":"ImageObject","inLanguage":"pt-BR","@id":"https:\/\/diariodepe.com.br\/cri\/#\/schema\/logo\/image\/","url":"https:\/\/diariodepe.com.br\/cri\/wp-content\/uploads\/sites\/2\/2022\/12\/cropped-Logo.jpg","contentUrl":"https:\/\/diariodepe.com.br\/cri\/wp-content\/uploads\/sites\/2\/2022\/12\/cropped-Logo.jpg","width":700,"height":59,"caption":"CRI e Diario de Pernambuco"},"image":{"@id":"https:\/\/diariodepe.com.br\/cri\/#\/schema\/logo\/image\/"}},{"@type":"Person","@id":"https:\/\/diariodepe.com.br\/cri\/#\/schema\/person\/121bb28d84f1a5b1205ef4ce9c2e0c6b","name":"Ismael Lucas S. Pereira","image":{"@type":"ImageObject","inLanguage":"pt-BR","@id":"https:\/\/secure.gravatar.com\/avatar\/887a0f3b5a7ceea963a48499fb883ffce6b5037362def025c52c2505b15d63e4?s=96&d=mm&r=g","url":"https:\/\/secure.gravatar.com\/avatar\/887a0f3b5a7ceea963a48499fb883ffce6b5037362def025c52c2505b15d63e4?s=96&d=mm&r=g","contentUrl":"https:\/\/secure.gravatar.com\/avatar\/887a0f3b5a7ceea963a48499fb883ffce6b5037362def025c52c2505b15d63e4?s=96&d=mm&r=g","caption":"Ismael Lucas S. Pereira"},"url":"https:\/\/diariodepe.com.br\/cri\/author\/ismael-lucas\/"}]}},"cc_featured_image_caption":{"caption_text":"","source_text":"","source_url":""},"amp_enabled":true,"_links":{"self":[{"href":"https:\/\/diariodepe.com.br\/cri\/wp-json\/wp\/v2\/posts\/417","targetHints":{"allow":["GET"]}}],"collection":[{"href":"https:\/\/diariodepe.com.br\/cri\/wp-json\/wp\/v2\/posts"}],"about":[{"href":"https:\/\/diariodepe.com.br\/cri\/wp-json\/wp\/v2\/types\/post"}],"author":[{"embeddable":true,"href":"https:\/\/diariodepe.com.br\/cri\/wp-json\/wp\/v2\/users\/2"}],"replies":[{"embeddable":true,"href":"https:\/\/diariodepe.com.br\/cri\/wp-json\/wp\/v2\/comments?post=417"}],"version-history":[{"count":1,"href":"https:\/\/diariodepe.com.br\/cri\/wp-json\/wp\/v2\/posts\/417\/revisions"}],"predecessor-version":[{"id":418,"href":"https:\/\/diariodepe.com.br\/cri\/wp-json\/wp\/v2\/posts\/417\/revisions\/418"}],"wp:attachment":[{"href":"https:\/\/diariodepe.com.br\/cri\/wp-json\/wp\/v2\/media?parent=417"}],"wp:term":[{"taxonomy":"category","embeddable":true,"href":"https:\/\/diariodepe.com.br\/cri\/wp-json\/wp\/v2\/categories?post=417"},{"taxonomy":"post_tag","embeddable":true,"href":"https:\/\/diariodepe.com.br\/cri\/wp-json\/wp\/v2\/tags?post=417"}],"curies":[{"name":"wp","href":"https:\/\/api.w.org\/{rel}","templated":true}]}}