{"id":4130,"date":"2024-01-25T22:52:48","date_gmt":"2024-01-26T01:52:48","guid":{"rendered":"https:\/\/diariodepe.com.br\/cri\/?p=4130"},"modified":"2024-01-25T22:52:48","modified_gmt":"2024-01-26T01:52:48","slug":"xi-jinping-faz-discurso-pela-comemoracao-do-60o-aniversario-do-estabelecimento-das-relacoes-diplomaticas-entre-a-china-e-a-franca","status":"publish","type":"post","link":"https:\/\/diariodepe.com.br\/cri\/2024\/01\/25\/xi-jinping-faz-discurso-pela-comemoracao-do-60o-aniversario-do-estabelecimento-das-relacoes-diplomaticas-entre-a-china-e-a-franca\/","title":{"rendered":"Xi Jinping faz discurso pela comemora\u00e7\u00e3o do 60\u00ba anivers\u00e1rio do estabelecimento das rela\u00e7\u00f5es diplom\u00e1ticas entre a China e a Fran\u00e7a"},"content":{"rendered":"<p data-spm-anchor-id=\"0.0.0.i1\">O Centro Nacional de Artes C\u00eanicas sediou nesta quinta-feira (25) a recep\u00e7\u00e3o do 60\u00ba anivers\u00e1rio do estabelecimento das rela\u00e7\u00f5es diplom\u00e1ticas entre a China e a Fran\u00e7a. O presidente chin\u00eas, Xi Jinping, fez um discurso em v\u00eddeo para o\u00a0evento.<\/p>\n<p>Ele disse que o estabelecimento de rela\u00e7\u00f5es diplom\u00e1ticas entre a China e a Fran\u00e7a h\u00e1 60 anos foi um grande acontecimento na hist\u00f3ria das rela\u00e7\u00f5es internacionais. Com a extraordin\u00e1ria sabedoria e coragem, o presidente Mao Zedong e o general Charles de Gaulle abriram suas portas\u00a0ao interc\u00e2mbio e \u00e0 coopera\u00e7\u00e3o entre o Oriente e o Ocidente, trazendo esperan\u00e7a ao mundo de ent\u00e3o,\u00a0que estava em\u00a0meio \u00e0\u00a0Guerra Fria.<\/p>\n<p>Xi Jinping salientou que a hist\u00f3ria \u00fanica das rela\u00e7\u00f5es sino-francesas moldou o &#8220;esp\u00edrito China-Fran\u00e7a&#8221;,\u00a0que se traduz em independ\u00eancia, compreens\u00e3o m\u00fatua, vis\u00e3o e benef\u00edcio rec\u00edproco. Segundo ele, os dois pa\u00edses devem desenvolv\u00ea-las resolutamente,\u00a0e responder \u00e0s incertezas do mundo com sua solidez; devem, ainda,\u00a0aproveitar o Ano da Cultura e do Turismo China-Fran\u00e7a e os Jogos Ol\u00edmpicos de Paris para expandir o interc\u00e2mbio interpessoal e cultural; devem defender conjuntamente a ordem multipolar com horizontalidade\u00a0e a globaliza\u00e7\u00e3o econ\u00f4mica inclusiva, de modo a contribuir para salvaguardar a paz e a estabilidade mundiais.<\/p>\n<p data-spm-anchor-id=\"0.0.0.i2\">O presidente franc\u00eas, Emmanuel Macron, tamb\u00e9m transmitiu uma mensagem por v\u00eddeo. Ele afirmou\u00a0que seu governo tem\u00a0a\u00a0responsabilidade\u00a0de continuar a trabalhar,\u00a0com base nas metas ambiciosas estabelecidas em 1964, para construir conjuntamente uma parceria que n\u00e3o s\u00f3 satisfa\u00e7a as necessidades dos dois povos, mas tamb\u00e9m conduza \u00e0 paz e \u00e0 estabilidade no mundo. A Fran\u00e7a est\u00e1 disposta a trabalhar com a China para responder aos desafios globais e promover a resolu\u00e7\u00e3o de crises internacionais.<\/p>\n","protected":false},"excerpt":{"rendered":"<p>O Centro Nacional de Artes C\u00eanicas sediou nesta quinta-feira (25) a recep\u00e7\u00e3o do 60\u00ba anivers\u00e1rio do estabelecimento das rela\u00e7\u00f5es diplom\u00e1ticas entre a China e a Fran\u00e7a. O presidente chin\u00eas, Xi Jinping, fez um discurso em v\u00eddeo para o\u00a0evento. Ele disse&#8230;<\/p>\n","protected":false},"author":2,"featured_media":4131,"comment_status":"open","ping_status":"open","sticky":false,"template":"","format":"standard","meta":{"footnotes":""},"categories":[3,5],"tags":[],"class_list":["post-4130","post","type-post","status-publish","format-standard","has-post-thumbnail","hentry","category-china","category-destaques-capa"],"yoast_head":"<!-- This site is optimized with the Yoast SEO plugin v27.4 - https:\/\/yoast.com\/product\/yoast-seo-wordpress\/ -->\n<title>Xi Jinping faz discurso pela comemora\u00e7\u00e3o do 60\u00ba anivers\u00e1rio do estabelecimento das rela\u00e7\u00f5es diplom\u00e1ticas entre a China e a Fran\u00e7a - CRI e Diario de Pernambuco<\/title>\n<meta name=\"robots\" content=\"index, follow, max-snippet:-1, max-image-preview:large, max-video-preview:-1\" \/>\n<link rel=\"canonical\" href=\"https:\/\/diariodepe.com.br\/cri\/2024\/01\/25\/xi-jinping-faz-discurso-pela-comemoracao-do-60o-aniversario-do-estabelecimento-das-relacoes-diplomaticas-entre-a-china-e-a-franca\/\" \/>\n<meta property=\"og:locale\" content=\"pt_BR\" \/>\n<meta property=\"og:type\" content=\"article\" \/>\n<meta property=\"og:title\" content=\"Xi Jinping faz discurso pela comemora\u00e7\u00e3o do 60\u00ba anivers\u00e1rio do estabelecimento das rela\u00e7\u00f5es diplom\u00e1ticas entre a China e a Fran\u00e7a - CRI e Diario de Pernambuco\" \/>\n<meta property=\"og:description\" content=\"O Centro Nacional de Artes C\u00eanicas sediou nesta quinta-feira (25) a recep\u00e7\u00e3o do 60\u00ba anivers\u00e1rio do estabelecimento das rela\u00e7\u00f5es diplom\u00e1ticas entre a China e a Fran\u00e7a. O presidente chin\u00eas, Xi Jinping, fez um discurso em v\u00eddeo para o\u00a0evento. Ele disse...\" \/>\n<meta property=\"og:url\" content=\"https:\/\/diariodepe.com.br\/cri\/2024\/01\/25\/xi-jinping-faz-discurso-pela-comemoracao-do-60o-aniversario-do-estabelecimento-das-relacoes-diplomaticas-entre-a-china-e-a-franca\/\" \/>\n<meta property=\"og:site_name\" content=\"CRI e Diario de Pernambuco\" \/>\n<meta property=\"article:published_time\" content=\"2024-01-26T01:52:48+00:00\" \/>\n<meta property=\"og:image\" content=\"https:\/\/diariodepe.com.br\/cri\/wp-content\/uploads\/sites\/2\/2024\/01\/2024012520165873826.png\" \/>\n\t<meta property=\"og:image:width\" content=\"900\" \/>\n\t<meta property=\"og:image:height\" content=\"564\" \/>\n\t<meta property=\"og:image:type\" content=\"image\/png\" \/>\n<meta name=\"author\" content=\"Ismael Lucas S. Pereira\" \/>\n<meta name=\"twitter:card\" content=\"summary_large_image\" \/>\n<meta name=\"twitter:label1\" content=\"Escrito por\" \/>\n\t<meta name=\"twitter:data1\" content=\"Ismael Lucas S. Pereira\" \/>\n\t<meta name=\"twitter:label2\" content=\"Est. tempo de leitura\" \/>\n\t<meta name=\"twitter:data2\" content=\"2 minutos\" \/>\n<script type=\"application\/ld+json\" class=\"yoast-schema-graph\">{\"@context\":\"https:\\\/\\\/schema.org\",\"@graph\":[{\"@type\":\"Article\",\"@id\":\"https:\\\/\\\/diariodepe.com.br\\\/cri\\\/2024\\\/01\\\/25\\\/xi-jinping-faz-discurso-pela-comemoracao-do-60o-aniversario-do-estabelecimento-das-relacoes-diplomaticas-entre-a-china-e-a-franca\\\/#article\",\"isPartOf\":{\"@id\":\"https:\\\/\\\/diariodepe.com.br\\\/cri\\\/2024\\\/01\\\/25\\\/xi-jinping-faz-discurso-pela-comemoracao-do-60o-aniversario-do-estabelecimento-das-relacoes-diplomaticas-entre-a-china-e-a-franca\\\/\"},\"author\":{\"name\":\"Ismael Lucas S. Pereira\",\"@id\":\"https:\\\/\\\/diariodepe.com.br\\\/cri\\\/#\\\/schema\\\/person\\\/121bb28d84f1a5b1205ef4ce9c2e0c6b\"},\"headline\":\"Xi Jinping faz discurso pela comemora\u00e7\u00e3o do 60\u00ba anivers\u00e1rio do estabelecimento das rela\u00e7\u00f5es diplom\u00e1ticas entre a China e a Fran\u00e7a\",\"datePublished\":\"2024-01-26T01:52:48+00:00\",\"mainEntityOfPage\":{\"@id\":\"https:\\\/\\\/diariodepe.com.br\\\/cri\\\/2024\\\/01\\\/25\\\/xi-jinping-faz-discurso-pela-comemoracao-do-60o-aniversario-do-estabelecimento-das-relacoes-diplomaticas-entre-a-china-e-a-franca\\\/\"},\"wordCount\":334,\"commentCount\":0,\"publisher\":{\"@id\":\"https:\\\/\\\/diariodepe.com.br\\\/cri\\\/#organization\"},\"image\":{\"@id\":\"https:\\\/\\\/diariodepe.com.br\\\/cri\\\/2024\\\/01\\\/25\\\/xi-jinping-faz-discurso-pela-comemoracao-do-60o-aniversario-do-estabelecimento-das-relacoes-diplomaticas-entre-a-china-e-a-franca\\\/#primaryimage\"},\"thumbnailUrl\":\"https:\\\/\\\/diariodepe.com.br\\\/cri\\\/wp-content\\\/uploads\\\/sites\\\/2\\\/2024\\\/01\\\/2024012520165873826.png\",\"articleSection\":[\"China\",\"Destaques Capa\"],\"inLanguage\":\"pt-BR\",\"potentialAction\":[{\"@type\":\"CommentAction\",\"name\":\"Comment\",\"target\":[\"https:\\\/\\\/diariodepe.com.br\\\/cri\\\/2024\\\/01\\\/25\\\/xi-jinping-faz-discurso-pela-comemoracao-do-60o-aniversario-do-estabelecimento-das-relacoes-diplomaticas-entre-a-china-e-a-franca\\\/#respond\"]}]},{\"@type\":\"WebPage\",\"@id\":\"https:\\\/\\\/diariodepe.com.br\\\/cri\\\/2024\\\/01\\\/25\\\/xi-jinping-faz-discurso-pela-comemoracao-do-60o-aniversario-do-estabelecimento-das-relacoes-diplomaticas-entre-a-china-e-a-franca\\\/\",\"url\":\"https:\\\/\\\/diariodepe.com.br\\\/cri\\\/2024\\\/01\\\/25\\\/xi-jinping-faz-discurso-pela-comemoracao-do-60o-aniversario-do-estabelecimento-das-relacoes-diplomaticas-entre-a-china-e-a-franca\\\/\",\"name\":\"Xi Jinping faz discurso pela comemora\u00e7\u00e3o do 60\u00ba anivers\u00e1rio do estabelecimento das rela\u00e7\u00f5es diplom\u00e1ticas entre a China e a Fran\u00e7a - CRI e Diario de Pernambuco\",\"isPartOf\":{\"@id\":\"https:\\\/\\\/diariodepe.com.br\\\/cri\\\/#website\"},\"primaryImageOfPage\":{\"@id\":\"https:\\\/\\\/diariodepe.com.br\\\/cri\\\/2024\\\/01\\\/25\\\/xi-jinping-faz-discurso-pela-comemoracao-do-60o-aniversario-do-estabelecimento-das-relacoes-diplomaticas-entre-a-china-e-a-franca\\\/#primaryimage\"},\"image\":{\"@id\":\"https:\\\/\\\/diariodepe.com.br\\\/cri\\\/2024\\\/01\\\/25\\\/xi-jinping-faz-discurso-pela-comemoracao-do-60o-aniversario-do-estabelecimento-das-relacoes-diplomaticas-entre-a-china-e-a-franca\\\/#primaryimage\"},\"thumbnailUrl\":\"https:\\\/\\\/diariodepe.com.br\\\/cri\\\/wp-content\\\/uploads\\\/sites\\\/2\\\/2024\\\/01\\\/2024012520165873826.png\",\"datePublished\":\"2024-01-26T01:52:48+00:00\",\"breadcrumb\":{\"@id\":\"https:\\\/\\\/diariodepe.com.br\\\/cri\\\/2024\\\/01\\\/25\\\/xi-jinping-faz-discurso-pela-comemoracao-do-60o-aniversario-do-estabelecimento-das-relacoes-diplomaticas-entre-a-china-e-a-franca\\\/#breadcrumb\"},\"inLanguage\":\"pt-BR\",\"potentialAction\":[{\"@type\":\"ReadAction\",\"target\":[\"https:\\\/\\\/diariodepe.com.br\\\/cri\\\/2024\\\/01\\\/25\\\/xi-jinping-faz-discurso-pela-comemoracao-do-60o-aniversario-do-estabelecimento-das-relacoes-diplomaticas-entre-a-china-e-a-franca\\\/\"]}]},{\"@type\":\"ImageObject\",\"inLanguage\":\"pt-BR\",\"@id\":\"https:\\\/\\\/diariodepe.com.br\\\/cri\\\/2024\\\/01\\\/25\\\/xi-jinping-faz-discurso-pela-comemoracao-do-60o-aniversario-do-estabelecimento-das-relacoes-diplomaticas-entre-a-china-e-a-franca\\\/#primaryimage\",\"url\":\"https:\\\/\\\/diariodepe.com.br\\\/cri\\\/wp-content\\\/uploads\\\/sites\\\/2\\\/2024\\\/01\\\/2024012520165873826.png\",\"contentUrl\":\"https:\\\/\\\/diariodepe.com.br\\\/cri\\\/wp-content\\\/uploads\\\/sites\\\/2\\\/2024\\\/01\\\/2024012520165873826.png\",\"width\":900,\"height\":564},{\"@type\":\"BreadcrumbList\",\"@id\":\"https:\\\/\\\/diariodepe.com.br\\\/cri\\\/2024\\\/01\\\/25\\\/xi-jinping-faz-discurso-pela-comemoracao-do-60o-aniversario-do-estabelecimento-das-relacoes-diplomaticas-entre-a-china-e-a-franca\\\/#breadcrumb\",\"itemListElement\":[{\"@type\":\"ListItem\",\"position\":1,\"name\":\"In\u00edcio\",\"item\":\"https:\\\/\\\/diariodepe.com.br\\\/cri\\\/\"},{\"@type\":\"ListItem\",\"position\":2,\"name\":\"Xi Jinping faz discurso pela comemora\u00e7\u00e3o do 60\u00ba anivers\u00e1rio do estabelecimento das rela\u00e7\u00f5es diplom\u00e1ticas entre a China e a Fran\u00e7a\"}]},{\"@type\":\"WebSite\",\"@id\":\"https:\\\/\\\/diariodepe.com.br\\\/cri\\\/#website\",\"url\":\"https:\\\/\\\/diariodepe.com.br\\\/cri\\\/\",\"name\":\"CRI e Diario de Pernambuco\",\"description\":\"R\u00e1dio Internacional da China\",\"publisher\":{\"@id\":\"https:\\\/\\\/diariodepe.com.br\\\/cri\\\/#organization\"},\"potentialAction\":[{\"@type\":\"SearchAction\",\"target\":{\"@type\":\"EntryPoint\",\"urlTemplate\":\"https:\\\/\\\/diariodepe.com.br\\\/cri\\\/?s={search_term_string}\"},\"query-input\":{\"@type\":\"PropertyValueSpecification\",\"valueRequired\":true,\"valueName\":\"search_term_string\"}}],\"inLanguage\":\"pt-BR\"},{\"@type\":\"Organization\",\"@id\":\"https:\\\/\\\/diariodepe.com.br\\\/cri\\\/#organization\",\"name\":\"CRI e Diario de Pernambuco\",\"url\":\"https:\\\/\\\/diariodepe.com.br\\\/cri\\\/\",\"logo\":{\"@type\":\"ImageObject\",\"inLanguage\":\"pt-BR\",\"@id\":\"https:\\\/\\\/diariodepe.com.br\\\/cri\\\/#\\\/schema\\\/logo\\\/image\\\/\",\"url\":\"https:\\\/\\\/diariodepe.com.br\\\/cri\\\/wp-content\\\/uploads\\\/sites\\\/2\\\/2022\\\/12\\\/cropped-Logo.jpg\",\"contentUrl\":\"https:\\\/\\\/diariodepe.com.br\\\/cri\\\/wp-content\\\/uploads\\\/sites\\\/2\\\/2022\\\/12\\\/cropped-Logo.jpg\",\"width\":700,\"height\":59,\"caption\":\"CRI e Diario de Pernambuco\"},\"image\":{\"@id\":\"https:\\\/\\\/diariodepe.com.br\\\/cri\\\/#\\\/schema\\\/logo\\\/image\\\/\"}},{\"@type\":\"Person\",\"@id\":\"https:\\\/\\\/diariodepe.com.br\\\/cri\\\/#\\\/schema\\\/person\\\/121bb28d84f1a5b1205ef4ce9c2e0c6b\",\"name\":\"Ismael Lucas S. Pereira\",\"image\":{\"@type\":\"ImageObject\",\"inLanguage\":\"pt-BR\",\"@id\":\"https:\\\/\\\/secure.gravatar.com\\\/avatar\\\/887a0f3b5a7ceea963a48499fb883ffce6b5037362def025c52c2505b15d63e4?s=96&d=mm&r=g\",\"url\":\"https:\\\/\\\/secure.gravatar.com\\\/avatar\\\/887a0f3b5a7ceea963a48499fb883ffce6b5037362def025c52c2505b15d63e4?s=96&d=mm&r=g\",\"contentUrl\":\"https:\\\/\\\/secure.gravatar.com\\\/avatar\\\/887a0f3b5a7ceea963a48499fb883ffce6b5037362def025c52c2505b15d63e4?s=96&d=mm&r=g\",\"caption\":\"Ismael Lucas S. Pereira\"},\"url\":\"https:\\\/\\\/diariodepe.com.br\\\/cri\\\/author\\\/ismael-lucas\\\/\"}]}<\/script>\n<!-- \/ Yoast SEO plugin. -->","yoast_head_json":{"title":"Xi Jinping faz discurso pela comemora\u00e7\u00e3o do 60\u00ba anivers\u00e1rio do estabelecimento das rela\u00e7\u00f5es diplom\u00e1ticas entre a China e a Fran\u00e7a - CRI e Diario de Pernambuco","robots":{"index":"index","follow":"follow","max-snippet":"max-snippet:-1","max-image-preview":"max-image-preview:large","max-video-preview":"max-video-preview:-1"},"canonical":"https:\/\/diariodepe.com.br\/cri\/2024\/01\/25\/xi-jinping-faz-discurso-pela-comemoracao-do-60o-aniversario-do-estabelecimento-das-relacoes-diplomaticas-entre-a-china-e-a-franca\/","og_locale":"pt_BR","og_type":"article","og_title":"Xi Jinping faz discurso pela comemora\u00e7\u00e3o do 60\u00ba anivers\u00e1rio do estabelecimento das rela\u00e7\u00f5es diplom\u00e1ticas entre a China e a Fran\u00e7a - CRI e Diario de Pernambuco","og_description":"O Centro Nacional de Artes C\u00eanicas sediou nesta quinta-feira (25) a recep\u00e7\u00e3o do 60\u00ba anivers\u00e1rio do estabelecimento das rela\u00e7\u00f5es diplom\u00e1ticas entre a China e a Fran\u00e7a. O presidente chin\u00eas, Xi Jinping, fez um discurso em v\u00eddeo para o\u00a0evento. Ele disse...","og_url":"https:\/\/diariodepe.com.br\/cri\/2024\/01\/25\/xi-jinping-faz-discurso-pela-comemoracao-do-60o-aniversario-do-estabelecimento-das-relacoes-diplomaticas-entre-a-china-e-a-franca\/","og_site_name":"CRI e Diario de Pernambuco","article_published_time":"2024-01-26T01:52:48+00:00","og_image":[{"width":900,"height":564,"url":"https:\/\/diariodepe.com.br\/cri\/wp-content\/uploads\/sites\/2\/2024\/01\/2024012520165873826.png","type":"image\/png"}],"author":"Ismael Lucas S. Pereira","twitter_card":"summary_large_image","twitter_misc":{"Escrito por":"Ismael Lucas S. Pereira","Est. tempo de leitura":"2 minutos"},"schema":{"@context":"https:\/\/schema.org","@graph":[{"@type":"Article","@id":"https:\/\/diariodepe.com.br\/cri\/2024\/01\/25\/xi-jinping-faz-discurso-pela-comemoracao-do-60o-aniversario-do-estabelecimento-das-relacoes-diplomaticas-entre-a-china-e-a-franca\/#article","isPartOf":{"@id":"https:\/\/diariodepe.com.br\/cri\/2024\/01\/25\/xi-jinping-faz-discurso-pela-comemoracao-do-60o-aniversario-do-estabelecimento-das-relacoes-diplomaticas-entre-a-china-e-a-franca\/"},"author":{"name":"Ismael Lucas S. Pereira","@id":"https:\/\/diariodepe.com.br\/cri\/#\/schema\/person\/121bb28d84f1a5b1205ef4ce9c2e0c6b"},"headline":"Xi Jinping faz discurso pela comemora\u00e7\u00e3o do 60\u00ba anivers\u00e1rio do estabelecimento das rela\u00e7\u00f5es diplom\u00e1ticas entre a China e a Fran\u00e7a","datePublished":"2024-01-26T01:52:48+00:00","mainEntityOfPage":{"@id":"https:\/\/diariodepe.com.br\/cri\/2024\/01\/25\/xi-jinping-faz-discurso-pela-comemoracao-do-60o-aniversario-do-estabelecimento-das-relacoes-diplomaticas-entre-a-china-e-a-franca\/"},"wordCount":334,"commentCount":0,"publisher":{"@id":"https:\/\/diariodepe.com.br\/cri\/#organization"},"image":{"@id":"https:\/\/diariodepe.com.br\/cri\/2024\/01\/25\/xi-jinping-faz-discurso-pela-comemoracao-do-60o-aniversario-do-estabelecimento-das-relacoes-diplomaticas-entre-a-china-e-a-franca\/#primaryimage"},"thumbnailUrl":"https:\/\/diariodepe.com.br\/cri\/wp-content\/uploads\/sites\/2\/2024\/01\/2024012520165873826.png","articleSection":["China","Destaques Capa"],"inLanguage":"pt-BR","potentialAction":[{"@type":"CommentAction","name":"Comment","target":["https:\/\/diariodepe.com.br\/cri\/2024\/01\/25\/xi-jinping-faz-discurso-pela-comemoracao-do-60o-aniversario-do-estabelecimento-das-relacoes-diplomaticas-entre-a-china-e-a-franca\/#respond"]}]},{"@type":"WebPage","@id":"https:\/\/diariodepe.com.br\/cri\/2024\/01\/25\/xi-jinping-faz-discurso-pela-comemoracao-do-60o-aniversario-do-estabelecimento-das-relacoes-diplomaticas-entre-a-china-e-a-franca\/","url":"https:\/\/diariodepe.com.br\/cri\/2024\/01\/25\/xi-jinping-faz-discurso-pela-comemoracao-do-60o-aniversario-do-estabelecimento-das-relacoes-diplomaticas-entre-a-china-e-a-franca\/","name":"Xi Jinping faz discurso pela comemora\u00e7\u00e3o do 60\u00ba anivers\u00e1rio do estabelecimento das rela\u00e7\u00f5es diplom\u00e1ticas entre a China e a Fran\u00e7a - CRI e Diario de Pernambuco","isPartOf":{"@id":"https:\/\/diariodepe.com.br\/cri\/#website"},"primaryImageOfPage":{"@id":"https:\/\/diariodepe.com.br\/cri\/2024\/01\/25\/xi-jinping-faz-discurso-pela-comemoracao-do-60o-aniversario-do-estabelecimento-das-relacoes-diplomaticas-entre-a-china-e-a-franca\/#primaryimage"},"image":{"@id":"https:\/\/diariodepe.com.br\/cri\/2024\/01\/25\/xi-jinping-faz-discurso-pela-comemoracao-do-60o-aniversario-do-estabelecimento-das-relacoes-diplomaticas-entre-a-china-e-a-franca\/#primaryimage"},"thumbnailUrl":"https:\/\/diariodepe.com.br\/cri\/wp-content\/uploads\/sites\/2\/2024\/01\/2024012520165873826.png","datePublished":"2024-01-26T01:52:48+00:00","breadcrumb":{"@id":"https:\/\/diariodepe.com.br\/cri\/2024\/01\/25\/xi-jinping-faz-discurso-pela-comemoracao-do-60o-aniversario-do-estabelecimento-das-relacoes-diplomaticas-entre-a-china-e-a-franca\/#breadcrumb"},"inLanguage":"pt-BR","potentialAction":[{"@type":"ReadAction","target":["https:\/\/diariodepe.com.br\/cri\/2024\/01\/25\/xi-jinping-faz-discurso-pela-comemoracao-do-60o-aniversario-do-estabelecimento-das-relacoes-diplomaticas-entre-a-china-e-a-franca\/"]}]},{"@type":"ImageObject","inLanguage":"pt-BR","@id":"https:\/\/diariodepe.com.br\/cri\/2024\/01\/25\/xi-jinping-faz-discurso-pela-comemoracao-do-60o-aniversario-do-estabelecimento-das-relacoes-diplomaticas-entre-a-china-e-a-franca\/#primaryimage","url":"https:\/\/diariodepe.com.br\/cri\/wp-content\/uploads\/sites\/2\/2024\/01\/2024012520165873826.png","contentUrl":"https:\/\/diariodepe.com.br\/cri\/wp-content\/uploads\/sites\/2\/2024\/01\/2024012520165873826.png","width":900,"height":564},{"@type":"BreadcrumbList","@id":"https:\/\/diariodepe.com.br\/cri\/2024\/01\/25\/xi-jinping-faz-discurso-pela-comemoracao-do-60o-aniversario-do-estabelecimento-das-relacoes-diplomaticas-entre-a-china-e-a-franca\/#breadcrumb","itemListElement":[{"@type":"ListItem","position":1,"name":"In\u00edcio","item":"https:\/\/diariodepe.com.br\/cri\/"},{"@type":"ListItem","position":2,"name":"Xi Jinping faz discurso pela comemora\u00e7\u00e3o do 60\u00ba anivers\u00e1rio do estabelecimento das rela\u00e7\u00f5es diplom\u00e1ticas entre a China e a Fran\u00e7a"}]},{"@type":"WebSite","@id":"https:\/\/diariodepe.com.br\/cri\/#website","url":"https:\/\/diariodepe.com.br\/cri\/","name":"CRI e Diario de Pernambuco","description":"R\u00e1dio Internacional da China","publisher":{"@id":"https:\/\/diariodepe.com.br\/cri\/#organization"},"potentialAction":[{"@type":"SearchAction","target":{"@type":"EntryPoint","urlTemplate":"https:\/\/diariodepe.com.br\/cri\/?s={search_term_string}"},"query-input":{"@type":"PropertyValueSpecification","valueRequired":true,"valueName":"search_term_string"}}],"inLanguage":"pt-BR"},{"@type":"Organization","@id":"https:\/\/diariodepe.com.br\/cri\/#organization","name":"CRI e Diario de Pernambuco","url":"https:\/\/diariodepe.com.br\/cri\/","logo":{"@type":"ImageObject","inLanguage":"pt-BR","@id":"https:\/\/diariodepe.com.br\/cri\/#\/schema\/logo\/image\/","url":"https:\/\/diariodepe.com.br\/cri\/wp-content\/uploads\/sites\/2\/2022\/12\/cropped-Logo.jpg","contentUrl":"https:\/\/diariodepe.com.br\/cri\/wp-content\/uploads\/sites\/2\/2022\/12\/cropped-Logo.jpg","width":700,"height":59,"caption":"CRI e Diario de Pernambuco"},"image":{"@id":"https:\/\/diariodepe.com.br\/cri\/#\/schema\/logo\/image\/"}},{"@type":"Person","@id":"https:\/\/diariodepe.com.br\/cri\/#\/schema\/person\/121bb28d84f1a5b1205ef4ce9c2e0c6b","name":"Ismael Lucas S. Pereira","image":{"@type":"ImageObject","inLanguage":"pt-BR","@id":"https:\/\/secure.gravatar.com\/avatar\/887a0f3b5a7ceea963a48499fb883ffce6b5037362def025c52c2505b15d63e4?s=96&d=mm&r=g","url":"https:\/\/secure.gravatar.com\/avatar\/887a0f3b5a7ceea963a48499fb883ffce6b5037362def025c52c2505b15d63e4?s=96&d=mm&r=g","contentUrl":"https:\/\/secure.gravatar.com\/avatar\/887a0f3b5a7ceea963a48499fb883ffce6b5037362def025c52c2505b15d63e4?s=96&d=mm&r=g","caption":"Ismael Lucas S. Pereira"},"url":"https:\/\/diariodepe.com.br\/cri\/author\/ismael-lucas\/"}]}},"cc_featured_image_caption":{"caption_text":false,"source_text":false,"source_url":false},"amp_enabled":true,"_links":{"self":[{"href":"https:\/\/diariodepe.com.br\/cri\/wp-json\/wp\/v2\/posts\/4130","targetHints":{"allow":["GET"]}}],"collection":[{"href":"https:\/\/diariodepe.com.br\/cri\/wp-json\/wp\/v2\/posts"}],"about":[{"href":"https:\/\/diariodepe.com.br\/cri\/wp-json\/wp\/v2\/types\/post"}],"author":[{"embeddable":true,"href":"https:\/\/diariodepe.com.br\/cri\/wp-json\/wp\/v2\/users\/2"}],"replies":[{"embeddable":true,"href":"https:\/\/diariodepe.com.br\/cri\/wp-json\/wp\/v2\/comments?post=4130"}],"version-history":[{"count":1,"href":"https:\/\/diariodepe.com.br\/cri\/wp-json\/wp\/v2\/posts\/4130\/revisions"}],"predecessor-version":[{"id":4132,"href":"https:\/\/diariodepe.com.br\/cri\/wp-json\/wp\/v2\/posts\/4130\/revisions\/4132"}],"wp:featuredmedia":[{"embeddable":true,"href":"https:\/\/diariodepe.com.br\/cri\/wp-json\/wp\/v2\/media\/4131"}],"wp:attachment":[{"href":"https:\/\/diariodepe.com.br\/cri\/wp-json\/wp\/v2\/media?parent=4130"}],"wp:term":[{"taxonomy":"category","embeddable":true,"href":"https:\/\/diariodepe.com.br\/cri\/wp-json\/wp\/v2\/categories?post=4130"},{"taxonomy":"post_tag","embeddable":true,"href":"https:\/\/diariodepe.com.br\/cri\/wp-json\/wp\/v2\/tags?post=4130"}],"curies":[{"name":"wp","href":"https:\/\/api.w.org\/{rel}","templated":true}]}}