{"id":4093,"date":"2024-01-22T11:10:11","date_gmt":"2024-01-22T14:10:11","guid":{"rendered":"https:\/\/diariodepe.com.br\/cri\/?p=4093"},"modified":"2024-01-22T11:10:11","modified_gmt":"2024-01-22T14:10:11","slug":"projeto-estrategico-3820-tem-o-povo-como-nucleo","status":"publish","type":"post","link":"https:\/\/diariodepe.com.br\/cri\/2024\/01\/22\/projeto-estrategico-3820-tem-o-povo-como-nucleo\/","title":{"rendered":"Projeto Estrat\u00e9gico 3820 tem o povo como n\u00facleo"},"content":{"rendered":"<p>Em 1992, o presidente Xi Jinping, ent\u00e3o secret\u00e1rio do Comit\u00ea Municipal de Fuzhou do Partido Comunista da China (PCCh), elaborou a &#8220;Estrat\u00e9gia de 20 anos para o desenvolvimento social e econ\u00f4mico de Fuzhou&#8221;, conhecido como Projeto Estrat\u00e9gico 3820. Existem cap\u00edtulos especiais para constru\u00e7\u00e3o urbana, prote\u00e7\u00e3o ambiental, cultura, educa\u00e7\u00e3o\u00a0etc, e a ideia de desenvolvimento do documento \u00e9 centralizada no\u00a0povo.<\/p>\n<p>A habita\u00e7\u00e3o est\u00e1 relacionada com os interesses vitais da popula\u00e7\u00e3o. Na Comunidade Cangxia, em Fuzhou, a hist\u00f3ria das \u201ctr\u00eas visitas a Cangxia\u201d do camarada Xi Jinping tem sido transmitida at\u00e9 hoje. Em 2 de julho de 2000, Xi Jinping, que j\u00e1 era governador da prov\u00edncia de Fujian na \u00e9poca, liderou quadros dos principais departamentos em\u00a0uma visita ao\u00a0local.<\/p>\n<p>&#8220;O camarada Xi Jinping veio \u00e0 minha casa. Nossa casa estava abafada e muito quente. Ele veio fazer pesquisas em um dia quente e ficar\u00a0perto do povo&#8221;, disse Tang Qingwang, um residente da comunidade de\u00a0Cangxia.<\/p>\n<p>No mesmo dia, Xi Jinping realizou um simp\u00f3sio com representantes dos residentes abordando quest\u00f5es sobre a reconstru\u00e7\u00e3o,\u00a0e ent\u00e3o, come\u00e7ou\u00a0logo o projeto de restaura\u00e7\u00e3o do local. Durante este per\u00edodo, ele foi duas vezes a Cangxia para promover o trabalho. Um ano depois, mais de 3.400 fam\u00edlias voltaram para as suas novas casas.<\/p>\n","protected":false},"excerpt":{"rendered":"<p>Em 1992, o presidente Xi Jinping, ent\u00e3o secret\u00e1rio do Comit\u00ea Municipal de Fuzhou do Partido Comunista da China (PCCh), elaborou a &#8220;Estrat\u00e9gia de 20 anos para o desenvolvimento social e econ\u00f4mico de Fuzhou&#8221;, conhecido como Projeto Estrat\u00e9gico 3820. Existem cap\u00edtulos&#8230;<\/p>\n","protected":false},"author":2,"featured_media":4094,"comment_status":"open","ping_status":"open","sticky":false,"template":"","format":"standard","meta":{"footnotes":""},"categories":[5],"tags":[],"class_list":["post-4093","post","type-post","status-publish","format-standard","has-post-thumbnail","hentry","category-destaques-capa"],"yoast_head":"<!-- This site is optimized with the Yoast SEO plugin v27.4 - https:\/\/yoast.com\/product\/yoast-seo-wordpress\/ -->\n<title>Projeto Estrat\u00e9gico 3820 tem o povo como n\u00facleo - CRI e Diario de Pernambuco<\/title>\n<meta name=\"robots\" content=\"index, follow, max-snippet:-1, max-image-preview:large, max-video-preview:-1\" \/>\n<link rel=\"canonical\" href=\"https:\/\/diariodepe.com.br\/cri\/2024\/01\/22\/projeto-estrategico-3820-tem-o-povo-como-nucleo\/\" \/>\n<meta property=\"og:locale\" content=\"pt_BR\" \/>\n<meta property=\"og:type\" content=\"article\" \/>\n<meta property=\"og:title\" content=\"Projeto Estrat\u00e9gico 3820 tem o povo como n\u00facleo - CRI e Diario de Pernambuco\" \/>\n<meta property=\"og:description\" content=\"Em 1992, o presidente Xi Jinping, ent\u00e3o secret\u00e1rio do Comit\u00ea Municipal de Fuzhou do Partido Comunista da China (PCCh), elaborou a &#8220;Estrat\u00e9gia de 20 anos para o desenvolvimento social e econ\u00f4mico de Fuzhou&#8221;, conhecido como Projeto Estrat\u00e9gico 3820. Existem cap\u00edtulos...\" \/>\n<meta property=\"og:url\" content=\"https:\/\/diariodepe.com.br\/cri\/2024\/01\/22\/projeto-estrategico-3820-tem-o-povo-como-nucleo\/\" \/>\n<meta property=\"og:site_name\" content=\"CRI e Diario de Pernambuco\" \/>\n<meta property=\"article:published_time\" content=\"2024-01-22T14:10:11+00:00\" \/>\n<meta property=\"og:image\" content=\"https:\/\/diariodepe.com.br\/cri\/wp-content\/uploads\/sites\/2\/2024\/01\/2024012221411389418.jpeg\" \/>\n\t<meta property=\"og:image:width\" content=\"1280\" \/>\n\t<meta property=\"og:image:height\" content=\"720\" \/>\n\t<meta property=\"og:image:type\" content=\"image\/jpeg\" \/>\n<meta name=\"author\" content=\"Ismael Lucas S. Pereira\" \/>\n<meta name=\"twitter:card\" content=\"summary_large_image\" \/>\n<meta name=\"twitter:label1\" content=\"Escrito por\" \/>\n\t<meta name=\"twitter:data1\" content=\"Ismael Lucas S. Pereira\" \/>\n\t<meta name=\"twitter:label2\" content=\"Est. tempo de leitura\" \/>\n\t<meta name=\"twitter:data2\" content=\"2 minutos\" \/>\n<script type=\"application\/ld+json\" class=\"yoast-schema-graph\">{\"@context\":\"https:\\\/\\\/schema.org\",\"@graph\":[{\"@type\":\"Article\",\"@id\":\"https:\\\/\\\/diariodepe.com.br\\\/cri\\\/2024\\\/01\\\/22\\\/projeto-estrategico-3820-tem-o-povo-como-nucleo\\\/#article\",\"isPartOf\":{\"@id\":\"https:\\\/\\\/diariodepe.com.br\\\/cri\\\/2024\\\/01\\\/22\\\/projeto-estrategico-3820-tem-o-povo-como-nucleo\\\/\"},\"author\":{\"name\":\"Ismael Lucas S. Pereira\",\"@id\":\"https:\\\/\\\/diariodepe.com.br\\\/cri\\\/#\\\/schema\\\/person\\\/121bb28d84f1a5b1205ef4ce9c2e0c6b\"},\"headline\":\"Projeto Estrat\u00e9gico 3820 tem o povo como n\u00facleo\",\"datePublished\":\"2024-01-22T14:10:11+00:00\",\"mainEntityOfPage\":{\"@id\":\"https:\\\/\\\/diariodepe.com.br\\\/cri\\\/2024\\\/01\\\/22\\\/projeto-estrategico-3820-tem-o-povo-como-nucleo\\\/\"},\"wordCount\":232,\"commentCount\":0,\"publisher\":{\"@id\":\"https:\\\/\\\/diariodepe.com.br\\\/cri\\\/#organization\"},\"image\":{\"@id\":\"https:\\\/\\\/diariodepe.com.br\\\/cri\\\/2024\\\/01\\\/22\\\/projeto-estrategico-3820-tem-o-povo-como-nucleo\\\/#primaryimage\"},\"thumbnailUrl\":\"https:\\\/\\\/diariodepe.com.br\\\/cri\\\/wp-content\\\/uploads\\\/sites\\\/2\\\/2024\\\/01\\\/2024012221411389418.jpeg\",\"articleSection\":[\"Destaques Capa\"],\"inLanguage\":\"pt-BR\",\"potentialAction\":[{\"@type\":\"CommentAction\",\"name\":\"Comment\",\"target\":[\"https:\\\/\\\/diariodepe.com.br\\\/cri\\\/2024\\\/01\\\/22\\\/projeto-estrategico-3820-tem-o-povo-como-nucleo\\\/#respond\"]}]},{\"@type\":\"WebPage\",\"@id\":\"https:\\\/\\\/diariodepe.com.br\\\/cri\\\/2024\\\/01\\\/22\\\/projeto-estrategico-3820-tem-o-povo-como-nucleo\\\/\",\"url\":\"https:\\\/\\\/diariodepe.com.br\\\/cri\\\/2024\\\/01\\\/22\\\/projeto-estrategico-3820-tem-o-povo-como-nucleo\\\/\",\"name\":\"Projeto Estrat\u00e9gico 3820 tem o povo como n\u00facleo - CRI e Diario de Pernambuco\",\"isPartOf\":{\"@id\":\"https:\\\/\\\/diariodepe.com.br\\\/cri\\\/#website\"},\"primaryImageOfPage\":{\"@id\":\"https:\\\/\\\/diariodepe.com.br\\\/cri\\\/2024\\\/01\\\/22\\\/projeto-estrategico-3820-tem-o-povo-como-nucleo\\\/#primaryimage\"},\"image\":{\"@id\":\"https:\\\/\\\/diariodepe.com.br\\\/cri\\\/2024\\\/01\\\/22\\\/projeto-estrategico-3820-tem-o-povo-como-nucleo\\\/#primaryimage\"},\"thumbnailUrl\":\"https:\\\/\\\/diariodepe.com.br\\\/cri\\\/wp-content\\\/uploads\\\/sites\\\/2\\\/2024\\\/01\\\/2024012221411389418.jpeg\",\"datePublished\":\"2024-01-22T14:10:11+00:00\",\"breadcrumb\":{\"@id\":\"https:\\\/\\\/diariodepe.com.br\\\/cri\\\/2024\\\/01\\\/22\\\/projeto-estrategico-3820-tem-o-povo-como-nucleo\\\/#breadcrumb\"},\"inLanguage\":\"pt-BR\",\"potentialAction\":[{\"@type\":\"ReadAction\",\"target\":[\"https:\\\/\\\/diariodepe.com.br\\\/cri\\\/2024\\\/01\\\/22\\\/projeto-estrategico-3820-tem-o-povo-como-nucleo\\\/\"]}]},{\"@type\":\"ImageObject\",\"inLanguage\":\"pt-BR\",\"@id\":\"https:\\\/\\\/diariodepe.com.br\\\/cri\\\/2024\\\/01\\\/22\\\/projeto-estrategico-3820-tem-o-povo-como-nucleo\\\/#primaryimage\",\"url\":\"https:\\\/\\\/diariodepe.com.br\\\/cri\\\/wp-content\\\/uploads\\\/sites\\\/2\\\/2024\\\/01\\\/2024012221411389418.jpeg\",\"contentUrl\":\"https:\\\/\\\/diariodepe.com.br\\\/cri\\\/wp-content\\\/uploads\\\/sites\\\/2\\\/2024\\\/01\\\/2024012221411389418.jpeg\",\"width\":1280,\"height\":720},{\"@type\":\"BreadcrumbList\",\"@id\":\"https:\\\/\\\/diariodepe.com.br\\\/cri\\\/2024\\\/01\\\/22\\\/projeto-estrategico-3820-tem-o-povo-como-nucleo\\\/#breadcrumb\",\"itemListElement\":[{\"@type\":\"ListItem\",\"position\":1,\"name\":\"In\u00edcio\",\"item\":\"https:\\\/\\\/diariodepe.com.br\\\/cri\\\/\"},{\"@type\":\"ListItem\",\"position\":2,\"name\":\"Projeto Estrat\u00e9gico 3820 tem o povo como n\u00facleo\"}]},{\"@type\":\"WebSite\",\"@id\":\"https:\\\/\\\/diariodepe.com.br\\\/cri\\\/#website\",\"url\":\"https:\\\/\\\/diariodepe.com.br\\\/cri\\\/\",\"name\":\"CRI e Diario de Pernambuco\",\"description\":\"R\u00e1dio Internacional da China\",\"publisher\":{\"@id\":\"https:\\\/\\\/diariodepe.com.br\\\/cri\\\/#organization\"},\"potentialAction\":[{\"@type\":\"SearchAction\",\"target\":{\"@type\":\"EntryPoint\",\"urlTemplate\":\"https:\\\/\\\/diariodepe.com.br\\\/cri\\\/?s={search_term_string}\"},\"query-input\":{\"@type\":\"PropertyValueSpecification\",\"valueRequired\":true,\"valueName\":\"search_term_string\"}}],\"inLanguage\":\"pt-BR\"},{\"@type\":\"Organization\",\"@id\":\"https:\\\/\\\/diariodepe.com.br\\\/cri\\\/#organization\",\"name\":\"CRI e Diario de Pernambuco\",\"url\":\"https:\\\/\\\/diariodepe.com.br\\\/cri\\\/\",\"logo\":{\"@type\":\"ImageObject\",\"inLanguage\":\"pt-BR\",\"@id\":\"https:\\\/\\\/diariodepe.com.br\\\/cri\\\/#\\\/schema\\\/logo\\\/image\\\/\",\"url\":\"https:\\\/\\\/diariodepe.com.br\\\/cri\\\/wp-content\\\/uploads\\\/sites\\\/2\\\/2022\\\/12\\\/cropped-Logo.jpg\",\"contentUrl\":\"https:\\\/\\\/diariodepe.com.br\\\/cri\\\/wp-content\\\/uploads\\\/sites\\\/2\\\/2022\\\/12\\\/cropped-Logo.jpg\",\"width\":700,\"height\":59,\"caption\":\"CRI e Diario de Pernambuco\"},\"image\":{\"@id\":\"https:\\\/\\\/diariodepe.com.br\\\/cri\\\/#\\\/schema\\\/logo\\\/image\\\/\"}},{\"@type\":\"Person\",\"@id\":\"https:\\\/\\\/diariodepe.com.br\\\/cri\\\/#\\\/schema\\\/person\\\/121bb28d84f1a5b1205ef4ce9c2e0c6b\",\"name\":\"Ismael Lucas S. Pereira\",\"image\":{\"@type\":\"ImageObject\",\"inLanguage\":\"pt-BR\",\"@id\":\"https:\\\/\\\/secure.gravatar.com\\\/avatar\\\/887a0f3b5a7ceea963a48499fb883ffce6b5037362def025c52c2505b15d63e4?s=96&d=mm&r=g\",\"url\":\"https:\\\/\\\/secure.gravatar.com\\\/avatar\\\/887a0f3b5a7ceea963a48499fb883ffce6b5037362def025c52c2505b15d63e4?s=96&d=mm&r=g\",\"contentUrl\":\"https:\\\/\\\/secure.gravatar.com\\\/avatar\\\/887a0f3b5a7ceea963a48499fb883ffce6b5037362def025c52c2505b15d63e4?s=96&d=mm&r=g\",\"caption\":\"Ismael Lucas S. Pereira\"},\"url\":\"https:\\\/\\\/diariodepe.com.br\\\/cri\\\/author\\\/ismael-lucas\\\/\"}]}<\/script>\n<!-- \/ Yoast SEO plugin. -->","yoast_head_json":{"title":"Projeto Estrat\u00e9gico 3820 tem o povo como n\u00facleo - CRI e Diario de Pernambuco","robots":{"index":"index","follow":"follow","max-snippet":"max-snippet:-1","max-image-preview":"max-image-preview:large","max-video-preview":"max-video-preview:-1"},"canonical":"https:\/\/diariodepe.com.br\/cri\/2024\/01\/22\/projeto-estrategico-3820-tem-o-povo-como-nucleo\/","og_locale":"pt_BR","og_type":"article","og_title":"Projeto Estrat\u00e9gico 3820 tem o povo como n\u00facleo - CRI e Diario de Pernambuco","og_description":"Em 1992, o presidente Xi Jinping, ent\u00e3o secret\u00e1rio do Comit\u00ea Municipal de Fuzhou do Partido Comunista da China (PCCh), elaborou a &#8220;Estrat\u00e9gia de 20 anos para o desenvolvimento social e econ\u00f4mico de Fuzhou&#8221;, conhecido como Projeto Estrat\u00e9gico 3820. Existem cap\u00edtulos...","og_url":"https:\/\/diariodepe.com.br\/cri\/2024\/01\/22\/projeto-estrategico-3820-tem-o-povo-como-nucleo\/","og_site_name":"CRI e Diario de Pernambuco","article_published_time":"2024-01-22T14:10:11+00:00","og_image":[{"width":1280,"height":720,"url":"https:\/\/diariodepe.com.br\/cri\/wp-content\/uploads\/sites\/2\/2024\/01\/2024012221411389418.jpeg","type":"image\/jpeg"}],"author":"Ismael Lucas S. Pereira","twitter_card":"summary_large_image","twitter_misc":{"Escrito por":"Ismael Lucas S. Pereira","Est. tempo de leitura":"2 minutos"},"schema":{"@context":"https:\/\/schema.org","@graph":[{"@type":"Article","@id":"https:\/\/diariodepe.com.br\/cri\/2024\/01\/22\/projeto-estrategico-3820-tem-o-povo-como-nucleo\/#article","isPartOf":{"@id":"https:\/\/diariodepe.com.br\/cri\/2024\/01\/22\/projeto-estrategico-3820-tem-o-povo-como-nucleo\/"},"author":{"name":"Ismael Lucas S. Pereira","@id":"https:\/\/diariodepe.com.br\/cri\/#\/schema\/person\/121bb28d84f1a5b1205ef4ce9c2e0c6b"},"headline":"Projeto Estrat\u00e9gico 3820 tem o povo como n\u00facleo","datePublished":"2024-01-22T14:10:11+00:00","mainEntityOfPage":{"@id":"https:\/\/diariodepe.com.br\/cri\/2024\/01\/22\/projeto-estrategico-3820-tem-o-povo-como-nucleo\/"},"wordCount":232,"commentCount":0,"publisher":{"@id":"https:\/\/diariodepe.com.br\/cri\/#organization"},"image":{"@id":"https:\/\/diariodepe.com.br\/cri\/2024\/01\/22\/projeto-estrategico-3820-tem-o-povo-como-nucleo\/#primaryimage"},"thumbnailUrl":"https:\/\/diariodepe.com.br\/cri\/wp-content\/uploads\/sites\/2\/2024\/01\/2024012221411389418.jpeg","articleSection":["Destaques Capa"],"inLanguage":"pt-BR","potentialAction":[{"@type":"CommentAction","name":"Comment","target":["https:\/\/diariodepe.com.br\/cri\/2024\/01\/22\/projeto-estrategico-3820-tem-o-povo-como-nucleo\/#respond"]}]},{"@type":"WebPage","@id":"https:\/\/diariodepe.com.br\/cri\/2024\/01\/22\/projeto-estrategico-3820-tem-o-povo-como-nucleo\/","url":"https:\/\/diariodepe.com.br\/cri\/2024\/01\/22\/projeto-estrategico-3820-tem-o-povo-como-nucleo\/","name":"Projeto Estrat\u00e9gico 3820 tem o povo como n\u00facleo - CRI e Diario de Pernambuco","isPartOf":{"@id":"https:\/\/diariodepe.com.br\/cri\/#website"},"primaryImageOfPage":{"@id":"https:\/\/diariodepe.com.br\/cri\/2024\/01\/22\/projeto-estrategico-3820-tem-o-povo-como-nucleo\/#primaryimage"},"image":{"@id":"https:\/\/diariodepe.com.br\/cri\/2024\/01\/22\/projeto-estrategico-3820-tem-o-povo-como-nucleo\/#primaryimage"},"thumbnailUrl":"https:\/\/diariodepe.com.br\/cri\/wp-content\/uploads\/sites\/2\/2024\/01\/2024012221411389418.jpeg","datePublished":"2024-01-22T14:10:11+00:00","breadcrumb":{"@id":"https:\/\/diariodepe.com.br\/cri\/2024\/01\/22\/projeto-estrategico-3820-tem-o-povo-como-nucleo\/#breadcrumb"},"inLanguage":"pt-BR","potentialAction":[{"@type":"ReadAction","target":["https:\/\/diariodepe.com.br\/cri\/2024\/01\/22\/projeto-estrategico-3820-tem-o-povo-como-nucleo\/"]}]},{"@type":"ImageObject","inLanguage":"pt-BR","@id":"https:\/\/diariodepe.com.br\/cri\/2024\/01\/22\/projeto-estrategico-3820-tem-o-povo-como-nucleo\/#primaryimage","url":"https:\/\/diariodepe.com.br\/cri\/wp-content\/uploads\/sites\/2\/2024\/01\/2024012221411389418.jpeg","contentUrl":"https:\/\/diariodepe.com.br\/cri\/wp-content\/uploads\/sites\/2\/2024\/01\/2024012221411389418.jpeg","width":1280,"height":720},{"@type":"BreadcrumbList","@id":"https:\/\/diariodepe.com.br\/cri\/2024\/01\/22\/projeto-estrategico-3820-tem-o-povo-como-nucleo\/#breadcrumb","itemListElement":[{"@type":"ListItem","position":1,"name":"In\u00edcio","item":"https:\/\/diariodepe.com.br\/cri\/"},{"@type":"ListItem","position":2,"name":"Projeto Estrat\u00e9gico 3820 tem o povo como n\u00facleo"}]},{"@type":"WebSite","@id":"https:\/\/diariodepe.com.br\/cri\/#website","url":"https:\/\/diariodepe.com.br\/cri\/","name":"CRI e Diario de Pernambuco","description":"R\u00e1dio Internacional da China","publisher":{"@id":"https:\/\/diariodepe.com.br\/cri\/#organization"},"potentialAction":[{"@type":"SearchAction","target":{"@type":"EntryPoint","urlTemplate":"https:\/\/diariodepe.com.br\/cri\/?s={search_term_string}"},"query-input":{"@type":"PropertyValueSpecification","valueRequired":true,"valueName":"search_term_string"}}],"inLanguage":"pt-BR"},{"@type":"Organization","@id":"https:\/\/diariodepe.com.br\/cri\/#organization","name":"CRI e Diario de Pernambuco","url":"https:\/\/diariodepe.com.br\/cri\/","logo":{"@type":"ImageObject","inLanguage":"pt-BR","@id":"https:\/\/diariodepe.com.br\/cri\/#\/schema\/logo\/image\/","url":"https:\/\/diariodepe.com.br\/cri\/wp-content\/uploads\/sites\/2\/2022\/12\/cropped-Logo.jpg","contentUrl":"https:\/\/diariodepe.com.br\/cri\/wp-content\/uploads\/sites\/2\/2022\/12\/cropped-Logo.jpg","width":700,"height":59,"caption":"CRI e Diario de Pernambuco"},"image":{"@id":"https:\/\/diariodepe.com.br\/cri\/#\/schema\/logo\/image\/"}},{"@type":"Person","@id":"https:\/\/diariodepe.com.br\/cri\/#\/schema\/person\/121bb28d84f1a5b1205ef4ce9c2e0c6b","name":"Ismael Lucas S. Pereira","image":{"@type":"ImageObject","inLanguage":"pt-BR","@id":"https:\/\/secure.gravatar.com\/avatar\/887a0f3b5a7ceea963a48499fb883ffce6b5037362def025c52c2505b15d63e4?s=96&d=mm&r=g","url":"https:\/\/secure.gravatar.com\/avatar\/887a0f3b5a7ceea963a48499fb883ffce6b5037362def025c52c2505b15d63e4?s=96&d=mm&r=g","contentUrl":"https:\/\/secure.gravatar.com\/avatar\/887a0f3b5a7ceea963a48499fb883ffce6b5037362def025c52c2505b15d63e4?s=96&d=mm&r=g","caption":"Ismael Lucas S. Pereira"},"url":"https:\/\/diariodepe.com.br\/cri\/author\/ismael-lucas\/"}]}},"cc_featured_image_caption":{"caption_text":false,"source_text":false,"source_url":false},"amp_enabled":true,"_links":{"self":[{"href":"https:\/\/diariodepe.com.br\/cri\/wp-json\/wp\/v2\/posts\/4093","targetHints":{"allow":["GET"]}}],"collection":[{"href":"https:\/\/diariodepe.com.br\/cri\/wp-json\/wp\/v2\/posts"}],"about":[{"href":"https:\/\/diariodepe.com.br\/cri\/wp-json\/wp\/v2\/types\/post"}],"author":[{"embeddable":true,"href":"https:\/\/diariodepe.com.br\/cri\/wp-json\/wp\/v2\/users\/2"}],"replies":[{"embeddable":true,"href":"https:\/\/diariodepe.com.br\/cri\/wp-json\/wp\/v2\/comments?post=4093"}],"version-history":[{"count":1,"href":"https:\/\/diariodepe.com.br\/cri\/wp-json\/wp\/v2\/posts\/4093\/revisions"}],"predecessor-version":[{"id":4095,"href":"https:\/\/diariodepe.com.br\/cri\/wp-json\/wp\/v2\/posts\/4093\/revisions\/4095"}],"wp:featuredmedia":[{"embeddable":true,"href":"https:\/\/diariodepe.com.br\/cri\/wp-json\/wp\/v2\/media\/4094"}],"wp:attachment":[{"href":"https:\/\/diariodepe.com.br\/cri\/wp-json\/wp\/v2\/media?parent=4093"}],"wp:term":[{"taxonomy":"category","embeddable":true,"href":"https:\/\/diariodepe.com.br\/cri\/wp-json\/wp\/v2\/categories?post=4093"},{"taxonomy":"post_tag","embeddable":true,"href":"https:\/\/diariodepe.com.br\/cri\/wp-json\/wp\/v2\/tags?post=4093"}],"curies":[{"name":"wp","href":"https:\/\/api.w.org\/{rel}","templated":true}]}}