{"id":4091,"date":"2024-01-19T22:50:56","date_gmt":"2024-01-20T01:50:56","guid":{"rendered":"https:\/\/diariodepe.com.br\/cri\/?p=4091"},"modified":"2024-01-21T22:52:01","modified_gmt":"2024-01-22T01:52:01","slug":"pesquisadora-do-instituto-chines-comenta-visita-de-wang-yi-ao-brasil","status":"publish","type":"post","link":"https:\/\/diariodepe.com.br\/cri\/2024\/01\/19\/pesquisadora-do-instituto-chines-comenta-visita-de-wang-yi-ao-brasil\/","title":{"rendered":"Pesquisadora do instituto chin\u00eas comenta visita de Wang Yi ao Brasil"},"content":{"rendered":"<p>O ministro das Rela\u00e7\u00f5es Exteriores da China, Wang Yi, chegou ao Brasil na quinta-feira (18), \u00a0ap\u00f3s completar sua primeira viagem do ano novo \u00e0 \u00c1frica, como uma tradi\u00e7\u00e3o da diplomacia chinesa h\u00e1 34 anos consecutivos.<\/p>\n<p>A parada na Am\u00e9rica Latina mostra o foco da diplomacia chinesa deste ano de fortalecer os interesses comuns com demais pa\u00edses em desenvolvimento e continuar o bom impulso das coopera\u00e7\u00f5es na regi\u00e3o. Em entrevista ao Grupo de M\u00eddia da China, a pesquisadora do Instituto de Estudos Latino-Americanos da Academia de Ci\u00eancias Sociais da China (CASS, na sigla em ingl\u00eas), Helena He Luyang, aponta que a miss\u00e3o da delega\u00e7\u00e3o chinesa no Brasil \u00e9 implementar os resultados da visita do presidente brasileiro, Luiz In\u00e1cio Lula da Silva, \u00e0 China,\u00a0 e realizar a coordena\u00e7\u00e3o da comunica\u00e7\u00e3o com o lado brasileiro em torno da celebra\u00e7\u00e3o do 50\u00ba anivers\u00e1rio das rela\u00e7\u00f5es diplom\u00e1ticas e da C\u00fapula do G20, sediada pela primeira vez pelo Brasil.<\/p>\n<p>Conforme a agenda divulgada, Wang Yi, tamb\u00e9m membro do Bir\u00f4 Pol\u00edtico do Comit\u00ea Central do Partido Comunista da China, deve participar da IV Reuni\u00e3o do Di\u00e1logo Estrat\u00e9gicos Global Brasil-China e se encontrar com Lula nesta sexta-feira (19).<\/p>\n<p><iframe title=\"Pesquisadora do instituto chin\u00eas comenta visita de Wang Yi ao Brasil\" width=\"640\" height=\"360\" src=\"https:\/\/www.youtube.com\/embed\/xoXPzXVeJZU?feature=oembed\" frameborder=\"0\" allow=\"accelerometer; autoplay; clipboard-write; encrypted-media; gyroscope; picture-in-picture; web-share\" referrerpolicy=\"strict-origin-when-cross-origin\" allowfullscreen><\/iframe><\/p>\n","protected":false},"excerpt":{"rendered":"<p>O ministro das Rela\u00e7\u00f5es Exteriores da China, Wang Yi, chegou ao Brasil na quinta-feira (18), \u00a0ap\u00f3s completar sua primeira viagem do ano novo \u00e0 \u00c1frica, como uma tradi\u00e7\u00e3o da diplomacia chinesa h\u00e1 34 anos consecutivos. A parada na Am\u00e9rica Latina&#8230;<\/p>\n","protected":false},"author":2,"featured_media":0,"comment_status":"open","ping_status":"open","sticky":false,"template":"","format":"standard","meta":{"footnotes":""},"categories":[5,11],"tags":[],"class_list":["post-4091","post","type-post","status-publish","format-standard","hentry","category-destaques-capa","category-videos"],"yoast_head":"<!-- This site is optimized with the Yoast SEO plugin v27.4 - https:\/\/yoast.com\/product\/yoast-seo-wordpress\/ -->\n<title>Pesquisadora do instituto chin\u00eas comenta visita de Wang Yi ao Brasil - CRI e Diario de Pernambuco<\/title>\n<meta name=\"robots\" content=\"index, follow, max-snippet:-1, max-image-preview:large, max-video-preview:-1\" \/>\n<link rel=\"canonical\" href=\"https:\/\/diariodepe.com.br\/cri\/2024\/01\/19\/pesquisadora-do-instituto-chines-comenta-visita-de-wang-yi-ao-brasil\/\" \/>\n<meta property=\"og:locale\" content=\"pt_BR\" \/>\n<meta property=\"og:type\" content=\"article\" \/>\n<meta property=\"og:title\" content=\"Pesquisadora do instituto chin\u00eas comenta visita de Wang Yi ao Brasil - CRI e Diario de Pernambuco\" \/>\n<meta property=\"og:description\" content=\"O ministro das Rela\u00e7\u00f5es Exteriores da China, Wang Yi, chegou ao Brasil na quinta-feira (18), \u00a0ap\u00f3s completar sua primeira viagem do ano novo \u00e0 \u00c1frica, como uma tradi\u00e7\u00e3o da diplomacia chinesa h\u00e1 34 anos consecutivos. A parada na Am\u00e9rica Latina...\" \/>\n<meta property=\"og:url\" content=\"https:\/\/diariodepe.com.br\/cri\/2024\/01\/19\/pesquisadora-do-instituto-chines-comenta-visita-de-wang-yi-ao-brasil\/\" \/>\n<meta property=\"og:site_name\" content=\"CRI e Diario de Pernambuco\" \/>\n<meta property=\"article:published_time\" content=\"2024-01-20T01:50:56+00:00\" \/>\n<meta property=\"article:modified_time\" content=\"2024-01-22T01:52:01+00:00\" \/>\n<meta name=\"author\" content=\"Ismael Lucas S. Pereira\" \/>\n<meta name=\"twitter:card\" content=\"summary_large_image\" \/>\n<meta name=\"twitter:label1\" content=\"Escrito por\" \/>\n\t<meta name=\"twitter:data1\" content=\"Ismael Lucas S. Pereira\" \/>\n\t<meta name=\"twitter:label2\" content=\"Est. tempo de leitura\" \/>\n\t<meta name=\"twitter:data2\" content=\"2 minutos\" \/>\n<script type=\"application\/ld+json\" class=\"yoast-schema-graph\">{\"@context\":\"https:\\\/\\\/schema.org\",\"@graph\":[{\"@type\":\"Article\",\"@id\":\"https:\\\/\\\/diariodepe.com.br\\\/cri\\\/2024\\\/01\\\/19\\\/pesquisadora-do-instituto-chines-comenta-visita-de-wang-yi-ao-brasil\\\/#article\",\"isPartOf\":{\"@id\":\"https:\\\/\\\/diariodepe.com.br\\\/cri\\\/2024\\\/01\\\/19\\\/pesquisadora-do-instituto-chines-comenta-visita-de-wang-yi-ao-brasil\\\/\"},\"author\":{\"name\":\"Ismael Lucas S. Pereira\",\"@id\":\"https:\\\/\\\/diariodepe.com.br\\\/cri\\\/#\\\/schema\\\/person\\\/121bb28d84f1a5b1205ef4ce9c2e0c6b\"},\"headline\":\"Pesquisadora do instituto chin\u00eas comenta visita de Wang Yi ao Brasil\",\"datePublished\":\"2024-01-20T01:50:56+00:00\",\"dateModified\":\"2024-01-22T01:52:01+00:00\",\"mainEntityOfPage\":{\"@id\":\"https:\\\/\\\/diariodepe.com.br\\\/cri\\\/2024\\\/01\\\/19\\\/pesquisadora-do-instituto-chines-comenta-visita-de-wang-yi-ao-brasil\\\/\"},\"wordCount\":228,\"commentCount\":0,\"publisher\":{\"@id\":\"https:\\\/\\\/diariodepe.com.br\\\/cri\\\/#organization\"},\"articleSection\":[\"Destaques Capa\",\"V\u00eddeos\"],\"inLanguage\":\"pt-BR\",\"potentialAction\":[{\"@type\":\"CommentAction\",\"name\":\"Comment\",\"target\":[\"https:\\\/\\\/diariodepe.com.br\\\/cri\\\/2024\\\/01\\\/19\\\/pesquisadora-do-instituto-chines-comenta-visita-de-wang-yi-ao-brasil\\\/#respond\"]}]},{\"@type\":\"WebPage\",\"@id\":\"https:\\\/\\\/diariodepe.com.br\\\/cri\\\/2024\\\/01\\\/19\\\/pesquisadora-do-instituto-chines-comenta-visita-de-wang-yi-ao-brasil\\\/\",\"url\":\"https:\\\/\\\/diariodepe.com.br\\\/cri\\\/2024\\\/01\\\/19\\\/pesquisadora-do-instituto-chines-comenta-visita-de-wang-yi-ao-brasil\\\/\",\"name\":\"Pesquisadora do instituto chin\u00eas comenta visita de Wang Yi ao Brasil - CRI e Diario de Pernambuco\",\"isPartOf\":{\"@id\":\"https:\\\/\\\/diariodepe.com.br\\\/cri\\\/#website\"},\"datePublished\":\"2024-01-20T01:50:56+00:00\",\"dateModified\":\"2024-01-22T01:52:01+00:00\",\"breadcrumb\":{\"@id\":\"https:\\\/\\\/diariodepe.com.br\\\/cri\\\/2024\\\/01\\\/19\\\/pesquisadora-do-instituto-chines-comenta-visita-de-wang-yi-ao-brasil\\\/#breadcrumb\"},\"inLanguage\":\"pt-BR\",\"potentialAction\":[{\"@type\":\"ReadAction\",\"target\":[\"https:\\\/\\\/diariodepe.com.br\\\/cri\\\/2024\\\/01\\\/19\\\/pesquisadora-do-instituto-chines-comenta-visita-de-wang-yi-ao-brasil\\\/\"]}]},{\"@type\":\"BreadcrumbList\",\"@id\":\"https:\\\/\\\/diariodepe.com.br\\\/cri\\\/2024\\\/01\\\/19\\\/pesquisadora-do-instituto-chines-comenta-visita-de-wang-yi-ao-brasil\\\/#breadcrumb\",\"itemListElement\":[{\"@type\":\"ListItem\",\"position\":1,\"name\":\"In\u00edcio\",\"item\":\"https:\\\/\\\/diariodepe.com.br\\\/cri\\\/\"},{\"@type\":\"ListItem\",\"position\":2,\"name\":\"Pesquisadora do instituto chin\u00eas comenta visita de Wang Yi ao Brasil\"}]},{\"@type\":\"WebSite\",\"@id\":\"https:\\\/\\\/diariodepe.com.br\\\/cri\\\/#website\",\"url\":\"https:\\\/\\\/diariodepe.com.br\\\/cri\\\/\",\"name\":\"CRI e Diario de Pernambuco\",\"description\":\"R\u00e1dio Internacional da China\",\"publisher\":{\"@id\":\"https:\\\/\\\/diariodepe.com.br\\\/cri\\\/#organization\"},\"potentialAction\":[{\"@type\":\"SearchAction\",\"target\":{\"@type\":\"EntryPoint\",\"urlTemplate\":\"https:\\\/\\\/diariodepe.com.br\\\/cri\\\/?s={search_term_string}\"},\"query-input\":{\"@type\":\"PropertyValueSpecification\",\"valueRequired\":true,\"valueName\":\"search_term_string\"}}],\"inLanguage\":\"pt-BR\"},{\"@type\":\"Organization\",\"@id\":\"https:\\\/\\\/diariodepe.com.br\\\/cri\\\/#organization\",\"name\":\"CRI e Diario de Pernambuco\",\"url\":\"https:\\\/\\\/diariodepe.com.br\\\/cri\\\/\",\"logo\":{\"@type\":\"ImageObject\",\"inLanguage\":\"pt-BR\",\"@id\":\"https:\\\/\\\/diariodepe.com.br\\\/cri\\\/#\\\/schema\\\/logo\\\/image\\\/\",\"url\":\"https:\\\/\\\/diariodepe.com.br\\\/cri\\\/wp-content\\\/uploads\\\/sites\\\/2\\\/2022\\\/12\\\/cropped-Logo.jpg\",\"contentUrl\":\"https:\\\/\\\/diariodepe.com.br\\\/cri\\\/wp-content\\\/uploads\\\/sites\\\/2\\\/2022\\\/12\\\/cropped-Logo.jpg\",\"width\":700,\"height\":59,\"caption\":\"CRI e Diario de Pernambuco\"},\"image\":{\"@id\":\"https:\\\/\\\/diariodepe.com.br\\\/cri\\\/#\\\/schema\\\/logo\\\/image\\\/\"}},{\"@type\":\"Person\",\"@id\":\"https:\\\/\\\/diariodepe.com.br\\\/cri\\\/#\\\/schema\\\/person\\\/121bb28d84f1a5b1205ef4ce9c2e0c6b\",\"name\":\"Ismael Lucas S. Pereira\",\"image\":{\"@type\":\"ImageObject\",\"inLanguage\":\"pt-BR\",\"@id\":\"https:\\\/\\\/secure.gravatar.com\\\/avatar\\\/887a0f3b5a7ceea963a48499fb883ffce6b5037362def025c52c2505b15d63e4?s=96&d=mm&r=g\",\"url\":\"https:\\\/\\\/secure.gravatar.com\\\/avatar\\\/887a0f3b5a7ceea963a48499fb883ffce6b5037362def025c52c2505b15d63e4?s=96&d=mm&r=g\",\"contentUrl\":\"https:\\\/\\\/secure.gravatar.com\\\/avatar\\\/887a0f3b5a7ceea963a48499fb883ffce6b5037362def025c52c2505b15d63e4?s=96&d=mm&r=g\",\"caption\":\"Ismael Lucas S. Pereira\"},\"url\":\"https:\\\/\\\/diariodepe.com.br\\\/cri\\\/author\\\/ismael-lucas\\\/\"}]}<\/script>\n<!-- \/ Yoast SEO plugin. -->","yoast_head_json":{"title":"Pesquisadora do instituto chin\u00eas comenta visita de Wang Yi ao Brasil - CRI e Diario de Pernambuco","robots":{"index":"index","follow":"follow","max-snippet":"max-snippet:-1","max-image-preview":"max-image-preview:large","max-video-preview":"max-video-preview:-1"},"canonical":"https:\/\/diariodepe.com.br\/cri\/2024\/01\/19\/pesquisadora-do-instituto-chines-comenta-visita-de-wang-yi-ao-brasil\/","og_locale":"pt_BR","og_type":"article","og_title":"Pesquisadora do instituto chin\u00eas comenta visita de Wang Yi ao Brasil - CRI e Diario de Pernambuco","og_description":"O ministro das Rela\u00e7\u00f5es Exteriores da China, Wang Yi, chegou ao Brasil na quinta-feira (18), \u00a0ap\u00f3s completar sua primeira viagem do ano novo \u00e0 \u00c1frica, como uma tradi\u00e7\u00e3o da diplomacia chinesa h\u00e1 34 anos consecutivos. A parada na Am\u00e9rica Latina...","og_url":"https:\/\/diariodepe.com.br\/cri\/2024\/01\/19\/pesquisadora-do-instituto-chines-comenta-visita-de-wang-yi-ao-brasil\/","og_site_name":"CRI e Diario de Pernambuco","article_published_time":"2024-01-20T01:50:56+00:00","article_modified_time":"2024-01-22T01:52:01+00:00","author":"Ismael Lucas S. Pereira","twitter_card":"summary_large_image","twitter_misc":{"Escrito por":"Ismael Lucas S. Pereira","Est. tempo de leitura":"2 minutos"},"schema":{"@context":"https:\/\/schema.org","@graph":[{"@type":"Article","@id":"https:\/\/diariodepe.com.br\/cri\/2024\/01\/19\/pesquisadora-do-instituto-chines-comenta-visita-de-wang-yi-ao-brasil\/#article","isPartOf":{"@id":"https:\/\/diariodepe.com.br\/cri\/2024\/01\/19\/pesquisadora-do-instituto-chines-comenta-visita-de-wang-yi-ao-brasil\/"},"author":{"name":"Ismael Lucas S. Pereira","@id":"https:\/\/diariodepe.com.br\/cri\/#\/schema\/person\/121bb28d84f1a5b1205ef4ce9c2e0c6b"},"headline":"Pesquisadora do instituto chin\u00eas comenta visita de Wang Yi ao Brasil","datePublished":"2024-01-20T01:50:56+00:00","dateModified":"2024-01-22T01:52:01+00:00","mainEntityOfPage":{"@id":"https:\/\/diariodepe.com.br\/cri\/2024\/01\/19\/pesquisadora-do-instituto-chines-comenta-visita-de-wang-yi-ao-brasil\/"},"wordCount":228,"commentCount":0,"publisher":{"@id":"https:\/\/diariodepe.com.br\/cri\/#organization"},"articleSection":["Destaques Capa","V\u00eddeos"],"inLanguage":"pt-BR","potentialAction":[{"@type":"CommentAction","name":"Comment","target":["https:\/\/diariodepe.com.br\/cri\/2024\/01\/19\/pesquisadora-do-instituto-chines-comenta-visita-de-wang-yi-ao-brasil\/#respond"]}]},{"@type":"WebPage","@id":"https:\/\/diariodepe.com.br\/cri\/2024\/01\/19\/pesquisadora-do-instituto-chines-comenta-visita-de-wang-yi-ao-brasil\/","url":"https:\/\/diariodepe.com.br\/cri\/2024\/01\/19\/pesquisadora-do-instituto-chines-comenta-visita-de-wang-yi-ao-brasil\/","name":"Pesquisadora do instituto chin\u00eas comenta visita de Wang Yi ao Brasil - CRI e Diario de Pernambuco","isPartOf":{"@id":"https:\/\/diariodepe.com.br\/cri\/#website"},"datePublished":"2024-01-20T01:50:56+00:00","dateModified":"2024-01-22T01:52:01+00:00","breadcrumb":{"@id":"https:\/\/diariodepe.com.br\/cri\/2024\/01\/19\/pesquisadora-do-instituto-chines-comenta-visita-de-wang-yi-ao-brasil\/#breadcrumb"},"inLanguage":"pt-BR","potentialAction":[{"@type":"ReadAction","target":["https:\/\/diariodepe.com.br\/cri\/2024\/01\/19\/pesquisadora-do-instituto-chines-comenta-visita-de-wang-yi-ao-brasil\/"]}]},{"@type":"BreadcrumbList","@id":"https:\/\/diariodepe.com.br\/cri\/2024\/01\/19\/pesquisadora-do-instituto-chines-comenta-visita-de-wang-yi-ao-brasil\/#breadcrumb","itemListElement":[{"@type":"ListItem","position":1,"name":"In\u00edcio","item":"https:\/\/diariodepe.com.br\/cri\/"},{"@type":"ListItem","position":2,"name":"Pesquisadora do instituto chin\u00eas comenta visita de Wang Yi ao Brasil"}]},{"@type":"WebSite","@id":"https:\/\/diariodepe.com.br\/cri\/#website","url":"https:\/\/diariodepe.com.br\/cri\/","name":"CRI e Diario de Pernambuco","description":"R\u00e1dio Internacional da China","publisher":{"@id":"https:\/\/diariodepe.com.br\/cri\/#organization"},"potentialAction":[{"@type":"SearchAction","target":{"@type":"EntryPoint","urlTemplate":"https:\/\/diariodepe.com.br\/cri\/?s={search_term_string}"},"query-input":{"@type":"PropertyValueSpecification","valueRequired":true,"valueName":"search_term_string"}}],"inLanguage":"pt-BR"},{"@type":"Organization","@id":"https:\/\/diariodepe.com.br\/cri\/#organization","name":"CRI e Diario de Pernambuco","url":"https:\/\/diariodepe.com.br\/cri\/","logo":{"@type":"ImageObject","inLanguage":"pt-BR","@id":"https:\/\/diariodepe.com.br\/cri\/#\/schema\/logo\/image\/","url":"https:\/\/diariodepe.com.br\/cri\/wp-content\/uploads\/sites\/2\/2022\/12\/cropped-Logo.jpg","contentUrl":"https:\/\/diariodepe.com.br\/cri\/wp-content\/uploads\/sites\/2\/2022\/12\/cropped-Logo.jpg","width":700,"height":59,"caption":"CRI e Diario de Pernambuco"},"image":{"@id":"https:\/\/diariodepe.com.br\/cri\/#\/schema\/logo\/image\/"}},{"@type":"Person","@id":"https:\/\/diariodepe.com.br\/cri\/#\/schema\/person\/121bb28d84f1a5b1205ef4ce9c2e0c6b","name":"Ismael Lucas S. Pereira","image":{"@type":"ImageObject","inLanguage":"pt-BR","@id":"https:\/\/secure.gravatar.com\/avatar\/887a0f3b5a7ceea963a48499fb883ffce6b5037362def025c52c2505b15d63e4?s=96&d=mm&r=g","url":"https:\/\/secure.gravatar.com\/avatar\/887a0f3b5a7ceea963a48499fb883ffce6b5037362def025c52c2505b15d63e4?s=96&d=mm&r=g","contentUrl":"https:\/\/secure.gravatar.com\/avatar\/887a0f3b5a7ceea963a48499fb883ffce6b5037362def025c52c2505b15d63e4?s=96&d=mm&r=g","caption":"Ismael Lucas S. Pereira"},"url":"https:\/\/diariodepe.com.br\/cri\/author\/ismael-lucas\/"}]}},"cc_featured_image_caption":{"caption_text":false,"source_text":false,"source_url":false},"amp_enabled":true,"_links":{"self":[{"href":"https:\/\/diariodepe.com.br\/cri\/wp-json\/wp\/v2\/posts\/4091","targetHints":{"allow":["GET"]}}],"collection":[{"href":"https:\/\/diariodepe.com.br\/cri\/wp-json\/wp\/v2\/posts"}],"about":[{"href":"https:\/\/diariodepe.com.br\/cri\/wp-json\/wp\/v2\/types\/post"}],"author":[{"embeddable":true,"href":"https:\/\/diariodepe.com.br\/cri\/wp-json\/wp\/v2\/users\/2"}],"replies":[{"embeddable":true,"href":"https:\/\/diariodepe.com.br\/cri\/wp-json\/wp\/v2\/comments?post=4091"}],"version-history":[{"count":1,"href":"https:\/\/diariodepe.com.br\/cri\/wp-json\/wp\/v2\/posts\/4091\/revisions"}],"predecessor-version":[{"id":4092,"href":"https:\/\/diariodepe.com.br\/cri\/wp-json\/wp\/v2\/posts\/4091\/revisions\/4092"}],"wp:attachment":[{"href":"https:\/\/diariodepe.com.br\/cri\/wp-json\/wp\/v2\/media?parent=4091"}],"wp:term":[{"taxonomy":"category","embeddable":true,"href":"https:\/\/diariodepe.com.br\/cri\/wp-json\/wp\/v2\/categories?post=4091"},{"taxonomy":"post_tag","embeddable":true,"href":"https:\/\/diariodepe.com.br\/cri\/wp-json\/wp\/v2\/tags?post=4091"}],"curies":[{"name":"wp","href":"https:\/\/api.w.org\/{rel}","templated":true}]}}