{"id":4089,"date":"2024-01-21T05:48:56","date_gmt":"2024-01-21T08:48:56","guid":{"rendered":"https:\/\/diariodepe.com.br\/cri\/?p=4089"},"modified":"2024-01-21T05:48:56","modified_gmt":"2024-01-21T08:48:56","slug":"encontrando-xi-jinping%ef%bd%9csuas-palavras-me-tocaram-muito","status":"publish","type":"post","link":"https:\/\/diariodepe.com.br\/cri\/2024\/01\/21\/encontrando-xi-jinping%ef%bd%9csuas-palavras-me-tocaram-muito\/","title":{"rendered":"Encontrando Xi Jinping\uff5cSuas palavras me tocaram muito"},"content":{"rendered":"<p><iframe title=\"Encontrando Xi Jinping\uff5cSuas palavras me tocaram muito\" width=\"640\" height=\"360\" src=\"https:\/\/www.youtube.com\/embed\/2FvdpBdA7NA?feature=oembed\" frameborder=\"0\" allow=\"accelerometer; autoplay; clipboard-write; encrypted-media; gyroscope; picture-in-picture; web-share\" referrerpolicy=\"strict-origin-when-cross-origin\" allowfullscreen><\/iframe><\/p>\n<p>Em 18 de janeiro de 2017, o presidente Xi Jinping apresentou na Sede das Na\u00e7\u00f5es Unidas, em Genebra, o discurso de abertura \u201cConstruir em Conjunto uma comunidade de futuro compartilhado para a humanidade\u201d, que foi recebido em todo o mundo com uma resposta positiva, consistente e forte. Foi justamente esse discurso que tocou profundamente o cora\u00e7\u00e3o do somali Abdilahi Ismail Abdilahi.<\/p>\n<p>\u201cSe n\u00e3o fosse dif\u00edcil voltar para casa, quem escolheria o ex\u00edlio?\u201d Estas s\u00e3o palavras do presidente Xi Jinping h\u00e1 sete anos, ainda frescas na mem\u00f3ria de Abdilahi Ismail Abdilahi. \u201cEsta frase me lembra os somalis e sua longa hist\u00f3ria de di\u00e1spora. Compreendo profundamente o valor da paz e seguran\u00e7a.\u201d<\/p>\n<p>Na mensagem de Ano Novo de 2024, o presidente Xi Jinping disse: \u201cEstamos dispostos a trabalhar com a comunidade internacional, e tendo em mente o futuro humano e o bem-estar do povo, construir uma comunidade de futuro compartilhado para a humanidade e um mundo melhor.\u201d Abdilahi Ismail Abdilahi, que visitou o local onde o presidente Xi Jinping trabalhou quando era jovem, disse com profundo sentimento: \u201cO presidente Xi Jinping sempre coloca o povo em primeiro lugar. Ele viveu com pessoas comuns. Quando vejo o presidente Xi Jinping apertando as m\u00e3os dos idosos, lembro-me do tempo que passei com meu av\u00f4 quando era crian\u00e7a. O presidente Xi \u00e9 muito parecido com pessoa da gera\u00e7\u00e3o do meu pai.\u201d<\/p>\n<p>Em 2021, Abdilahi Ismail Abdilahi e mais de 30 jovens representantes estrangeiros escreveram em conjunto uma carta ao presidente Xi Jinping. Quando vi a resposta dele, senti que ele se preocupa com todos os que vivem na China. Tem um prov\u00e9rbio no nosso pa\u00eds que diz: \u201cS\u00f3 quem entende a situa\u00e7\u00e3o \u00e9 que pode verdadeiramente resolver os problemas\u201d.<\/p>\n","protected":false},"excerpt":{"rendered":"<p>Em 18 de janeiro de 2017, o presidente Xi Jinping apresentou na Sede das Na\u00e7\u00f5es Unidas, em Genebra, o discurso de abertura \u201cConstruir em Conjunto uma comunidade de futuro compartilhado para a humanidade\u201d, que foi recebido em todo o mundo&#8230;<\/p>\n","protected":false},"author":2,"featured_media":0,"comment_status":"open","ping_status":"open","sticky":false,"template":"","format":"standard","meta":{"footnotes":""},"categories":[5,11],"tags":[],"class_list":["post-4089","post","type-post","status-publish","format-standard","hentry","category-destaques-capa","category-videos"],"yoast_head":"<!-- This site is optimized with the Yoast SEO plugin v27.4 - https:\/\/yoast.com\/product\/yoast-seo-wordpress\/ -->\n<title>Encontrando Xi Jinping\uff5cSuas palavras me tocaram muito - CRI e Diario de Pernambuco<\/title>\n<meta name=\"robots\" content=\"index, follow, max-snippet:-1, max-image-preview:large, max-video-preview:-1\" \/>\n<link rel=\"canonical\" href=\"https:\/\/diariodepe.com.br\/cri\/2024\/01\/21\/encontrando-xi-jinping\uff5csuas-palavras-me-tocaram-muito\/\" \/>\n<meta property=\"og:locale\" content=\"pt_BR\" \/>\n<meta property=\"og:type\" content=\"article\" \/>\n<meta property=\"og:title\" content=\"Encontrando Xi Jinping\uff5cSuas palavras me tocaram muito - CRI e Diario de Pernambuco\" \/>\n<meta property=\"og:description\" content=\"Em 18 de janeiro de 2017, o presidente Xi Jinping apresentou na Sede das Na\u00e7\u00f5es Unidas, em Genebra, o discurso de abertura \u201cConstruir em Conjunto uma comunidade de futuro compartilhado para a humanidade\u201d, que foi recebido em todo o mundo...\" \/>\n<meta property=\"og:url\" content=\"https:\/\/diariodepe.com.br\/cri\/2024\/01\/21\/encontrando-xi-jinping\uff5csuas-palavras-me-tocaram-muito\/\" \/>\n<meta property=\"og:site_name\" content=\"CRI e Diario de Pernambuco\" \/>\n<meta property=\"article:published_time\" content=\"2024-01-21T08:48:56+00:00\" \/>\n<meta name=\"author\" content=\"Ismael Lucas S. Pereira\" \/>\n<meta name=\"twitter:card\" content=\"summary_large_image\" \/>\n<meta name=\"twitter:label1\" content=\"Escrito por\" \/>\n\t<meta name=\"twitter:data1\" content=\"Ismael Lucas S. Pereira\" \/>\n\t<meta name=\"twitter:label2\" content=\"Est. tempo de leitura\" \/>\n\t<meta name=\"twitter:data2\" content=\"2 minutos\" \/>\n<script type=\"application\/ld+json\" class=\"yoast-schema-graph\">{\"@context\":\"https:\\\/\\\/schema.org\",\"@graph\":[{\"@type\":\"Article\",\"@id\":\"https:\\\/\\\/diariodepe.com.br\\\/cri\\\/2024\\\/01\\\/21\\\/encontrando-xi-jinping%ef%bd%9csuas-palavras-me-tocaram-muito\\\/#article\",\"isPartOf\":{\"@id\":\"https:\\\/\\\/diariodepe.com.br\\\/cri\\\/2024\\\/01\\\/21\\\/encontrando-xi-jinping%ef%bd%9csuas-palavras-me-tocaram-muito\\\/\"},\"author\":{\"name\":\"Ismael Lucas S. Pereira\",\"@id\":\"https:\\\/\\\/diariodepe.com.br\\\/cri\\\/#\\\/schema\\\/person\\\/121bb28d84f1a5b1205ef4ce9c2e0c6b\"},\"headline\":\"Encontrando Xi Jinping\uff5cSuas palavras me tocaram muito\",\"datePublished\":\"2024-01-21T08:48:56+00:00\",\"mainEntityOfPage\":{\"@id\":\"https:\\\/\\\/diariodepe.com.br\\\/cri\\\/2024\\\/01\\\/21\\\/encontrando-xi-jinping%ef%bd%9csuas-palavras-me-tocaram-muito\\\/\"},\"wordCount\":311,\"commentCount\":0,\"publisher\":{\"@id\":\"https:\\\/\\\/diariodepe.com.br\\\/cri\\\/#organization\"},\"articleSection\":[\"Destaques Capa\",\"V\u00eddeos\"],\"inLanguage\":\"pt-BR\",\"potentialAction\":[{\"@type\":\"CommentAction\",\"name\":\"Comment\",\"target\":[\"https:\\\/\\\/diariodepe.com.br\\\/cri\\\/2024\\\/01\\\/21\\\/encontrando-xi-jinping%ef%bd%9csuas-palavras-me-tocaram-muito\\\/#respond\"]}]},{\"@type\":\"WebPage\",\"@id\":\"https:\\\/\\\/diariodepe.com.br\\\/cri\\\/2024\\\/01\\\/21\\\/encontrando-xi-jinping%ef%bd%9csuas-palavras-me-tocaram-muito\\\/\",\"url\":\"https:\\\/\\\/diariodepe.com.br\\\/cri\\\/2024\\\/01\\\/21\\\/encontrando-xi-jinping%ef%bd%9csuas-palavras-me-tocaram-muito\\\/\",\"name\":\"Encontrando Xi Jinping\uff5cSuas palavras me tocaram muito - CRI e Diario de Pernambuco\",\"isPartOf\":{\"@id\":\"https:\\\/\\\/diariodepe.com.br\\\/cri\\\/#website\"},\"datePublished\":\"2024-01-21T08:48:56+00:00\",\"breadcrumb\":{\"@id\":\"https:\\\/\\\/diariodepe.com.br\\\/cri\\\/2024\\\/01\\\/21\\\/encontrando-xi-jinping%ef%bd%9csuas-palavras-me-tocaram-muito\\\/#breadcrumb\"},\"inLanguage\":\"pt-BR\",\"potentialAction\":[{\"@type\":\"ReadAction\",\"target\":[\"https:\\\/\\\/diariodepe.com.br\\\/cri\\\/2024\\\/01\\\/21\\\/encontrando-xi-jinping%ef%bd%9csuas-palavras-me-tocaram-muito\\\/\"]}]},{\"@type\":\"BreadcrumbList\",\"@id\":\"https:\\\/\\\/diariodepe.com.br\\\/cri\\\/2024\\\/01\\\/21\\\/encontrando-xi-jinping%ef%bd%9csuas-palavras-me-tocaram-muito\\\/#breadcrumb\",\"itemListElement\":[{\"@type\":\"ListItem\",\"position\":1,\"name\":\"In\u00edcio\",\"item\":\"https:\\\/\\\/diariodepe.com.br\\\/cri\\\/\"},{\"@type\":\"ListItem\",\"position\":2,\"name\":\"Encontrando Xi Jinping\uff5cSuas palavras me tocaram muito\"}]},{\"@type\":\"WebSite\",\"@id\":\"https:\\\/\\\/diariodepe.com.br\\\/cri\\\/#website\",\"url\":\"https:\\\/\\\/diariodepe.com.br\\\/cri\\\/\",\"name\":\"CRI e Diario de Pernambuco\",\"description\":\"R\u00e1dio Internacional da China\",\"publisher\":{\"@id\":\"https:\\\/\\\/diariodepe.com.br\\\/cri\\\/#organization\"},\"potentialAction\":[{\"@type\":\"SearchAction\",\"target\":{\"@type\":\"EntryPoint\",\"urlTemplate\":\"https:\\\/\\\/diariodepe.com.br\\\/cri\\\/?s={search_term_string}\"},\"query-input\":{\"@type\":\"PropertyValueSpecification\",\"valueRequired\":true,\"valueName\":\"search_term_string\"}}],\"inLanguage\":\"pt-BR\"},{\"@type\":\"Organization\",\"@id\":\"https:\\\/\\\/diariodepe.com.br\\\/cri\\\/#organization\",\"name\":\"CRI e Diario de Pernambuco\",\"url\":\"https:\\\/\\\/diariodepe.com.br\\\/cri\\\/\",\"logo\":{\"@type\":\"ImageObject\",\"inLanguage\":\"pt-BR\",\"@id\":\"https:\\\/\\\/diariodepe.com.br\\\/cri\\\/#\\\/schema\\\/logo\\\/image\\\/\",\"url\":\"https:\\\/\\\/diariodepe.com.br\\\/cri\\\/wp-content\\\/uploads\\\/sites\\\/2\\\/2022\\\/12\\\/cropped-Logo.jpg\",\"contentUrl\":\"https:\\\/\\\/diariodepe.com.br\\\/cri\\\/wp-content\\\/uploads\\\/sites\\\/2\\\/2022\\\/12\\\/cropped-Logo.jpg\",\"width\":700,\"height\":59,\"caption\":\"CRI e Diario de Pernambuco\"},\"image\":{\"@id\":\"https:\\\/\\\/diariodepe.com.br\\\/cri\\\/#\\\/schema\\\/logo\\\/image\\\/\"}},{\"@type\":\"Person\",\"@id\":\"https:\\\/\\\/diariodepe.com.br\\\/cri\\\/#\\\/schema\\\/person\\\/121bb28d84f1a5b1205ef4ce9c2e0c6b\",\"name\":\"Ismael Lucas S. Pereira\",\"image\":{\"@type\":\"ImageObject\",\"inLanguage\":\"pt-BR\",\"@id\":\"https:\\\/\\\/secure.gravatar.com\\\/avatar\\\/887a0f3b5a7ceea963a48499fb883ffce6b5037362def025c52c2505b15d63e4?s=96&d=mm&r=g\",\"url\":\"https:\\\/\\\/secure.gravatar.com\\\/avatar\\\/887a0f3b5a7ceea963a48499fb883ffce6b5037362def025c52c2505b15d63e4?s=96&d=mm&r=g\",\"contentUrl\":\"https:\\\/\\\/secure.gravatar.com\\\/avatar\\\/887a0f3b5a7ceea963a48499fb883ffce6b5037362def025c52c2505b15d63e4?s=96&d=mm&r=g\",\"caption\":\"Ismael Lucas S. Pereira\"},\"url\":\"https:\\\/\\\/diariodepe.com.br\\\/cri\\\/author\\\/ismael-lucas\\\/\"}]}<\/script>\n<!-- \/ Yoast SEO plugin. -->","yoast_head_json":{"title":"Encontrando Xi Jinping\uff5cSuas palavras me tocaram muito - CRI e Diario de Pernambuco","robots":{"index":"index","follow":"follow","max-snippet":"max-snippet:-1","max-image-preview":"max-image-preview:large","max-video-preview":"max-video-preview:-1"},"canonical":"https:\/\/diariodepe.com.br\/cri\/2024\/01\/21\/encontrando-xi-jinping\uff5csuas-palavras-me-tocaram-muito\/","og_locale":"pt_BR","og_type":"article","og_title":"Encontrando Xi Jinping\uff5cSuas palavras me tocaram muito - CRI e Diario de Pernambuco","og_description":"Em 18 de janeiro de 2017, o presidente Xi Jinping apresentou na Sede das Na\u00e7\u00f5es Unidas, em Genebra, o discurso de abertura \u201cConstruir em Conjunto uma comunidade de futuro compartilhado para a humanidade\u201d, que foi recebido em todo o mundo...","og_url":"https:\/\/diariodepe.com.br\/cri\/2024\/01\/21\/encontrando-xi-jinping\uff5csuas-palavras-me-tocaram-muito\/","og_site_name":"CRI e Diario de Pernambuco","article_published_time":"2024-01-21T08:48:56+00:00","author":"Ismael Lucas S. Pereira","twitter_card":"summary_large_image","twitter_misc":{"Escrito por":"Ismael Lucas S. Pereira","Est. tempo de leitura":"2 minutos"},"schema":{"@context":"https:\/\/schema.org","@graph":[{"@type":"Article","@id":"https:\/\/diariodepe.com.br\/cri\/2024\/01\/21\/encontrando-xi-jinping%ef%bd%9csuas-palavras-me-tocaram-muito\/#article","isPartOf":{"@id":"https:\/\/diariodepe.com.br\/cri\/2024\/01\/21\/encontrando-xi-jinping%ef%bd%9csuas-palavras-me-tocaram-muito\/"},"author":{"name":"Ismael Lucas S. Pereira","@id":"https:\/\/diariodepe.com.br\/cri\/#\/schema\/person\/121bb28d84f1a5b1205ef4ce9c2e0c6b"},"headline":"Encontrando Xi Jinping\uff5cSuas palavras me tocaram muito","datePublished":"2024-01-21T08:48:56+00:00","mainEntityOfPage":{"@id":"https:\/\/diariodepe.com.br\/cri\/2024\/01\/21\/encontrando-xi-jinping%ef%bd%9csuas-palavras-me-tocaram-muito\/"},"wordCount":311,"commentCount":0,"publisher":{"@id":"https:\/\/diariodepe.com.br\/cri\/#organization"},"articleSection":["Destaques Capa","V\u00eddeos"],"inLanguage":"pt-BR","potentialAction":[{"@type":"CommentAction","name":"Comment","target":["https:\/\/diariodepe.com.br\/cri\/2024\/01\/21\/encontrando-xi-jinping%ef%bd%9csuas-palavras-me-tocaram-muito\/#respond"]}]},{"@type":"WebPage","@id":"https:\/\/diariodepe.com.br\/cri\/2024\/01\/21\/encontrando-xi-jinping%ef%bd%9csuas-palavras-me-tocaram-muito\/","url":"https:\/\/diariodepe.com.br\/cri\/2024\/01\/21\/encontrando-xi-jinping%ef%bd%9csuas-palavras-me-tocaram-muito\/","name":"Encontrando Xi Jinping\uff5cSuas palavras me tocaram muito - CRI e Diario de Pernambuco","isPartOf":{"@id":"https:\/\/diariodepe.com.br\/cri\/#website"},"datePublished":"2024-01-21T08:48:56+00:00","breadcrumb":{"@id":"https:\/\/diariodepe.com.br\/cri\/2024\/01\/21\/encontrando-xi-jinping%ef%bd%9csuas-palavras-me-tocaram-muito\/#breadcrumb"},"inLanguage":"pt-BR","potentialAction":[{"@type":"ReadAction","target":["https:\/\/diariodepe.com.br\/cri\/2024\/01\/21\/encontrando-xi-jinping%ef%bd%9csuas-palavras-me-tocaram-muito\/"]}]},{"@type":"BreadcrumbList","@id":"https:\/\/diariodepe.com.br\/cri\/2024\/01\/21\/encontrando-xi-jinping%ef%bd%9csuas-palavras-me-tocaram-muito\/#breadcrumb","itemListElement":[{"@type":"ListItem","position":1,"name":"In\u00edcio","item":"https:\/\/diariodepe.com.br\/cri\/"},{"@type":"ListItem","position":2,"name":"Encontrando Xi Jinping\uff5cSuas palavras me tocaram muito"}]},{"@type":"WebSite","@id":"https:\/\/diariodepe.com.br\/cri\/#website","url":"https:\/\/diariodepe.com.br\/cri\/","name":"CRI e Diario de Pernambuco","description":"R\u00e1dio Internacional da China","publisher":{"@id":"https:\/\/diariodepe.com.br\/cri\/#organization"},"potentialAction":[{"@type":"SearchAction","target":{"@type":"EntryPoint","urlTemplate":"https:\/\/diariodepe.com.br\/cri\/?s={search_term_string}"},"query-input":{"@type":"PropertyValueSpecification","valueRequired":true,"valueName":"search_term_string"}}],"inLanguage":"pt-BR"},{"@type":"Organization","@id":"https:\/\/diariodepe.com.br\/cri\/#organization","name":"CRI e Diario de Pernambuco","url":"https:\/\/diariodepe.com.br\/cri\/","logo":{"@type":"ImageObject","inLanguage":"pt-BR","@id":"https:\/\/diariodepe.com.br\/cri\/#\/schema\/logo\/image\/","url":"https:\/\/diariodepe.com.br\/cri\/wp-content\/uploads\/sites\/2\/2022\/12\/cropped-Logo.jpg","contentUrl":"https:\/\/diariodepe.com.br\/cri\/wp-content\/uploads\/sites\/2\/2022\/12\/cropped-Logo.jpg","width":700,"height":59,"caption":"CRI e Diario de Pernambuco"},"image":{"@id":"https:\/\/diariodepe.com.br\/cri\/#\/schema\/logo\/image\/"}},{"@type":"Person","@id":"https:\/\/diariodepe.com.br\/cri\/#\/schema\/person\/121bb28d84f1a5b1205ef4ce9c2e0c6b","name":"Ismael Lucas S. Pereira","image":{"@type":"ImageObject","inLanguage":"pt-BR","@id":"https:\/\/secure.gravatar.com\/avatar\/887a0f3b5a7ceea963a48499fb883ffce6b5037362def025c52c2505b15d63e4?s=96&d=mm&r=g","url":"https:\/\/secure.gravatar.com\/avatar\/887a0f3b5a7ceea963a48499fb883ffce6b5037362def025c52c2505b15d63e4?s=96&d=mm&r=g","contentUrl":"https:\/\/secure.gravatar.com\/avatar\/887a0f3b5a7ceea963a48499fb883ffce6b5037362def025c52c2505b15d63e4?s=96&d=mm&r=g","caption":"Ismael Lucas S. Pereira"},"url":"https:\/\/diariodepe.com.br\/cri\/author\/ismael-lucas\/"}]}},"cc_featured_image_caption":{"caption_text":false,"source_text":false,"source_url":false},"amp_enabled":true,"_links":{"self":[{"href":"https:\/\/diariodepe.com.br\/cri\/wp-json\/wp\/v2\/posts\/4089","targetHints":{"allow":["GET"]}}],"collection":[{"href":"https:\/\/diariodepe.com.br\/cri\/wp-json\/wp\/v2\/posts"}],"about":[{"href":"https:\/\/diariodepe.com.br\/cri\/wp-json\/wp\/v2\/types\/post"}],"author":[{"embeddable":true,"href":"https:\/\/diariodepe.com.br\/cri\/wp-json\/wp\/v2\/users\/2"}],"replies":[{"embeddable":true,"href":"https:\/\/diariodepe.com.br\/cri\/wp-json\/wp\/v2\/comments?post=4089"}],"version-history":[{"count":1,"href":"https:\/\/diariodepe.com.br\/cri\/wp-json\/wp\/v2\/posts\/4089\/revisions"}],"predecessor-version":[{"id":4090,"href":"https:\/\/diariodepe.com.br\/cri\/wp-json\/wp\/v2\/posts\/4089\/revisions\/4090"}],"wp:attachment":[{"href":"https:\/\/diariodepe.com.br\/cri\/wp-json\/wp\/v2\/media?parent=4089"}],"wp:term":[{"taxonomy":"category","embeddable":true,"href":"https:\/\/diariodepe.com.br\/cri\/wp-json\/wp\/v2\/categories?post=4089"},{"taxonomy":"post_tag","embeddable":true,"href":"https:\/\/diariodepe.com.br\/cri\/wp-json\/wp\/v2\/tags?post=4089"}],"curies":[{"name":"wp","href":"https:\/\/api.w.org\/{rel}","templated":true}]}}