{"id":4082,"date":"2024-01-18T03:55:29","date_gmt":"2024-01-18T06:55:29","guid":{"rendered":"https:\/\/diariodepe.com.br\/cri\/?p=4082"},"modified":"2024-01-18T03:55:29","modified_gmt":"2024-01-18T06:55:29","slug":"china-esta-disposta-a-abrir-novo-capitulo-das-relacoes-com-nauru-baseado-no-principio-de-uma-so-china","status":"publish","type":"post","link":"https:\/\/diariodepe.com.br\/cri\/2024\/01\/18\/china-esta-disposta-a-abrir-novo-capitulo-das-relacoes-com-nauru-baseado-no-principio-de-uma-so-china\/","title":{"rendered":"China est\u00e1 disposta a abrir novo cap\u00edtulo das rela\u00e7\u00f5es com Nauru, baseado no princ\u00edpio de Uma S\u00f3 China"},"content":{"rendered":"<p data-spm-anchor-id=\"0.0.0.i1\">A porta-voz do Minist\u00e9rio das Rela\u00e7\u00f5es Exteriores da China, Mao Ning, disse \u00a0em coletiva de imprensa (17) que ser\u00e3o divulgadas oportunamente informa\u00e7\u00f5es sobre disposi\u00e7\u00f5es concretas acerca da retomada das rela\u00e7\u00f5es diplom\u00e1ticas com Nauru. Trata-se de uma decis\u00e3o coletiva do governo nauruano\u00a0ap\u00f3s reuni\u00f5es de Gabinete, cuja dire\u00e7\u00e3o\u00a0est\u00e1 em linha com o lado certo da hist\u00f3ria\u00a0e de acordo com as aspira\u00e7\u00f5es de seu povo e\u00a0interesses de longo prazo do pa\u00eds.<\/p>\n<p>Mao Ning expressou a disposi\u00e7\u00e3o\u00a0chinesa\u00a0em abrir um novo cap\u00edtulo das rela\u00e7\u00f5es bilaterais\u00a0entre ambos,\u00a0com base no princ\u00edpio de Uma S\u00f3 China. Ap\u00f3s a restaura\u00e7\u00e3o das rela\u00e7\u00f5es diplom\u00e1ticas,\u00a0os\u00a0dois\u00a0pa\u00edses desenvolver\u00e3o parcerias\u00a0em v\u00e1rios\u00a0campos,\u00a0com base na igualdade, respeito m\u00fatuo, ganho rec\u00edproco, abertura e inclus\u00e3o.<\/p>\n<p>A porta-voz salientou que aqueles que costumam desenvolver a \u201cDiplomacia do D\u00f3lar\u201d devem perceber que existem coisas que n\u00e3o se podem\u00a0comprar\u00a0com\u00a0dinheiro. O princ\u00edpio de Uma S\u00f3 China \u00e9 uma norma fundamental inegoci\u00e1vel e um consenso da comunidade internacional.<\/p>\n","protected":false},"excerpt":{"rendered":"<p>A porta-voz do Minist\u00e9rio das Rela\u00e7\u00f5es Exteriores da China, Mao Ning, disse \u00a0em coletiva de imprensa (17) que ser\u00e3o divulgadas oportunamente informa\u00e7\u00f5es sobre disposi\u00e7\u00f5es concretas acerca da retomada das rela\u00e7\u00f5es diplom\u00e1ticas com Nauru. Trata-se de uma decis\u00e3o coletiva do governo&#8230;<\/p>\n","protected":false},"author":2,"featured_media":0,"comment_status":"open","ping_status":"open","sticky":false,"template":"","format":"standard","meta":{"footnotes":""},"categories":[3],"tags":[],"class_list":["post-4082","post","type-post","status-publish","format-standard","hentry","category-china"],"yoast_head":"<!-- This site is optimized with the Yoast SEO plugin v27.4 - https:\/\/yoast.com\/product\/yoast-seo-wordpress\/ -->\n<title>China est\u00e1 disposta a abrir novo cap\u00edtulo das rela\u00e7\u00f5es com Nauru, baseado no princ\u00edpio de Uma S\u00f3 China - CRI e Diario de Pernambuco<\/title>\n<meta name=\"robots\" content=\"index, follow, max-snippet:-1, max-image-preview:large, max-video-preview:-1\" \/>\n<link rel=\"canonical\" href=\"https:\/\/diariodepe.com.br\/cri\/2024\/01\/18\/china-esta-disposta-a-abrir-novo-capitulo-das-relacoes-com-nauru-baseado-no-principio-de-uma-so-china\/\" \/>\n<meta property=\"og:locale\" content=\"pt_BR\" \/>\n<meta property=\"og:type\" content=\"article\" \/>\n<meta property=\"og:title\" content=\"China est\u00e1 disposta a abrir novo cap\u00edtulo das rela\u00e7\u00f5es com Nauru, baseado no princ\u00edpio de Uma S\u00f3 China - CRI e Diario de Pernambuco\" \/>\n<meta property=\"og:description\" content=\"A porta-voz do Minist\u00e9rio das Rela\u00e7\u00f5es Exteriores da China, Mao Ning, disse \u00a0em coletiva de imprensa (17) que ser\u00e3o divulgadas oportunamente informa\u00e7\u00f5es sobre disposi\u00e7\u00f5es concretas acerca da retomada das rela\u00e7\u00f5es diplom\u00e1ticas com Nauru. Trata-se de uma decis\u00e3o coletiva do governo...\" \/>\n<meta property=\"og:url\" content=\"https:\/\/diariodepe.com.br\/cri\/2024\/01\/18\/china-esta-disposta-a-abrir-novo-capitulo-das-relacoes-com-nauru-baseado-no-principio-de-uma-so-china\/\" \/>\n<meta property=\"og:site_name\" content=\"CRI e Diario de Pernambuco\" \/>\n<meta property=\"article:published_time\" content=\"2024-01-18T06:55:29+00:00\" \/>\n<meta name=\"author\" content=\"Ismael Lucas S. Pereira\" \/>\n<meta name=\"twitter:card\" content=\"summary_large_image\" \/>\n<meta name=\"twitter:label1\" content=\"Escrito por\" \/>\n\t<meta name=\"twitter:data1\" content=\"Ismael Lucas S. Pereira\" \/>\n\t<meta name=\"twitter:label2\" content=\"Est. tempo de leitura\" \/>\n\t<meta name=\"twitter:data2\" content=\"1 minuto\" \/>\n<script type=\"application\/ld+json\" class=\"yoast-schema-graph\">{\"@context\":\"https:\\\/\\\/schema.org\",\"@graph\":[{\"@type\":\"Article\",\"@id\":\"https:\\\/\\\/diariodepe.com.br\\\/cri\\\/2024\\\/01\\\/18\\\/china-esta-disposta-a-abrir-novo-capitulo-das-relacoes-com-nauru-baseado-no-principio-de-uma-so-china\\\/#article\",\"isPartOf\":{\"@id\":\"https:\\\/\\\/diariodepe.com.br\\\/cri\\\/2024\\\/01\\\/18\\\/china-esta-disposta-a-abrir-novo-capitulo-das-relacoes-com-nauru-baseado-no-principio-de-uma-so-china\\\/\"},\"author\":{\"name\":\"Ismael Lucas S. Pereira\",\"@id\":\"https:\\\/\\\/diariodepe.com.br\\\/cri\\\/#\\\/schema\\\/person\\\/121bb28d84f1a5b1205ef4ce9c2e0c6b\"},\"headline\":\"China est\u00e1 disposta a abrir novo cap\u00edtulo das rela\u00e7\u00f5es com Nauru, baseado no princ\u00edpio de Uma S\u00f3 China\",\"datePublished\":\"2024-01-18T06:55:29+00:00\",\"mainEntityOfPage\":{\"@id\":\"https:\\\/\\\/diariodepe.com.br\\\/cri\\\/2024\\\/01\\\/18\\\/china-esta-disposta-a-abrir-novo-capitulo-das-relacoes-com-nauru-baseado-no-principio-de-uma-so-china\\\/\"},\"wordCount\":213,\"commentCount\":0,\"publisher\":{\"@id\":\"https:\\\/\\\/diariodepe.com.br\\\/cri\\\/#organization\"},\"articleSection\":[\"China\"],\"inLanguage\":\"pt-BR\",\"potentialAction\":[{\"@type\":\"CommentAction\",\"name\":\"Comment\",\"target\":[\"https:\\\/\\\/diariodepe.com.br\\\/cri\\\/2024\\\/01\\\/18\\\/china-esta-disposta-a-abrir-novo-capitulo-das-relacoes-com-nauru-baseado-no-principio-de-uma-so-china\\\/#respond\"]}]},{\"@type\":\"WebPage\",\"@id\":\"https:\\\/\\\/diariodepe.com.br\\\/cri\\\/2024\\\/01\\\/18\\\/china-esta-disposta-a-abrir-novo-capitulo-das-relacoes-com-nauru-baseado-no-principio-de-uma-so-china\\\/\",\"url\":\"https:\\\/\\\/diariodepe.com.br\\\/cri\\\/2024\\\/01\\\/18\\\/china-esta-disposta-a-abrir-novo-capitulo-das-relacoes-com-nauru-baseado-no-principio-de-uma-so-china\\\/\",\"name\":\"China est\u00e1 disposta a abrir novo cap\u00edtulo das rela\u00e7\u00f5es com Nauru, baseado no princ\u00edpio de Uma S\u00f3 China - CRI e Diario de Pernambuco\",\"isPartOf\":{\"@id\":\"https:\\\/\\\/diariodepe.com.br\\\/cri\\\/#website\"},\"datePublished\":\"2024-01-18T06:55:29+00:00\",\"breadcrumb\":{\"@id\":\"https:\\\/\\\/diariodepe.com.br\\\/cri\\\/2024\\\/01\\\/18\\\/china-esta-disposta-a-abrir-novo-capitulo-das-relacoes-com-nauru-baseado-no-principio-de-uma-so-china\\\/#breadcrumb\"},\"inLanguage\":\"pt-BR\",\"potentialAction\":[{\"@type\":\"ReadAction\",\"target\":[\"https:\\\/\\\/diariodepe.com.br\\\/cri\\\/2024\\\/01\\\/18\\\/china-esta-disposta-a-abrir-novo-capitulo-das-relacoes-com-nauru-baseado-no-principio-de-uma-so-china\\\/\"]}]},{\"@type\":\"BreadcrumbList\",\"@id\":\"https:\\\/\\\/diariodepe.com.br\\\/cri\\\/2024\\\/01\\\/18\\\/china-esta-disposta-a-abrir-novo-capitulo-das-relacoes-com-nauru-baseado-no-principio-de-uma-so-china\\\/#breadcrumb\",\"itemListElement\":[{\"@type\":\"ListItem\",\"position\":1,\"name\":\"In\u00edcio\",\"item\":\"https:\\\/\\\/diariodepe.com.br\\\/cri\\\/\"},{\"@type\":\"ListItem\",\"position\":2,\"name\":\"China est\u00e1 disposta a abrir novo cap\u00edtulo das rela\u00e7\u00f5es com Nauru, baseado no princ\u00edpio de Uma S\u00f3 China\"}]},{\"@type\":\"WebSite\",\"@id\":\"https:\\\/\\\/diariodepe.com.br\\\/cri\\\/#website\",\"url\":\"https:\\\/\\\/diariodepe.com.br\\\/cri\\\/\",\"name\":\"CRI e Diario de Pernambuco\",\"description\":\"R\u00e1dio Internacional da China\",\"publisher\":{\"@id\":\"https:\\\/\\\/diariodepe.com.br\\\/cri\\\/#organization\"},\"potentialAction\":[{\"@type\":\"SearchAction\",\"target\":{\"@type\":\"EntryPoint\",\"urlTemplate\":\"https:\\\/\\\/diariodepe.com.br\\\/cri\\\/?s={search_term_string}\"},\"query-input\":{\"@type\":\"PropertyValueSpecification\",\"valueRequired\":true,\"valueName\":\"search_term_string\"}}],\"inLanguage\":\"pt-BR\"},{\"@type\":\"Organization\",\"@id\":\"https:\\\/\\\/diariodepe.com.br\\\/cri\\\/#organization\",\"name\":\"CRI e Diario de Pernambuco\",\"url\":\"https:\\\/\\\/diariodepe.com.br\\\/cri\\\/\",\"logo\":{\"@type\":\"ImageObject\",\"inLanguage\":\"pt-BR\",\"@id\":\"https:\\\/\\\/diariodepe.com.br\\\/cri\\\/#\\\/schema\\\/logo\\\/image\\\/\",\"url\":\"https:\\\/\\\/diariodepe.com.br\\\/cri\\\/wp-content\\\/uploads\\\/sites\\\/2\\\/2022\\\/12\\\/cropped-Logo.jpg\",\"contentUrl\":\"https:\\\/\\\/diariodepe.com.br\\\/cri\\\/wp-content\\\/uploads\\\/sites\\\/2\\\/2022\\\/12\\\/cropped-Logo.jpg\",\"width\":700,\"height\":59,\"caption\":\"CRI e Diario de Pernambuco\"},\"image\":{\"@id\":\"https:\\\/\\\/diariodepe.com.br\\\/cri\\\/#\\\/schema\\\/logo\\\/image\\\/\"}},{\"@type\":\"Person\",\"@id\":\"https:\\\/\\\/diariodepe.com.br\\\/cri\\\/#\\\/schema\\\/person\\\/121bb28d84f1a5b1205ef4ce9c2e0c6b\",\"name\":\"Ismael Lucas S. Pereira\",\"image\":{\"@type\":\"ImageObject\",\"inLanguage\":\"pt-BR\",\"@id\":\"https:\\\/\\\/secure.gravatar.com\\\/avatar\\\/887a0f3b5a7ceea963a48499fb883ffce6b5037362def025c52c2505b15d63e4?s=96&d=mm&r=g\",\"url\":\"https:\\\/\\\/secure.gravatar.com\\\/avatar\\\/887a0f3b5a7ceea963a48499fb883ffce6b5037362def025c52c2505b15d63e4?s=96&d=mm&r=g\",\"contentUrl\":\"https:\\\/\\\/secure.gravatar.com\\\/avatar\\\/887a0f3b5a7ceea963a48499fb883ffce6b5037362def025c52c2505b15d63e4?s=96&d=mm&r=g\",\"caption\":\"Ismael Lucas S. Pereira\"},\"url\":\"https:\\\/\\\/diariodepe.com.br\\\/cri\\\/author\\\/ismael-lucas\\\/\"}]}<\/script>\n<!-- \/ Yoast SEO plugin. -->","yoast_head_json":{"title":"China est\u00e1 disposta a abrir novo cap\u00edtulo das rela\u00e7\u00f5es com Nauru, baseado no princ\u00edpio de Uma S\u00f3 China - CRI e Diario de Pernambuco","robots":{"index":"index","follow":"follow","max-snippet":"max-snippet:-1","max-image-preview":"max-image-preview:large","max-video-preview":"max-video-preview:-1"},"canonical":"https:\/\/diariodepe.com.br\/cri\/2024\/01\/18\/china-esta-disposta-a-abrir-novo-capitulo-das-relacoes-com-nauru-baseado-no-principio-de-uma-so-china\/","og_locale":"pt_BR","og_type":"article","og_title":"China est\u00e1 disposta a abrir novo cap\u00edtulo das rela\u00e7\u00f5es com Nauru, baseado no princ\u00edpio de Uma S\u00f3 China - CRI e Diario de Pernambuco","og_description":"A porta-voz do Minist\u00e9rio das Rela\u00e7\u00f5es Exteriores da China, Mao Ning, disse \u00a0em coletiva de imprensa (17) que ser\u00e3o divulgadas oportunamente informa\u00e7\u00f5es sobre disposi\u00e7\u00f5es concretas acerca da retomada das rela\u00e7\u00f5es diplom\u00e1ticas com Nauru. Trata-se de uma decis\u00e3o coletiva do governo...","og_url":"https:\/\/diariodepe.com.br\/cri\/2024\/01\/18\/china-esta-disposta-a-abrir-novo-capitulo-das-relacoes-com-nauru-baseado-no-principio-de-uma-so-china\/","og_site_name":"CRI e Diario de Pernambuco","article_published_time":"2024-01-18T06:55:29+00:00","author":"Ismael Lucas S. Pereira","twitter_card":"summary_large_image","twitter_misc":{"Escrito por":"Ismael Lucas S. Pereira","Est. tempo de leitura":"1 minuto"},"schema":{"@context":"https:\/\/schema.org","@graph":[{"@type":"Article","@id":"https:\/\/diariodepe.com.br\/cri\/2024\/01\/18\/china-esta-disposta-a-abrir-novo-capitulo-das-relacoes-com-nauru-baseado-no-principio-de-uma-so-china\/#article","isPartOf":{"@id":"https:\/\/diariodepe.com.br\/cri\/2024\/01\/18\/china-esta-disposta-a-abrir-novo-capitulo-das-relacoes-com-nauru-baseado-no-principio-de-uma-so-china\/"},"author":{"name":"Ismael Lucas S. Pereira","@id":"https:\/\/diariodepe.com.br\/cri\/#\/schema\/person\/121bb28d84f1a5b1205ef4ce9c2e0c6b"},"headline":"China est\u00e1 disposta a abrir novo cap\u00edtulo das rela\u00e7\u00f5es com Nauru, baseado no princ\u00edpio de Uma S\u00f3 China","datePublished":"2024-01-18T06:55:29+00:00","mainEntityOfPage":{"@id":"https:\/\/diariodepe.com.br\/cri\/2024\/01\/18\/china-esta-disposta-a-abrir-novo-capitulo-das-relacoes-com-nauru-baseado-no-principio-de-uma-so-china\/"},"wordCount":213,"commentCount":0,"publisher":{"@id":"https:\/\/diariodepe.com.br\/cri\/#organization"},"articleSection":["China"],"inLanguage":"pt-BR","potentialAction":[{"@type":"CommentAction","name":"Comment","target":["https:\/\/diariodepe.com.br\/cri\/2024\/01\/18\/china-esta-disposta-a-abrir-novo-capitulo-das-relacoes-com-nauru-baseado-no-principio-de-uma-so-china\/#respond"]}]},{"@type":"WebPage","@id":"https:\/\/diariodepe.com.br\/cri\/2024\/01\/18\/china-esta-disposta-a-abrir-novo-capitulo-das-relacoes-com-nauru-baseado-no-principio-de-uma-so-china\/","url":"https:\/\/diariodepe.com.br\/cri\/2024\/01\/18\/china-esta-disposta-a-abrir-novo-capitulo-das-relacoes-com-nauru-baseado-no-principio-de-uma-so-china\/","name":"China est\u00e1 disposta a abrir novo cap\u00edtulo das rela\u00e7\u00f5es com Nauru, baseado no princ\u00edpio de Uma S\u00f3 China - CRI e Diario de Pernambuco","isPartOf":{"@id":"https:\/\/diariodepe.com.br\/cri\/#website"},"datePublished":"2024-01-18T06:55:29+00:00","breadcrumb":{"@id":"https:\/\/diariodepe.com.br\/cri\/2024\/01\/18\/china-esta-disposta-a-abrir-novo-capitulo-das-relacoes-com-nauru-baseado-no-principio-de-uma-so-china\/#breadcrumb"},"inLanguage":"pt-BR","potentialAction":[{"@type":"ReadAction","target":["https:\/\/diariodepe.com.br\/cri\/2024\/01\/18\/china-esta-disposta-a-abrir-novo-capitulo-das-relacoes-com-nauru-baseado-no-principio-de-uma-so-china\/"]}]},{"@type":"BreadcrumbList","@id":"https:\/\/diariodepe.com.br\/cri\/2024\/01\/18\/china-esta-disposta-a-abrir-novo-capitulo-das-relacoes-com-nauru-baseado-no-principio-de-uma-so-china\/#breadcrumb","itemListElement":[{"@type":"ListItem","position":1,"name":"In\u00edcio","item":"https:\/\/diariodepe.com.br\/cri\/"},{"@type":"ListItem","position":2,"name":"China est\u00e1 disposta a abrir novo cap\u00edtulo das rela\u00e7\u00f5es com Nauru, baseado no princ\u00edpio de Uma S\u00f3 China"}]},{"@type":"WebSite","@id":"https:\/\/diariodepe.com.br\/cri\/#website","url":"https:\/\/diariodepe.com.br\/cri\/","name":"CRI e Diario de Pernambuco","description":"R\u00e1dio Internacional da China","publisher":{"@id":"https:\/\/diariodepe.com.br\/cri\/#organization"},"potentialAction":[{"@type":"SearchAction","target":{"@type":"EntryPoint","urlTemplate":"https:\/\/diariodepe.com.br\/cri\/?s={search_term_string}"},"query-input":{"@type":"PropertyValueSpecification","valueRequired":true,"valueName":"search_term_string"}}],"inLanguage":"pt-BR"},{"@type":"Organization","@id":"https:\/\/diariodepe.com.br\/cri\/#organization","name":"CRI e Diario de Pernambuco","url":"https:\/\/diariodepe.com.br\/cri\/","logo":{"@type":"ImageObject","inLanguage":"pt-BR","@id":"https:\/\/diariodepe.com.br\/cri\/#\/schema\/logo\/image\/","url":"https:\/\/diariodepe.com.br\/cri\/wp-content\/uploads\/sites\/2\/2022\/12\/cropped-Logo.jpg","contentUrl":"https:\/\/diariodepe.com.br\/cri\/wp-content\/uploads\/sites\/2\/2022\/12\/cropped-Logo.jpg","width":700,"height":59,"caption":"CRI e Diario de Pernambuco"},"image":{"@id":"https:\/\/diariodepe.com.br\/cri\/#\/schema\/logo\/image\/"}},{"@type":"Person","@id":"https:\/\/diariodepe.com.br\/cri\/#\/schema\/person\/121bb28d84f1a5b1205ef4ce9c2e0c6b","name":"Ismael Lucas S. Pereira","image":{"@type":"ImageObject","inLanguage":"pt-BR","@id":"https:\/\/secure.gravatar.com\/avatar\/887a0f3b5a7ceea963a48499fb883ffce6b5037362def025c52c2505b15d63e4?s=96&d=mm&r=g","url":"https:\/\/secure.gravatar.com\/avatar\/887a0f3b5a7ceea963a48499fb883ffce6b5037362def025c52c2505b15d63e4?s=96&d=mm&r=g","contentUrl":"https:\/\/secure.gravatar.com\/avatar\/887a0f3b5a7ceea963a48499fb883ffce6b5037362def025c52c2505b15d63e4?s=96&d=mm&r=g","caption":"Ismael Lucas S. Pereira"},"url":"https:\/\/diariodepe.com.br\/cri\/author\/ismael-lucas\/"}]}},"cc_featured_image_caption":{"caption_text":false,"source_text":false,"source_url":false},"amp_enabled":true,"_links":{"self":[{"href":"https:\/\/diariodepe.com.br\/cri\/wp-json\/wp\/v2\/posts\/4082","targetHints":{"allow":["GET"]}}],"collection":[{"href":"https:\/\/diariodepe.com.br\/cri\/wp-json\/wp\/v2\/posts"}],"about":[{"href":"https:\/\/diariodepe.com.br\/cri\/wp-json\/wp\/v2\/types\/post"}],"author":[{"embeddable":true,"href":"https:\/\/diariodepe.com.br\/cri\/wp-json\/wp\/v2\/users\/2"}],"replies":[{"embeddable":true,"href":"https:\/\/diariodepe.com.br\/cri\/wp-json\/wp\/v2\/comments?post=4082"}],"version-history":[{"count":1,"href":"https:\/\/diariodepe.com.br\/cri\/wp-json\/wp\/v2\/posts\/4082\/revisions"}],"predecessor-version":[{"id":4083,"href":"https:\/\/diariodepe.com.br\/cri\/wp-json\/wp\/v2\/posts\/4082\/revisions\/4083"}],"wp:attachment":[{"href":"https:\/\/diariodepe.com.br\/cri\/wp-json\/wp\/v2\/media?parent=4082"}],"wp:term":[{"taxonomy":"category","embeddable":true,"href":"https:\/\/diariodepe.com.br\/cri\/wp-json\/wp\/v2\/categories?post=4082"},{"taxonomy":"post_tag","embeddable":true,"href":"https:\/\/diariodepe.com.br\/cri\/wp-json\/wp\/v2\/tags?post=4082"}],"curies":[{"name":"wp","href":"https:\/\/api.w.org\/{rel}","templated":true}]}}