{"id":4080,"date":"2024-01-18T03:54:20","date_gmt":"2024-01-18T06:54:20","guid":{"rendered":"https:\/\/diariodepe.com.br\/cri\/?p=4080"},"modified":"2024-01-18T03:54:20","modified_gmt":"2024-01-18T06:54:20","slug":"republica-de-nauru-decide-retomar-relacoes-diplomaticas-com-a-china","status":"publish","type":"post","link":"https:\/\/diariodepe.com.br\/cri\/2024\/01\/18\/republica-de-nauru-decide-retomar-relacoes-diplomaticas-com-a-china\/","title":{"rendered":"Rep\u00fablica de Nauru decide retomar rela\u00e7\u00f5es diplom\u00e1ticas com a China"},"content":{"rendered":"<p data-spm-anchor-id=\"0.0.0.i1\">O Parlamento da Rep\u00fablica de Nauru aprovou ontem (16) a decis\u00e3o de recuperar integralmente as rela\u00e7\u00f5es diplom\u00e1ticas com a Rep\u00fablica Popular da China.<\/p>\n<p>Segundo a decis\u00e3o, o pa\u00eds rompeu as chamadas rela\u00e7\u00f5es diplom\u00e1ticas com Taiwan na segunda-feira (15) conforme sua Constitui\u00e7\u00e3o e quer retomar o relacionamento diplom\u00e1tico com a Rep\u00fablica Popular da China, reconhecer o princ\u00edpio de Uma s\u00f3 China e o fato definido pela decis\u00e3o 2.758 da Organiza\u00e7\u00e3o das Na\u00e7\u00f5es Unidas, que o governo da Rep\u00fablica Popular da China \u00e9 o \u00fanico governo leg\u00edtimo que representa a na\u00e7\u00e3o chinesa e Taiwan \u00e9 uma parte insepar\u00e1vel da China.<\/p>\n<p>O Parlamento nauruano tamb\u00e9m prometeu refor\u00e7ar as rela\u00e7\u00f5es amig\u00e1veis com a China com base na coordena\u00e7\u00e3o e coopera\u00e7\u00e3o m\u00fatua.<\/p>\n<p>Na segunda-feira (15), o Minist\u00e9rio das Rela\u00e7\u00f5es Exteriores da China congratulou Nauru pela decis\u00e3o de cortar o relacionamento diplom\u00e1tico com Taiwan.<\/p>\n","protected":false},"excerpt":{"rendered":"<p>O Parlamento da Rep\u00fablica de Nauru aprovou ontem (16) a decis\u00e3o de recuperar integralmente as rela\u00e7\u00f5es diplom\u00e1ticas com a Rep\u00fablica Popular da China. Segundo a decis\u00e3o, o pa\u00eds rompeu as chamadas rela\u00e7\u00f5es diplom\u00e1ticas com Taiwan na segunda-feira (15) conforme sua&#8230;<\/p>\n","protected":false},"author":2,"featured_media":0,"comment_status":"open","ping_status":"open","sticky":false,"template":"","format":"standard","meta":{"footnotes":""},"categories":[8],"tags":[],"class_list":["post-4080","post","type-post","status-publish","format-standard","hentry","category-internacional"],"yoast_head":"<!-- This site is optimized with the Yoast SEO plugin v27.4 - https:\/\/yoast.com\/product\/yoast-seo-wordpress\/ -->\n<title>Rep\u00fablica de Nauru decide retomar rela\u00e7\u00f5es diplom\u00e1ticas com a China - CRI e Diario de Pernambuco<\/title>\n<meta name=\"robots\" content=\"index, follow, max-snippet:-1, max-image-preview:large, max-video-preview:-1\" \/>\n<link rel=\"canonical\" href=\"https:\/\/diariodepe.com.br\/cri\/2024\/01\/18\/republica-de-nauru-decide-retomar-relacoes-diplomaticas-com-a-china\/\" \/>\n<meta property=\"og:locale\" content=\"pt_BR\" \/>\n<meta property=\"og:type\" content=\"article\" \/>\n<meta property=\"og:title\" content=\"Rep\u00fablica de Nauru decide retomar rela\u00e7\u00f5es diplom\u00e1ticas com a China - CRI e Diario de Pernambuco\" \/>\n<meta property=\"og:description\" content=\"O Parlamento da Rep\u00fablica de Nauru aprovou ontem (16) a decis\u00e3o de recuperar integralmente as rela\u00e7\u00f5es diplom\u00e1ticas com a Rep\u00fablica Popular da China. Segundo a decis\u00e3o, o pa\u00eds rompeu as chamadas rela\u00e7\u00f5es diplom\u00e1ticas com Taiwan na segunda-feira (15) conforme sua...\" \/>\n<meta property=\"og:url\" content=\"https:\/\/diariodepe.com.br\/cri\/2024\/01\/18\/republica-de-nauru-decide-retomar-relacoes-diplomaticas-com-a-china\/\" \/>\n<meta property=\"og:site_name\" content=\"CRI e Diario de Pernambuco\" \/>\n<meta property=\"article:published_time\" content=\"2024-01-18T06:54:20+00:00\" \/>\n<meta name=\"author\" content=\"Ismael Lucas S. Pereira\" \/>\n<meta name=\"twitter:card\" content=\"summary_large_image\" \/>\n<meta name=\"twitter:label1\" content=\"Escrito por\" \/>\n\t<meta name=\"twitter:data1\" content=\"Ismael Lucas S. Pereira\" \/>\n\t<meta name=\"twitter:label2\" content=\"Est. tempo de leitura\" \/>\n\t<meta name=\"twitter:data2\" content=\"1 minuto\" \/>\n<script type=\"application\/ld+json\" class=\"yoast-schema-graph\">{\"@context\":\"https:\\\/\\\/schema.org\",\"@graph\":[{\"@type\":\"Article\",\"@id\":\"https:\\\/\\\/diariodepe.com.br\\\/cri\\\/2024\\\/01\\\/18\\\/republica-de-nauru-decide-retomar-relacoes-diplomaticas-com-a-china\\\/#article\",\"isPartOf\":{\"@id\":\"https:\\\/\\\/diariodepe.com.br\\\/cri\\\/2024\\\/01\\\/18\\\/republica-de-nauru-decide-retomar-relacoes-diplomaticas-com-a-china\\\/\"},\"author\":{\"name\":\"Ismael Lucas S. Pereira\",\"@id\":\"https:\\\/\\\/diariodepe.com.br\\\/cri\\\/#\\\/schema\\\/person\\\/121bb28d84f1a5b1205ef4ce9c2e0c6b\"},\"headline\":\"Rep\u00fablica de Nauru decide retomar rela\u00e7\u00f5es diplom\u00e1ticas com a China\",\"datePublished\":\"2024-01-18T06:54:20+00:00\",\"mainEntityOfPage\":{\"@id\":\"https:\\\/\\\/diariodepe.com.br\\\/cri\\\/2024\\\/01\\\/18\\\/republica-de-nauru-decide-retomar-relacoes-diplomaticas-com-a-china\\\/\"},\"wordCount\":176,\"commentCount\":0,\"publisher\":{\"@id\":\"https:\\\/\\\/diariodepe.com.br\\\/cri\\\/#organization\"},\"articleSection\":[\"Internacional\"],\"inLanguage\":\"pt-BR\",\"potentialAction\":[{\"@type\":\"CommentAction\",\"name\":\"Comment\",\"target\":[\"https:\\\/\\\/diariodepe.com.br\\\/cri\\\/2024\\\/01\\\/18\\\/republica-de-nauru-decide-retomar-relacoes-diplomaticas-com-a-china\\\/#respond\"]}]},{\"@type\":\"WebPage\",\"@id\":\"https:\\\/\\\/diariodepe.com.br\\\/cri\\\/2024\\\/01\\\/18\\\/republica-de-nauru-decide-retomar-relacoes-diplomaticas-com-a-china\\\/\",\"url\":\"https:\\\/\\\/diariodepe.com.br\\\/cri\\\/2024\\\/01\\\/18\\\/republica-de-nauru-decide-retomar-relacoes-diplomaticas-com-a-china\\\/\",\"name\":\"Rep\u00fablica de Nauru decide retomar rela\u00e7\u00f5es diplom\u00e1ticas com a China - CRI e Diario de Pernambuco\",\"isPartOf\":{\"@id\":\"https:\\\/\\\/diariodepe.com.br\\\/cri\\\/#website\"},\"datePublished\":\"2024-01-18T06:54:20+00:00\",\"breadcrumb\":{\"@id\":\"https:\\\/\\\/diariodepe.com.br\\\/cri\\\/2024\\\/01\\\/18\\\/republica-de-nauru-decide-retomar-relacoes-diplomaticas-com-a-china\\\/#breadcrumb\"},\"inLanguage\":\"pt-BR\",\"potentialAction\":[{\"@type\":\"ReadAction\",\"target\":[\"https:\\\/\\\/diariodepe.com.br\\\/cri\\\/2024\\\/01\\\/18\\\/republica-de-nauru-decide-retomar-relacoes-diplomaticas-com-a-china\\\/\"]}]},{\"@type\":\"BreadcrumbList\",\"@id\":\"https:\\\/\\\/diariodepe.com.br\\\/cri\\\/2024\\\/01\\\/18\\\/republica-de-nauru-decide-retomar-relacoes-diplomaticas-com-a-china\\\/#breadcrumb\",\"itemListElement\":[{\"@type\":\"ListItem\",\"position\":1,\"name\":\"In\u00edcio\",\"item\":\"https:\\\/\\\/diariodepe.com.br\\\/cri\\\/\"},{\"@type\":\"ListItem\",\"position\":2,\"name\":\"Rep\u00fablica de Nauru decide retomar rela\u00e7\u00f5es diplom\u00e1ticas com a China\"}]},{\"@type\":\"WebSite\",\"@id\":\"https:\\\/\\\/diariodepe.com.br\\\/cri\\\/#website\",\"url\":\"https:\\\/\\\/diariodepe.com.br\\\/cri\\\/\",\"name\":\"CRI e Diario de Pernambuco\",\"description\":\"R\u00e1dio Internacional da China\",\"publisher\":{\"@id\":\"https:\\\/\\\/diariodepe.com.br\\\/cri\\\/#organization\"},\"potentialAction\":[{\"@type\":\"SearchAction\",\"target\":{\"@type\":\"EntryPoint\",\"urlTemplate\":\"https:\\\/\\\/diariodepe.com.br\\\/cri\\\/?s={search_term_string}\"},\"query-input\":{\"@type\":\"PropertyValueSpecification\",\"valueRequired\":true,\"valueName\":\"search_term_string\"}}],\"inLanguage\":\"pt-BR\"},{\"@type\":\"Organization\",\"@id\":\"https:\\\/\\\/diariodepe.com.br\\\/cri\\\/#organization\",\"name\":\"CRI e Diario de Pernambuco\",\"url\":\"https:\\\/\\\/diariodepe.com.br\\\/cri\\\/\",\"logo\":{\"@type\":\"ImageObject\",\"inLanguage\":\"pt-BR\",\"@id\":\"https:\\\/\\\/diariodepe.com.br\\\/cri\\\/#\\\/schema\\\/logo\\\/image\\\/\",\"url\":\"https:\\\/\\\/diariodepe.com.br\\\/cri\\\/wp-content\\\/uploads\\\/sites\\\/2\\\/2022\\\/12\\\/cropped-Logo.jpg\",\"contentUrl\":\"https:\\\/\\\/diariodepe.com.br\\\/cri\\\/wp-content\\\/uploads\\\/sites\\\/2\\\/2022\\\/12\\\/cropped-Logo.jpg\",\"width\":700,\"height\":59,\"caption\":\"CRI e Diario de Pernambuco\"},\"image\":{\"@id\":\"https:\\\/\\\/diariodepe.com.br\\\/cri\\\/#\\\/schema\\\/logo\\\/image\\\/\"}},{\"@type\":\"Person\",\"@id\":\"https:\\\/\\\/diariodepe.com.br\\\/cri\\\/#\\\/schema\\\/person\\\/121bb28d84f1a5b1205ef4ce9c2e0c6b\",\"name\":\"Ismael Lucas S. Pereira\",\"image\":{\"@type\":\"ImageObject\",\"inLanguage\":\"pt-BR\",\"@id\":\"https:\\\/\\\/secure.gravatar.com\\\/avatar\\\/887a0f3b5a7ceea963a48499fb883ffce6b5037362def025c52c2505b15d63e4?s=96&d=mm&r=g\",\"url\":\"https:\\\/\\\/secure.gravatar.com\\\/avatar\\\/887a0f3b5a7ceea963a48499fb883ffce6b5037362def025c52c2505b15d63e4?s=96&d=mm&r=g\",\"contentUrl\":\"https:\\\/\\\/secure.gravatar.com\\\/avatar\\\/887a0f3b5a7ceea963a48499fb883ffce6b5037362def025c52c2505b15d63e4?s=96&d=mm&r=g\",\"caption\":\"Ismael Lucas S. Pereira\"},\"url\":\"https:\\\/\\\/diariodepe.com.br\\\/cri\\\/author\\\/ismael-lucas\\\/\"}]}<\/script>\n<!-- \/ Yoast SEO plugin. -->","yoast_head_json":{"title":"Rep\u00fablica de Nauru decide retomar rela\u00e7\u00f5es diplom\u00e1ticas com a China - CRI e Diario de Pernambuco","robots":{"index":"index","follow":"follow","max-snippet":"max-snippet:-1","max-image-preview":"max-image-preview:large","max-video-preview":"max-video-preview:-1"},"canonical":"https:\/\/diariodepe.com.br\/cri\/2024\/01\/18\/republica-de-nauru-decide-retomar-relacoes-diplomaticas-com-a-china\/","og_locale":"pt_BR","og_type":"article","og_title":"Rep\u00fablica de Nauru decide retomar rela\u00e7\u00f5es diplom\u00e1ticas com a China - CRI e Diario de Pernambuco","og_description":"O Parlamento da Rep\u00fablica de Nauru aprovou ontem (16) a decis\u00e3o de recuperar integralmente as rela\u00e7\u00f5es diplom\u00e1ticas com a Rep\u00fablica Popular da China. Segundo a decis\u00e3o, o pa\u00eds rompeu as chamadas rela\u00e7\u00f5es diplom\u00e1ticas com Taiwan na segunda-feira (15) conforme sua...","og_url":"https:\/\/diariodepe.com.br\/cri\/2024\/01\/18\/republica-de-nauru-decide-retomar-relacoes-diplomaticas-com-a-china\/","og_site_name":"CRI e Diario de Pernambuco","article_published_time":"2024-01-18T06:54:20+00:00","author":"Ismael Lucas S. Pereira","twitter_card":"summary_large_image","twitter_misc":{"Escrito por":"Ismael Lucas S. Pereira","Est. tempo de leitura":"1 minuto"},"schema":{"@context":"https:\/\/schema.org","@graph":[{"@type":"Article","@id":"https:\/\/diariodepe.com.br\/cri\/2024\/01\/18\/republica-de-nauru-decide-retomar-relacoes-diplomaticas-com-a-china\/#article","isPartOf":{"@id":"https:\/\/diariodepe.com.br\/cri\/2024\/01\/18\/republica-de-nauru-decide-retomar-relacoes-diplomaticas-com-a-china\/"},"author":{"name":"Ismael Lucas S. Pereira","@id":"https:\/\/diariodepe.com.br\/cri\/#\/schema\/person\/121bb28d84f1a5b1205ef4ce9c2e0c6b"},"headline":"Rep\u00fablica de Nauru decide retomar rela\u00e7\u00f5es diplom\u00e1ticas com a China","datePublished":"2024-01-18T06:54:20+00:00","mainEntityOfPage":{"@id":"https:\/\/diariodepe.com.br\/cri\/2024\/01\/18\/republica-de-nauru-decide-retomar-relacoes-diplomaticas-com-a-china\/"},"wordCount":176,"commentCount":0,"publisher":{"@id":"https:\/\/diariodepe.com.br\/cri\/#organization"},"articleSection":["Internacional"],"inLanguage":"pt-BR","potentialAction":[{"@type":"CommentAction","name":"Comment","target":["https:\/\/diariodepe.com.br\/cri\/2024\/01\/18\/republica-de-nauru-decide-retomar-relacoes-diplomaticas-com-a-china\/#respond"]}]},{"@type":"WebPage","@id":"https:\/\/diariodepe.com.br\/cri\/2024\/01\/18\/republica-de-nauru-decide-retomar-relacoes-diplomaticas-com-a-china\/","url":"https:\/\/diariodepe.com.br\/cri\/2024\/01\/18\/republica-de-nauru-decide-retomar-relacoes-diplomaticas-com-a-china\/","name":"Rep\u00fablica de Nauru decide retomar rela\u00e7\u00f5es diplom\u00e1ticas com a China - CRI e Diario de Pernambuco","isPartOf":{"@id":"https:\/\/diariodepe.com.br\/cri\/#website"},"datePublished":"2024-01-18T06:54:20+00:00","breadcrumb":{"@id":"https:\/\/diariodepe.com.br\/cri\/2024\/01\/18\/republica-de-nauru-decide-retomar-relacoes-diplomaticas-com-a-china\/#breadcrumb"},"inLanguage":"pt-BR","potentialAction":[{"@type":"ReadAction","target":["https:\/\/diariodepe.com.br\/cri\/2024\/01\/18\/republica-de-nauru-decide-retomar-relacoes-diplomaticas-com-a-china\/"]}]},{"@type":"BreadcrumbList","@id":"https:\/\/diariodepe.com.br\/cri\/2024\/01\/18\/republica-de-nauru-decide-retomar-relacoes-diplomaticas-com-a-china\/#breadcrumb","itemListElement":[{"@type":"ListItem","position":1,"name":"In\u00edcio","item":"https:\/\/diariodepe.com.br\/cri\/"},{"@type":"ListItem","position":2,"name":"Rep\u00fablica de Nauru decide retomar rela\u00e7\u00f5es diplom\u00e1ticas com a China"}]},{"@type":"WebSite","@id":"https:\/\/diariodepe.com.br\/cri\/#website","url":"https:\/\/diariodepe.com.br\/cri\/","name":"CRI e Diario de Pernambuco","description":"R\u00e1dio Internacional da China","publisher":{"@id":"https:\/\/diariodepe.com.br\/cri\/#organization"},"potentialAction":[{"@type":"SearchAction","target":{"@type":"EntryPoint","urlTemplate":"https:\/\/diariodepe.com.br\/cri\/?s={search_term_string}"},"query-input":{"@type":"PropertyValueSpecification","valueRequired":true,"valueName":"search_term_string"}}],"inLanguage":"pt-BR"},{"@type":"Organization","@id":"https:\/\/diariodepe.com.br\/cri\/#organization","name":"CRI e Diario de Pernambuco","url":"https:\/\/diariodepe.com.br\/cri\/","logo":{"@type":"ImageObject","inLanguage":"pt-BR","@id":"https:\/\/diariodepe.com.br\/cri\/#\/schema\/logo\/image\/","url":"https:\/\/diariodepe.com.br\/cri\/wp-content\/uploads\/sites\/2\/2022\/12\/cropped-Logo.jpg","contentUrl":"https:\/\/diariodepe.com.br\/cri\/wp-content\/uploads\/sites\/2\/2022\/12\/cropped-Logo.jpg","width":700,"height":59,"caption":"CRI e Diario de Pernambuco"},"image":{"@id":"https:\/\/diariodepe.com.br\/cri\/#\/schema\/logo\/image\/"}},{"@type":"Person","@id":"https:\/\/diariodepe.com.br\/cri\/#\/schema\/person\/121bb28d84f1a5b1205ef4ce9c2e0c6b","name":"Ismael Lucas S. Pereira","image":{"@type":"ImageObject","inLanguage":"pt-BR","@id":"https:\/\/secure.gravatar.com\/avatar\/887a0f3b5a7ceea963a48499fb883ffce6b5037362def025c52c2505b15d63e4?s=96&d=mm&r=g","url":"https:\/\/secure.gravatar.com\/avatar\/887a0f3b5a7ceea963a48499fb883ffce6b5037362def025c52c2505b15d63e4?s=96&d=mm&r=g","contentUrl":"https:\/\/secure.gravatar.com\/avatar\/887a0f3b5a7ceea963a48499fb883ffce6b5037362def025c52c2505b15d63e4?s=96&d=mm&r=g","caption":"Ismael Lucas S. Pereira"},"url":"https:\/\/diariodepe.com.br\/cri\/author\/ismael-lucas\/"}]}},"cc_featured_image_caption":{"caption_text":false,"source_text":false,"source_url":false},"amp_enabled":true,"_links":{"self":[{"href":"https:\/\/diariodepe.com.br\/cri\/wp-json\/wp\/v2\/posts\/4080","targetHints":{"allow":["GET"]}}],"collection":[{"href":"https:\/\/diariodepe.com.br\/cri\/wp-json\/wp\/v2\/posts"}],"about":[{"href":"https:\/\/diariodepe.com.br\/cri\/wp-json\/wp\/v2\/types\/post"}],"author":[{"embeddable":true,"href":"https:\/\/diariodepe.com.br\/cri\/wp-json\/wp\/v2\/users\/2"}],"replies":[{"embeddable":true,"href":"https:\/\/diariodepe.com.br\/cri\/wp-json\/wp\/v2\/comments?post=4080"}],"version-history":[{"count":1,"href":"https:\/\/diariodepe.com.br\/cri\/wp-json\/wp\/v2\/posts\/4080\/revisions"}],"predecessor-version":[{"id":4081,"href":"https:\/\/diariodepe.com.br\/cri\/wp-json\/wp\/v2\/posts\/4080\/revisions\/4081"}],"wp:attachment":[{"href":"https:\/\/diariodepe.com.br\/cri\/wp-json\/wp\/v2\/media?parent=4080"}],"wp:term":[{"taxonomy":"category","embeddable":true,"href":"https:\/\/diariodepe.com.br\/cri\/wp-json\/wp\/v2\/categories?post=4080"},{"taxonomy":"post_tag","embeddable":true,"href":"https:\/\/diariodepe.com.br\/cri\/wp-json\/wp\/v2\/tags?post=4080"}],"curies":[{"name":"wp","href":"https:\/\/api.w.org\/{rel}","templated":true}]}}