{"id":4078,"date":"2024-01-18T03:52:42","date_gmt":"2024-01-18T06:52:42","guid":{"rendered":"https:\/\/diariodepe.com.br\/cri\/?p=4078"},"modified":"2024-01-18T03:52:42","modified_gmt":"2024-01-18T06:52:42","slug":"china-e-irlanda-devem-praticar-conjuntamente-multilateralismo-genuino-diz-primeiro-ministro-chines","status":"publish","type":"post","link":"https:\/\/diariodepe.com.br\/cri\/2024\/01\/18\/china-e-irlanda-devem-praticar-conjuntamente-multilateralismo-genuino-diz-primeiro-ministro-chines\/","title":{"rendered":"China e Irlanda devem praticar conjuntamente multilateralismo genu\u00edno, diz primeiro-ministro chin\u00eas"},"content":{"rendered":"<p data-spm-anchor-id=\"0.0.0.i1\">O primeiro-ministro chin\u00eas, Li Qiang, pediu na quarta-feira que a China e a Irlanda trabalhem em conjunto para defender um sistema de com\u00e9rcio internacional livre e aberto e praticar o multilateralismo genu\u00edno.<\/p>\n<p>Li fez o pedido ao se reunir com o presidente irland\u00eas, Michael D. Higgins, na \u00c1ras an Uachtar\u00e1in, a resid\u00eancia oficial do presidente irland\u00eas, em Dublin.<\/p>\n<p>Embora a China e a Irlanda estejam geograficamente distantes e tenham condi\u00e7\u00f5es nacionais diferentes, elas t\u00eam desfrutado de uma amizade duradoura e de conceitos de desenvolvimento altamente compat\u00edveis, observou Li.<\/p>\n<p>Nos \u00faltimos anos, sob a orienta\u00e7\u00e3o estrat\u00e9gica do presidente Xi Jinping e do presidente Michael D. Higgins, as rela\u00e7\u00f5es entre a China e a Irlanda se desenvolveram de forma constante e a coopera\u00e7\u00e3o pr\u00e1tica bilateral produziu resultados frut\u00edferos, disse ele.<\/p>\n<p>A China est\u00e1 disposta a trabalhar com a Irlanda para aderir ao respeito m\u00fatuo e \u00e0 igualdade e aproveitar a oportunidade do 45\u00ba anivers\u00e1rio do estabelecimento dos la\u00e7os diplom\u00e1ticos entre a China e a Irlanda este ano para implementar ainda mais os importantes consensos alcan\u00e7ados pelos chefes de Estado dos dois pa\u00edses, aumentar continuamente a compreens\u00e3o e a confian\u00e7a m\u00fatuas, acomodar totalmente os interesses centrais e preocupa\u00e7\u00f5es principais de cada um, promover continuamente o n\u00edvel e aumentar os efeitos da coopera\u00e7\u00e3o em v\u00e1rios campos e procurar um maior desenvolvimento da parceria estrat\u00e9gica China-Irlanda para uma coopera\u00e7\u00e3o mutuamente ben\u00e9fica, disse Li.<\/p>\n<p>O primeiro-ministro chin\u00eas tamb\u00e9m destacou que a coopera\u00e7\u00e3o mutuamente ben\u00e9fica entre a China e a Irlanda \u00e9 promissora.<\/p>\n<p>Li assinalou que a China est\u00e1 disposta a aprofundar a coopera\u00e7\u00e3o com a Irlanda em \u00e1reas como economia, com\u00e9rcio e investimento, desenvolvimento ecol\u00f3gico e inova\u00e7\u00e3o cient\u00edfica e tecnol\u00f3gica.<\/p>\n<p>Ele tamb\u00e9m se comprometeu a fortalecer os interc\u00e2mbios interpessoais em educa\u00e7\u00e3o, cultura e outros campos para facilitar o interc\u00e2mbio interpessoal entre os dois pa\u00edses.<\/p>\n<p>Os dois lados devem trabalhar em conjunto para defender um sistema de com\u00e9rcio internacional livre e aberto e manter o fluxo est\u00e1vel e tranquilo das cadeias industriais e de suprimentos globais, observou Li.<\/p>\n<p>Ele disse que os dois lados devem praticar o multilateralismo genu\u00edno, reduzir as diferen\u00e7as por meio do di\u00e1logo e resolver as disputas por meio da coopera\u00e7\u00e3o, de modo a impulsionar uma melhor governan\u00e7a global, promover o desenvolvimento comum e injetar maior estabilidade e energia em um mundo abalado por mudan\u00e7as e caos.<\/p>\n","protected":false},"excerpt":{"rendered":"<p>O primeiro-ministro chin\u00eas, Li Qiang, pediu na quarta-feira que a China e a Irlanda trabalhem em conjunto para defender um sistema de com\u00e9rcio internacional livre e aberto e praticar o multilateralismo genu\u00edno. Li fez o pedido ao se reunir com&#8230;<\/p>\n","protected":false},"author":2,"featured_media":0,"comment_status":"open","ping_status":"open","sticky":false,"template":"","format":"standard","meta":{"footnotes":""},"categories":[8],"tags":[],"class_list":["post-4078","post","type-post","status-publish","format-standard","hentry","category-internacional"],"yoast_head":"<!-- This site is optimized with the Yoast SEO plugin v27.4 - https:\/\/yoast.com\/product\/yoast-seo-wordpress\/ -->\n<title>China e Irlanda devem praticar conjuntamente multilateralismo genu\u00edno, diz primeiro-ministro chin\u00eas - CRI e Diario de Pernambuco<\/title>\n<meta name=\"robots\" content=\"index, follow, max-snippet:-1, max-image-preview:large, max-video-preview:-1\" \/>\n<link rel=\"canonical\" href=\"https:\/\/diariodepe.com.br\/cri\/2024\/01\/18\/china-e-irlanda-devem-praticar-conjuntamente-multilateralismo-genuino-diz-primeiro-ministro-chines\/\" \/>\n<meta property=\"og:locale\" content=\"pt_BR\" \/>\n<meta property=\"og:type\" content=\"article\" \/>\n<meta property=\"og:title\" content=\"China e Irlanda devem praticar conjuntamente multilateralismo genu\u00edno, diz primeiro-ministro chin\u00eas - CRI e Diario de Pernambuco\" \/>\n<meta property=\"og:description\" content=\"O primeiro-ministro chin\u00eas, Li Qiang, pediu na quarta-feira que a China e a Irlanda trabalhem em conjunto para defender um sistema de com\u00e9rcio internacional livre e aberto e praticar o multilateralismo genu\u00edno. Li fez o pedido ao se reunir com...\" \/>\n<meta property=\"og:url\" content=\"https:\/\/diariodepe.com.br\/cri\/2024\/01\/18\/china-e-irlanda-devem-praticar-conjuntamente-multilateralismo-genuino-diz-primeiro-ministro-chines\/\" \/>\n<meta property=\"og:site_name\" content=\"CRI e Diario de Pernambuco\" \/>\n<meta property=\"article:published_time\" content=\"2024-01-18T06:52:42+00:00\" \/>\n<meta name=\"author\" content=\"Ismael Lucas S. Pereira\" \/>\n<meta name=\"twitter:card\" content=\"summary_large_image\" \/>\n<meta name=\"twitter:label1\" content=\"Escrito por\" \/>\n\t<meta name=\"twitter:data1\" content=\"Ismael Lucas S. Pereira\" \/>\n\t<meta name=\"twitter:label2\" content=\"Est. tempo de leitura\" \/>\n\t<meta name=\"twitter:data2\" content=\"3 minutos\" \/>\n<script type=\"application\/ld+json\" class=\"yoast-schema-graph\">{\"@context\":\"https:\\\/\\\/schema.org\",\"@graph\":[{\"@type\":\"Article\",\"@id\":\"https:\\\/\\\/diariodepe.com.br\\\/cri\\\/2024\\\/01\\\/18\\\/china-e-irlanda-devem-praticar-conjuntamente-multilateralismo-genuino-diz-primeiro-ministro-chines\\\/#article\",\"isPartOf\":{\"@id\":\"https:\\\/\\\/diariodepe.com.br\\\/cri\\\/2024\\\/01\\\/18\\\/china-e-irlanda-devem-praticar-conjuntamente-multilateralismo-genuino-diz-primeiro-ministro-chines\\\/\"},\"author\":{\"name\":\"Ismael Lucas S. Pereira\",\"@id\":\"https:\\\/\\\/diariodepe.com.br\\\/cri\\\/#\\\/schema\\\/person\\\/121bb28d84f1a5b1205ef4ce9c2e0c6b\"},\"headline\":\"China e Irlanda devem praticar conjuntamente multilateralismo genu\u00edno, diz primeiro-ministro chin\u00eas\",\"datePublished\":\"2024-01-18T06:52:42+00:00\",\"mainEntityOfPage\":{\"@id\":\"https:\\\/\\\/diariodepe.com.br\\\/cri\\\/2024\\\/01\\\/18\\\/china-e-irlanda-devem-praticar-conjuntamente-multilateralismo-genuino-diz-primeiro-ministro-chines\\\/\"},\"wordCount\":448,\"commentCount\":0,\"publisher\":{\"@id\":\"https:\\\/\\\/diariodepe.com.br\\\/cri\\\/#organization\"},\"articleSection\":[\"Internacional\"],\"inLanguage\":\"pt-BR\",\"potentialAction\":[{\"@type\":\"CommentAction\",\"name\":\"Comment\",\"target\":[\"https:\\\/\\\/diariodepe.com.br\\\/cri\\\/2024\\\/01\\\/18\\\/china-e-irlanda-devem-praticar-conjuntamente-multilateralismo-genuino-diz-primeiro-ministro-chines\\\/#respond\"]}]},{\"@type\":\"WebPage\",\"@id\":\"https:\\\/\\\/diariodepe.com.br\\\/cri\\\/2024\\\/01\\\/18\\\/china-e-irlanda-devem-praticar-conjuntamente-multilateralismo-genuino-diz-primeiro-ministro-chines\\\/\",\"url\":\"https:\\\/\\\/diariodepe.com.br\\\/cri\\\/2024\\\/01\\\/18\\\/china-e-irlanda-devem-praticar-conjuntamente-multilateralismo-genuino-diz-primeiro-ministro-chines\\\/\",\"name\":\"China e Irlanda devem praticar conjuntamente multilateralismo genu\u00edno, diz primeiro-ministro chin\u00eas - CRI e Diario de Pernambuco\",\"isPartOf\":{\"@id\":\"https:\\\/\\\/diariodepe.com.br\\\/cri\\\/#website\"},\"datePublished\":\"2024-01-18T06:52:42+00:00\",\"breadcrumb\":{\"@id\":\"https:\\\/\\\/diariodepe.com.br\\\/cri\\\/2024\\\/01\\\/18\\\/china-e-irlanda-devem-praticar-conjuntamente-multilateralismo-genuino-diz-primeiro-ministro-chines\\\/#breadcrumb\"},\"inLanguage\":\"pt-BR\",\"potentialAction\":[{\"@type\":\"ReadAction\",\"target\":[\"https:\\\/\\\/diariodepe.com.br\\\/cri\\\/2024\\\/01\\\/18\\\/china-e-irlanda-devem-praticar-conjuntamente-multilateralismo-genuino-diz-primeiro-ministro-chines\\\/\"]}]},{\"@type\":\"BreadcrumbList\",\"@id\":\"https:\\\/\\\/diariodepe.com.br\\\/cri\\\/2024\\\/01\\\/18\\\/china-e-irlanda-devem-praticar-conjuntamente-multilateralismo-genuino-diz-primeiro-ministro-chines\\\/#breadcrumb\",\"itemListElement\":[{\"@type\":\"ListItem\",\"position\":1,\"name\":\"In\u00edcio\",\"item\":\"https:\\\/\\\/diariodepe.com.br\\\/cri\\\/\"},{\"@type\":\"ListItem\",\"position\":2,\"name\":\"China e Irlanda devem praticar conjuntamente multilateralismo genu\u00edno, diz primeiro-ministro chin\u00eas\"}]},{\"@type\":\"WebSite\",\"@id\":\"https:\\\/\\\/diariodepe.com.br\\\/cri\\\/#website\",\"url\":\"https:\\\/\\\/diariodepe.com.br\\\/cri\\\/\",\"name\":\"CRI e Diario de Pernambuco\",\"description\":\"R\u00e1dio Internacional da China\",\"publisher\":{\"@id\":\"https:\\\/\\\/diariodepe.com.br\\\/cri\\\/#organization\"},\"potentialAction\":[{\"@type\":\"SearchAction\",\"target\":{\"@type\":\"EntryPoint\",\"urlTemplate\":\"https:\\\/\\\/diariodepe.com.br\\\/cri\\\/?s={search_term_string}\"},\"query-input\":{\"@type\":\"PropertyValueSpecification\",\"valueRequired\":true,\"valueName\":\"search_term_string\"}}],\"inLanguage\":\"pt-BR\"},{\"@type\":\"Organization\",\"@id\":\"https:\\\/\\\/diariodepe.com.br\\\/cri\\\/#organization\",\"name\":\"CRI e Diario de Pernambuco\",\"url\":\"https:\\\/\\\/diariodepe.com.br\\\/cri\\\/\",\"logo\":{\"@type\":\"ImageObject\",\"inLanguage\":\"pt-BR\",\"@id\":\"https:\\\/\\\/diariodepe.com.br\\\/cri\\\/#\\\/schema\\\/logo\\\/image\\\/\",\"url\":\"https:\\\/\\\/diariodepe.com.br\\\/cri\\\/wp-content\\\/uploads\\\/sites\\\/2\\\/2022\\\/12\\\/cropped-Logo.jpg\",\"contentUrl\":\"https:\\\/\\\/diariodepe.com.br\\\/cri\\\/wp-content\\\/uploads\\\/sites\\\/2\\\/2022\\\/12\\\/cropped-Logo.jpg\",\"width\":700,\"height\":59,\"caption\":\"CRI e Diario de Pernambuco\"},\"image\":{\"@id\":\"https:\\\/\\\/diariodepe.com.br\\\/cri\\\/#\\\/schema\\\/logo\\\/image\\\/\"}},{\"@type\":\"Person\",\"@id\":\"https:\\\/\\\/diariodepe.com.br\\\/cri\\\/#\\\/schema\\\/person\\\/121bb28d84f1a5b1205ef4ce9c2e0c6b\",\"name\":\"Ismael Lucas S. Pereira\",\"image\":{\"@type\":\"ImageObject\",\"inLanguage\":\"pt-BR\",\"@id\":\"https:\\\/\\\/secure.gravatar.com\\\/avatar\\\/887a0f3b5a7ceea963a48499fb883ffce6b5037362def025c52c2505b15d63e4?s=96&d=mm&r=g\",\"url\":\"https:\\\/\\\/secure.gravatar.com\\\/avatar\\\/887a0f3b5a7ceea963a48499fb883ffce6b5037362def025c52c2505b15d63e4?s=96&d=mm&r=g\",\"contentUrl\":\"https:\\\/\\\/secure.gravatar.com\\\/avatar\\\/887a0f3b5a7ceea963a48499fb883ffce6b5037362def025c52c2505b15d63e4?s=96&d=mm&r=g\",\"caption\":\"Ismael Lucas S. Pereira\"},\"url\":\"https:\\\/\\\/diariodepe.com.br\\\/cri\\\/author\\\/ismael-lucas\\\/\"}]}<\/script>\n<!-- \/ Yoast SEO plugin. -->","yoast_head_json":{"title":"China e Irlanda devem praticar conjuntamente multilateralismo genu\u00edno, diz primeiro-ministro chin\u00eas - CRI e Diario de Pernambuco","robots":{"index":"index","follow":"follow","max-snippet":"max-snippet:-1","max-image-preview":"max-image-preview:large","max-video-preview":"max-video-preview:-1"},"canonical":"https:\/\/diariodepe.com.br\/cri\/2024\/01\/18\/china-e-irlanda-devem-praticar-conjuntamente-multilateralismo-genuino-diz-primeiro-ministro-chines\/","og_locale":"pt_BR","og_type":"article","og_title":"China e Irlanda devem praticar conjuntamente multilateralismo genu\u00edno, diz primeiro-ministro chin\u00eas - CRI e Diario de Pernambuco","og_description":"O primeiro-ministro chin\u00eas, Li Qiang, pediu na quarta-feira que a China e a Irlanda trabalhem em conjunto para defender um sistema de com\u00e9rcio internacional livre e aberto e praticar o multilateralismo genu\u00edno. Li fez o pedido ao se reunir com...","og_url":"https:\/\/diariodepe.com.br\/cri\/2024\/01\/18\/china-e-irlanda-devem-praticar-conjuntamente-multilateralismo-genuino-diz-primeiro-ministro-chines\/","og_site_name":"CRI e Diario de Pernambuco","article_published_time":"2024-01-18T06:52:42+00:00","author":"Ismael Lucas S. Pereira","twitter_card":"summary_large_image","twitter_misc":{"Escrito por":"Ismael Lucas S. Pereira","Est. tempo de leitura":"3 minutos"},"schema":{"@context":"https:\/\/schema.org","@graph":[{"@type":"Article","@id":"https:\/\/diariodepe.com.br\/cri\/2024\/01\/18\/china-e-irlanda-devem-praticar-conjuntamente-multilateralismo-genuino-diz-primeiro-ministro-chines\/#article","isPartOf":{"@id":"https:\/\/diariodepe.com.br\/cri\/2024\/01\/18\/china-e-irlanda-devem-praticar-conjuntamente-multilateralismo-genuino-diz-primeiro-ministro-chines\/"},"author":{"name":"Ismael Lucas S. Pereira","@id":"https:\/\/diariodepe.com.br\/cri\/#\/schema\/person\/121bb28d84f1a5b1205ef4ce9c2e0c6b"},"headline":"China e Irlanda devem praticar conjuntamente multilateralismo genu\u00edno, diz primeiro-ministro chin\u00eas","datePublished":"2024-01-18T06:52:42+00:00","mainEntityOfPage":{"@id":"https:\/\/diariodepe.com.br\/cri\/2024\/01\/18\/china-e-irlanda-devem-praticar-conjuntamente-multilateralismo-genuino-diz-primeiro-ministro-chines\/"},"wordCount":448,"commentCount":0,"publisher":{"@id":"https:\/\/diariodepe.com.br\/cri\/#organization"},"articleSection":["Internacional"],"inLanguage":"pt-BR","potentialAction":[{"@type":"CommentAction","name":"Comment","target":["https:\/\/diariodepe.com.br\/cri\/2024\/01\/18\/china-e-irlanda-devem-praticar-conjuntamente-multilateralismo-genuino-diz-primeiro-ministro-chines\/#respond"]}]},{"@type":"WebPage","@id":"https:\/\/diariodepe.com.br\/cri\/2024\/01\/18\/china-e-irlanda-devem-praticar-conjuntamente-multilateralismo-genuino-diz-primeiro-ministro-chines\/","url":"https:\/\/diariodepe.com.br\/cri\/2024\/01\/18\/china-e-irlanda-devem-praticar-conjuntamente-multilateralismo-genuino-diz-primeiro-ministro-chines\/","name":"China e Irlanda devem praticar conjuntamente multilateralismo genu\u00edno, diz primeiro-ministro chin\u00eas - CRI e Diario de Pernambuco","isPartOf":{"@id":"https:\/\/diariodepe.com.br\/cri\/#website"},"datePublished":"2024-01-18T06:52:42+00:00","breadcrumb":{"@id":"https:\/\/diariodepe.com.br\/cri\/2024\/01\/18\/china-e-irlanda-devem-praticar-conjuntamente-multilateralismo-genuino-diz-primeiro-ministro-chines\/#breadcrumb"},"inLanguage":"pt-BR","potentialAction":[{"@type":"ReadAction","target":["https:\/\/diariodepe.com.br\/cri\/2024\/01\/18\/china-e-irlanda-devem-praticar-conjuntamente-multilateralismo-genuino-diz-primeiro-ministro-chines\/"]}]},{"@type":"BreadcrumbList","@id":"https:\/\/diariodepe.com.br\/cri\/2024\/01\/18\/china-e-irlanda-devem-praticar-conjuntamente-multilateralismo-genuino-diz-primeiro-ministro-chines\/#breadcrumb","itemListElement":[{"@type":"ListItem","position":1,"name":"In\u00edcio","item":"https:\/\/diariodepe.com.br\/cri\/"},{"@type":"ListItem","position":2,"name":"China e Irlanda devem praticar conjuntamente multilateralismo genu\u00edno, diz primeiro-ministro chin\u00eas"}]},{"@type":"WebSite","@id":"https:\/\/diariodepe.com.br\/cri\/#website","url":"https:\/\/diariodepe.com.br\/cri\/","name":"CRI e Diario de Pernambuco","description":"R\u00e1dio Internacional da China","publisher":{"@id":"https:\/\/diariodepe.com.br\/cri\/#organization"},"potentialAction":[{"@type":"SearchAction","target":{"@type":"EntryPoint","urlTemplate":"https:\/\/diariodepe.com.br\/cri\/?s={search_term_string}"},"query-input":{"@type":"PropertyValueSpecification","valueRequired":true,"valueName":"search_term_string"}}],"inLanguage":"pt-BR"},{"@type":"Organization","@id":"https:\/\/diariodepe.com.br\/cri\/#organization","name":"CRI e Diario de Pernambuco","url":"https:\/\/diariodepe.com.br\/cri\/","logo":{"@type":"ImageObject","inLanguage":"pt-BR","@id":"https:\/\/diariodepe.com.br\/cri\/#\/schema\/logo\/image\/","url":"https:\/\/diariodepe.com.br\/cri\/wp-content\/uploads\/sites\/2\/2022\/12\/cropped-Logo.jpg","contentUrl":"https:\/\/diariodepe.com.br\/cri\/wp-content\/uploads\/sites\/2\/2022\/12\/cropped-Logo.jpg","width":700,"height":59,"caption":"CRI e Diario de Pernambuco"},"image":{"@id":"https:\/\/diariodepe.com.br\/cri\/#\/schema\/logo\/image\/"}},{"@type":"Person","@id":"https:\/\/diariodepe.com.br\/cri\/#\/schema\/person\/121bb28d84f1a5b1205ef4ce9c2e0c6b","name":"Ismael Lucas S. Pereira","image":{"@type":"ImageObject","inLanguage":"pt-BR","@id":"https:\/\/secure.gravatar.com\/avatar\/887a0f3b5a7ceea963a48499fb883ffce6b5037362def025c52c2505b15d63e4?s=96&d=mm&r=g","url":"https:\/\/secure.gravatar.com\/avatar\/887a0f3b5a7ceea963a48499fb883ffce6b5037362def025c52c2505b15d63e4?s=96&d=mm&r=g","contentUrl":"https:\/\/secure.gravatar.com\/avatar\/887a0f3b5a7ceea963a48499fb883ffce6b5037362def025c52c2505b15d63e4?s=96&d=mm&r=g","caption":"Ismael Lucas S. Pereira"},"url":"https:\/\/diariodepe.com.br\/cri\/author\/ismael-lucas\/"}]}},"cc_featured_image_caption":{"caption_text":false,"source_text":false,"source_url":false},"amp_enabled":true,"_links":{"self":[{"href":"https:\/\/diariodepe.com.br\/cri\/wp-json\/wp\/v2\/posts\/4078","targetHints":{"allow":["GET"]}}],"collection":[{"href":"https:\/\/diariodepe.com.br\/cri\/wp-json\/wp\/v2\/posts"}],"about":[{"href":"https:\/\/diariodepe.com.br\/cri\/wp-json\/wp\/v2\/types\/post"}],"author":[{"embeddable":true,"href":"https:\/\/diariodepe.com.br\/cri\/wp-json\/wp\/v2\/users\/2"}],"replies":[{"embeddable":true,"href":"https:\/\/diariodepe.com.br\/cri\/wp-json\/wp\/v2\/comments?post=4078"}],"version-history":[{"count":1,"href":"https:\/\/diariodepe.com.br\/cri\/wp-json\/wp\/v2\/posts\/4078\/revisions"}],"predecessor-version":[{"id":4079,"href":"https:\/\/diariodepe.com.br\/cri\/wp-json\/wp\/v2\/posts\/4078\/revisions\/4079"}],"wp:attachment":[{"href":"https:\/\/diariodepe.com.br\/cri\/wp-json\/wp\/v2\/media?parent=4078"}],"wp:term":[{"taxonomy":"category","embeddable":true,"href":"https:\/\/diariodepe.com.br\/cri\/wp-json\/wp\/v2\/categories?post=4078"},{"taxonomy":"post_tag","embeddable":true,"href":"https:\/\/diariodepe.com.br\/cri\/wp-json\/wp\/v2\/tags?post=4078"}],"curies":[{"name":"wp","href":"https:\/\/api.w.org\/{rel}","templated":true}]}}