{"id":3913,"date":"2023-12-20T22:50:49","date_gmt":"2023-12-21T01:50:49","guid":{"rendered":"https:\/\/diariodepe.com.br\/cri\/?p=3913"},"modified":"2023-12-20T22:50:49","modified_gmt":"2023-12-21T01:50:49","slug":"china-realiza-conferencia-central-para-trabalho-rural","status":"publish","type":"post","link":"https:\/\/diariodepe.com.br\/cri\/2023\/12\/20\/china-realiza-conferencia-central-para-trabalho-rural\/","title":{"rendered":"China realiza confer\u00eancia central para trabalho rural"},"content":{"rendered":"<p data-spm-anchor-id=\"0.0.0.i1\">A\u00a0Confer\u00eancia\u00a0sobre\u00a0o\u00a0Trabalho da\u00a0Agricultura,\u00a0Zonas Rurais e\u00a0Agricultores\u00a0foi realizada entre os dias 19 e 20 em Beijing. O evento\u00a0analisou a\u00a0atual\u00a0situa\u00e7\u00e3o\u00a0no setor\u00a0e\u00a0seus\u00a0desafios,\u00a0e\u00a0prop\u00f4s\u00a0o planejamento do trabalho\u00a0rural para\u00a02024.<\/p>\n<p>O l\u00edder chin\u00eas, Xi Jinping,\u00a0deu\u00a0importantes\u00a0instru\u00e7\u00f5es\u00a0sobre o trabalho\u00a0no campo. Ele\u00a0destacou que,\u00a0\u00a0em 2023,\u00a0houve a supera\u00e7\u00e3o\u00a0dos\u00a0impactos\u00a0gerados por exemplo por\u00a0desastres naturais relativamente graves,\u00a0al\u00e9m da conquista de\u00a0um recorde hist\u00f3rico na\u00a0produ\u00e7\u00e3o de gr\u00e3os. A\u00a0renda dos agricultores\u00a0cresceu\u00a0rapidamente e a\u00a0estabilidade da comunidade rural ser\u00e1 preservada.<\/p>\n<p>A reuni\u00e3o enfatizou que\u00a0\u00e9 preciso\u00a0concentrar-se\u00a0na produ\u00e7\u00e3o de gr\u00e3os e produtos agr\u00edcolas importantes, estabilizar a \u00e1rea de semeadura de gr\u00e3os, promover\u00a0o\u00a0aumento em grande escala\u00a0de sua\u00a0produtividade\u00a0por unidade, e fazer um bom trabalho na preven\u00e7\u00e3o\u00a0e\u00a0redu\u00e7\u00e3o de desastres agr\u00edcolas, para garantir que a produ\u00e7\u00e3o de gr\u00e3os em 2024\u00a0fique\u00a0acima de 1,3 trilh\u00e3o de\u00a0jins.<\/p>\n","protected":false},"excerpt":{"rendered":"<p>A\u00a0Confer\u00eancia\u00a0sobre\u00a0o\u00a0Trabalho da\u00a0Agricultura,\u00a0Zonas Rurais e\u00a0Agricultores\u00a0foi realizada entre os dias 19 e 20 em Beijing. O evento\u00a0analisou a\u00a0atual\u00a0situa\u00e7\u00e3o\u00a0no setor\u00a0e\u00a0seus\u00a0desafios,\u00a0e\u00a0prop\u00f4s\u00a0o planejamento do trabalho\u00a0rural para\u00a02024. O l\u00edder chin\u00eas, Xi Jinping,\u00a0deu\u00a0importantes\u00a0instru\u00e7\u00f5es\u00a0sobre o trabalho\u00a0no campo. Ele\u00a0destacou que,\u00a0\u00a0em 2023,\u00a0houve a supera\u00e7\u00e3o\u00a0dos\u00a0impactos\u00a0gerados por exemplo por\u00a0desastres naturais relativamente graves,\u00a0al\u00e9m&#8230;<\/p>\n","protected":false},"author":2,"featured_media":0,"comment_status":"open","ping_status":"open","sticky":false,"template":"","format":"standard","meta":{"footnotes":""},"categories":[3],"tags":[],"class_list":["post-3913","post","type-post","status-publish","format-standard","hentry","category-china"],"yoast_head":"<!-- This site is optimized with the Yoast SEO plugin v27.4 - https:\/\/yoast.com\/product\/yoast-seo-wordpress\/ -->\n<title>China realiza confer\u00eancia central para trabalho rural - CRI e Diario de Pernambuco<\/title>\n<meta name=\"robots\" content=\"index, follow, max-snippet:-1, max-image-preview:large, max-video-preview:-1\" \/>\n<link rel=\"canonical\" href=\"https:\/\/diariodepe.com.br\/cri\/2023\/12\/20\/china-realiza-conferencia-central-para-trabalho-rural\/\" \/>\n<meta property=\"og:locale\" content=\"pt_BR\" \/>\n<meta property=\"og:type\" content=\"article\" \/>\n<meta property=\"og:title\" content=\"China realiza confer\u00eancia central para trabalho rural - CRI e Diario de Pernambuco\" \/>\n<meta property=\"og:description\" content=\"A\u00a0Confer\u00eancia\u00a0sobre\u00a0o\u00a0Trabalho da\u00a0Agricultura,\u00a0Zonas Rurais e\u00a0Agricultores\u00a0foi realizada entre os dias 19 e 20 em Beijing. O evento\u00a0analisou a\u00a0atual\u00a0situa\u00e7\u00e3o\u00a0no setor\u00a0e\u00a0seus\u00a0desafios,\u00a0e\u00a0prop\u00f4s\u00a0o planejamento do trabalho\u00a0rural para\u00a02024. O l\u00edder chin\u00eas, Xi Jinping,\u00a0deu\u00a0importantes\u00a0instru\u00e7\u00f5es\u00a0sobre o trabalho\u00a0no campo. Ele\u00a0destacou que,\u00a0\u00a0em 2023,\u00a0houve a supera\u00e7\u00e3o\u00a0dos\u00a0impactos\u00a0gerados por exemplo por\u00a0desastres naturais relativamente graves,\u00a0al\u00e9m...\" \/>\n<meta property=\"og:url\" content=\"https:\/\/diariodepe.com.br\/cri\/2023\/12\/20\/china-realiza-conferencia-central-para-trabalho-rural\/\" \/>\n<meta property=\"og:site_name\" content=\"CRI e Diario de Pernambuco\" \/>\n<meta property=\"article:published_time\" content=\"2023-12-21T01:50:49+00:00\" \/>\n<meta name=\"author\" content=\"Ismael Lucas S. Pereira\" \/>\n<meta name=\"twitter:card\" content=\"summary_large_image\" \/>\n<meta name=\"twitter:label1\" content=\"Escrito por\" \/>\n\t<meta name=\"twitter:data1\" content=\"Ismael Lucas S. Pereira\" \/>\n\t<meta name=\"twitter:label2\" content=\"Est. tempo de leitura\" \/>\n\t<meta name=\"twitter:data2\" content=\"1 minuto\" \/>\n<script type=\"application\/ld+json\" class=\"yoast-schema-graph\">{\"@context\":\"https:\\\/\\\/schema.org\",\"@graph\":[{\"@type\":\"Article\",\"@id\":\"https:\\\/\\\/diariodepe.com.br\\\/cri\\\/2023\\\/12\\\/20\\\/china-realiza-conferencia-central-para-trabalho-rural\\\/#article\",\"isPartOf\":{\"@id\":\"https:\\\/\\\/diariodepe.com.br\\\/cri\\\/2023\\\/12\\\/20\\\/china-realiza-conferencia-central-para-trabalho-rural\\\/\"},\"author\":{\"name\":\"Ismael Lucas S. Pereira\",\"@id\":\"https:\\\/\\\/diariodepe.com.br\\\/cri\\\/#\\\/schema\\\/person\\\/121bb28d84f1a5b1205ef4ce9c2e0c6b\"},\"headline\":\"China realiza confer\u00eancia central para trabalho rural\",\"datePublished\":\"2023-12-21T01:50:49+00:00\",\"mainEntityOfPage\":{\"@id\":\"https:\\\/\\\/diariodepe.com.br\\\/cri\\\/2023\\\/12\\\/20\\\/china-realiza-conferencia-central-para-trabalho-rural\\\/\"},\"wordCount\":181,\"commentCount\":0,\"publisher\":{\"@id\":\"https:\\\/\\\/diariodepe.com.br\\\/cri\\\/#organization\"},\"articleSection\":[\"China\"],\"inLanguage\":\"pt-BR\",\"potentialAction\":[{\"@type\":\"CommentAction\",\"name\":\"Comment\",\"target\":[\"https:\\\/\\\/diariodepe.com.br\\\/cri\\\/2023\\\/12\\\/20\\\/china-realiza-conferencia-central-para-trabalho-rural\\\/#respond\"]}]},{\"@type\":\"WebPage\",\"@id\":\"https:\\\/\\\/diariodepe.com.br\\\/cri\\\/2023\\\/12\\\/20\\\/china-realiza-conferencia-central-para-trabalho-rural\\\/\",\"url\":\"https:\\\/\\\/diariodepe.com.br\\\/cri\\\/2023\\\/12\\\/20\\\/china-realiza-conferencia-central-para-trabalho-rural\\\/\",\"name\":\"China realiza confer\u00eancia central para trabalho rural - CRI e Diario de Pernambuco\",\"isPartOf\":{\"@id\":\"https:\\\/\\\/diariodepe.com.br\\\/cri\\\/#website\"},\"datePublished\":\"2023-12-21T01:50:49+00:00\",\"breadcrumb\":{\"@id\":\"https:\\\/\\\/diariodepe.com.br\\\/cri\\\/2023\\\/12\\\/20\\\/china-realiza-conferencia-central-para-trabalho-rural\\\/#breadcrumb\"},\"inLanguage\":\"pt-BR\",\"potentialAction\":[{\"@type\":\"ReadAction\",\"target\":[\"https:\\\/\\\/diariodepe.com.br\\\/cri\\\/2023\\\/12\\\/20\\\/china-realiza-conferencia-central-para-trabalho-rural\\\/\"]}]},{\"@type\":\"BreadcrumbList\",\"@id\":\"https:\\\/\\\/diariodepe.com.br\\\/cri\\\/2023\\\/12\\\/20\\\/china-realiza-conferencia-central-para-trabalho-rural\\\/#breadcrumb\",\"itemListElement\":[{\"@type\":\"ListItem\",\"position\":1,\"name\":\"In\u00edcio\",\"item\":\"https:\\\/\\\/diariodepe.com.br\\\/cri\\\/\"},{\"@type\":\"ListItem\",\"position\":2,\"name\":\"China realiza confer\u00eancia central para trabalho rural\"}]},{\"@type\":\"WebSite\",\"@id\":\"https:\\\/\\\/diariodepe.com.br\\\/cri\\\/#website\",\"url\":\"https:\\\/\\\/diariodepe.com.br\\\/cri\\\/\",\"name\":\"CRI e Diario de Pernambuco\",\"description\":\"R\u00e1dio Internacional da China\",\"publisher\":{\"@id\":\"https:\\\/\\\/diariodepe.com.br\\\/cri\\\/#organization\"},\"potentialAction\":[{\"@type\":\"SearchAction\",\"target\":{\"@type\":\"EntryPoint\",\"urlTemplate\":\"https:\\\/\\\/diariodepe.com.br\\\/cri\\\/?s={search_term_string}\"},\"query-input\":{\"@type\":\"PropertyValueSpecification\",\"valueRequired\":true,\"valueName\":\"search_term_string\"}}],\"inLanguage\":\"pt-BR\"},{\"@type\":\"Organization\",\"@id\":\"https:\\\/\\\/diariodepe.com.br\\\/cri\\\/#organization\",\"name\":\"CRI e Diario de Pernambuco\",\"url\":\"https:\\\/\\\/diariodepe.com.br\\\/cri\\\/\",\"logo\":{\"@type\":\"ImageObject\",\"inLanguage\":\"pt-BR\",\"@id\":\"https:\\\/\\\/diariodepe.com.br\\\/cri\\\/#\\\/schema\\\/logo\\\/image\\\/\",\"url\":\"https:\\\/\\\/diariodepe.com.br\\\/cri\\\/wp-content\\\/uploads\\\/sites\\\/2\\\/2022\\\/12\\\/cropped-Logo.jpg\",\"contentUrl\":\"https:\\\/\\\/diariodepe.com.br\\\/cri\\\/wp-content\\\/uploads\\\/sites\\\/2\\\/2022\\\/12\\\/cropped-Logo.jpg\",\"width\":700,\"height\":59,\"caption\":\"CRI e Diario de Pernambuco\"},\"image\":{\"@id\":\"https:\\\/\\\/diariodepe.com.br\\\/cri\\\/#\\\/schema\\\/logo\\\/image\\\/\"}},{\"@type\":\"Person\",\"@id\":\"https:\\\/\\\/diariodepe.com.br\\\/cri\\\/#\\\/schema\\\/person\\\/121bb28d84f1a5b1205ef4ce9c2e0c6b\",\"name\":\"Ismael Lucas S. Pereira\",\"image\":{\"@type\":\"ImageObject\",\"inLanguage\":\"pt-BR\",\"@id\":\"https:\\\/\\\/secure.gravatar.com\\\/avatar\\\/887a0f3b5a7ceea963a48499fb883ffce6b5037362def025c52c2505b15d63e4?s=96&d=mm&r=g\",\"url\":\"https:\\\/\\\/secure.gravatar.com\\\/avatar\\\/887a0f3b5a7ceea963a48499fb883ffce6b5037362def025c52c2505b15d63e4?s=96&d=mm&r=g\",\"contentUrl\":\"https:\\\/\\\/secure.gravatar.com\\\/avatar\\\/887a0f3b5a7ceea963a48499fb883ffce6b5037362def025c52c2505b15d63e4?s=96&d=mm&r=g\",\"caption\":\"Ismael Lucas S. Pereira\"},\"url\":\"https:\\\/\\\/diariodepe.com.br\\\/cri\\\/author\\\/ismael-lucas\\\/\"}]}<\/script>\n<!-- \/ Yoast SEO plugin. -->","yoast_head_json":{"title":"China realiza confer\u00eancia central para trabalho rural - CRI e Diario de Pernambuco","robots":{"index":"index","follow":"follow","max-snippet":"max-snippet:-1","max-image-preview":"max-image-preview:large","max-video-preview":"max-video-preview:-1"},"canonical":"https:\/\/diariodepe.com.br\/cri\/2023\/12\/20\/china-realiza-conferencia-central-para-trabalho-rural\/","og_locale":"pt_BR","og_type":"article","og_title":"China realiza confer\u00eancia central para trabalho rural - CRI e Diario de Pernambuco","og_description":"A\u00a0Confer\u00eancia\u00a0sobre\u00a0o\u00a0Trabalho da\u00a0Agricultura,\u00a0Zonas Rurais e\u00a0Agricultores\u00a0foi realizada entre os dias 19 e 20 em Beijing. O evento\u00a0analisou a\u00a0atual\u00a0situa\u00e7\u00e3o\u00a0no setor\u00a0e\u00a0seus\u00a0desafios,\u00a0e\u00a0prop\u00f4s\u00a0o planejamento do trabalho\u00a0rural para\u00a02024. O l\u00edder chin\u00eas, Xi Jinping,\u00a0deu\u00a0importantes\u00a0instru\u00e7\u00f5es\u00a0sobre o trabalho\u00a0no campo. Ele\u00a0destacou que,\u00a0\u00a0em 2023,\u00a0houve a supera\u00e7\u00e3o\u00a0dos\u00a0impactos\u00a0gerados por exemplo por\u00a0desastres naturais relativamente graves,\u00a0al\u00e9m...","og_url":"https:\/\/diariodepe.com.br\/cri\/2023\/12\/20\/china-realiza-conferencia-central-para-trabalho-rural\/","og_site_name":"CRI e Diario de Pernambuco","article_published_time":"2023-12-21T01:50:49+00:00","author":"Ismael Lucas S. Pereira","twitter_card":"summary_large_image","twitter_misc":{"Escrito por":"Ismael Lucas S. Pereira","Est. tempo de leitura":"1 minuto"},"schema":{"@context":"https:\/\/schema.org","@graph":[{"@type":"Article","@id":"https:\/\/diariodepe.com.br\/cri\/2023\/12\/20\/china-realiza-conferencia-central-para-trabalho-rural\/#article","isPartOf":{"@id":"https:\/\/diariodepe.com.br\/cri\/2023\/12\/20\/china-realiza-conferencia-central-para-trabalho-rural\/"},"author":{"name":"Ismael Lucas S. Pereira","@id":"https:\/\/diariodepe.com.br\/cri\/#\/schema\/person\/121bb28d84f1a5b1205ef4ce9c2e0c6b"},"headline":"China realiza confer\u00eancia central para trabalho rural","datePublished":"2023-12-21T01:50:49+00:00","mainEntityOfPage":{"@id":"https:\/\/diariodepe.com.br\/cri\/2023\/12\/20\/china-realiza-conferencia-central-para-trabalho-rural\/"},"wordCount":181,"commentCount":0,"publisher":{"@id":"https:\/\/diariodepe.com.br\/cri\/#organization"},"articleSection":["China"],"inLanguage":"pt-BR","potentialAction":[{"@type":"CommentAction","name":"Comment","target":["https:\/\/diariodepe.com.br\/cri\/2023\/12\/20\/china-realiza-conferencia-central-para-trabalho-rural\/#respond"]}]},{"@type":"WebPage","@id":"https:\/\/diariodepe.com.br\/cri\/2023\/12\/20\/china-realiza-conferencia-central-para-trabalho-rural\/","url":"https:\/\/diariodepe.com.br\/cri\/2023\/12\/20\/china-realiza-conferencia-central-para-trabalho-rural\/","name":"China realiza confer\u00eancia central para trabalho rural - CRI e Diario de Pernambuco","isPartOf":{"@id":"https:\/\/diariodepe.com.br\/cri\/#website"},"datePublished":"2023-12-21T01:50:49+00:00","breadcrumb":{"@id":"https:\/\/diariodepe.com.br\/cri\/2023\/12\/20\/china-realiza-conferencia-central-para-trabalho-rural\/#breadcrumb"},"inLanguage":"pt-BR","potentialAction":[{"@type":"ReadAction","target":["https:\/\/diariodepe.com.br\/cri\/2023\/12\/20\/china-realiza-conferencia-central-para-trabalho-rural\/"]}]},{"@type":"BreadcrumbList","@id":"https:\/\/diariodepe.com.br\/cri\/2023\/12\/20\/china-realiza-conferencia-central-para-trabalho-rural\/#breadcrumb","itemListElement":[{"@type":"ListItem","position":1,"name":"In\u00edcio","item":"https:\/\/diariodepe.com.br\/cri\/"},{"@type":"ListItem","position":2,"name":"China realiza confer\u00eancia central para trabalho rural"}]},{"@type":"WebSite","@id":"https:\/\/diariodepe.com.br\/cri\/#website","url":"https:\/\/diariodepe.com.br\/cri\/","name":"CRI e Diario de Pernambuco","description":"R\u00e1dio Internacional da China","publisher":{"@id":"https:\/\/diariodepe.com.br\/cri\/#organization"},"potentialAction":[{"@type":"SearchAction","target":{"@type":"EntryPoint","urlTemplate":"https:\/\/diariodepe.com.br\/cri\/?s={search_term_string}"},"query-input":{"@type":"PropertyValueSpecification","valueRequired":true,"valueName":"search_term_string"}}],"inLanguage":"pt-BR"},{"@type":"Organization","@id":"https:\/\/diariodepe.com.br\/cri\/#organization","name":"CRI e Diario de Pernambuco","url":"https:\/\/diariodepe.com.br\/cri\/","logo":{"@type":"ImageObject","inLanguage":"pt-BR","@id":"https:\/\/diariodepe.com.br\/cri\/#\/schema\/logo\/image\/","url":"https:\/\/diariodepe.com.br\/cri\/wp-content\/uploads\/sites\/2\/2022\/12\/cropped-Logo.jpg","contentUrl":"https:\/\/diariodepe.com.br\/cri\/wp-content\/uploads\/sites\/2\/2022\/12\/cropped-Logo.jpg","width":700,"height":59,"caption":"CRI e Diario de Pernambuco"},"image":{"@id":"https:\/\/diariodepe.com.br\/cri\/#\/schema\/logo\/image\/"}},{"@type":"Person","@id":"https:\/\/diariodepe.com.br\/cri\/#\/schema\/person\/121bb28d84f1a5b1205ef4ce9c2e0c6b","name":"Ismael Lucas S. Pereira","image":{"@type":"ImageObject","inLanguage":"pt-BR","@id":"https:\/\/secure.gravatar.com\/avatar\/887a0f3b5a7ceea963a48499fb883ffce6b5037362def025c52c2505b15d63e4?s=96&d=mm&r=g","url":"https:\/\/secure.gravatar.com\/avatar\/887a0f3b5a7ceea963a48499fb883ffce6b5037362def025c52c2505b15d63e4?s=96&d=mm&r=g","contentUrl":"https:\/\/secure.gravatar.com\/avatar\/887a0f3b5a7ceea963a48499fb883ffce6b5037362def025c52c2505b15d63e4?s=96&d=mm&r=g","caption":"Ismael Lucas S. Pereira"},"url":"https:\/\/diariodepe.com.br\/cri\/author\/ismael-lucas\/"}]}},"cc_featured_image_caption":{"caption_text":false,"source_text":false,"source_url":false},"amp_enabled":true,"_links":{"self":[{"href":"https:\/\/diariodepe.com.br\/cri\/wp-json\/wp\/v2\/posts\/3913","targetHints":{"allow":["GET"]}}],"collection":[{"href":"https:\/\/diariodepe.com.br\/cri\/wp-json\/wp\/v2\/posts"}],"about":[{"href":"https:\/\/diariodepe.com.br\/cri\/wp-json\/wp\/v2\/types\/post"}],"author":[{"embeddable":true,"href":"https:\/\/diariodepe.com.br\/cri\/wp-json\/wp\/v2\/users\/2"}],"replies":[{"embeddable":true,"href":"https:\/\/diariodepe.com.br\/cri\/wp-json\/wp\/v2\/comments?post=3913"}],"version-history":[{"count":1,"href":"https:\/\/diariodepe.com.br\/cri\/wp-json\/wp\/v2\/posts\/3913\/revisions"}],"predecessor-version":[{"id":3914,"href":"https:\/\/diariodepe.com.br\/cri\/wp-json\/wp\/v2\/posts\/3913\/revisions\/3914"}],"wp:attachment":[{"href":"https:\/\/diariodepe.com.br\/cri\/wp-json\/wp\/v2\/media?parent=3913"}],"wp:term":[{"taxonomy":"category","embeddable":true,"href":"https:\/\/diariodepe.com.br\/cri\/wp-json\/wp\/v2\/categories?post=3913"},{"taxonomy":"post_tag","embeddable":true,"href":"https:\/\/diariodepe.com.br\/cri\/wp-json\/wp\/v2\/tags?post=3913"}],"curies":[{"name":"wp","href":"https:\/\/api.w.org\/{rel}","templated":true}]}}