{"id":389,"date":"2023-01-18T22:01:32","date_gmt":"2023-01-19T01:01:32","guid":{"rendered":"https:\/\/diariodepe.com.br\/cri\/?p=389"},"modified":"2023-01-18T22:01:33","modified_gmt":"2023-01-19T01:01:33","slug":"xi-jinping-da-cumprimento-de-festival-da-primavera-para-todos-os-chineses","status":"publish","type":"post","link":"https:\/\/diariodepe.com.br\/cri\/2023\/01\/18\/xi-jinping-da-cumprimento-de-festival-da-primavera-para-todos-os-chineses\/","title":{"rendered":"<strong>Xi Jinping d\u00e1 cumprimento de Festival da Primavera para todos os chineses<\/strong>"},"content":{"rendered":"\n<p>O Ano Novo Chin\u00eas, conhecido tamb\u00e9m como Festival da Primavera, est\u00e1 chegando. O presidente chin\u00eas, Xi Jinping, conversou hoje (18) por v\u00eddeo com pessoas de diversos lugares do pa\u00eds para dar felicita\u00e7\u00f5es a todos os chineses.<\/p>\n\n\n\n<p>Profissionais da sa\u00fade da prov\u00edncia de Heilongjiang, idosos da prov\u00edncia de Fujian, trabalhadores do campo de petr\u00f3leo de Xinjiang, passageiros da Esta\u00e7\u00e3o Ferrovi\u00e1ria de Zhengzhou na prov\u00edncia de Henan e quadros de n\u00edvel b\u00e1sico em zonas rurais da prov\u00edncia de Sichuan, todos respectivamente conversaram online com o l\u00edder chin\u00eas.<\/p>\n\n\n\n<p>Xi Jinping enviou os melhores votos para todos e desejou mais prosperidade e estabilidade para a na\u00e7\u00e3o chinesa.<\/p>\n","protected":false},"excerpt":{"rendered":"<p>O Ano Novo Chin\u00eas, conhecido tamb\u00e9m como Festival da Primavera, est\u00e1 chegando. O presidente chin\u00eas, Xi Jinping, conversou hoje (18) por v\u00eddeo com pessoas de diversos lugares do pa\u00eds para dar felicita\u00e7\u00f5es a todos os chineses. Profissionais da sa\u00fade da&#8230;<\/p>\n","protected":false},"author":2,"featured_media":390,"comment_status":"open","ping_status":"open","sticky":false,"template":"","format":"standard","meta":{"footnotes":""},"categories":[3,5],"tags":[],"class_list":["post-389","post","type-post","status-publish","format-standard","has-post-thumbnail","hentry","category-china","category-destaques-capa"],"yoast_head":"<!-- This site is optimized with the Yoast SEO plugin v27.4 - https:\/\/yoast.com\/product\/yoast-seo-wordpress\/ -->\n<title>Xi Jinping d\u00e1 cumprimento de Festival da Primavera para todos os chineses - CRI e Diario de Pernambuco<\/title>\n<meta name=\"robots\" content=\"index, follow, max-snippet:-1, max-image-preview:large, max-video-preview:-1\" \/>\n<link rel=\"canonical\" href=\"https:\/\/diariodepe.com.br\/cri\/2023\/01\/18\/xi-jinping-da-cumprimento-de-festival-da-primavera-para-todos-os-chineses\/\" \/>\n<meta property=\"og:locale\" content=\"pt_BR\" \/>\n<meta property=\"og:type\" content=\"article\" \/>\n<meta property=\"og:title\" content=\"Xi Jinping d\u00e1 cumprimento de Festival da Primavera para todos os chineses - CRI e Diario de Pernambuco\" \/>\n<meta property=\"og:description\" content=\"O Ano Novo Chin\u00eas, conhecido tamb\u00e9m como Festival da Primavera, est\u00e1 chegando. O presidente chin\u00eas, Xi Jinping, conversou hoje (18) por v\u00eddeo com pessoas de diversos lugares do pa\u00eds para dar felicita\u00e7\u00f5es a todos os chineses. Profissionais da sa\u00fade da...\" \/>\n<meta property=\"og:url\" content=\"https:\/\/diariodepe.com.br\/cri\/2023\/01\/18\/xi-jinping-da-cumprimento-de-festival-da-primavera-para-todos-os-chineses\/\" \/>\n<meta property=\"og:site_name\" content=\"CRI e Diario de Pernambuco\" \/>\n<meta property=\"article:published_time\" content=\"2023-01-19T01:01:32+00:00\" \/>\n<meta property=\"article:modified_time\" content=\"2023-01-19T01:01:33+00:00\" \/>\n<meta property=\"og:image\" content=\"https:\/\/diariodepe.com.br\/cri\/wp-content\/uploads\/sites\/2\/2023\/01\/1129298782_1674088835393_title0h.jpg\" \/>\n\t<meta property=\"og:image:width\" content=\"875\" \/>\n\t<meta property=\"og:image:height\" content=\"493\" \/>\n\t<meta property=\"og:image:type\" content=\"image\/jpeg\" \/>\n<meta name=\"author\" content=\"Ismael Lucas S. Pereira\" \/>\n<meta name=\"twitter:card\" content=\"summary_large_image\" \/>\n<meta name=\"twitter:label1\" content=\"Escrito por\" \/>\n\t<meta name=\"twitter:data1\" content=\"Ismael Lucas S. Pereira\" \/>\n\t<meta name=\"twitter:label2\" content=\"Est. tempo de leitura\" \/>\n\t<meta name=\"twitter:data2\" content=\"1 minuto\" \/>\n<script type=\"application\/ld+json\" class=\"yoast-schema-graph\">{\"@context\":\"https:\\\/\\\/schema.org\",\"@graph\":[{\"@type\":\"Article\",\"@id\":\"https:\\\/\\\/diariodepe.com.br\\\/cri\\\/2023\\\/01\\\/18\\\/xi-jinping-da-cumprimento-de-festival-da-primavera-para-todos-os-chineses\\\/#article\",\"isPartOf\":{\"@id\":\"https:\\\/\\\/diariodepe.com.br\\\/cri\\\/2023\\\/01\\\/18\\\/xi-jinping-da-cumprimento-de-festival-da-primavera-para-todos-os-chineses\\\/\"},\"author\":{\"name\":\"Ismael Lucas S. Pereira\",\"@id\":\"https:\\\/\\\/diariodepe.com.br\\\/cri\\\/#\\\/schema\\\/person\\\/121bb28d84f1a5b1205ef4ce9c2e0c6b\"},\"headline\":\"Xi Jinping d\u00e1 cumprimento de Festival da Primavera para todos os chineses\",\"datePublished\":\"2023-01-19T01:01:32+00:00\",\"dateModified\":\"2023-01-19T01:01:33+00:00\",\"mainEntityOfPage\":{\"@id\":\"https:\\\/\\\/diariodepe.com.br\\\/cri\\\/2023\\\/01\\\/18\\\/xi-jinping-da-cumprimento-de-festival-da-primavera-para-todos-os-chineses\\\/\"},\"wordCount\":133,\"commentCount\":0,\"publisher\":{\"@id\":\"https:\\\/\\\/diariodepe.com.br\\\/cri\\\/#organization\"},\"image\":{\"@id\":\"https:\\\/\\\/diariodepe.com.br\\\/cri\\\/2023\\\/01\\\/18\\\/xi-jinping-da-cumprimento-de-festival-da-primavera-para-todos-os-chineses\\\/#primaryimage\"},\"thumbnailUrl\":\"https:\\\/\\\/diariodepe.com.br\\\/cri\\\/wp-content\\\/uploads\\\/sites\\\/2\\\/2023\\\/01\\\/1129298782_1674088835393_title0h.jpg\",\"articleSection\":[\"China\",\"Destaques Capa\"],\"inLanguage\":\"pt-BR\",\"potentialAction\":[{\"@type\":\"CommentAction\",\"name\":\"Comment\",\"target\":[\"https:\\\/\\\/diariodepe.com.br\\\/cri\\\/2023\\\/01\\\/18\\\/xi-jinping-da-cumprimento-de-festival-da-primavera-para-todos-os-chineses\\\/#respond\"]}]},{\"@type\":\"WebPage\",\"@id\":\"https:\\\/\\\/diariodepe.com.br\\\/cri\\\/2023\\\/01\\\/18\\\/xi-jinping-da-cumprimento-de-festival-da-primavera-para-todos-os-chineses\\\/\",\"url\":\"https:\\\/\\\/diariodepe.com.br\\\/cri\\\/2023\\\/01\\\/18\\\/xi-jinping-da-cumprimento-de-festival-da-primavera-para-todos-os-chineses\\\/\",\"name\":\"Xi Jinping d\u00e1 cumprimento de Festival da Primavera para todos os chineses - CRI e Diario de Pernambuco\",\"isPartOf\":{\"@id\":\"https:\\\/\\\/diariodepe.com.br\\\/cri\\\/#website\"},\"primaryImageOfPage\":{\"@id\":\"https:\\\/\\\/diariodepe.com.br\\\/cri\\\/2023\\\/01\\\/18\\\/xi-jinping-da-cumprimento-de-festival-da-primavera-para-todos-os-chineses\\\/#primaryimage\"},\"image\":{\"@id\":\"https:\\\/\\\/diariodepe.com.br\\\/cri\\\/2023\\\/01\\\/18\\\/xi-jinping-da-cumprimento-de-festival-da-primavera-para-todos-os-chineses\\\/#primaryimage\"},\"thumbnailUrl\":\"https:\\\/\\\/diariodepe.com.br\\\/cri\\\/wp-content\\\/uploads\\\/sites\\\/2\\\/2023\\\/01\\\/1129298782_1674088835393_title0h.jpg\",\"datePublished\":\"2023-01-19T01:01:32+00:00\",\"dateModified\":\"2023-01-19T01:01:33+00:00\",\"breadcrumb\":{\"@id\":\"https:\\\/\\\/diariodepe.com.br\\\/cri\\\/2023\\\/01\\\/18\\\/xi-jinping-da-cumprimento-de-festival-da-primavera-para-todos-os-chineses\\\/#breadcrumb\"},\"inLanguage\":\"pt-BR\",\"potentialAction\":[{\"@type\":\"ReadAction\",\"target\":[\"https:\\\/\\\/diariodepe.com.br\\\/cri\\\/2023\\\/01\\\/18\\\/xi-jinping-da-cumprimento-de-festival-da-primavera-para-todos-os-chineses\\\/\"]}]},{\"@type\":\"ImageObject\",\"inLanguage\":\"pt-BR\",\"@id\":\"https:\\\/\\\/diariodepe.com.br\\\/cri\\\/2023\\\/01\\\/18\\\/xi-jinping-da-cumprimento-de-festival-da-primavera-para-todos-os-chineses\\\/#primaryimage\",\"url\":\"https:\\\/\\\/diariodepe.com.br\\\/cri\\\/wp-content\\\/uploads\\\/sites\\\/2\\\/2023\\\/01\\\/1129298782_1674088835393_title0h.jpg\",\"contentUrl\":\"https:\\\/\\\/diariodepe.com.br\\\/cri\\\/wp-content\\\/uploads\\\/sites\\\/2\\\/2023\\\/01\\\/1129298782_1674088835393_title0h.jpg\",\"width\":875,\"height\":493,\"caption\":\"\u00d0\u00c2\u00bb\u00aa\u00c9\u00e7\u00d5\u00d5\u00c6\u00ac\u00a3\u00ac\u00b1\u00b1\u00be\u00a9\u00a3\u00ac2023\u00c4\u00ea1\u00d4\u00c218\u00c8\u00d5 \u00cf\u00b0\u00bd\u00fc\u00c6\u00bd\u00b4\u00ba\u00bd\u00da\u00c7\u00b0\u00cf\u00a6\u00ca\u00d3\u00c6\u00b5\u00c1\u00ac\u00cf\u00df\u00bf\u00b4\u00cd\u00fb\u00ce\u00bf\u00ce\u00ca\u00bb\u00f9\u00b2\u00e3\u00b8\u00c9\u00b2\u00bf\u00c8\u00ba\u00d6\u00da 1\u00d4\u00c218\u00c8\u00d5\u00a3\u00ac\u00d6\u00d0\u00b9\u00b2\u00d6\u00d0\u00d1\u00eb\u00d7\u00dc\u00ca\u00e9\u00bc\u00c7\u00a1\u00a2\u00b9\u00fa\u00bc\u00d2\u00d6\u00f7\u00cf\u00af\u00a1\u00a2\u00d6\u00d0\u00d1\u00eb\u00be\u00fc\u00ce\u00af\u00d6\u00f7\u00cf\u00af\u00cf\u00b0\u00bd\u00fc\u00c6\u00bd\u00d4\u00da\u00b1\u00b1\u00be\u00a9\u00cd\u00a8\u00b9\u00fd\u00ca\u00d3\u00c6\u00b5\u00c1\u00ac\u00cf\u00df\u00bf\u00b4\u00cd\u00fb\u00ce\u00bf\u00ce\u00ca\u00bb\u00f9\u00b2\u00e3\u00b8\u00c9\u00b2\u00bf\u00c8\u00ba\u00d6\u00da\u00a3\u00ac\u00cf\u00f2\u00c8\u00ab\u00b9\u00fa\u00b8\u00f7\u00d7\u00e5\u00c8\u00cb\u00c3\u00f1\u00d6\u00c2\u00d2\u00d4\u00d0\u00c2\u00b4\u00ba\u00b5\u00c4\u00c3\u00c0\u00ba\u00c3\u00d7\u00a3\u00b8\u00a3\u00a3\u00a8\u00c6\u00b4\u00b0\u00e6\u00d5\u00d5\u00c6\u00ac\u00a3\u00a9\u00a1\u00a3 \u00d0\u00c2\u00bb\u00aa\u00c9\u00e7\u00bc\u00c7\u00d5\u00df \u00d0\u00bb\u00bb\u00b7\u00b3\u00db \u00c0\u00ee\u00cc\u00ce \u00c9\u00e3\"},{\"@type\":\"BreadcrumbList\",\"@id\":\"https:\\\/\\\/diariodepe.com.br\\\/cri\\\/2023\\\/01\\\/18\\\/xi-jinping-da-cumprimento-de-festival-da-primavera-para-todos-os-chineses\\\/#breadcrumb\",\"itemListElement\":[{\"@type\":\"ListItem\",\"position\":1,\"name\":\"In\u00edcio\",\"item\":\"https:\\\/\\\/diariodepe.com.br\\\/cri\\\/\"},{\"@type\":\"ListItem\",\"position\":2,\"name\":\"Xi Jinping d\u00e1 cumprimento de Festival da Primavera para todos os chineses\"}]},{\"@type\":\"WebSite\",\"@id\":\"https:\\\/\\\/diariodepe.com.br\\\/cri\\\/#website\",\"url\":\"https:\\\/\\\/diariodepe.com.br\\\/cri\\\/\",\"name\":\"CRI e Diario de Pernambuco\",\"description\":\"R\u00e1dio Internacional da China\",\"publisher\":{\"@id\":\"https:\\\/\\\/diariodepe.com.br\\\/cri\\\/#organization\"},\"potentialAction\":[{\"@type\":\"SearchAction\",\"target\":{\"@type\":\"EntryPoint\",\"urlTemplate\":\"https:\\\/\\\/diariodepe.com.br\\\/cri\\\/?s={search_term_string}\"},\"query-input\":{\"@type\":\"PropertyValueSpecification\",\"valueRequired\":true,\"valueName\":\"search_term_string\"}}],\"inLanguage\":\"pt-BR\"},{\"@type\":\"Organization\",\"@id\":\"https:\\\/\\\/diariodepe.com.br\\\/cri\\\/#organization\",\"name\":\"CRI e Diario de Pernambuco\",\"url\":\"https:\\\/\\\/diariodepe.com.br\\\/cri\\\/\",\"logo\":{\"@type\":\"ImageObject\",\"inLanguage\":\"pt-BR\",\"@id\":\"https:\\\/\\\/diariodepe.com.br\\\/cri\\\/#\\\/schema\\\/logo\\\/image\\\/\",\"url\":\"https:\\\/\\\/diariodepe.com.br\\\/cri\\\/wp-content\\\/uploads\\\/sites\\\/2\\\/2022\\\/12\\\/cropped-Logo.jpg\",\"contentUrl\":\"https:\\\/\\\/diariodepe.com.br\\\/cri\\\/wp-content\\\/uploads\\\/sites\\\/2\\\/2022\\\/12\\\/cropped-Logo.jpg\",\"width\":700,\"height\":59,\"caption\":\"CRI e Diario de Pernambuco\"},\"image\":{\"@id\":\"https:\\\/\\\/diariodepe.com.br\\\/cri\\\/#\\\/schema\\\/logo\\\/image\\\/\"}},{\"@type\":\"Person\",\"@id\":\"https:\\\/\\\/diariodepe.com.br\\\/cri\\\/#\\\/schema\\\/person\\\/121bb28d84f1a5b1205ef4ce9c2e0c6b\",\"name\":\"Ismael Lucas S. Pereira\",\"image\":{\"@type\":\"ImageObject\",\"inLanguage\":\"pt-BR\",\"@id\":\"https:\\\/\\\/secure.gravatar.com\\\/avatar\\\/887a0f3b5a7ceea963a48499fb883ffce6b5037362def025c52c2505b15d63e4?s=96&d=mm&r=g\",\"url\":\"https:\\\/\\\/secure.gravatar.com\\\/avatar\\\/887a0f3b5a7ceea963a48499fb883ffce6b5037362def025c52c2505b15d63e4?s=96&d=mm&r=g\",\"contentUrl\":\"https:\\\/\\\/secure.gravatar.com\\\/avatar\\\/887a0f3b5a7ceea963a48499fb883ffce6b5037362def025c52c2505b15d63e4?s=96&d=mm&r=g\",\"caption\":\"Ismael Lucas S. Pereira\"},\"url\":\"https:\\\/\\\/diariodepe.com.br\\\/cri\\\/author\\\/ismael-lucas\\\/\"}]}<\/script>\n<!-- \/ Yoast SEO plugin. -->","yoast_head_json":{"title":"Xi Jinping d\u00e1 cumprimento de Festival da Primavera para todos os chineses - CRI e Diario de Pernambuco","robots":{"index":"index","follow":"follow","max-snippet":"max-snippet:-1","max-image-preview":"max-image-preview:large","max-video-preview":"max-video-preview:-1"},"canonical":"https:\/\/diariodepe.com.br\/cri\/2023\/01\/18\/xi-jinping-da-cumprimento-de-festival-da-primavera-para-todos-os-chineses\/","og_locale":"pt_BR","og_type":"article","og_title":"Xi Jinping d\u00e1 cumprimento de Festival da Primavera para todos os chineses - CRI e Diario de Pernambuco","og_description":"O Ano Novo Chin\u00eas, conhecido tamb\u00e9m como Festival da Primavera, est\u00e1 chegando. O presidente chin\u00eas, Xi Jinping, conversou hoje (18) por v\u00eddeo com pessoas de diversos lugares do pa\u00eds para dar felicita\u00e7\u00f5es a todos os chineses. Profissionais da sa\u00fade da...","og_url":"https:\/\/diariodepe.com.br\/cri\/2023\/01\/18\/xi-jinping-da-cumprimento-de-festival-da-primavera-para-todos-os-chineses\/","og_site_name":"CRI e Diario de Pernambuco","article_published_time":"2023-01-19T01:01:32+00:00","article_modified_time":"2023-01-19T01:01:33+00:00","og_image":[{"width":875,"height":493,"url":"https:\/\/diariodepe.com.br\/cri\/wp-content\/uploads\/sites\/2\/2023\/01\/1129298782_1674088835393_title0h.jpg","type":"image\/jpeg"}],"author":"Ismael Lucas S. Pereira","twitter_card":"summary_large_image","twitter_misc":{"Escrito por":"Ismael Lucas S. Pereira","Est. tempo de leitura":"1 minuto"},"schema":{"@context":"https:\/\/schema.org","@graph":[{"@type":"Article","@id":"https:\/\/diariodepe.com.br\/cri\/2023\/01\/18\/xi-jinping-da-cumprimento-de-festival-da-primavera-para-todos-os-chineses\/#article","isPartOf":{"@id":"https:\/\/diariodepe.com.br\/cri\/2023\/01\/18\/xi-jinping-da-cumprimento-de-festival-da-primavera-para-todos-os-chineses\/"},"author":{"name":"Ismael Lucas S. Pereira","@id":"https:\/\/diariodepe.com.br\/cri\/#\/schema\/person\/121bb28d84f1a5b1205ef4ce9c2e0c6b"},"headline":"Xi Jinping d\u00e1 cumprimento de Festival da Primavera para todos os chineses","datePublished":"2023-01-19T01:01:32+00:00","dateModified":"2023-01-19T01:01:33+00:00","mainEntityOfPage":{"@id":"https:\/\/diariodepe.com.br\/cri\/2023\/01\/18\/xi-jinping-da-cumprimento-de-festival-da-primavera-para-todos-os-chineses\/"},"wordCount":133,"commentCount":0,"publisher":{"@id":"https:\/\/diariodepe.com.br\/cri\/#organization"},"image":{"@id":"https:\/\/diariodepe.com.br\/cri\/2023\/01\/18\/xi-jinping-da-cumprimento-de-festival-da-primavera-para-todos-os-chineses\/#primaryimage"},"thumbnailUrl":"https:\/\/diariodepe.com.br\/cri\/wp-content\/uploads\/sites\/2\/2023\/01\/1129298782_1674088835393_title0h.jpg","articleSection":["China","Destaques Capa"],"inLanguage":"pt-BR","potentialAction":[{"@type":"CommentAction","name":"Comment","target":["https:\/\/diariodepe.com.br\/cri\/2023\/01\/18\/xi-jinping-da-cumprimento-de-festival-da-primavera-para-todos-os-chineses\/#respond"]}]},{"@type":"WebPage","@id":"https:\/\/diariodepe.com.br\/cri\/2023\/01\/18\/xi-jinping-da-cumprimento-de-festival-da-primavera-para-todos-os-chineses\/","url":"https:\/\/diariodepe.com.br\/cri\/2023\/01\/18\/xi-jinping-da-cumprimento-de-festival-da-primavera-para-todos-os-chineses\/","name":"Xi Jinping d\u00e1 cumprimento de Festival da Primavera para todos os chineses - CRI e Diario de Pernambuco","isPartOf":{"@id":"https:\/\/diariodepe.com.br\/cri\/#website"},"primaryImageOfPage":{"@id":"https:\/\/diariodepe.com.br\/cri\/2023\/01\/18\/xi-jinping-da-cumprimento-de-festival-da-primavera-para-todos-os-chineses\/#primaryimage"},"image":{"@id":"https:\/\/diariodepe.com.br\/cri\/2023\/01\/18\/xi-jinping-da-cumprimento-de-festival-da-primavera-para-todos-os-chineses\/#primaryimage"},"thumbnailUrl":"https:\/\/diariodepe.com.br\/cri\/wp-content\/uploads\/sites\/2\/2023\/01\/1129298782_1674088835393_title0h.jpg","datePublished":"2023-01-19T01:01:32+00:00","dateModified":"2023-01-19T01:01:33+00:00","breadcrumb":{"@id":"https:\/\/diariodepe.com.br\/cri\/2023\/01\/18\/xi-jinping-da-cumprimento-de-festival-da-primavera-para-todos-os-chineses\/#breadcrumb"},"inLanguage":"pt-BR","potentialAction":[{"@type":"ReadAction","target":["https:\/\/diariodepe.com.br\/cri\/2023\/01\/18\/xi-jinping-da-cumprimento-de-festival-da-primavera-para-todos-os-chineses\/"]}]},{"@type":"ImageObject","inLanguage":"pt-BR","@id":"https:\/\/diariodepe.com.br\/cri\/2023\/01\/18\/xi-jinping-da-cumprimento-de-festival-da-primavera-para-todos-os-chineses\/#primaryimage","url":"https:\/\/diariodepe.com.br\/cri\/wp-content\/uploads\/sites\/2\/2023\/01\/1129298782_1674088835393_title0h.jpg","contentUrl":"https:\/\/diariodepe.com.br\/cri\/wp-content\/uploads\/sites\/2\/2023\/01\/1129298782_1674088835393_title0h.jpg","width":875,"height":493,"caption":"\u00d0\u00c2\u00bb\u00aa\u00c9\u00e7\u00d5\u00d5\u00c6\u00ac\u00a3\u00ac\u00b1\u00b1\u00be\u00a9\u00a3\u00ac2023\u00c4\u00ea1\u00d4\u00c218\u00c8\u00d5 \u00cf\u00b0\u00bd\u00fc\u00c6\u00bd\u00b4\u00ba\u00bd\u00da\u00c7\u00b0\u00cf\u00a6\u00ca\u00d3\u00c6\u00b5\u00c1\u00ac\u00cf\u00df\u00bf\u00b4\u00cd\u00fb\u00ce\u00bf\u00ce\u00ca\u00bb\u00f9\u00b2\u00e3\u00b8\u00c9\u00b2\u00bf\u00c8\u00ba\u00d6\u00da 1\u00d4\u00c218\u00c8\u00d5\u00a3\u00ac\u00d6\u00d0\u00b9\u00b2\u00d6\u00d0\u00d1\u00eb\u00d7\u00dc\u00ca\u00e9\u00bc\u00c7\u00a1\u00a2\u00b9\u00fa\u00bc\u00d2\u00d6\u00f7\u00cf\u00af\u00a1\u00a2\u00d6\u00d0\u00d1\u00eb\u00be\u00fc\u00ce\u00af\u00d6\u00f7\u00cf\u00af\u00cf\u00b0\u00bd\u00fc\u00c6\u00bd\u00d4\u00da\u00b1\u00b1\u00be\u00a9\u00cd\u00a8\u00b9\u00fd\u00ca\u00d3\u00c6\u00b5\u00c1\u00ac\u00cf\u00df\u00bf\u00b4\u00cd\u00fb\u00ce\u00bf\u00ce\u00ca\u00bb\u00f9\u00b2\u00e3\u00b8\u00c9\u00b2\u00bf\u00c8\u00ba\u00d6\u00da\u00a3\u00ac\u00cf\u00f2\u00c8\u00ab\u00b9\u00fa\u00b8\u00f7\u00d7\u00e5\u00c8\u00cb\u00c3\u00f1\u00d6\u00c2\u00d2\u00d4\u00d0\u00c2\u00b4\u00ba\u00b5\u00c4\u00c3\u00c0\u00ba\u00c3\u00d7\u00a3\u00b8\u00a3\u00a3\u00a8\u00c6\u00b4\u00b0\u00e6\u00d5\u00d5\u00c6\u00ac\u00a3\u00a9\u00a1\u00a3 \u00d0\u00c2\u00bb\u00aa\u00c9\u00e7\u00bc\u00c7\u00d5\u00df \u00d0\u00bb\u00bb\u00b7\u00b3\u00db \u00c0\u00ee\u00cc\u00ce \u00c9\u00e3"},{"@type":"BreadcrumbList","@id":"https:\/\/diariodepe.com.br\/cri\/2023\/01\/18\/xi-jinping-da-cumprimento-de-festival-da-primavera-para-todos-os-chineses\/#breadcrumb","itemListElement":[{"@type":"ListItem","position":1,"name":"In\u00edcio","item":"https:\/\/diariodepe.com.br\/cri\/"},{"@type":"ListItem","position":2,"name":"Xi Jinping d\u00e1 cumprimento de Festival da Primavera para todos os chineses"}]},{"@type":"WebSite","@id":"https:\/\/diariodepe.com.br\/cri\/#website","url":"https:\/\/diariodepe.com.br\/cri\/","name":"CRI e Diario de Pernambuco","description":"R\u00e1dio Internacional da China","publisher":{"@id":"https:\/\/diariodepe.com.br\/cri\/#organization"},"potentialAction":[{"@type":"SearchAction","target":{"@type":"EntryPoint","urlTemplate":"https:\/\/diariodepe.com.br\/cri\/?s={search_term_string}"},"query-input":{"@type":"PropertyValueSpecification","valueRequired":true,"valueName":"search_term_string"}}],"inLanguage":"pt-BR"},{"@type":"Organization","@id":"https:\/\/diariodepe.com.br\/cri\/#organization","name":"CRI e Diario de Pernambuco","url":"https:\/\/diariodepe.com.br\/cri\/","logo":{"@type":"ImageObject","inLanguage":"pt-BR","@id":"https:\/\/diariodepe.com.br\/cri\/#\/schema\/logo\/image\/","url":"https:\/\/diariodepe.com.br\/cri\/wp-content\/uploads\/sites\/2\/2022\/12\/cropped-Logo.jpg","contentUrl":"https:\/\/diariodepe.com.br\/cri\/wp-content\/uploads\/sites\/2\/2022\/12\/cropped-Logo.jpg","width":700,"height":59,"caption":"CRI e Diario de Pernambuco"},"image":{"@id":"https:\/\/diariodepe.com.br\/cri\/#\/schema\/logo\/image\/"}},{"@type":"Person","@id":"https:\/\/diariodepe.com.br\/cri\/#\/schema\/person\/121bb28d84f1a5b1205ef4ce9c2e0c6b","name":"Ismael Lucas S. Pereira","image":{"@type":"ImageObject","inLanguage":"pt-BR","@id":"https:\/\/secure.gravatar.com\/avatar\/887a0f3b5a7ceea963a48499fb883ffce6b5037362def025c52c2505b15d63e4?s=96&d=mm&r=g","url":"https:\/\/secure.gravatar.com\/avatar\/887a0f3b5a7ceea963a48499fb883ffce6b5037362def025c52c2505b15d63e4?s=96&d=mm&r=g","contentUrl":"https:\/\/secure.gravatar.com\/avatar\/887a0f3b5a7ceea963a48499fb883ffce6b5037362def025c52c2505b15d63e4?s=96&d=mm&r=g","caption":"Ismael Lucas S. Pereira"},"url":"https:\/\/diariodepe.com.br\/cri\/author\/ismael-lucas\/"}]}},"cc_featured_image_caption":{"caption_text":"","source_text":"","source_url":""},"amp_enabled":true,"_links":{"self":[{"href":"https:\/\/diariodepe.com.br\/cri\/wp-json\/wp\/v2\/posts\/389","targetHints":{"allow":["GET"]}}],"collection":[{"href":"https:\/\/diariodepe.com.br\/cri\/wp-json\/wp\/v2\/posts"}],"about":[{"href":"https:\/\/diariodepe.com.br\/cri\/wp-json\/wp\/v2\/types\/post"}],"author":[{"embeddable":true,"href":"https:\/\/diariodepe.com.br\/cri\/wp-json\/wp\/v2\/users\/2"}],"replies":[{"embeddable":true,"href":"https:\/\/diariodepe.com.br\/cri\/wp-json\/wp\/v2\/comments?post=389"}],"version-history":[{"count":1,"href":"https:\/\/diariodepe.com.br\/cri\/wp-json\/wp\/v2\/posts\/389\/revisions"}],"predecessor-version":[{"id":391,"href":"https:\/\/diariodepe.com.br\/cri\/wp-json\/wp\/v2\/posts\/389\/revisions\/391"}],"wp:featuredmedia":[{"embeddable":true,"href":"https:\/\/diariodepe.com.br\/cri\/wp-json\/wp\/v2\/media\/390"}],"wp:attachment":[{"href":"https:\/\/diariodepe.com.br\/cri\/wp-json\/wp\/v2\/media?parent=389"}],"wp:term":[{"taxonomy":"category","embeddable":true,"href":"https:\/\/diariodepe.com.br\/cri\/wp-json\/wp\/v2\/categories?post=389"},{"taxonomy":"post_tag","embeddable":true,"href":"https:\/\/diariodepe.com.br\/cri\/wp-json\/wp\/v2\/tags?post=389"}],"curies":[{"name":"wp","href":"https:\/\/api.w.org\/{rel}","templated":true}]}}