{"id":381,"date":"2023-01-17T06:04:57","date_gmt":"2023-01-17T09:04:57","guid":{"rendered":"https:\/\/diariodepe.com.br\/cri\/?p=381"},"modified":"2023-01-17T06:04:58","modified_gmt":"2023-01-17T09:04:58","slug":"inovacoes-tecnologicas-terao-destaque-na-gala-do-festival-da-primavera-do-cmg","status":"publish","type":"post","link":"https:\/\/diariodepe.com.br\/cri\/2023\/01\/17\/inovacoes-tecnologicas-terao-destaque-na-gala-do-festival-da-primavera-do-cmg\/","title":{"rendered":"<strong>Inova\u00e7\u00f5es tecnol\u00f3gicas ter\u00e3o destaque na Gala do Festival da Primavera do CMG<\/strong>"},"content":{"rendered":"\n<p>Inova\u00e7\u00f5es tecnol\u00f3gicas ter\u00e3o destaque na Gala do Festival da Primavera do Grupo de M\u00eddia da China (CMG, na sigla em ingl\u00eas), que ser\u00e1 realizada na v\u00e9spera do Ano Novo Chin\u00eas, \u00e0s 20 horas do dia 21 de janeiro. A informa\u00e7\u00e3o foi relevada hoje (16) em uma coletiva de imprensa do CMG.<\/p>\n\n\n\n<p>A Gala do Festival da Primavera, caraterizadas por novas tecnologias como 4K\/8K, AI e XR, tem como objetivo promover uma integra\u00e7\u00e3o e inova\u00e7\u00e3o entre \u201cideia, arte e tecnologia\u201d, e oferecer aos chineses de todo o mundo um evento art\u00edstico impressionante.<\/p>\n\n\n\n<p>Em cerca de quatro horas e meia, o programa exibir\u00e1 a nova fisionomia da nova era e na nova jornada do pa\u00eds, e para isso contar\u00e1 com uma grande variedade de apresenta\u00e7\u00f5es de m\u00fasica, dan\u00e7a, \u00f3pera e acrobacia, entre outras.<\/p>\n\n\n\n<p>Ainda foram divulgados na coletiva de imprensa os seus seis apresentadores.<\/p>\n\n\n\n<p>A Gala do Festival da Primavera ser\u00e1 transmitida ao vivo em diversos canais televisivos e plataformas digitais do CMG, incluindo os canais em ingl\u00eas, franc\u00eas, espanhol, russo e \u00e1rabe e plataformas digitais em 68 idiomas.<\/p>\n","protected":false},"excerpt":{"rendered":"<p>Inova\u00e7\u00f5es tecnol\u00f3gicas ter\u00e3o destaque na Gala do Festival da Primavera do Grupo de M\u00eddia da China (CMG, na sigla em ingl\u00eas), que ser\u00e1 realizada na v\u00e9spera do Ano Novo Chin\u00eas, \u00e0s 20 horas do dia 21 de janeiro. A informa\u00e7\u00e3o&#8230;<\/p>\n","protected":false},"author":2,"featured_media":0,"comment_status":"open","ping_status":"open","sticky":false,"template":"","format":"standard","meta":{"footnotes":""},"categories":[3],"tags":[],"class_list":["post-381","post","type-post","status-publish","format-standard","hentry","category-china"],"yoast_head":"<!-- This site is optimized with the Yoast SEO plugin v27.4 - https:\/\/yoast.com\/product\/yoast-seo-wordpress\/ -->\n<title>Inova\u00e7\u00f5es tecnol\u00f3gicas ter\u00e3o destaque na Gala do Festival da Primavera do CMG - CRI e Diario de Pernambuco<\/title>\n<meta name=\"robots\" content=\"index, follow, max-snippet:-1, max-image-preview:large, max-video-preview:-1\" \/>\n<link rel=\"canonical\" href=\"https:\/\/diariodepe.com.br\/cri\/2023\/01\/17\/inovacoes-tecnologicas-terao-destaque-na-gala-do-festival-da-primavera-do-cmg\/\" \/>\n<meta property=\"og:locale\" content=\"pt_BR\" \/>\n<meta property=\"og:type\" content=\"article\" \/>\n<meta property=\"og:title\" content=\"Inova\u00e7\u00f5es tecnol\u00f3gicas ter\u00e3o destaque na Gala do Festival da Primavera do CMG - CRI e Diario de Pernambuco\" \/>\n<meta property=\"og:description\" content=\"Inova\u00e7\u00f5es tecnol\u00f3gicas ter\u00e3o destaque na Gala do Festival da Primavera do Grupo de M\u00eddia da China (CMG, na sigla em ingl\u00eas), que ser\u00e1 realizada na v\u00e9spera do Ano Novo Chin\u00eas, \u00e0s 20 horas do dia 21 de janeiro. A informa\u00e7\u00e3o...\" \/>\n<meta property=\"og:url\" content=\"https:\/\/diariodepe.com.br\/cri\/2023\/01\/17\/inovacoes-tecnologicas-terao-destaque-na-gala-do-festival-da-primavera-do-cmg\/\" \/>\n<meta property=\"og:site_name\" content=\"CRI e Diario de Pernambuco\" \/>\n<meta property=\"article:published_time\" content=\"2023-01-17T09:04:57+00:00\" \/>\n<meta property=\"article:modified_time\" content=\"2023-01-17T09:04:58+00:00\" \/>\n<meta name=\"author\" content=\"Ismael Lucas S. Pereira\" \/>\n<meta name=\"twitter:card\" content=\"summary_large_image\" \/>\n<meta name=\"twitter:label1\" content=\"Escrito por\" \/>\n\t<meta name=\"twitter:data1\" content=\"Ismael Lucas S. Pereira\" \/>\n\t<meta name=\"twitter:label2\" content=\"Est. tempo de leitura\" \/>\n\t<meta name=\"twitter:data2\" content=\"1 minuto\" \/>\n<script type=\"application\/ld+json\" class=\"yoast-schema-graph\">{\"@context\":\"https:\\\/\\\/schema.org\",\"@graph\":[{\"@type\":\"Article\",\"@id\":\"https:\\\/\\\/diariodepe.com.br\\\/cri\\\/2023\\\/01\\\/17\\\/inovacoes-tecnologicas-terao-destaque-na-gala-do-festival-da-primavera-do-cmg\\\/#article\",\"isPartOf\":{\"@id\":\"https:\\\/\\\/diariodepe.com.br\\\/cri\\\/2023\\\/01\\\/17\\\/inovacoes-tecnologicas-terao-destaque-na-gala-do-festival-da-primavera-do-cmg\\\/\"},\"author\":{\"name\":\"Ismael Lucas S. Pereira\",\"@id\":\"https:\\\/\\\/diariodepe.com.br\\\/cri\\\/#\\\/schema\\\/person\\\/121bb28d84f1a5b1205ef4ce9c2e0c6b\"},\"headline\":\"Inova\u00e7\u00f5es tecnol\u00f3gicas ter\u00e3o destaque na Gala do Festival da Primavera do CMG\",\"datePublished\":\"2023-01-17T09:04:57+00:00\",\"dateModified\":\"2023-01-17T09:04:58+00:00\",\"mainEntityOfPage\":{\"@id\":\"https:\\\/\\\/diariodepe.com.br\\\/cri\\\/2023\\\/01\\\/17\\\/inovacoes-tecnologicas-terao-destaque-na-gala-do-festival-da-primavera-do-cmg\\\/\"},\"wordCount\":206,\"commentCount\":0,\"publisher\":{\"@id\":\"https:\\\/\\\/diariodepe.com.br\\\/cri\\\/#organization\"},\"articleSection\":[\"China\"],\"inLanguage\":\"pt-BR\",\"potentialAction\":[{\"@type\":\"CommentAction\",\"name\":\"Comment\",\"target\":[\"https:\\\/\\\/diariodepe.com.br\\\/cri\\\/2023\\\/01\\\/17\\\/inovacoes-tecnologicas-terao-destaque-na-gala-do-festival-da-primavera-do-cmg\\\/#respond\"]}]},{\"@type\":\"WebPage\",\"@id\":\"https:\\\/\\\/diariodepe.com.br\\\/cri\\\/2023\\\/01\\\/17\\\/inovacoes-tecnologicas-terao-destaque-na-gala-do-festival-da-primavera-do-cmg\\\/\",\"url\":\"https:\\\/\\\/diariodepe.com.br\\\/cri\\\/2023\\\/01\\\/17\\\/inovacoes-tecnologicas-terao-destaque-na-gala-do-festival-da-primavera-do-cmg\\\/\",\"name\":\"Inova\u00e7\u00f5es tecnol\u00f3gicas ter\u00e3o destaque na Gala do Festival da Primavera do CMG - CRI e Diario de Pernambuco\",\"isPartOf\":{\"@id\":\"https:\\\/\\\/diariodepe.com.br\\\/cri\\\/#website\"},\"datePublished\":\"2023-01-17T09:04:57+00:00\",\"dateModified\":\"2023-01-17T09:04:58+00:00\",\"breadcrumb\":{\"@id\":\"https:\\\/\\\/diariodepe.com.br\\\/cri\\\/2023\\\/01\\\/17\\\/inovacoes-tecnologicas-terao-destaque-na-gala-do-festival-da-primavera-do-cmg\\\/#breadcrumb\"},\"inLanguage\":\"pt-BR\",\"potentialAction\":[{\"@type\":\"ReadAction\",\"target\":[\"https:\\\/\\\/diariodepe.com.br\\\/cri\\\/2023\\\/01\\\/17\\\/inovacoes-tecnologicas-terao-destaque-na-gala-do-festival-da-primavera-do-cmg\\\/\"]}]},{\"@type\":\"BreadcrumbList\",\"@id\":\"https:\\\/\\\/diariodepe.com.br\\\/cri\\\/2023\\\/01\\\/17\\\/inovacoes-tecnologicas-terao-destaque-na-gala-do-festival-da-primavera-do-cmg\\\/#breadcrumb\",\"itemListElement\":[{\"@type\":\"ListItem\",\"position\":1,\"name\":\"In\u00edcio\",\"item\":\"https:\\\/\\\/diariodepe.com.br\\\/cri\\\/\"},{\"@type\":\"ListItem\",\"position\":2,\"name\":\"Inova\u00e7\u00f5es tecnol\u00f3gicas ter\u00e3o destaque na Gala do Festival da Primavera do CMG\"}]},{\"@type\":\"WebSite\",\"@id\":\"https:\\\/\\\/diariodepe.com.br\\\/cri\\\/#website\",\"url\":\"https:\\\/\\\/diariodepe.com.br\\\/cri\\\/\",\"name\":\"CRI e Diario de Pernambuco\",\"description\":\"R\u00e1dio Internacional da China\",\"publisher\":{\"@id\":\"https:\\\/\\\/diariodepe.com.br\\\/cri\\\/#organization\"},\"potentialAction\":[{\"@type\":\"SearchAction\",\"target\":{\"@type\":\"EntryPoint\",\"urlTemplate\":\"https:\\\/\\\/diariodepe.com.br\\\/cri\\\/?s={search_term_string}\"},\"query-input\":{\"@type\":\"PropertyValueSpecification\",\"valueRequired\":true,\"valueName\":\"search_term_string\"}}],\"inLanguage\":\"pt-BR\"},{\"@type\":\"Organization\",\"@id\":\"https:\\\/\\\/diariodepe.com.br\\\/cri\\\/#organization\",\"name\":\"CRI e Diario de Pernambuco\",\"url\":\"https:\\\/\\\/diariodepe.com.br\\\/cri\\\/\",\"logo\":{\"@type\":\"ImageObject\",\"inLanguage\":\"pt-BR\",\"@id\":\"https:\\\/\\\/diariodepe.com.br\\\/cri\\\/#\\\/schema\\\/logo\\\/image\\\/\",\"url\":\"https:\\\/\\\/diariodepe.com.br\\\/cri\\\/wp-content\\\/uploads\\\/sites\\\/2\\\/2022\\\/12\\\/cropped-Logo.jpg\",\"contentUrl\":\"https:\\\/\\\/diariodepe.com.br\\\/cri\\\/wp-content\\\/uploads\\\/sites\\\/2\\\/2022\\\/12\\\/cropped-Logo.jpg\",\"width\":700,\"height\":59,\"caption\":\"CRI e Diario de Pernambuco\"},\"image\":{\"@id\":\"https:\\\/\\\/diariodepe.com.br\\\/cri\\\/#\\\/schema\\\/logo\\\/image\\\/\"}},{\"@type\":\"Person\",\"@id\":\"https:\\\/\\\/diariodepe.com.br\\\/cri\\\/#\\\/schema\\\/person\\\/121bb28d84f1a5b1205ef4ce9c2e0c6b\",\"name\":\"Ismael Lucas S. Pereira\",\"image\":{\"@type\":\"ImageObject\",\"inLanguage\":\"pt-BR\",\"@id\":\"https:\\\/\\\/secure.gravatar.com\\\/avatar\\\/887a0f3b5a7ceea963a48499fb883ffce6b5037362def025c52c2505b15d63e4?s=96&d=mm&r=g\",\"url\":\"https:\\\/\\\/secure.gravatar.com\\\/avatar\\\/887a0f3b5a7ceea963a48499fb883ffce6b5037362def025c52c2505b15d63e4?s=96&d=mm&r=g\",\"contentUrl\":\"https:\\\/\\\/secure.gravatar.com\\\/avatar\\\/887a0f3b5a7ceea963a48499fb883ffce6b5037362def025c52c2505b15d63e4?s=96&d=mm&r=g\",\"caption\":\"Ismael Lucas S. Pereira\"},\"url\":\"https:\\\/\\\/diariodepe.com.br\\\/cri\\\/author\\\/ismael-lucas\\\/\"}]}<\/script>\n<!-- \/ Yoast SEO plugin. -->","yoast_head_json":{"title":"Inova\u00e7\u00f5es tecnol\u00f3gicas ter\u00e3o destaque na Gala do Festival da Primavera do CMG - CRI e Diario de Pernambuco","robots":{"index":"index","follow":"follow","max-snippet":"max-snippet:-1","max-image-preview":"max-image-preview:large","max-video-preview":"max-video-preview:-1"},"canonical":"https:\/\/diariodepe.com.br\/cri\/2023\/01\/17\/inovacoes-tecnologicas-terao-destaque-na-gala-do-festival-da-primavera-do-cmg\/","og_locale":"pt_BR","og_type":"article","og_title":"Inova\u00e7\u00f5es tecnol\u00f3gicas ter\u00e3o destaque na Gala do Festival da Primavera do CMG - CRI e Diario de Pernambuco","og_description":"Inova\u00e7\u00f5es tecnol\u00f3gicas ter\u00e3o destaque na Gala do Festival da Primavera do Grupo de M\u00eddia da China (CMG, na sigla em ingl\u00eas), que ser\u00e1 realizada na v\u00e9spera do Ano Novo Chin\u00eas, \u00e0s 20 horas do dia 21 de janeiro. A informa\u00e7\u00e3o...","og_url":"https:\/\/diariodepe.com.br\/cri\/2023\/01\/17\/inovacoes-tecnologicas-terao-destaque-na-gala-do-festival-da-primavera-do-cmg\/","og_site_name":"CRI e Diario de Pernambuco","article_published_time":"2023-01-17T09:04:57+00:00","article_modified_time":"2023-01-17T09:04:58+00:00","author":"Ismael Lucas S. Pereira","twitter_card":"summary_large_image","twitter_misc":{"Escrito por":"Ismael Lucas S. Pereira","Est. tempo de leitura":"1 minuto"},"schema":{"@context":"https:\/\/schema.org","@graph":[{"@type":"Article","@id":"https:\/\/diariodepe.com.br\/cri\/2023\/01\/17\/inovacoes-tecnologicas-terao-destaque-na-gala-do-festival-da-primavera-do-cmg\/#article","isPartOf":{"@id":"https:\/\/diariodepe.com.br\/cri\/2023\/01\/17\/inovacoes-tecnologicas-terao-destaque-na-gala-do-festival-da-primavera-do-cmg\/"},"author":{"name":"Ismael Lucas S. Pereira","@id":"https:\/\/diariodepe.com.br\/cri\/#\/schema\/person\/121bb28d84f1a5b1205ef4ce9c2e0c6b"},"headline":"Inova\u00e7\u00f5es tecnol\u00f3gicas ter\u00e3o destaque na Gala do Festival da Primavera do CMG","datePublished":"2023-01-17T09:04:57+00:00","dateModified":"2023-01-17T09:04:58+00:00","mainEntityOfPage":{"@id":"https:\/\/diariodepe.com.br\/cri\/2023\/01\/17\/inovacoes-tecnologicas-terao-destaque-na-gala-do-festival-da-primavera-do-cmg\/"},"wordCount":206,"commentCount":0,"publisher":{"@id":"https:\/\/diariodepe.com.br\/cri\/#organization"},"articleSection":["China"],"inLanguage":"pt-BR","potentialAction":[{"@type":"CommentAction","name":"Comment","target":["https:\/\/diariodepe.com.br\/cri\/2023\/01\/17\/inovacoes-tecnologicas-terao-destaque-na-gala-do-festival-da-primavera-do-cmg\/#respond"]}]},{"@type":"WebPage","@id":"https:\/\/diariodepe.com.br\/cri\/2023\/01\/17\/inovacoes-tecnologicas-terao-destaque-na-gala-do-festival-da-primavera-do-cmg\/","url":"https:\/\/diariodepe.com.br\/cri\/2023\/01\/17\/inovacoes-tecnologicas-terao-destaque-na-gala-do-festival-da-primavera-do-cmg\/","name":"Inova\u00e7\u00f5es tecnol\u00f3gicas ter\u00e3o destaque na Gala do Festival da Primavera do CMG - CRI e Diario de Pernambuco","isPartOf":{"@id":"https:\/\/diariodepe.com.br\/cri\/#website"},"datePublished":"2023-01-17T09:04:57+00:00","dateModified":"2023-01-17T09:04:58+00:00","breadcrumb":{"@id":"https:\/\/diariodepe.com.br\/cri\/2023\/01\/17\/inovacoes-tecnologicas-terao-destaque-na-gala-do-festival-da-primavera-do-cmg\/#breadcrumb"},"inLanguage":"pt-BR","potentialAction":[{"@type":"ReadAction","target":["https:\/\/diariodepe.com.br\/cri\/2023\/01\/17\/inovacoes-tecnologicas-terao-destaque-na-gala-do-festival-da-primavera-do-cmg\/"]}]},{"@type":"BreadcrumbList","@id":"https:\/\/diariodepe.com.br\/cri\/2023\/01\/17\/inovacoes-tecnologicas-terao-destaque-na-gala-do-festival-da-primavera-do-cmg\/#breadcrumb","itemListElement":[{"@type":"ListItem","position":1,"name":"In\u00edcio","item":"https:\/\/diariodepe.com.br\/cri\/"},{"@type":"ListItem","position":2,"name":"Inova\u00e7\u00f5es tecnol\u00f3gicas ter\u00e3o destaque na Gala do Festival da Primavera do CMG"}]},{"@type":"WebSite","@id":"https:\/\/diariodepe.com.br\/cri\/#website","url":"https:\/\/diariodepe.com.br\/cri\/","name":"CRI e Diario de Pernambuco","description":"R\u00e1dio Internacional da China","publisher":{"@id":"https:\/\/diariodepe.com.br\/cri\/#organization"},"potentialAction":[{"@type":"SearchAction","target":{"@type":"EntryPoint","urlTemplate":"https:\/\/diariodepe.com.br\/cri\/?s={search_term_string}"},"query-input":{"@type":"PropertyValueSpecification","valueRequired":true,"valueName":"search_term_string"}}],"inLanguage":"pt-BR"},{"@type":"Organization","@id":"https:\/\/diariodepe.com.br\/cri\/#organization","name":"CRI e Diario de Pernambuco","url":"https:\/\/diariodepe.com.br\/cri\/","logo":{"@type":"ImageObject","inLanguage":"pt-BR","@id":"https:\/\/diariodepe.com.br\/cri\/#\/schema\/logo\/image\/","url":"https:\/\/diariodepe.com.br\/cri\/wp-content\/uploads\/sites\/2\/2022\/12\/cropped-Logo.jpg","contentUrl":"https:\/\/diariodepe.com.br\/cri\/wp-content\/uploads\/sites\/2\/2022\/12\/cropped-Logo.jpg","width":700,"height":59,"caption":"CRI e Diario de Pernambuco"},"image":{"@id":"https:\/\/diariodepe.com.br\/cri\/#\/schema\/logo\/image\/"}},{"@type":"Person","@id":"https:\/\/diariodepe.com.br\/cri\/#\/schema\/person\/121bb28d84f1a5b1205ef4ce9c2e0c6b","name":"Ismael Lucas S. Pereira","image":{"@type":"ImageObject","inLanguage":"pt-BR","@id":"https:\/\/secure.gravatar.com\/avatar\/887a0f3b5a7ceea963a48499fb883ffce6b5037362def025c52c2505b15d63e4?s=96&d=mm&r=g","url":"https:\/\/secure.gravatar.com\/avatar\/887a0f3b5a7ceea963a48499fb883ffce6b5037362def025c52c2505b15d63e4?s=96&d=mm&r=g","contentUrl":"https:\/\/secure.gravatar.com\/avatar\/887a0f3b5a7ceea963a48499fb883ffce6b5037362def025c52c2505b15d63e4?s=96&d=mm&r=g","caption":"Ismael Lucas S. Pereira"},"url":"https:\/\/diariodepe.com.br\/cri\/author\/ismael-lucas\/"}]}},"cc_featured_image_caption":{"caption_text":"","source_text":"","source_url":""},"amp_enabled":true,"_links":{"self":[{"href":"https:\/\/diariodepe.com.br\/cri\/wp-json\/wp\/v2\/posts\/381","targetHints":{"allow":["GET"]}}],"collection":[{"href":"https:\/\/diariodepe.com.br\/cri\/wp-json\/wp\/v2\/posts"}],"about":[{"href":"https:\/\/diariodepe.com.br\/cri\/wp-json\/wp\/v2\/types\/post"}],"author":[{"embeddable":true,"href":"https:\/\/diariodepe.com.br\/cri\/wp-json\/wp\/v2\/users\/2"}],"replies":[{"embeddable":true,"href":"https:\/\/diariodepe.com.br\/cri\/wp-json\/wp\/v2\/comments?post=381"}],"version-history":[{"count":1,"href":"https:\/\/diariodepe.com.br\/cri\/wp-json\/wp\/v2\/posts\/381\/revisions"}],"predecessor-version":[{"id":382,"href":"https:\/\/diariodepe.com.br\/cri\/wp-json\/wp\/v2\/posts\/381\/revisions\/382"}],"wp:attachment":[{"href":"https:\/\/diariodepe.com.br\/cri\/wp-json\/wp\/v2\/media?parent=381"}],"wp:term":[{"taxonomy":"category","embeddable":true,"href":"https:\/\/diariodepe.com.br\/cri\/wp-json\/wp\/v2\/categories?post=381"},{"taxonomy":"post_tag","embeddable":true,"href":"https:\/\/diariodepe.com.br\/cri\/wp-json\/wp\/v2\/tags?post=381"}],"curies":[{"name":"wp","href":"https:\/\/api.w.org\/{rel}","templated":true}]}}