{"id":3801,"date":"2023-12-13T03:19:22","date_gmt":"2023-12-13T06:19:22","guid":{"rendered":"https:\/\/diariodepe.com.br\/cri\/?p=3801"},"modified":"2023-12-13T03:19:22","modified_gmt":"2023-12-13T06:19:22","slug":"o-sonho-chines-e-o-progresso-da-asia","status":"publish","type":"post","link":"https:\/\/diariodepe.com.br\/cri\/2023\/12\/13\/o-sonho-chines-e-o-progresso-da-asia\/","title":{"rendered":"O Sonho Chin\u00eas e o progresso da \u00c1sia"},"content":{"rendered":"<p>Um dos movimentos estrat\u00e9gicos da China para as pr\u00f3ximas d\u00e9cadas, buscando a concretiza\u00e7\u00e3o do \u201csonho chin\u00eas\u201d apresentado pelo presidente Xi Jinping, \u00e9 a integra\u00e7\u00e3o dos pa\u00edses asi\u00e1ticos. De forma semelhante ao projeto Mercado Comum do Sul (Mercosul), iniciado pelos pa\u00edses da Am\u00e9rica do Sul nos anos 1990, institui\u00e7\u00f5es e acordos como a Organiza\u00e7\u00e3o de Coopera\u00e7\u00e3o de Shanghai (SCO, sigla em ingl\u00eas) e a Associa\u00e7\u00e3o das Na\u00e7\u00f5es do Sudeste Asi\u00e1tico (Asean, sigla em ingl\u00eas) buscam integrar economias asi\u00e1ticas para libertarem-se da conjuntura exclusivista e predat\u00f3ria do capitalismo ocidental, estabelecendo rela\u00e7\u00f5es saud\u00e1veis e de ganha-ganha com seus parceiros continentais e outros pa\u00edses do Sul Global.<\/p>\n<p>A China sempre foi um farol no sentido da soberania de outros pa\u00edses, conforme ocorreu na Guerra de Resist\u00eancia Contra a Agress\u00e3o dos EUA e Ajuda \u00e0 Coreia nos anos 1950, ou no apoio ao Ex\u00e9rcito Popular do Vietn\u00e3 na guerra com os Estados Unidos nos anos 1960 e 1970. Atualmente, as dificuldades da \u00c1sia n\u00e3o s\u00e3o mais belicosas e, sim, comerciais. Ap\u00f3s anos de explora\u00e7\u00e3o pelas pot\u00eancias imperialistas, ainda resta ao Oriente o problema da exclusividade imposta pelos pa\u00edses ricos. O que, no Brasil, o soci\u00f3logo Florestan Fernandes chamou de \u201ccapitalismo dependente\u201d, ou seja, aquele que s\u00f3 se desenvolve mediante a autoriza\u00e7\u00e3o e apoio das pot\u00eancias ocidentais, como ocorreu com Coreia do Sul e Jap\u00e3o, atinge hoje a \u00c1sia Central e o Sudeste Asi\u00e1tico.<\/p>\n<p>Para a solu\u00e7\u00e3o desses problemas, o presidente chin\u00eas Xi Jinping, j\u00e1 desde 2013, proferiu um discurso na Universidade Nazarbayev, no Cazaquist\u00e3o, em que relembrou o papel de integra\u00e7\u00e3o milenar entre China e \u00c1sia Central proporcionado pela Rota da Seda, que retorna ao seu lugar de protagonista na economia global com a Iniciativa Cintur\u00e3o e Rota ou, mais diretamente, Nova Rota da Seda.<\/p>\n<p>\u201cO Cazaquist\u00e3o, por onde passava a antiga Rota da Seda, deu contribui\u00e7\u00f5es importantes para a comunica\u00e7\u00e3o das civiliza\u00e7\u00f5es oriental e ocidental e para o interc\u00e2mbio e coopera\u00e7\u00e3o entre na\u00e7\u00f5es e culturas diferentes\u201d, disse o presidente, completando: \u201cAtualmente, as rela\u00e7\u00f5es entre a China e os pa\u00edses da \u00c1sia Central t\u00eam pela frente uma rara oportunidade de expans\u00e3o. Esperamos aumentar, junto com os pa\u00edses dessa regi\u00e3o, e de forma constante, a confian\u00e7a m\u00fatua, solidificar a amizade e refor\u00e7ar a coopera\u00e7\u00e3o com a finalidade de promover o desenvolvimento comum e a prosperidade comum e buscar benef\u00edcios aos povos de todos os pa\u00edses\u201d.<\/p>\n<p>Voltando-se para o Sudeste Asi\u00e1tico, no mesmo ano, em discurso no Congresso Nacional da Indon\u00e9sia, Xi Jinping declarou seu respeito \u00e0 autodetermina\u00e7\u00e3o da regi\u00e3o. Ela, hoje, \u00e9 marcada pela integra\u00e7\u00e3o com o Ocidente determinada pela r\u00e1pida expans\u00e3o econ\u00f4mica, na condi\u00e7\u00e3o de exportadora de ind\u00fastria simplificada, o que lhe conferiu o apelido de Tigres Asi\u00e1ticos, que nos anos 1970 e 1980 compreendia os Estados de Singapura e Coreia do Sul, mais as regi\u00f5es chinesas de Hong Kong e Taiwan. Atualmente, os Tigres s\u00e3o Filipinas, Indon\u00e9sia, Mal\u00e1sia, Tail\u00e2ndia e o Vietn\u00e3.<\/p>\n<p>\u201cDevemos respeitar o direito de cada um de escolher o seu sistema social e o seu caminho de desenvolvimento, bem como o direito de promover o seu desenvolvimento econ\u00f4mico e social e melhorar a vida do seu povo\u201d, disse Xi Jinping. \u201cA China est\u00e1 disposta a negociar com os pa\u00edses da Asean a conclus\u00e3o de um tratado de boa vizinhan\u00e7a, amizade e coopera\u00e7\u00e3o, planejando juntamente um lindo futuro do relacionamento\u201d.<\/p>\n<p>Salientou, ainda, o compromisso da China em refor\u00e7ar parcerias sem negligenciar os pa\u00edses ricos, mas privilegiando a soberania: \u201cDevemos abandonar a mentalidade de Guerra Fria e preconizar um novo conceito de seguran\u00e7a integral, comum e cooperativa, conjugando nossos esfor\u00e7os para defender a paz e a estabilidade da regi\u00e3o\u201d.<\/p>\n<p>Por isso, a iniciativa do presidente chin\u00eas inscreve-se no aperfei\u00e7oamento das rela\u00e7\u00f5es entre os pa\u00edses asi\u00e1ticos, com a melhor ferramenta chinesa para as rela\u00e7\u00f5es internacionais: a diplomacia aliada \u00e0s pol\u00edticas de ganha-ganha. Com fraternidade, sinceridade, benef\u00edcio m\u00fatuo e inclus\u00e3o, o pa\u00eds que fez crescer a \u00c1sia como protagonista internacional no passado, retorna como agente na uni\u00e3o e crescimento das na\u00e7\u00f5es asi\u00e1ticas. O trabalho \u00e9 pela nova consolida\u00e7\u00e3o de um continente protagonista, integrado globalmente, mas livre dos grilh\u00f5es coloniais que o marcaram das navega\u00e7\u00f5es europeias \u00e0s guerras do s\u00e9culo XX.<\/p>\n<p>Por H\u00e9lio de Mendon\u00e7a Rocha, articulista e rep\u00f3rter de pol\u00edtica internacional<\/p>\n","protected":false},"excerpt":{"rendered":"<p>Um dos movimentos estrat\u00e9gicos da China para as pr\u00f3ximas d\u00e9cadas, buscando a concretiza\u00e7\u00e3o do \u201csonho chin\u00eas\u201d apresentado pelo presidente Xi Jinping, \u00e9 a integra\u00e7\u00e3o dos pa\u00edses asi\u00e1ticos. De forma semelhante ao projeto Mercado Comum do Sul (Mercosul), iniciado pelos pa\u00edses&#8230;<\/p>\n","protected":false},"author":2,"featured_media":3802,"comment_status":"open","ping_status":"open","sticky":false,"template":"","format":"standard","meta":{"footnotes":""},"categories":[7],"tags":[],"class_list":["post-3801","post","type-post","status-publish","format-standard","has-post-thumbnail","hentry","category-visao"],"yoast_head":"<!-- This site is optimized with the Yoast SEO plugin v27.4 - https:\/\/yoast.com\/product\/yoast-seo-wordpress\/ -->\n<title>O Sonho Chin\u00eas e o progresso da \u00c1sia - CRI e Diario de Pernambuco<\/title>\n<meta name=\"robots\" content=\"index, follow, max-snippet:-1, max-image-preview:large, max-video-preview:-1\" \/>\n<link rel=\"canonical\" href=\"https:\/\/diariodepe.com.br\/cri\/2023\/12\/13\/o-sonho-chines-e-o-progresso-da-asia\/\" \/>\n<meta property=\"og:locale\" content=\"pt_BR\" \/>\n<meta property=\"og:type\" content=\"article\" \/>\n<meta property=\"og:title\" content=\"O Sonho Chin\u00eas e o progresso da \u00c1sia - CRI e Diario de Pernambuco\" \/>\n<meta property=\"og:description\" content=\"Um dos movimentos estrat\u00e9gicos da China para as pr\u00f3ximas d\u00e9cadas, buscando a concretiza\u00e7\u00e3o do \u201csonho chin\u00eas\u201d apresentado pelo presidente Xi Jinping, \u00e9 a integra\u00e7\u00e3o dos pa\u00edses asi\u00e1ticos. De forma semelhante ao projeto Mercado Comum do Sul (Mercosul), iniciado pelos pa\u00edses...\" \/>\n<meta property=\"og:url\" content=\"https:\/\/diariodepe.com.br\/cri\/2023\/12\/13\/o-sonho-chines-e-o-progresso-da-asia\/\" \/>\n<meta property=\"og:site_name\" content=\"CRI e Diario de Pernambuco\" \/>\n<meta property=\"article:published_time\" content=\"2023-12-13T06:19:22+00:00\" \/>\n<meta property=\"og:image\" content=\"https:\/\/diariodepe.com.br\/cri\/wp-content\/uploads\/sites\/2\/2023\/12\/2023121216493187891-1.jpg\" \/>\n\t<meta property=\"og:image:width\" content=\"800\" \/>\n\t<meta property=\"og:image:height\" content=\"532\" \/>\n\t<meta property=\"og:image:type\" content=\"image\/jpeg\" \/>\n<meta name=\"author\" content=\"Ismael Lucas S. Pereira\" \/>\n<meta name=\"twitter:card\" content=\"summary_large_image\" \/>\n<meta name=\"twitter:label1\" content=\"Escrito por\" \/>\n\t<meta name=\"twitter:data1\" content=\"Ismael Lucas S. Pereira\" \/>\n\t<meta name=\"twitter:label2\" content=\"Est. tempo de leitura\" \/>\n\t<meta name=\"twitter:data2\" content=\"4 minutos\" \/>\n<script type=\"application\/ld+json\" class=\"yoast-schema-graph\">{\"@context\":\"https:\\\/\\\/schema.org\",\"@graph\":[{\"@type\":\"Article\",\"@id\":\"https:\\\/\\\/diariodepe.com.br\\\/cri\\\/2023\\\/12\\\/13\\\/o-sonho-chines-e-o-progresso-da-asia\\\/#article\",\"isPartOf\":{\"@id\":\"https:\\\/\\\/diariodepe.com.br\\\/cri\\\/2023\\\/12\\\/13\\\/o-sonho-chines-e-o-progresso-da-asia\\\/\"},\"author\":{\"name\":\"Ismael Lucas S. Pereira\",\"@id\":\"https:\\\/\\\/diariodepe.com.br\\\/cri\\\/#\\\/schema\\\/person\\\/121bb28d84f1a5b1205ef4ce9c2e0c6b\"},\"headline\":\"O Sonho Chin\u00eas e o progresso da \u00c1sia\",\"datePublished\":\"2023-12-13T06:19:22+00:00\",\"mainEntityOfPage\":{\"@id\":\"https:\\\/\\\/diariodepe.com.br\\\/cri\\\/2023\\\/12\\\/13\\\/o-sonho-chines-e-o-progresso-da-asia\\\/\"},\"wordCount\":803,\"commentCount\":0,\"publisher\":{\"@id\":\"https:\\\/\\\/diariodepe.com.br\\\/cri\\\/#organization\"},\"image\":{\"@id\":\"https:\\\/\\\/diariodepe.com.br\\\/cri\\\/2023\\\/12\\\/13\\\/o-sonho-chines-e-o-progresso-da-asia\\\/#primaryimage\"},\"thumbnailUrl\":\"https:\\\/\\\/diariodepe.com.br\\\/cri\\\/wp-content\\\/uploads\\\/sites\\\/2\\\/2023\\\/12\\\/2023121216493187891-1.jpg\",\"articleSection\":[\"Vis\u00e3o\"],\"inLanguage\":\"pt-BR\",\"potentialAction\":[{\"@type\":\"CommentAction\",\"name\":\"Comment\",\"target\":[\"https:\\\/\\\/diariodepe.com.br\\\/cri\\\/2023\\\/12\\\/13\\\/o-sonho-chines-e-o-progresso-da-asia\\\/#respond\"]}]},{\"@type\":\"WebPage\",\"@id\":\"https:\\\/\\\/diariodepe.com.br\\\/cri\\\/2023\\\/12\\\/13\\\/o-sonho-chines-e-o-progresso-da-asia\\\/\",\"url\":\"https:\\\/\\\/diariodepe.com.br\\\/cri\\\/2023\\\/12\\\/13\\\/o-sonho-chines-e-o-progresso-da-asia\\\/\",\"name\":\"O Sonho Chin\u00eas e o progresso da \u00c1sia - CRI e Diario de Pernambuco\",\"isPartOf\":{\"@id\":\"https:\\\/\\\/diariodepe.com.br\\\/cri\\\/#website\"},\"primaryImageOfPage\":{\"@id\":\"https:\\\/\\\/diariodepe.com.br\\\/cri\\\/2023\\\/12\\\/13\\\/o-sonho-chines-e-o-progresso-da-asia\\\/#primaryimage\"},\"image\":{\"@id\":\"https:\\\/\\\/diariodepe.com.br\\\/cri\\\/2023\\\/12\\\/13\\\/o-sonho-chines-e-o-progresso-da-asia\\\/#primaryimage\"},\"thumbnailUrl\":\"https:\\\/\\\/diariodepe.com.br\\\/cri\\\/wp-content\\\/uploads\\\/sites\\\/2\\\/2023\\\/12\\\/2023121216493187891-1.jpg\",\"datePublished\":\"2023-12-13T06:19:22+00:00\",\"breadcrumb\":{\"@id\":\"https:\\\/\\\/diariodepe.com.br\\\/cri\\\/2023\\\/12\\\/13\\\/o-sonho-chines-e-o-progresso-da-asia\\\/#breadcrumb\"},\"inLanguage\":\"pt-BR\",\"potentialAction\":[{\"@type\":\"ReadAction\",\"target\":[\"https:\\\/\\\/diariodepe.com.br\\\/cri\\\/2023\\\/12\\\/13\\\/o-sonho-chines-e-o-progresso-da-asia\\\/\"]}]},{\"@type\":\"ImageObject\",\"inLanguage\":\"pt-BR\",\"@id\":\"https:\\\/\\\/diariodepe.com.br\\\/cri\\\/2023\\\/12\\\/13\\\/o-sonho-chines-e-o-progresso-da-asia\\\/#primaryimage\",\"url\":\"https:\\\/\\\/diariodepe.com.br\\\/cri\\\/wp-content\\\/uploads\\\/sites\\\/2\\\/2023\\\/12\\\/2023121216493187891-1.jpg\",\"contentUrl\":\"https:\\\/\\\/diariodepe.com.br\\\/cri\\\/wp-content\\\/uploads\\\/sites\\\/2\\\/2023\\\/12\\\/2023121216493187891-1.jpg\",\"width\":800,\"height\":532},{\"@type\":\"BreadcrumbList\",\"@id\":\"https:\\\/\\\/diariodepe.com.br\\\/cri\\\/2023\\\/12\\\/13\\\/o-sonho-chines-e-o-progresso-da-asia\\\/#breadcrumb\",\"itemListElement\":[{\"@type\":\"ListItem\",\"position\":1,\"name\":\"In\u00edcio\",\"item\":\"https:\\\/\\\/diariodepe.com.br\\\/cri\\\/\"},{\"@type\":\"ListItem\",\"position\":2,\"name\":\"O Sonho Chin\u00eas e o progresso da \u00c1sia\"}]},{\"@type\":\"WebSite\",\"@id\":\"https:\\\/\\\/diariodepe.com.br\\\/cri\\\/#website\",\"url\":\"https:\\\/\\\/diariodepe.com.br\\\/cri\\\/\",\"name\":\"CRI e Diario de Pernambuco\",\"description\":\"R\u00e1dio Internacional da China\",\"publisher\":{\"@id\":\"https:\\\/\\\/diariodepe.com.br\\\/cri\\\/#organization\"},\"potentialAction\":[{\"@type\":\"SearchAction\",\"target\":{\"@type\":\"EntryPoint\",\"urlTemplate\":\"https:\\\/\\\/diariodepe.com.br\\\/cri\\\/?s={search_term_string}\"},\"query-input\":{\"@type\":\"PropertyValueSpecification\",\"valueRequired\":true,\"valueName\":\"search_term_string\"}}],\"inLanguage\":\"pt-BR\"},{\"@type\":\"Organization\",\"@id\":\"https:\\\/\\\/diariodepe.com.br\\\/cri\\\/#organization\",\"name\":\"CRI e Diario de Pernambuco\",\"url\":\"https:\\\/\\\/diariodepe.com.br\\\/cri\\\/\",\"logo\":{\"@type\":\"ImageObject\",\"inLanguage\":\"pt-BR\",\"@id\":\"https:\\\/\\\/diariodepe.com.br\\\/cri\\\/#\\\/schema\\\/logo\\\/image\\\/\",\"url\":\"https:\\\/\\\/diariodepe.com.br\\\/cri\\\/wp-content\\\/uploads\\\/sites\\\/2\\\/2022\\\/12\\\/cropped-Logo.jpg\",\"contentUrl\":\"https:\\\/\\\/diariodepe.com.br\\\/cri\\\/wp-content\\\/uploads\\\/sites\\\/2\\\/2022\\\/12\\\/cropped-Logo.jpg\",\"width\":700,\"height\":59,\"caption\":\"CRI e Diario de Pernambuco\"},\"image\":{\"@id\":\"https:\\\/\\\/diariodepe.com.br\\\/cri\\\/#\\\/schema\\\/logo\\\/image\\\/\"}},{\"@type\":\"Person\",\"@id\":\"https:\\\/\\\/diariodepe.com.br\\\/cri\\\/#\\\/schema\\\/person\\\/121bb28d84f1a5b1205ef4ce9c2e0c6b\",\"name\":\"Ismael Lucas S. Pereira\",\"image\":{\"@type\":\"ImageObject\",\"inLanguage\":\"pt-BR\",\"@id\":\"https:\\\/\\\/secure.gravatar.com\\\/avatar\\\/887a0f3b5a7ceea963a48499fb883ffce6b5037362def025c52c2505b15d63e4?s=96&d=mm&r=g\",\"url\":\"https:\\\/\\\/secure.gravatar.com\\\/avatar\\\/887a0f3b5a7ceea963a48499fb883ffce6b5037362def025c52c2505b15d63e4?s=96&d=mm&r=g\",\"contentUrl\":\"https:\\\/\\\/secure.gravatar.com\\\/avatar\\\/887a0f3b5a7ceea963a48499fb883ffce6b5037362def025c52c2505b15d63e4?s=96&d=mm&r=g\",\"caption\":\"Ismael Lucas S. Pereira\"},\"url\":\"https:\\\/\\\/diariodepe.com.br\\\/cri\\\/author\\\/ismael-lucas\\\/\"}]}<\/script>\n<!-- \/ Yoast SEO plugin. -->","yoast_head_json":{"title":"O Sonho Chin\u00eas e o progresso da \u00c1sia - CRI e Diario de Pernambuco","robots":{"index":"index","follow":"follow","max-snippet":"max-snippet:-1","max-image-preview":"max-image-preview:large","max-video-preview":"max-video-preview:-1"},"canonical":"https:\/\/diariodepe.com.br\/cri\/2023\/12\/13\/o-sonho-chines-e-o-progresso-da-asia\/","og_locale":"pt_BR","og_type":"article","og_title":"O Sonho Chin\u00eas e o progresso da \u00c1sia - CRI e Diario de Pernambuco","og_description":"Um dos movimentos estrat\u00e9gicos da China para as pr\u00f3ximas d\u00e9cadas, buscando a concretiza\u00e7\u00e3o do \u201csonho chin\u00eas\u201d apresentado pelo presidente Xi Jinping, \u00e9 a integra\u00e7\u00e3o dos pa\u00edses asi\u00e1ticos. De forma semelhante ao projeto Mercado Comum do Sul (Mercosul), iniciado pelos pa\u00edses...","og_url":"https:\/\/diariodepe.com.br\/cri\/2023\/12\/13\/o-sonho-chines-e-o-progresso-da-asia\/","og_site_name":"CRI e Diario de Pernambuco","article_published_time":"2023-12-13T06:19:22+00:00","og_image":[{"width":800,"height":532,"url":"https:\/\/diariodepe.com.br\/cri\/wp-content\/uploads\/sites\/2\/2023\/12\/2023121216493187891-1.jpg","type":"image\/jpeg"}],"author":"Ismael Lucas S. Pereira","twitter_card":"summary_large_image","twitter_misc":{"Escrito por":"Ismael Lucas S. Pereira","Est. tempo de leitura":"4 minutos"},"schema":{"@context":"https:\/\/schema.org","@graph":[{"@type":"Article","@id":"https:\/\/diariodepe.com.br\/cri\/2023\/12\/13\/o-sonho-chines-e-o-progresso-da-asia\/#article","isPartOf":{"@id":"https:\/\/diariodepe.com.br\/cri\/2023\/12\/13\/o-sonho-chines-e-o-progresso-da-asia\/"},"author":{"name":"Ismael Lucas S. Pereira","@id":"https:\/\/diariodepe.com.br\/cri\/#\/schema\/person\/121bb28d84f1a5b1205ef4ce9c2e0c6b"},"headline":"O Sonho Chin\u00eas e o progresso da \u00c1sia","datePublished":"2023-12-13T06:19:22+00:00","mainEntityOfPage":{"@id":"https:\/\/diariodepe.com.br\/cri\/2023\/12\/13\/o-sonho-chines-e-o-progresso-da-asia\/"},"wordCount":803,"commentCount":0,"publisher":{"@id":"https:\/\/diariodepe.com.br\/cri\/#organization"},"image":{"@id":"https:\/\/diariodepe.com.br\/cri\/2023\/12\/13\/o-sonho-chines-e-o-progresso-da-asia\/#primaryimage"},"thumbnailUrl":"https:\/\/diariodepe.com.br\/cri\/wp-content\/uploads\/sites\/2\/2023\/12\/2023121216493187891-1.jpg","articleSection":["Vis\u00e3o"],"inLanguage":"pt-BR","potentialAction":[{"@type":"CommentAction","name":"Comment","target":["https:\/\/diariodepe.com.br\/cri\/2023\/12\/13\/o-sonho-chines-e-o-progresso-da-asia\/#respond"]}]},{"@type":"WebPage","@id":"https:\/\/diariodepe.com.br\/cri\/2023\/12\/13\/o-sonho-chines-e-o-progresso-da-asia\/","url":"https:\/\/diariodepe.com.br\/cri\/2023\/12\/13\/o-sonho-chines-e-o-progresso-da-asia\/","name":"O Sonho Chin\u00eas e o progresso da \u00c1sia - CRI e Diario de Pernambuco","isPartOf":{"@id":"https:\/\/diariodepe.com.br\/cri\/#website"},"primaryImageOfPage":{"@id":"https:\/\/diariodepe.com.br\/cri\/2023\/12\/13\/o-sonho-chines-e-o-progresso-da-asia\/#primaryimage"},"image":{"@id":"https:\/\/diariodepe.com.br\/cri\/2023\/12\/13\/o-sonho-chines-e-o-progresso-da-asia\/#primaryimage"},"thumbnailUrl":"https:\/\/diariodepe.com.br\/cri\/wp-content\/uploads\/sites\/2\/2023\/12\/2023121216493187891-1.jpg","datePublished":"2023-12-13T06:19:22+00:00","breadcrumb":{"@id":"https:\/\/diariodepe.com.br\/cri\/2023\/12\/13\/o-sonho-chines-e-o-progresso-da-asia\/#breadcrumb"},"inLanguage":"pt-BR","potentialAction":[{"@type":"ReadAction","target":["https:\/\/diariodepe.com.br\/cri\/2023\/12\/13\/o-sonho-chines-e-o-progresso-da-asia\/"]}]},{"@type":"ImageObject","inLanguage":"pt-BR","@id":"https:\/\/diariodepe.com.br\/cri\/2023\/12\/13\/o-sonho-chines-e-o-progresso-da-asia\/#primaryimage","url":"https:\/\/diariodepe.com.br\/cri\/wp-content\/uploads\/sites\/2\/2023\/12\/2023121216493187891-1.jpg","contentUrl":"https:\/\/diariodepe.com.br\/cri\/wp-content\/uploads\/sites\/2\/2023\/12\/2023121216493187891-1.jpg","width":800,"height":532},{"@type":"BreadcrumbList","@id":"https:\/\/diariodepe.com.br\/cri\/2023\/12\/13\/o-sonho-chines-e-o-progresso-da-asia\/#breadcrumb","itemListElement":[{"@type":"ListItem","position":1,"name":"In\u00edcio","item":"https:\/\/diariodepe.com.br\/cri\/"},{"@type":"ListItem","position":2,"name":"O Sonho Chin\u00eas e o progresso da \u00c1sia"}]},{"@type":"WebSite","@id":"https:\/\/diariodepe.com.br\/cri\/#website","url":"https:\/\/diariodepe.com.br\/cri\/","name":"CRI e Diario de Pernambuco","description":"R\u00e1dio Internacional da China","publisher":{"@id":"https:\/\/diariodepe.com.br\/cri\/#organization"},"potentialAction":[{"@type":"SearchAction","target":{"@type":"EntryPoint","urlTemplate":"https:\/\/diariodepe.com.br\/cri\/?s={search_term_string}"},"query-input":{"@type":"PropertyValueSpecification","valueRequired":true,"valueName":"search_term_string"}}],"inLanguage":"pt-BR"},{"@type":"Organization","@id":"https:\/\/diariodepe.com.br\/cri\/#organization","name":"CRI e Diario de Pernambuco","url":"https:\/\/diariodepe.com.br\/cri\/","logo":{"@type":"ImageObject","inLanguage":"pt-BR","@id":"https:\/\/diariodepe.com.br\/cri\/#\/schema\/logo\/image\/","url":"https:\/\/diariodepe.com.br\/cri\/wp-content\/uploads\/sites\/2\/2022\/12\/cropped-Logo.jpg","contentUrl":"https:\/\/diariodepe.com.br\/cri\/wp-content\/uploads\/sites\/2\/2022\/12\/cropped-Logo.jpg","width":700,"height":59,"caption":"CRI e Diario de Pernambuco"},"image":{"@id":"https:\/\/diariodepe.com.br\/cri\/#\/schema\/logo\/image\/"}},{"@type":"Person","@id":"https:\/\/diariodepe.com.br\/cri\/#\/schema\/person\/121bb28d84f1a5b1205ef4ce9c2e0c6b","name":"Ismael Lucas S. Pereira","image":{"@type":"ImageObject","inLanguage":"pt-BR","@id":"https:\/\/secure.gravatar.com\/avatar\/887a0f3b5a7ceea963a48499fb883ffce6b5037362def025c52c2505b15d63e4?s=96&d=mm&r=g","url":"https:\/\/secure.gravatar.com\/avatar\/887a0f3b5a7ceea963a48499fb883ffce6b5037362def025c52c2505b15d63e4?s=96&d=mm&r=g","contentUrl":"https:\/\/secure.gravatar.com\/avatar\/887a0f3b5a7ceea963a48499fb883ffce6b5037362def025c52c2505b15d63e4?s=96&d=mm&r=g","caption":"Ismael Lucas S. Pereira"},"url":"https:\/\/diariodepe.com.br\/cri\/author\/ismael-lucas\/"}]}},"cc_featured_image_caption":{"caption_text":false,"source_text":false,"source_url":false},"amp_enabled":true,"_links":{"self":[{"href":"https:\/\/diariodepe.com.br\/cri\/wp-json\/wp\/v2\/posts\/3801","targetHints":{"allow":["GET"]}}],"collection":[{"href":"https:\/\/diariodepe.com.br\/cri\/wp-json\/wp\/v2\/posts"}],"about":[{"href":"https:\/\/diariodepe.com.br\/cri\/wp-json\/wp\/v2\/types\/post"}],"author":[{"embeddable":true,"href":"https:\/\/diariodepe.com.br\/cri\/wp-json\/wp\/v2\/users\/2"}],"replies":[{"embeddable":true,"href":"https:\/\/diariodepe.com.br\/cri\/wp-json\/wp\/v2\/comments?post=3801"}],"version-history":[{"count":1,"href":"https:\/\/diariodepe.com.br\/cri\/wp-json\/wp\/v2\/posts\/3801\/revisions"}],"predecessor-version":[{"id":3803,"href":"https:\/\/diariodepe.com.br\/cri\/wp-json\/wp\/v2\/posts\/3801\/revisions\/3803"}],"wp:featuredmedia":[{"embeddable":true,"href":"https:\/\/diariodepe.com.br\/cri\/wp-json\/wp\/v2\/media\/3802"}],"wp:attachment":[{"href":"https:\/\/diariodepe.com.br\/cri\/wp-json\/wp\/v2\/media?parent=3801"}],"wp:term":[{"taxonomy":"category","embeddable":true,"href":"https:\/\/diariodepe.com.br\/cri\/wp-json\/wp\/v2\/categories?post=3801"},{"taxonomy":"post_tag","embeddable":true,"href":"https:\/\/diariodepe.com.br\/cri\/wp-json\/wp\/v2\/tags?post=3801"}],"curies":[{"name":"wp","href":"https:\/\/api.w.org\/{rel}","templated":true}]}}