{"id":379,"date":"2023-01-17T06:04:05","date_gmt":"2023-01-17T09:04:05","guid":{"rendered":"https:\/\/diariodepe.com.br\/cri\/?p=379"},"modified":"2023-01-17T06:04:06","modified_gmt":"2023-01-17T09:04:06","slug":"presidente-angolano-se-reune-com-ministro-chines-das-relacoes-exteriores","status":"publish","type":"post","link":"https:\/\/diariodepe.com.br\/cri\/2023\/01\/17\/presidente-angolano-se-reune-com-ministro-chines-das-relacoes-exteriores\/","title":{"rendered":"<strong>Presidente angolano se re\u00fane com ministro chin\u00eas das Rela\u00e7\u00f5es Exteriores<\/strong>"},"content":{"rendered":"\n<p>O presidente angolano, Jo\u00e3o Louren\u00e7o, encontrou-se na sexta-feira (13) com o ministro chin\u00eas das Rela\u00e7\u00f5es Exteriores, Qin Gang, em Luanda.&nbsp;<\/p>\n\n\n\n<p>Louren\u00e7o disse que Angola e a China sempre estiveram unidas, confiam uma na outra e t\u00eam uma boa din\u00e2mica de coopera\u00e7\u00e3o, notando que v\u00e1rios projetos de refer\u00eancia apoiados pela China, incluindo aeroportos, centrais hidrel\u00e9tricas, estradas e portos, est\u00e3o a ser conduzidos em Angola sem problemas.&nbsp;<\/p>\n\n\n\n<p>As empresas chinesas t\u00eam contribu\u00eddo para a melhoria da infraestrutura e da vida da popula\u00e7\u00e3o em Angola, disse Louren\u00e7o, esperando aprofundar a coopera\u00e7\u00e3o com a China.&nbsp;<\/p>\n\n\n\n<p>Durante a reuni\u00e3o, ele tamb\u00e9m acrescentou que Angola adere firmemente ao princ\u00edpio de \u201cuma s\u00f3 China\u201d e quer trabalhar com a China para defender conjuntamente o princ\u00edpio de n\u00e3o interfer\u00eancia nos assuntos internos alheios e para defender a equidade e a justi\u00e7a internacional.&nbsp;<\/p>\n\n\n\n<p>Qin Gang disse que desde o estabelecimento das rela\u00e7\u00f5es diplom\u00e1ticas h\u00e1 40 anos entre as duas na\u00e7\u00f5es, a China e Angola sempre foram sinceras e amig\u00e1veis uma com a outra e trabalharam lado a lado.<\/p>\n\n\n\n<p>A confian\u00e7a pol\u00edtica m\u00fatua e a amizade tradicional entre os dois pa\u00edses t\u00eam sido continuamente aprofundadas, e a coopera\u00e7\u00e3o pr\u00e1tica tem produzido resultados frut\u00edferos, destacou o ministro chin\u00eas.&nbsp;<\/p>\n\n\n\n<p>Qin Gang tamb\u00e9m apreciou a ades\u00e3o de Angola ao princ\u00edpio de \u201cUma s\u00f3 China\u201d, acrescentando que a China, como sempre, apoiar\u00e1 Angola na oposi\u00e7\u00e3o \u00e0 interfer\u00eancia estrangeira, na escolha independente do caminho de desenvolvimento, e na defesa da soberania, seguran\u00e7a e interesses de desenvolvimento do pa\u00eds.<\/p>\n","protected":false},"excerpt":{"rendered":"<p>O presidente angolano, Jo\u00e3o Louren\u00e7o, encontrou-se na sexta-feira (13) com o ministro chin\u00eas das Rela\u00e7\u00f5es Exteriores, Qin Gang, em Luanda.&nbsp; Louren\u00e7o disse que Angola e a China sempre estiveram unidas, confiam uma na outra e t\u00eam uma boa din\u00e2mica de&#8230;<\/p>\n","protected":false},"author":2,"featured_media":0,"comment_status":"open","ping_status":"open","sticky":false,"template":"","format":"standard","meta":{"footnotes":""},"categories":[8],"tags":[],"class_list":["post-379","post","type-post","status-publish","format-standard","hentry","category-internacional"],"yoast_head":"<!-- This site is optimized with the Yoast SEO plugin v27.4 - https:\/\/yoast.com\/product\/yoast-seo-wordpress\/ -->\n<title>Presidente angolano se re\u00fane com ministro chin\u00eas das Rela\u00e7\u00f5es Exteriores - CRI e Diario de Pernambuco<\/title>\n<meta name=\"robots\" content=\"index, follow, max-snippet:-1, max-image-preview:large, max-video-preview:-1\" \/>\n<link rel=\"canonical\" href=\"https:\/\/diariodepe.com.br\/cri\/2023\/01\/17\/presidente-angolano-se-reune-com-ministro-chines-das-relacoes-exteriores\/\" \/>\n<meta property=\"og:locale\" content=\"pt_BR\" \/>\n<meta property=\"og:type\" content=\"article\" \/>\n<meta property=\"og:title\" content=\"Presidente angolano se re\u00fane com ministro chin\u00eas das Rela\u00e7\u00f5es Exteriores - CRI e Diario de Pernambuco\" \/>\n<meta property=\"og:description\" content=\"O presidente angolano, Jo\u00e3o Louren\u00e7o, encontrou-se na sexta-feira (13) com o ministro chin\u00eas das Rela\u00e7\u00f5es Exteriores, Qin Gang, em Luanda.&nbsp; Louren\u00e7o disse que Angola e a China sempre estiveram unidas, confiam uma na outra e t\u00eam uma boa din\u00e2mica de...\" \/>\n<meta property=\"og:url\" content=\"https:\/\/diariodepe.com.br\/cri\/2023\/01\/17\/presidente-angolano-se-reune-com-ministro-chines-das-relacoes-exteriores\/\" \/>\n<meta property=\"og:site_name\" content=\"CRI e Diario de Pernambuco\" \/>\n<meta property=\"article:published_time\" content=\"2023-01-17T09:04:05+00:00\" \/>\n<meta property=\"article:modified_time\" content=\"2023-01-17T09:04:06+00:00\" \/>\n<meta name=\"author\" content=\"Ismael Lucas S. Pereira\" \/>\n<meta name=\"twitter:card\" content=\"summary_large_image\" \/>\n<meta name=\"twitter:label1\" content=\"Escrito por\" \/>\n\t<meta name=\"twitter:data1\" content=\"Ismael Lucas S. Pereira\" \/>\n\t<meta name=\"twitter:label2\" content=\"Est. tempo de leitura\" \/>\n\t<meta name=\"twitter:data2\" content=\"2 minutos\" \/>\n<script type=\"application\/ld+json\" class=\"yoast-schema-graph\">{\"@context\":\"https:\\\/\\\/schema.org\",\"@graph\":[{\"@type\":\"Article\",\"@id\":\"https:\\\/\\\/diariodepe.com.br\\\/cri\\\/2023\\\/01\\\/17\\\/presidente-angolano-se-reune-com-ministro-chines-das-relacoes-exteriores\\\/#article\",\"isPartOf\":{\"@id\":\"https:\\\/\\\/diariodepe.com.br\\\/cri\\\/2023\\\/01\\\/17\\\/presidente-angolano-se-reune-com-ministro-chines-das-relacoes-exteriores\\\/\"},\"author\":{\"name\":\"Ismael Lucas S. Pereira\",\"@id\":\"https:\\\/\\\/diariodepe.com.br\\\/cri\\\/#\\\/schema\\\/person\\\/121bb28d84f1a5b1205ef4ce9c2e0c6b\"},\"headline\":\"Presidente angolano se re\u00fane com ministro chin\u00eas das Rela\u00e7\u00f5es Exteriores\",\"datePublished\":\"2023-01-17T09:04:05+00:00\",\"dateModified\":\"2023-01-17T09:04:06+00:00\",\"mainEntityOfPage\":{\"@id\":\"https:\\\/\\\/diariodepe.com.br\\\/cri\\\/2023\\\/01\\\/17\\\/presidente-angolano-se-reune-com-ministro-chines-das-relacoes-exteriores\\\/\"},\"wordCount\":302,\"commentCount\":0,\"publisher\":{\"@id\":\"https:\\\/\\\/diariodepe.com.br\\\/cri\\\/#organization\"},\"articleSection\":[\"Internacional\"],\"inLanguage\":\"pt-BR\",\"potentialAction\":[{\"@type\":\"CommentAction\",\"name\":\"Comment\",\"target\":[\"https:\\\/\\\/diariodepe.com.br\\\/cri\\\/2023\\\/01\\\/17\\\/presidente-angolano-se-reune-com-ministro-chines-das-relacoes-exteriores\\\/#respond\"]}]},{\"@type\":\"WebPage\",\"@id\":\"https:\\\/\\\/diariodepe.com.br\\\/cri\\\/2023\\\/01\\\/17\\\/presidente-angolano-se-reune-com-ministro-chines-das-relacoes-exteriores\\\/\",\"url\":\"https:\\\/\\\/diariodepe.com.br\\\/cri\\\/2023\\\/01\\\/17\\\/presidente-angolano-se-reune-com-ministro-chines-das-relacoes-exteriores\\\/\",\"name\":\"Presidente angolano se re\u00fane com ministro chin\u00eas das Rela\u00e7\u00f5es Exteriores - CRI e Diario de Pernambuco\",\"isPartOf\":{\"@id\":\"https:\\\/\\\/diariodepe.com.br\\\/cri\\\/#website\"},\"datePublished\":\"2023-01-17T09:04:05+00:00\",\"dateModified\":\"2023-01-17T09:04:06+00:00\",\"breadcrumb\":{\"@id\":\"https:\\\/\\\/diariodepe.com.br\\\/cri\\\/2023\\\/01\\\/17\\\/presidente-angolano-se-reune-com-ministro-chines-das-relacoes-exteriores\\\/#breadcrumb\"},\"inLanguage\":\"pt-BR\",\"potentialAction\":[{\"@type\":\"ReadAction\",\"target\":[\"https:\\\/\\\/diariodepe.com.br\\\/cri\\\/2023\\\/01\\\/17\\\/presidente-angolano-se-reune-com-ministro-chines-das-relacoes-exteriores\\\/\"]}]},{\"@type\":\"BreadcrumbList\",\"@id\":\"https:\\\/\\\/diariodepe.com.br\\\/cri\\\/2023\\\/01\\\/17\\\/presidente-angolano-se-reune-com-ministro-chines-das-relacoes-exteriores\\\/#breadcrumb\",\"itemListElement\":[{\"@type\":\"ListItem\",\"position\":1,\"name\":\"In\u00edcio\",\"item\":\"https:\\\/\\\/diariodepe.com.br\\\/cri\\\/\"},{\"@type\":\"ListItem\",\"position\":2,\"name\":\"Presidente angolano se re\u00fane com ministro chin\u00eas das Rela\u00e7\u00f5es Exteriores\"}]},{\"@type\":\"WebSite\",\"@id\":\"https:\\\/\\\/diariodepe.com.br\\\/cri\\\/#website\",\"url\":\"https:\\\/\\\/diariodepe.com.br\\\/cri\\\/\",\"name\":\"CRI e Diario de Pernambuco\",\"description\":\"R\u00e1dio Internacional da China\",\"publisher\":{\"@id\":\"https:\\\/\\\/diariodepe.com.br\\\/cri\\\/#organization\"},\"potentialAction\":[{\"@type\":\"SearchAction\",\"target\":{\"@type\":\"EntryPoint\",\"urlTemplate\":\"https:\\\/\\\/diariodepe.com.br\\\/cri\\\/?s={search_term_string}\"},\"query-input\":{\"@type\":\"PropertyValueSpecification\",\"valueRequired\":true,\"valueName\":\"search_term_string\"}}],\"inLanguage\":\"pt-BR\"},{\"@type\":\"Organization\",\"@id\":\"https:\\\/\\\/diariodepe.com.br\\\/cri\\\/#organization\",\"name\":\"CRI e Diario de Pernambuco\",\"url\":\"https:\\\/\\\/diariodepe.com.br\\\/cri\\\/\",\"logo\":{\"@type\":\"ImageObject\",\"inLanguage\":\"pt-BR\",\"@id\":\"https:\\\/\\\/diariodepe.com.br\\\/cri\\\/#\\\/schema\\\/logo\\\/image\\\/\",\"url\":\"https:\\\/\\\/diariodepe.com.br\\\/cri\\\/wp-content\\\/uploads\\\/sites\\\/2\\\/2022\\\/12\\\/cropped-Logo.jpg\",\"contentUrl\":\"https:\\\/\\\/diariodepe.com.br\\\/cri\\\/wp-content\\\/uploads\\\/sites\\\/2\\\/2022\\\/12\\\/cropped-Logo.jpg\",\"width\":700,\"height\":59,\"caption\":\"CRI e Diario de Pernambuco\"},\"image\":{\"@id\":\"https:\\\/\\\/diariodepe.com.br\\\/cri\\\/#\\\/schema\\\/logo\\\/image\\\/\"}},{\"@type\":\"Person\",\"@id\":\"https:\\\/\\\/diariodepe.com.br\\\/cri\\\/#\\\/schema\\\/person\\\/121bb28d84f1a5b1205ef4ce9c2e0c6b\",\"name\":\"Ismael Lucas S. Pereira\",\"image\":{\"@type\":\"ImageObject\",\"inLanguage\":\"pt-BR\",\"@id\":\"https:\\\/\\\/secure.gravatar.com\\\/avatar\\\/887a0f3b5a7ceea963a48499fb883ffce6b5037362def025c52c2505b15d63e4?s=96&d=mm&r=g\",\"url\":\"https:\\\/\\\/secure.gravatar.com\\\/avatar\\\/887a0f3b5a7ceea963a48499fb883ffce6b5037362def025c52c2505b15d63e4?s=96&d=mm&r=g\",\"contentUrl\":\"https:\\\/\\\/secure.gravatar.com\\\/avatar\\\/887a0f3b5a7ceea963a48499fb883ffce6b5037362def025c52c2505b15d63e4?s=96&d=mm&r=g\",\"caption\":\"Ismael Lucas S. Pereira\"},\"url\":\"https:\\\/\\\/diariodepe.com.br\\\/cri\\\/author\\\/ismael-lucas\\\/\"}]}<\/script>\n<!-- \/ Yoast SEO plugin. -->","yoast_head_json":{"title":"Presidente angolano se re\u00fane com ministro chin\u00eas das Rela\u00e7\u00f5es Exteriores - CRI e Diario de Pernambuco","robots":{"index":"index","follow":"follow","max-snippet":"max-snippet:-1","max-image-preview":"max-image-preview:large","max-video-preview":"max-video-preview:-1"},"canonical":"https:\/\/diariodepe.com.br\/cri\/2023\/01\/17\/presidente-angolano-se-reune-com-ministro-chines-das-relacoes-exteriores\/","og_locale":"pt_BR","og_type":"article","og_title":"Presidente angolano se re\u00fane com ministro chin\u00eas das Rela\u00e7\u00f5es Exteriores - CRI e Diario de Pernambuco","og_description":"O presidente angolano, Jo\u00e3o Louren\u00e7o, encontrou-se na sexta-feira (13) com o ministro chin\u00eas das Rela\u00e7\u00f5es Exteriores, Qin Gang, em Luanda.&nbsp; Louren\u00e7o disse que Angola e a China sempre estiveram unidas, confiam uma na outra e t\u00eam uma boa din\u00e2mica de...","og_url":"https:\/\/diariodepe.com.br\/cri\/2023\/01\/17\/presidente-angolano-se-reune-com-ministro-chines-das-relacoes-exteriores\/","og_site_name":"CRI e Diario de Pernambuco","article_published_time":"2023-01-17T09:04:05+00:00","article_modified_time":"2023-01-17T09:04:06+00:00","author":"Ismael Lucas S. Pereira","twitter_card":"summary_large_image","twitter_misc":{"Escrito por":"Ismael Lucas S. Pereira","Est. tempo de leitura":"2 minutos"},"schema":{"@context":"https:\/\/schema.org","@graph":[{"@type":"Article","@id":"https:\/\/diariodepe.com.br\/cri\/2023\/01\/17\/presidente-angolano-se-reune-com-ministro-chines-das-relacoes-exteriores\/#article","isPartOf":{"@id":"https:\/\/diariodepe.com.br\/cri\/2023\/01\/17\/presidente-angolano-se-reune-com-ministro-chines-das-relacoes-exteriores\/"},"author":{"name":"Ismael Lucas S. Pereira","@id":"https:\/\/diariodepe.com.br\/cri\/#\/schema\/person\/121bb28d84f1a5b1205ef4ce9c2e0c6b"},"headline":"Presidente angolano se re\u00fane com ministro chin\u00eas das Rela\u00e7\u00f5es Exteriores","datePublished":"2023-01-17T09:04:05+00:00","dateModified":"2023-01-17T09:04:06+00:00","mainEntityOfPage":{"@id":"https:\/\/diariodepe.com.br\/cri\/2023\/01\/17\/presidente-angolano-se-reune-com-ministro-chines-das-relacoes-exteriores\/"},"wordCount":302,"commentCount":0,"publisher":{"@id":"https:\/\/diariodepe.com.br\/cri\/#organization"},"articleSection":["Internacional"],"inLanguage":"pt-BR","potentialAction":[{"@type":"CommentAction","name":"Comment","target":["https:\/\/diariodepe.com.br\/cri\/2023\/01\/17\/presidente-angolano-se-reune-com-ministro-chines-das-relacoes-exteriores\/#respond"]}]},{"@type":"WebPage","@id":"https:\/\/diariodepe.com.br\/cri\/2023\/01\/17\/presidente-angolano-se-reune-com-ministro-chines-das-relacoes-exteriores\/","url":"https:\/\/diariodepe.com.br\/cri\/2023\/01\/17\/presidente-angolano-se-reune-com-ministro-chines-das-relacoes-exteriores\/","name":"Presidente angolano se re\u00fane com ministro chin\u00eas das Rela\u00e7\u00f5es Exteriores - CRI e Diario de Pernambuco","isPartOf":{"@id":"https:\/\/diariodepe.com.br\/cri\/#website"},"datePublished":"2023-01-17T09:04:05+00:00","dateModified":"2023-01-17T09:04:06+00:00","breadcrumb":{"@id":"https:\/\/diariodepe.com.br\/cri\/2023\/01\/17\/presidente-angolano-se-reune-com-ministro-chines-das-relacoes-exteriores\/#breadcrumb"},"inLanguage":"pt-BR","potentialAction":[{"@type":"ReadAction","target":["https:\/\/diariodepe.com.br\/cri\/2023\/01\/17\/presidente-angolano-se-reune-com-ministro-chines-das-relacoes-exteriores\/"]}]},{"@type":"BreadcrumbList","@id":"https:\/\/diariodepe.com.br\/cri\/2023\/01\/17\/presidente-angolano-se-reune-com-ministro-chines-das-relacoes-exteriores\/#breadcrumb","itemListElement":[{"@type":"ListItem","position":1,"name":"In\u00edcio","item":"https:\/\/diariodepe.com.br\/cri\/"},{"@type":"ListItem","position":2,"name":"Presidente angolano se re\u00fane com ministro chin\u00eas das Rela\u00e7\u00f5es Exteriores"}]},{"@type":"WebSite","@id":"https:\/\/diariodepe.com.br\/cri\/#website","url":"https:\/\/diariodepe.com.br\/cri\/","name":"CRI e Diario de Pernambuco","description":"R\u00e1dio Internacional da China","publisher":{"@id":"https:\/\/diariodepe.com.br\/cri\/#organization"},"potentialAction":[{"@type":"SearchAction","target":{"@type":"EntryPoint","urlTemplate":"https:\/\/diariodepe.com.br\/cri\/?s={search_term_string}"},"query-input":{"@type":"PropertyValueSpecification","valueRequired":true,"valueName":"search_term_string"}}],"inLanguage":"pt-BR"},{"@type":"Organization","@id":"https:\/\/diariodepe.com.br\/cri\/#organization","name":"CRI e Diario de Pernambuco","url":"https:\/\/diariodepe.com.br\/cri\/","logo":{"@type":"ImageObject","inLanguage":"pt-BR","@id":"https:\/\/diariodepe.com.br\/cri\/#\/schema\/logo\/image\/","url":"https:\/\/diariodepe.com.br\/cri\/wp-content\/uploads\/sites\/2\/2022\/12\/cropped-Logo.jpg","contentUrl":"https:\/\/diariodepe.com.br\/cri\/wp-content\/uploads\/sites\/2\/2022\/12\/cropped-Logo.jpg","width":700,"height":59,"caption":"CRI e Diario de Pernambuco"},"image":{"@id":"https:\/\/diariodepe.com.br\/cri\/#\/schema\/logo\/image\/"}},{"@type":"Person","@id":"https:\/\/diariodepe.com.br\/cri\/#\/schema\/person\/121bb28d84f1a5b1205ef4ce9c2e0c6b","name":"Ismael Lucas S. Pereira","image":{"@type":"ImageObject","inLanguage":"pt-BR","@id":"https:\/\/secure.gravatar.com\/avatar\/887a0f3b5a7ceea963a48499fb883ffce6b5037362def025c52c2505b15d63e4?s=96&d=mm&r=g","url":"https:\/\/secure.gravatar.com\/avatar\/887a0f3b5a7ceea963a48499fb883ffce6b5037362def025c52c2505b15d63e4?s=96&d=mm&r=g","contentUrl":"https:\/\/secure.gravatar.com\/avatar\/887a0f3b5a7ceea963a48499fb883ffce6b5037362def025c52c2505b15d63e4?s=96&d=mm&r=g","caption":"Ismael Lucas S. Pereira"},"url":"https:\/\/diariodepe.com.br\/cri\/author\/ismael-lucas\/"}]}},"cc_featured_image_caption":{"caption_text":"","source_text":"","source_url":""},"amp_enabled":true,"_links":{"self":[{"href":"https:\/\/diariodepe.com.br\/cri\/wp-json\/wp\/v2\/posts\/379","targetHints":{"allow":["GET"]}}],"collection":[{"href":"https:\/\/diariodepe.com.br\/cri\/wp-json\/wp\/v2\/posts"}],"about":[{"href":"https:\/\/diariodepe.com.br\/cri\/wp-json\/wp\/v2\/types\/post"}],"author":[{"embeddable":true,"href":"https:\/\/diariodepe.com.br\/cri\/wp-json\/wp\/v2\/users\/2"}],"replies":[{"embeddable":true,"href":"https:\/\/diariodepe.com.br\/cri\/wp-json\/wp\/v2\/comments?post=379"}],"version-history":[{"count":1,"href":"https:\/\/diariodepe.com.br\/cri\/wp-json\/wp\/v2\/posts\/379\/revisions"}],"predecessor-version":[{"id":380,"href":"https:\/\/diariodepe.com.br\/cri\/wp-json\/wp\/v2\/posts\/379\/revisions\/380"}],"wp:attachment":[{"href":"https:\/\/diariodepe.com.br\/cri\/wp-json\/wp\/v2\/media?parent=379"}],"wp:term":[{"taxonomy":"category","embeddable":true,"href":"https:\/\/diariodepe.com.br\/cri\/wp-json\/wp\/v2\/categories?post=379"},{"taxonomy":"post_tag","embeddable":true,"href":"https:\/\/diariodepe.com.br\/cri\/wp-json\/wp\/v2\/tags?post=379"}],"curies":[{"name":"wp","href":"https:\/\/api.w.org\/{rel}","templated":true}]}}