{"id":377,"date":"2023-01-17T06:03:08","date_gmt":"2023-01-17T09:03:08","guid":{"rendered":"https:\/\/diariodepe.com.br\/cri\/?p=377"},"modified":"2023-01-17T06:03:09","modified_gmt":"2023-01-17T09:03:09","slug":"comentario-os-eua-devem-divulgar-os-dados-sobre-sua-pandemia","status":"publish","type":"post","link":"https:\/\/diariodepe.com.br\/cri\/2023\/01\/17\/comentario-os-eua-devem-divulgar-os-dados-sobre-sua-pandemia\/","title":{"rendered":"<strong>Coment\u00e1rio: Os EUA devem divulgar os dados sobre sua pandemia<\/strong>"},"content":{"rendered":"\n<p>Atualmente, a nova variante XBB.1.5 da Covid-19 est\u00e1 se espalhando rapidamente nos Estados Unidos e j\u00e1 causou mais de 43% das infec\u00e7\u00f5es, o que faz desta a cepa a que cresce mais r\u00e1pido no pa\u00eds. De acordo com a Iniciativa Global sobre Compartilhamento de Todos os Dados sobre Influenza (GISAID, em ingl\u00eas), quase todas as variantes do novo coronav\u00edrus e subvariantes tinham ou t\u00eam se espalhado nos EUA nestes tr\u00eas anos.&nbsp;<\/p>\n\n\n\n<p>Por que os EUA se tornaram um &#8220;viveiro&#8221; de variantes do v\u00edrus e por que a XBB.1.5 causou infec\u00e7\u00f5es t\u00e3o disseminadas nos EUA? Os Estados Unidos devem partilhar com a OMS e a comunidade internacional as informa\u00e7\u00f5es da pandemia e os dados do v\u00edrus de forma oportuna, aberta e transparente. O mundo est\u00e1 esperando uma resposta dos EUA.&nbsp;<\/p>\n\n\n\n<p>A luta contra a pandemia requer uma coopera\u00e7\u00e3o global. Qualquer pa\u00eds onde uma nova variante do v\u00edrus \u00e9 descoberta tem a responsabilidade e o dever de compartilhar primeiramente informa\u00e7\u00f5es relativas com a OMS e a comunidade internacional para ganhar tempo para a ci\u00eancia. Segundo a vigil\u00e2ncia da GISAID, as primeiras amostras relatadas de XBB.1.5 foram descobertas em Nova York e Connecticut no final de outubro do ano passado, e esta variante \u00e9 agora encontrada em pelo menos 74 pa\u00edses e regi\u00f5es. A CNN informou recentemente que os especialistas acreditam ser prov\u00e1vel que a variante surgiu nos Estados Unidos.&nbsp;<\/p>\n\n\n\n<p>Onde exatamente a variante XBB.1.5 apareceu pela primeira vez? Como se espalhou? O governo americano tomou alguma medida de resposta? Em rela\u00e7\u00e3o \u00e0s perguntas razo\u00e1veis do mundo, os EUA devem investigar imediatamente e fornecer informa\u00e7\u00f5es relativas \u00e0 comunidade internacional de forma oportuna. Isso n\u00e3o apenas \u00e9 respons\u00e1vel para o povo americano, mas tamb\u00e9m ajudar\u00e1 a comunidade internacional a encontrar uma resposta eficaz para deter uma maior dissemina\u00e7\u00e3o do v\u00edrus no mundo. Por ambas as raz\u00f5es, \u00e9 imperativo que os EUA liberem essas informa\u00e7\u00f5es.&nbsp;<\/p>\n\n\n\n<p>Ao longo dos \u00faltimos tr\u00eas anos, a comunidade internacional tem estado repleta de alega\u00e7\u00f5es sobre a falsifica\u00e7\u00e3o de dados e a falta de transpar\u00eancia dos EUA. Por exemplo, um artigo na edi\u00e7\u00e3o de julho de 2020 do&nbsp;<a>British Medical Journal<\/a>, a principal revista m\u00e9dica do mundo, declarou que o n\u00famero de pessoas infectadas pelo novo coronav\u00edrus nos EUA at\u00e9 1\u00ba de julho do mesmo ano foi de quase 4 milh\u00f5es, maior do que os 2,67 milh\u00f5es relatados pelo governo estadunidense.&nbsp;<\/p>\n\n\n\n<p>Durante tr\u00eas anos, os EUA t\u00eam sido constantemente desonestos, desqualificados e irrespons\u00e1veis no compartilhamento de informa\u00e7\u00f5es sobre a pandemia. Atualmente, a OMS identificou a XBB.1.5 como a &#8220;descendente mais transmiss\u00edvel&#8221; da variante \u00f4micron e advertiu que ela poderia levar a mais infec\u00e7\u00f5es. Os Estados Unidos devem divulgar os dados da pandemia e o mundo tem o direito de saber a verdade!<\/p>\n","protected":false},"excerpt":{"rendered":"<p>Atualmente, a nova variante XBB.1.5 da Covid-19 est\u00e1 se espalhando rapidamente nos Estados Unidos e j\u00e1 causou mais de 43% das infec\u00e7\u00f5es, o que faz desta a cepa a que cresce mais r\u00e1pido no pa\u00eds. De acordo com a Iniciativa&#8230;<\/p>\n","protected":false},"author":2,"featured_media":0,"comment_status":"open","ping_status":"open","sticky":false,"template":"","format":"standard","meta":{"footnotes":""},"categories":[7],"tags":[],"class_list":["post-377","post","type-post","status-publish","format-standard","hentry","category-visao"],"yoast_head":"<!-- This site is optimized with the Yoast SEO plugin v27.4 - https:\/\/yoast.com\/product\/yoast-seo-wordpress\/ -->\n<title>Coment\u00e1rio: Os EUA devem divulgar os dados sobre sua pandemia - CRI e Diario de Pernambuco<\/title>\n<meta name=\"robots\" content=\"index, follow, max-snippet:-1, max-image-preview:large, max-video-preview:-1\" \/>\n<link rel=\"canonical\" href=\"https:\/\/diariodepe.com.br\/cri\/2023\/01\/17\/comentario-os-eua-devem-divulgar-os-dados-sobre-sua-pandemia\/\" \/>\n<meta property=\"og:locale\" content=\"pt_BR\" \/>\n<meta property=\"og:type\" content=\"article\" \/>\n<meta property=\"og:title\" content=\"Coment\u00e1rio: Os EUA devem divulgar os dados sobre sua pandemia - CRI e Diario de Pernambuco\" \/>\n<meta property=\"og:description\" content=\"Atualmente, a nova variante XBB.1.5 da Covid-19 est\u00e1 se espalhando rapidamente nos Estados Unidos e j\u00e1 causou mais de 43% das infec\u00e7\u00f5es, o que faz desta a cepa a que cresce mais r\u00e1pido no pa\u00eds. De acordo com a Iniciativa...\" \/>\n<meta property=\"og:url\" content=\"https:\/\/diariodepe.com.br\/cri\/2023\/01\/17\/comentario-os-eua-devem-divulgar-os-dados-sobre-sua-pandemia\/\" \/>\n<meta property=\"og:site_name\" content=\"CRI e Diario de Pernambuco\" \/>\n<meta property=\"article:published_time\" content=\"2023-01-17T09:03:08+00:00\" \/>\n<meta property=\"article:modified_time\" content=\"2023-01-17T09:03:09+00:00\" \/>\n<meta name=\"author\" content=\"Ismael Lucas S. Pereira\" \/>\n<meta name=\"twitter:card\" content=\"summary_large_image\" \/>\n<meta name=\"twitter:label1\" content=\"Escrito por\" \/>\n\t<meta name=\"twitter:data1\" content=\"Ismael Lucas S. Pereira\" \/>\n\t<meta name=\"twitter:label2\" content=\"Est. tempo de leitura\" \/>\n\t<meta name=\"twitter:data2\" content=\"3 minutos\" \/>\n<script type=\"application\/ld+json\" class=\"yoast-schema-graph\">{\"@context\":\"https:\\\/\\\/schema.org\",\"@graph\":[{\"@type\":\"Article\",\"@id\":\"https:\\\/\\\/diariodepe.com.br\\\/cri\\\/2023\\\/01\\\/17\\\/comentario-os-eua-devem-divulgar-os-dados-sobre-sua-pandemia\\\/#article\",\"isPartOf\":{\"@id\":\"https:\\\/\\\/diariodepe.com.br\\\/cri\\\/2023\\\/01\\\/17\\\/comentario-os-eua-devem-divulgar-os-dados-sobre-sua-pandemia\\\/\"},\"author\":{\"name\":\"Ismael Lucas S. Pereira\",\"@id\":\"https:\\\/\\\/diariodepe.com.br\\\/cri\\\/#\\\/schema\\\/person\\\/121bb28d84f1a5b1205ef4ce9c2e0c6b\"},\"headline\":\"Coment\u00e1rio: Os EUA devem divulgar os dados sobre sua pandemia\",\"datePublished\":\"2023-01-17T09:03:08+00:00\",\"dateModified\":\"2023-01-17T09:03:09+00:00\",\"mainEntityOfPage\":{\"@id\":\"https:\\\/\\\/diariodepe.com.br\\\/cri\\\/2023\\\/01\\\/17\\\/comentario-os-eua-devem-divulgar-os-dados-sobre-sua-pandemia\\\/\"},\"wordCount\":504,\"commentCount\":0,\"publisher\":{\"@id\":\"https:\\\/\\\/diariodepe.com.br\\\/cri\\\/#organization\"},\"articleSection\":[\"Vis\u00e3o\"],\"inLanguage\":\"pt-BR\",\"potentialAction\":[{\"@type\":\"CommentAction\",\"name\":\"Comment\",\"target\":[\"https:\\\/\\\/diariodepe.com.br\\\/cri\\\/2023\\\/01\\\/17\\\/comentario-os-eua-devem-divulgar-os-dados-sobre-sua-pandemia\\\/#respond\"]}]},{\"@type\":\"WebPage\",\"@id\":\"https:\\\/\\\/diariodepe.com.br\\\/cri\\\/2023\\\/01\\\/17\\\/comentario-os-eua-devem-divulgar-os-dados-sobre-sua-pandemia\\\/\",\"url\":\"https:\\\/\\\/diariodepe.com.br\\\/cri\\\/2023\\\/01\\\/17\\\/comentario-os-eua-devem-divulgar-os-dados-sobre-sua-pandemia\\\/\",\"name\":\"Coment\u00e1rio: Os EUA devem divulgar os dados sobre sua pandemia - CRI e Diario de Pernambuco\",\"isPartOf\":{\"@id\":\"https:\\\/\\\/diariodepe.com.br\\\/cri\\\/#website\"},\"datePublished\":\"2023-01-17T09:03:08+00:00\",\"dateModified\":\"2023-01-17T09:03:09+00:00\",\"breadcrumb\":{\"@id\":\"https:\\\/\\\/diariodepe.com.br\\\/cri\\\/2023\\\/01\\\/17\\\/comentario-os-eua-devem-divulgar-os-dados-sobre-sua-pandemia\\\/#breadcrumb\"},\"inLanguage\":\"pt-BR\",\"potentialAction\":[{\"@type\":\"ReadAction\",\"target\":[\"https:\\\/\\\/diariodepe.com.br\\\/cri\\\/2023\\\/01\\\/17\\\/comentario-os-eua-devem-divulgar-os-dados-sobre-sua-pandemia\\\/\"]}]},{\"@type\":\"BreadcrumbList\",\"@id\":\"https:\\\/\\\/diariodepe.com.br\\\/cri\\\/2023\\\/01\\\/17\\\/comentario-os-eua-devem-divulgar-os-dados-sobre-sua-pandemia\\\/#breadcrumb\",\"itemListElement\":[{\"@type\":\"ListItem\",\"position\":1,\"name\":\"In\u00edcio\",\"item\":\"https:\\\/\\\/diariodepe.com.br\\\/cri\\\/\"},{\"@type\":\"ListItem\",\"position\":2,\"name\":\"Coment\u00e1rio: Os EUA devem divulgar os dados sobre sua pandemia\"}]},{\"@type\":\"WebSite\",\"@id\":\"https:\\\/\\\/diariodepe.com.br\\\/cri\\\/#website\",\"url\":\"https:\\\/\\\/diariodepe.com.br\\\/cri\\\/\",\"name\":\"CRI e Diario de Pernambuco\",\"description\":\"R\u00e1dio Internacional da China\",\"publisher\":{\"@id\":\"https:\\\/\\\/diariodepe.com.br\\\/cri\\\/#organization\"},\"potentialAction\":[{\"@type\":\"SearchAction\",\"target\":{\"@type\":\"EntryPoint\",\"urlTemplate\":\"https:\\\/\\\/diariodepe.com.br\\\/cri\\\/?s={search_term_string}\"},\"query-input\":{\"@type\":\"PropertyValueSpecification\",\"valueRequired\":true,\"valueName\":\"search_term_string\"}}],\"inLanguage\":\"pt-BR\"},{\"@type\":\"Organization\",\"@id\":\"https:\\\/\\\/diariodepe.com.br\\\/cri\\\/#organization\",\"name\":\"CRI e Diario de Pernambuco\",\"url\":\"https:\\\/\\\/diariodepe.com.br\\\/cri\\\/\",\"logo\":{\"@type\":\"ImageObject\",\"inLanguage\":\"pt-BR\",\"@id\":\"https:\\\/\\\/diariodepe.com.br\\\/cri\\\/#\\\/schema\\\/logo\\\/image\\\/\",\"url\":\"https:\\\/\\\/diariodepe.com.br\\\/cri\\\/wp-content\\\/uploads\\\/sites\\\/2\\\/2022\\\/12\\\/cropped-Logo.jpg\",\"contentUrl\":\"https:\\\/\\\/diariodepe.com.br\\\/cri\\\/wp-content\\\/uploads\\\/sites\\\/2\\\/2022\\\/12\\\/cropped-Logo.jpg\",\"width\":700,\"height\":59,\"caption\":\"CRI e Diario de Pernambuco\"},\"image\":{\"@id\":\"https:\\\/\\\/diariodepe.com.br\\\/cri\\\/#\\\/schema\\\/logo\\\/image\\\/\"}},{\"@type\":\"Person\",\"@id\":\"https:\\\/\\\/diariodepe.com.br\\\/cri\\\/#\\\/schema\\\/person\\\/121bb28d84f1a5b1205ef4ce9c2e0c6b\",\"name\":\"Ismael Lucas S. Pereira\",\"image\":{\"@type\":\"ImageObject\",\"inLanguage\":\"pt-BR\",\"@id\":\"https:\\\/\\\/secure.gravatar.com\\\/avatar\\\/887a0f3b5a7ceea963a48499fb883ffce6b5037362def025c52c2505b15d63e4?s=96&d=mm&r=g\",\"url\":\"https:\\\/\\\/secure.gravatar.com\\\/avatar\\\/887a0f3b5a7ceea963a48499fb883ffce6b5037362def025c52c2505b15d63e4?s=96&d=mm&r=g\",\"contentUrl\":\"https:\\\/\\\/secure.gravatar.com\\\/avatar\\\/887a0f3b5a7ceea963a48499fb883ffce6b5037362def025c52c2505b15d63e4?s=96&d=mm&r=g\",\"caption\":\"Ismael Lucas S. Pereira\"},\"url\":\"https:\\\/\\\/diariodepe.com.br\\\/cri\\\/author\\\/ismael-lucas\\\/\"}]}<\/script>\n<!-- \/ Yoast SEO plugin. -->","yoast_head_json":{"title":"Coment\u00e1rio: Os EUA devem divulgar os dados sobre sua pandemia - CRI e Diario de Pernambuco","robots":{"index":"index","follow":"follow","max-snippet":"max-snippet:-1","max-image-preview":"max-image-preview:large","max-video-preview":"max-video-preview:-1"},"canonical":"https:\/\/diariodepe.com.br\/cri\/2023\/01\/17\/comentario-os-eua-devem-divulgar-os-dados-sobre-sua-pandemia\/","og_locale":"pt_BR","og_type":"article","og_title":"Coment\u00e1rio: Os EUA devem divulgar os dados sobre sua pandemia - CRI e Diario de Pernambuco","og_description":"Atualmente, a nova variante XBB.1.5 da Covid-19 est\u00e1 se espalhando rapidamente nos Estados Unidos e j\u00e1 causou mais de 43% das infec\u00e7\u00f5es, o que faz desta a cepa a que cresce mais r\u00e1pido no pa\u00eds. De acordo com a Iniciativa...","og_url":"https:\/\/diariodepe.com.br\/cri\/2023\/01\/17\/comentario-os-eua-devem-divulgar-os-dados-sobre-sua-pandemia\/","og_site_name":"CRI e Diario de Pernambuco","article_published_time":"2023-01-17T09:03:08+00:00","article_modified_time":"2023-01-17T09:03:09+00:00","author":"Ismael Lucas S. Pereira","twitter_card":"summary_large_image","twitter_misc":{"Escrito por":"Ismael Lucas S. Pereira","Est. tempo de leitura":"3 minutos"},"schema":{"@context":"https:\/\/schema.org","@graph":[{"@type":"Article","@id":"https:\/\/diariodepe.com.br\/cri\/2023\/01\/17\/comentario-os-eua-devem-divulgar-os-dados-sobre-sua-pandemia\/#article","isPartOf":{"@id":"https:\/\/diariodepe.com.br\/cri\/2023\/01\/17\/comentario-os-eua-devem-divulgar-os-dados-sobre-sua-pandemia\/"},"author":{"name":"Ismael Lucas S. Pereira","@id":"https:\/\/diariodepe.com.br\/cri\/#\/schema\/person\/121bb28d84f1a5b1205ef4ce9c2e0c6b"},"headline":"Coment\u00e1rio: Os EUA devem divulgar os dados sobre sua pandemia","datePublished":"2023-01-17T09:03:08+00:00","dateModified":"2023-01-17T09:03:09+00:00","mainEntityOfPage":{"@id":"https:\/\/diariodepe.com.br\/cri\/2023\/01\/17\/comentario-os-eua-devem-divulgar-os-dados-sobre-sua-pandemia\/"},"wordCount":504,"commentCount":0,"publisher":{"@id":"https:\/\/diariodepe.com.br\/cri\/#organization"},"articleSection":["Vis\u00e3o"],"inLanguage":"pt-BR","potentialAction":[{"@type":"CommentAction","name":"Comment","target":["https:\/\/diariodepe.com.br\/cri\/2023\/01\/17\/comentario-os-eua-devem-divulgar-os-dados-sobre-sua-pandemia\/#respond"]}]},{"@type":"WebPage","@id":"https:\/\/diariodepe.com.br\/cri\/2023\/01\/17\/comentario-os-eua-devem-divulgar-os-dados-sobre-sua-pandemia\/","url":"https:\/\/diariodepe.com.br\/cri\/2023\/01\/17\/comentario-os-eua-devem-divulgar-os-dados-sobre-sua-pandemia\/","name":"Coment\u00e1rio: Os EUA devem divulgar os dados sobre sua pandemia - CRI e Diario de Pernambuco","isPartOf":{"@id":"https:\/\/diariodepe.com.br\/cri\/#website"},"datePublished":"2023-01-17T09:03:08+00:00","dateModified":"2023-01-17T09:03:09+00:00","breadcrumb":{"@id":"https:\/\/diariodepe.com.br\/cri\/2023\/01\/17\/comentario-os-eua-devem-divulgar-os-dados-sobre-sua-pandemia\/#breadcrumb"},"inLanguage":"pt-BR","potentialAction":[{"@type":"ReadAction","target":["https:\/\/diariodepe.com.br\/cri\/2023\/01\/17\/comentario-os-eua-devem-divulgar-os-dados-sobre-sua-pandemia\/"]}]},{"@type":"BreadcrumbList","@id":"https:\/\/diariodepe.com.br\/cri\/2023\/01\/17\/comentario-os-eua-devem-divulgar-os-dados-sobre-sua-pandemia\/#breadcrumb","itemListElement":[{"@type":"ListItem","position":1,"name":"In\u00edcio","item":"https:\/\/diariodepe.com.br\/cri\/"},{"@type":"ListItem","position":2,"name":"Coment\u00e1rio: Os EUA devem divulgar os dados sobre sua pandemia"}]},{"@type":"WebSite","@id":"https:\/\/diariodepe.com.br\/cri\/#website","url":"https:\/\/diariodepe.com.br\/cri\/","name":"CRI e Diario de Pernambuco","description":"R\u00e1dio Internacional da China","publisher":{"@id":"https:\/\/diariodepe.com.br\/cri\/#organization"},"potentialAction":[{"@type":"SearchAction","target":{"@type":"EntryPoint","urlTemplate":"https:\/\/diariodepe.com.br\/cri\/?s={search_term_string}"},"query-input":{"@type":"PropertyValueSpecification","valueRequired":true,"valueName":"search_term_string"}}],"inLanguage":"pt-BR"},{"@type":"Organization","@id":"https:\/\/diariodepe.com.br\/cri\/#organization","name":"CRI e Diario de Pernambuco","url":"https:\/\/diariodepe.com.br\/cri\/","logo":{"@type":"ImageObject","inLanguage":"pt-BR","@id":"https:\/\/diariodepe.com.br\/cri\/#\/schema\/logo\/image\/","url":"https:\/\/diariodepe.com.br\/cri\/wp-content\/uploads\/sites\/2\/2022\/12\/cropped-Logo.jpg","contentUrl":"https:\/\/diariodepe.com.br\/cri\/wp-content\/uploads\/sites\/2\/2022\/12\/cropped-Logo.jpg","width":700,"height":59,"caption":"CRI e Diario de Pernambuco"},"image":{"@id":"https:\/\/diariodepe.com.br\/cri\/#\/schema\/logo\/image\/"}},{"@type":"Person","@id":"https:\/\/diariodepe.com.br\/cri\/#\/schema\/person\/121bb28d84f1a5b1205ef4ce9c2e0c6b","name":"Ismael Lucas S. Pereira","image":{"@type":"ImageObject","inLanguage":"pt-BR","@id":"https:\/\/secure.gravatar.com\/avatar\/887a0f3b5a7ceea963a48499fb883ffce6b5037362def025c52c2505b15d63e4?s=96&d=mm&r=g","url":"https:\/\/secure.gravatar.com\/avatar\/887a0f3b5a7ceea963a48499fb883ffce6b5037362def025c52c2505b15d63e4?s=96&d=mm&r=g","contentUrl":"https:\/\/secure.gravatar.com\/avatar\/887a0f3b5a7ceea963a48499fb883ffce6b5037362def025c52c2505b15d63e4?s=96&d=mm&r=g","caption":"Ismael Lucas S. Pereira"},"url":"https:\/\/diariodepe.com.br\/cri\/author\/ismael-lucas\/"}]}},"cc_featured_image_caption":{"caption_text":"","source_text":"","source_url":""},"amp_enabled":true,"_links":{"self":[{"href":"https:\/\/diariodepe.com.br\/cri\/wp-json\/wp\/v2\/posts\/377","targetHints":{"allow":["GET"]}}],"collection":[{"href":"https:\/\/diariodepe.com.br\/cri\/wp-json\/wp\/v2\/posts"}],"about":[{"href":"https:\/\/diariodepe.com.br\/cri\/wp-json\/wp\/v2\/types\/post"}],"author":[{"embeddable":true,"href":"https:\/\/diariodepe.com.br\/cri\/wp-json\/wp\/v2\/users\/2"}],"replies":[{"embeddable":true,"href":"https:\/\/diariodepe.com.br\/cri\/wp-json\/wp\/v2\/comments?post=377"}],"version-history":[{"count":1,"href":"https:\/\/diariodepe.com.br\/cri\/wp-json\/wp\/v2\/posts\/377\/revisions"}],"predecessor-version":[{"id":378,"href":"https:\/\/diariodepe.com.br\/cri\/wp-json\/wp\/v2\/posts\/377\/revisions\/378"}],"wp:attachment":[{"href":"https:\/\/diariodepe.com.br\/cri\/wp-json\/wp\/v2\/media?parent=377"}],"wp:term":[{"taxonomy":"category","embeddable":true,"href":"https:\/\/diariodepe.com.br\/cri\/wp-json\/wp\/v2\/categories?post=377"},{"taxonomy":"post_tag","embeddable":true,"href":"https:\/\/diariodepe.com.br\/cri\/wp-json\/wp\/v2\/tags?post=377"}],"curies":[{"name":"wp","href":"https:\/\/api.w.org\/{rel}","templated":true}]}}