{"id":369,"date":"2023-01-17T05:57:29","date_gmt":"2023-01-17T08:57:29","guid":{"rendered":"https:\/\/diariodepe.com.br\/cri\/?p=369"},"modified":"2023-01-17T05:57:30","modified_gmt":"2023-01-17T08:57:30","slug":"presidentes-chines-e-angolano-trocam-felicitacoes-pelos-40-anos-do-estabelecimento-das-relacoes-diplomaticas","status":"publish","type":"post","link":"https:\/\/diariodepe.com.br\/cri\/2023\/01\/17\/presidentes-chines-e-angolano-trocam-felicitacoes-pelos-40-anos-do-estabelecimento-das-relacoes-diplomaticas\/","title":{"rendered":"<strong>Presidentes chin\u00eas e angolano trocam felicita\u00e7\u00f5es pelos 40 anos do estabelecimento das rela\u00e7\u00f5es diplom\u00e1ticas<\/strong>"},"content":{"rendered":"\n<p>O presidente chin\u00eas, Xi Jinping, e o presidente angolano, Jo\u00e3o Louren\u00e7o, trocaram mensagens de congratula\u00e7\u00f5es pela ocasi\u00e3o dos 40 anos do estabelecimento das rela\u00e7\u00f5es diplom\u00e1ticas entre os dois pa\u00edses nesta quinta-feira (12).<\/p>\n\n\n\n<p>Xi Jinping afirmou que, nas \u00faltimas quatro d\u00e9cadas, a China e Angola insistiram na amizade e coopera\u00e7\u00e3o e se apoiaram em quest\u00f5es de interesses fundamentais e de grande preocupa\u00e7\u00e3o. Segundo ele, atualmente, o relacionamento sino-angolano est\u00e1 em bom andamento e as coopera\u00e7\u00f5es frut\u00edferas em todas as \u00e1reas beneficiam ambos os povos.<\/p>\n\n\n\n<p>O l\u00edder chin\u00eas disse que quer trabalhar junto com o presidente angolano para continuar aprofundando a confian\u00e7a pol\u00edtica, fortalecendo coopera\u00e7\u00f5es e aumentando a amizade entre os dois povos.<\/p>\n\n\n\n<p>Em sua mensagem, Jo\u00e3o Louren\u00e7o disse que, ap\u00f3s o estabelecimento das rela\u00e7\u00f5es diplom\u00e1ticas, as rela\u00e7\u00f5es bilaterais v\u00eam se desenvolvendo e as coopera\u00e7\u00f5es em \u00e1reas importantes alcan\u00e7aram resultados satisfat\u00f3rios. Ele apontou que os dois pa\u00edses contam com a mesma opini\u00e3o em muitas quest\u00f5es internacionais, e a parte angolana quer refor\u00e7ar ainda mais as coopera\u00e7\u00f5es amistosas com a China na busca de progresso, prosperidade e desenvolvimento comum.&nbsp;<br><\/p>\n","protected":false},"excerpt":{"rendered":"<p>O presidente chin\u00eas, Xi Jinping, e o presidente angolano, Jo\u00e3o Louren\u00e7o, trocaram mensagens de congratula\u00e7\u00f5es pela ocasi\u00e3o dos 40 anos do estabelecimento das rela\u00e7\u00f5es diplom\u00e1ticas entre os dois pa\u00edses nesta quinta-feira (12). Xi Jinping afirmou que, nas \u00faltimas quatro d\u00e9cadas,&#8230;<\/p>\n","protected":false},"author":2,"featured_media":0,"comment_status":"open","ping_status":"open","sticky":false,"template":"","format":"standard","meta":{"footnotes":""},"categories":[8],"tags":[],"class_list":["post-369","post","type-post","status-publish","format-standard","hentry","category-internacional"],"yoast_head":"<!-- This site is optimized with the Yoast SEO plugin v27.4 - https:\/\/yoast.com\/product\/yoast-seo-wordpress\/ -->\n<title>Presidentes chin\u00eas e angolano trocam felicita\u00e7\u00f5es pelos 40 anos do estabelecimento das rela\u00e7\u00f5es diplom\u00e1ticas - CRI e Diario de Pernambuco<\/title>\n<meta name=\"robots\" content=\"index, follow, max-snippet:-1, max-image-preview:large, max-video-preview:-1\" \/>\n<link rel=\"canonical\" href=\"https:\/\/diariodepe.com.br\/cri\/2023\/01\/17\/presidentes-chines-e-angolano-trocam-felicitacoes-pelos-40-anos-do-estabelecimento-das-relacoes-diplomaticas\/\" \/>\n<meta property=\"og:locale\" content=\"pt_BR\" \/>\n<meta property=\"og:type\" content=\"article\" \/>\n<meta property=\"og:title\" content=\"Presidentes chin\u00eas e angolano trocam felicita\u00e7\u00f5es pelos 40 anos do estabelecimento das rela\u00e7\u00f5es diplom\u00e1ticas - CRI e Diario de Pernambuco\" \/>\n<meta property=\"og:description\" content=\"O presidente chin\u00eas, Xi Jinping, e o presidente angolano, Jo\u00e3o Louren\u00e7o, trocaram mensagens de congratula\u00e7\u00f5es pela ocasi\u00e3o dos 40 anos do estabelecimento das rela\u00e7\u00f5es diplom\u00e1ticas entre os dois pa\u00edses nesta quinta-feira (12). Xi Jinping afirmou que, nas \u00faltimas quatro d\u00e9cadas,...\" \/>\n<meta property=\"og:url\" content=\"https:\/\/diariodepe.com.br\/cri\/2023\/01\/17\/presidentes-chines-e-angolano-trocam-felicitacoes-pelos-40-anos-do-estabelecimento-das-relacoes-diplomaticas\/\" \/>\n<meta property=\"og:site_name\" content=\"CRI e Diario de Pernambuco\" \/>\n<meta property=\"article:published_time\" content=\"2023-01-17T08:57:29+00:00\" \/>\n<meta property=\"article:modified_time\" content=\"2023-01-17T08:57:30+00:00\" \/>\n<meta name=\"author\" content=\"Ismael Lucas S. Pereira\" \/>\n<meta name=\"twitter:card\" content=\"summary_large_image\" \/>\n<meta name=\"twitter:label1\" content=\"Escrito por\" \/>\n\t<meta name=\"twitter:data1\" content=\"Ismael Lucas S. Pereira\" \/>\n\t<meta name=\"twitter:label2\" content=\"Est. tempo de leitura\" \/>\n\t<meta name=\"twitter:data2\" content=\"1 minuto\" \/>\n<script type=\"application\/ld+json\" class=\"yoast-schema-graph\">{\"@context\":\"https:\\\/\\\/schema.org\",\"@graph\":[{\"@type\":\"Article\",\"@id\":\"https:\\\/\\\/diariodepe.com.br\\\/cri\\\/2023\\\/01\\\/17\\\/presidentes-chines-e-angolano-trocam-felicitacoes-pelos-40-anos-do-estabelecimento-das-relacoes-diplomaticas\\\/#article\",\"isPartOf\":{\"@id\":\"https:\\\/\\\/diariodepe.com.br\\\/cri\\\/2023\\\/01\\\/17\\\/presidentes-chines-e-angolano-trocam-felicitacoes-pelos-40-anos-do-estabelecimento-das-relacoes-diplomaticas\\\/\"},\"author\":{\"name\":\"Ismael Lucas S. Pereira\",\"@id\":\"https:\\\/\\\/diariodepe.com.br\\\/cri\\\/#\\\/schema\\\/person\\\/121bb28d84f1a5b1205ef4ce9c2e0c6b\"},\"headline\":\"Presidentes chin\u00eas e angolano trocam felicita\u00e7\u00f5es pelos 40 anos do estabelecimento das rela\u00e7\u00f5es diplom\u00e1ticas\",\"datePublished\":\"2023-01-17T08:57:29+00:00\",\"dateModified\":\"2023-01-17T08:57:30+00:00\",\"mainEntityOfPage\":{\"@id\":\"https:\\\/\\\/diariodepe.com.br\\\/cri\\\/2023\\\/01\\\/17\\\/presidentes-chines-e-angolano-trocam-felicitacoes-pelos-40-anos-do-estabelecimento-das-relacoes-diplomaticas\\\/\"},\"wordCount\":226,\"commentCount\":0,\"publisher\":{\"@id\":\"https:\\\/\\\/diariodepe.com.br\\\/cri\\\/#organization\"},\"articleSection\":[\"Internacional\"],\"inLanguage\":\"pt-BR\",\"potentialAction\":[{\"@type\":\"CommentAction\",\"name\":\"Comment\",\"target\":[\"https:\\\/\\\/diariodepe.com.br\\\/cri\\\/2023\\\/01\\\/17\\\/presidentes-chines-e-angolano-trocam-felicitacoes-pelos-40-anos-do-estabelecimento-das-relacoes-diplomaticas\\\/#respond\"]}]},{\"@type\":\"WebPage\",\"@id\":\"https:\\\/\\\/diariodepe.com.br\\\/cri\\\/2023\\\/01\\\/17\\\/presidentes-chines-e-angolano-trocam-felicitacoes-pelos-40-anos-do-estabelecimento-das-relacoes-diplomaticas\\\/\",\"url\":\"https:\\\/\\\/diariodepe.com.br\\\/cri\\\/2023\\\/01\\\/17\\\/presidentes-chines-e-angolano-trocam-felicitacoes-pelos-40-anos-do-estabelecimento-das-relacoes-diplomaticas\\\/\",\"name\":\"Presidentes chin\u00eas e angolano trocam felicita\u00e7\u00f5es pelos 40 anos do estabelecimento das rela\u00e7\u00f5es diplom\u00e1ticas - CRI e Diario de Pernambuco\",\"isPartOf\":{\"@id\":\"https:\\\/\\\/diariodepe.com.br\\\/cri\\\/#website\"},\"datePublished\":\"2023-01-17T08:57:29+00:00\",\"dateModified\":\"2023-01-17T08:57:30+00:00\",\"breadcrumb\":{\"@id\":\"https:\\\/\\\/diariodepe.com.br\\\/cri\\\/2023\\\/01\\\/17\\\/presidentes-chines-e-angolano-trocam-felicitacoes-pelos-40-anos-do-estabelecimento-das-relacoes-diplomaticas\\\/#breadcrumb\"},\"inLanguage\":\"pt-BR\",\"potentialAction\":[{\"@type\":\"ReadAction\",\"target\":[\"https:\\\/\\\/diariodepe.com.br\\\/cri\\\/2023\\\/01\\\/17\\\/presidentes-chines-e-angolano-trocam-felicitacoes-pelos-40-anos-do-estabelecimento-das-relacoes-diplomaticas\\\/\"]}]},{\"@type\":\"BreadcrumbList\",\"@id\":\"https:\\\/\\\/diariodepe.com.br\\\/cri\\\/2023\\\/01\\\/17\\\/presidentes-chines-e-angolano-trocam-felicitacoes-pelos-40-anos-do-estabelecimento-das-relacoes-diplomaticas\\\/#breadcrumb\",\"itemListElement\":[{\"@type\":\"ListItem\",\"position\":1,\"name\":\"In\u00edcio\",\"item\":\"https:\\\/\\\/diariodepe.com.br\\\/cri\\\/\"},{\"@type\":\"ListItem\",\"position\":2,\"name\":\"Presidentes chin\u00eas e angolano trocam felicita\u00e7\u00f5es pelos 40 anos do estabelecimento das rela\u00e7\u00f5es diplom\u00e1ticas\"}]},{\"@type\":\"WebSite\",\"@id\":\"https:\\\/\\\/diariodepe.com.br\\\/cri\\\/#website\",\"url\":\"https:\\\/\\\/diariodepe.com.br\\\/cri\\\/\",\"name\":\"CRI e Diario de Pernambuco\",\"description\":\"R\u00e1dio Internacional da China\",\"publisher\":{\"@id\":\"https:\\\/\\\/diariodepe.com.br\\\/cri\\\/#organization\"},\"potentialAction\":[{\"@type\":\"SearchAction\",\"target\":{\"@type\":\"EntryPoint\",\"urlTemplate\":\"https:\\\/\\\/diariodepe.com.br\\\/cri\\\/?s={search_term_string}\"},\"query-input\":{\"@type\":\"PropertyValueSpecification\",\"valueRequired\":true,\"valueName\":\"search_term_string\"}}],\"inLanguage\":\"pt-BR\"},{\"@type\":\"Organization\",\"@id\":\"https:\\\/\\\/diariodepe.com.br\\\/cri\\\/#organization\",\"name\":\"CRI e Diario de Pernambuco\",\"url\":\"https:\\\/\\\/diariodepe.com.br\\\/cri\\\/\",\"logo\":{\"@type\":\"ImageObject\",\"inLanguage\":\"pt-BR\",\"@id\":\"https:\\\/\\\/diariodepe.com.br\\\/cri\\\/#\\\/schema\\\/logo\\\/image\\\/\",\"url\":\"https:\\\/\\\/diariodepe.com.br\\\/cri\\\/wp-content\\\/uploads\\\/sites\\\/2\\\/2022\\\/12\\\/cropped-Logo.jpg\",\"contentUrl\":\"https:\\\/\\\/diariodepe.com.br\\\/cri\\\/wp-content\\\/uploads\\\/sites\\\/2\\\/2022\\\/12\\\/cropped-Logo.jpg\",\"width\":700,\"height\":59,\"caption\":\"CRI e Diario de Pernambuco\"},\"image\":{\"@id\":\"https:\\\/\\\/diariodepe.com.br\\\/cri\\\/#\\\/schema\\\/logo\\\/image\\\/\"}},{\"@type\":\"Person\",\"@id\":\"https:\\\/\\\/diariodepe.com.br\\\/cri\\\/#\\\/schema\\\/person\\\/121bb28d84f1a5b1205ef4ce9c2e0c6b\",\"name\":\"Ismael Lucas S. Pereira\",\"image\":{\"@type\":\"ImageObject\",\"inLanguage\":\"pt-BR\",\"@id\":\"https:\\\/\\\/secure.gravatar.com\\\/avatar\\\/887a0f3b5a7ceea963a48499fb883ffce6b5037362def025c52c2505b15d63e4?s=96&d=mm&r=g\",\"url\":\"https:\\\/\\\/secure.gravatar.com\\\/avatar\\\/887a0f3b5a7ceea963a48499fb883ffce6b5037362def025c52c2505b15d63e4?s=96&d=mm&r=g\",\"contentUrl\":\"https:\\\/\\\/secure.gravatar.com\\\/avatar\\\/887a0f3b5a7ceea963a48499fb883ffce6b5037362def025c52c2505b15d63e4?s=96&d=mm&r=g\",\"caption\":\"Ismael Lucas S. Pereira\"},\"url\":\"https:\\\/\\\/diariodepe.com.br\\\/cri\\\/author\\\/ismael-lucas\\\/\"}]}<\/script>\n<!-- \/ Yoast SEO plugin. -->","yoast_head_json":{"title":"Presidentes chin\u00eas e angolano trocam felicita\u00e7\u00f5es pelos 40 anos do estabelecimento das rela\u00e7\u00f5es diplom\u00e1ticas - CRI e Diario de Pernambuco","robots":{"index":"index","follow":"follow","max-snippet":"max-snippet:-1","max-image-preview":"max-image-preview:large","max-video-preview":"max-video-preview:-1"},"canonical":"https:\/\/diariodepe.com.br\/cri\/2023\/01\/17\/presidentes-chines-e-angolano-trocam-felicitacoes-pelos-40-anos-do-estabelecimento-das-relacoes-diplomaticas\/","og_locale":"pt_BR","og_type":"article","og_title":"Presidentes chin\u00eas e angolano trocam felicita\u00e7\u00f5es pelos 40 anos do estabelecimento das rela\u00e7\u00f5es diplom\u00e1ticas - CRI e Diario de Pernambuco","og_description":"O presidente chin\u00eas, Xi Jinping, e o presidente angolano, Jo\u00e3o Louren\u00e7o, trocaram mensagens de congratula\u00e7\u00f5es pela ocasi\u00e3o dos 40 anos do estabelecimento das rela\u00e7\u00f5es diplom\u00e1ticas entre os dois pa\u00edses nesta quinta-feira (12). Xi Jinping afirmou que, nas \u00faltimas quatro d\u00e9cadas,...","og_url":"https:\/\/diariodepe.com.br\/cri\/2023\/01\/17\/presidentes-chines-e-angolano-trocam-felicitacoes-pelos-40-anos-do-estabelecimento-das-relacoes-diplomaticas\/","og_site_name":"CRI e Diario de Pernambuco","article_published_time":"2023-01-17T08:57:29+00:00","article_modified_time":"2023-01-17T08:57:30+00:00","author":"Ismael Lucas S. Pereira","twitter_card":"summary_large_image","twitter_misc":{"Escrito por":"Ismael Lucas S. Pereira","Est. tempo de leitura":"1 minuto"},"schema":{"@context":"https:\/\/schema.org","@graph":[{"@type":"Article","@id":"https:\/\/diariodepe.com.br\/cri\/2023\/01\/17\/presidentes-chines-e-angolano-trocam-felicitacoes-pelos-40-anos-do-estabelecimento-das-relacoes-diplomaticas\/#article","isPartOf":{"@id":"https:\/\/diariodepe.com.br\/cri\/2023\/01\/17\/presidentes-chines-e-angolano-trocam-felicitacoes-pelos-40-anos-do-estabelecimento-das-relacoes-diplomaticas\/"},"author":{"name":"Ismael Lucas S. Pereira","@id":"https:\/\/diariodepe.com.br\/cri\/#\/schema\/person\/121bb28d84f1a5b1205ef4ce9c2e0c6b"},"headline":"Presidentes chin\u00eas e angolano trocam felicita\u00e7\u00f5es pelos 40 anos do estabelecimento das rela\u00e7\u00f5es diplom\u00e1ticas","datePublished":"2023-01-17T08:57:29+00:00","dateModified":"2023-01-17T08:57:30+00:00","mainEntityOfPage":{"@id":"https:\/\/diariodepe.com.br\/cri\/2023\/01\/17\/presidentes-chines-e-angolano-trocam-felicitacoes-pelos-40-anos-do-estabelecimento-das-relacoes-diplomaticas\/"},"wordCount":226,"commentCount":0,"publisher":{"@id":"https:\/\/diariodepe.com.br\/cri\/#organization"},"articleSection":["Internacional"],"inLanguage":"pt-BR","potentialAction":[{"@type":"CommentAction","name":"Comment","target":["https:\/\/diariodepe.com.br\/cri\/2023\/01\/17\/presidentes-chines-e-angolano-trocam-felicitacoes-pelos-40-anos-do-estabelecimento-das-relacoes-diplomaticas\/#respond"]}]},{"@type":"WebPage","@id":"https:\/\/diariodepe.com.br\/cri\/2023\/01\/17\/presidentes-chines-e-angolano-trocam-felicitacoes-pelos-40-anos-do-estabelecimento-das-relacoes-diplomaticas\/","url":"https:\/\/diariodepe.com.br\/cri\/2023\/01\/17\/presidentes-chines-e-angolano-trocam-felicitacoes-pelos-40-anos-do-estabelecimento-das-relacoes-diplomaticas\/","name":"Presidentes chin\u00eas e angolano trocam felicita\u00e7\u00f5es pelos 40 anos do estabelecimento das rela\u00e7\u00f5es diplom\u00e1ticas - CRI e Diario de Pernambuco","isPartOf":{"@id":"https:\/\/diariodepe.com.br\/cri\/#website"},"datePublished":"2023-01-17T08:57:29+00:00","dateModified":"2023-01-17T08:57:30+00:00","breadcrumb":{"@id":"https:\/\/diariodepe.com.br\/cri\/2023\/01\/17\/presidentes-chines-e-angolano-trocam-felicitacoes-pelos-40-anos-do-estabelecimento-das-relacoes-diplomaticas\/#breadcrumb"},"inLanguage":"pt-BR","potentialAction":[{"@type":"ReadAction","target":["https:\/\/diariodepe.com.br\/cri\/2023\/01\/17\/presidentes-chines-e-angolano-trocam-felicitacoes-pelos-40-anos-do-estabelecimento-das-relacoes-diplomaticas\/"]}]},{"@type":"BreadcrumbList","@id":"https:\/\/diariodepe.com.br\/cri\/2023\/01\/17\/presidentes-chines-e-angolano-trocam-felicitacoes-pelos-40-anos-do-estabelecimento-das-relacoes-diplomaticas\/#breadcrumb","itemListElement":[{"@type":"ListItem","position":1,"name":"In\u00edcio","item":"https:\/\/diariodepe.com.br\/cri\/"},{"@type":"ListItem","position":2,"name":"Presidentes chin\u00eas e angolano trocam felicita\u00e7\u00f5es pelos 40 anos do estabelecimento das rela\u00e7\u00f5es diplom\u00e1ticas"}]},{"@type":"WebSite","@id":"https:\/\/diariodepe.com.br\/cri\/#website","url":"https:\/\/diariodepe.com.br\/cri\/","name":"CRI e Diario de Pernambuco","description":"R\u00e1dio Internacional da China","publisher":{"@id":"https:\/\/diariodepe.com.br\/cri\/#organization"},"potentialAction":[{"@type":"SearchAction","target":{"@type":"EntryPoint","urlTemplate":"https:\/\/diariodepe.com.br\/cri\/?s={search_term_string}"},"query-input":{"@type":"PropertyValueSpecification","valueRequired":true,"valueName":"search_term_string"}}],"inLanguage":"pt-BR"},{"@type":"Organization","@id":"https:\/\/diariodepe.com.br\/cri\/#organization","name":"CRI e Diario de Pernambuco","url":"https:\/\/diariodepe.com.br\/cri\/","logo":{"@type":"ImageObject","inLanguage":"pt-BR","@id":"https:\/\/diariodepe.com.br\/cri\/#\/schema\/logo\/image\/","url":"https:\/\/diariodepe.com.br\/cri\/wp-content\/uploads\/sites\/2\/2022\/12\/cropped-Logo.jpg","contentUrl":"https:\/\/diariodepe.com.br\/cri\/wp-content\/uploads\/sites\/2\/2022\/12\/cropped-Logo.jpg","width":700,"height":59,"caption":"CRI e Diario de Pernambuco"},"image":{"@id":"https:\/\/diariodepe.com.br\/cri\/#\/schema\/logo\/image\/"}},{"@type":"Person","@id":"https:\/\/diariodepe.com.br\/cri\/#\/schema\/person\/121bb28d84f1a5b1205ef4ce9c2e0c6b","name":"Ismael Lucas S. Pereira","image":{"@type":"ImageObject","inLanguage":"pt-BR","@id":"https:\/\/secure.gravatar.com\/avatar\/887a0f3b5a7ceea963a48499fb883ffce6b5037362def025c52c2505b15d63e4?s=96&d=mm&r=g","url":"https:\/\/secure.gravatar.com\/avatar\/887a0f3b5a7ceea963a48499fb883ffce6b5037362def025c52c2505b15d63e4?s=96&d=mm&r=g","contentUrl":"https:\/\/secure.gravatar.com\/avatar\/887a0f3b5a7ceea963a48499fb883ffce6b5037362def025c52c2505b15d63e4?s=96&d=mm&r=g","caption":"Ismael Lucas S. Pereira"},"url":"https:\/\/diariodepe.com.br\/cri\/author\/ismael-lucas\/"}]}},"cc_featured_image_caption":{"caption_text":"","source_text":"","source_url":""},"amp_enabled":true,"_links":{"self":[{"href":"https:\/\/diariodepe.com.br\/cri\/wp-json\/wp\/v2\/posts\/369","targetHints":{"allow":["GET"]}}],"collection":[{"href":"https:\/\/diariodepe.com.br\/cri\/wp-json\/wp\/v2\/posts"}],"about":[{"href":"https:\/\/diariodepe.com.br\/cri\/wp-json\/wp\/v2\/types\/post"}],"author":[{"embeddable":true,"href":"https:\/\/diariodepe.com.br\/cri\/wp-json\/wp\/v2\/users\/2"}],"replies":[{"embeddable":true,"href":"https:\/\/diariodepe.com.br\/cri\/wp-json\/wp\/v2\/comments?post=369"}],"version-history":[{"count":1,"href":"https:\/\/diariodepe.com.br\/cri\/wp-json\/wp\/v2\/posts\/369\/revisions"}],"predecessor-version":[{"id":370,"href":"https:\/\/diariodepe.com.br\/cri\/wp-json\/wp\/v2\/posts\/369\/revisions\/370"}],"wp:attachment":[{"href":"https:\/\/diariodepe.com.br\/cri\/wp-json\/wp\/v2\/media?parent=369"}],"wp:term":[{"taxonomy":"category","embeddable":true,"href":"https:\/\/diariodepe.com.br\/cri\/wp-json\/wp\/v2\/categories?post=369"},{"taxonomy":"post_tag","embeddable":true,"href":"https:\/\/diariodepe.com.br\/cri\/wp-json\/wp\/v2\/tags?post=369"}],"curies":[{"name":"wp","href":"https:\/\/api.w.org\/{rel}","templated":true}]}}