{"id":365,"date":"2023-01-17T05:52:55","date_gmt":"2023-01-17T08:52:55","guid":{"rendered":"https:\/\/diariodepe.com.br\/cri\/?p=365"},"modified":"2023-01-17T05:52:56","modified_gmt":"2023-01-17T08:52:56","slug":"a-manipulacao-politica-da-pandemia-viola-fatos-cientificos","status":"publish","type":"post","link":"https:\/\/diariodepe.com.br\/cri\/2023\/01\/17\/a-manipulacao-politica-da-pandemia-viola-fatos-cientificos\/","title":{"rendered":"<strong>A \u201cmanipula\u00e7\u00e3o pol\u00edtica\u201d da pandemia viola fatos cient\u00edficos<\/strong>"},"content":{"rendered":"\n<p>Com a otimiza\u00e7\u00e3o e o ajuste das medidas de preven\u00e7\u00e3o e controle da pandemia, a China est\u00e1 adotando pol\u00edticas de controle de entrada e sa\u00edda da fronteira mais relaxadas e convenientes. Contudo, alguns pa\u00edses ocidentais que criticaram a China por ter adotado provid\u00eancias r\u00edgidas de controle da pandemia come\u00e7am a aplicar restri\u00e7\u00f5es discriminat\u00f3rias para os viajantes da China. O seu pretexto \u00e9 \u201ca preocupa\u00e7\u00e3o com o surgimento de novas variantes no pa\u00eds\u201d. Essa manipula\u00e7\u00e3o com uma \u00f3bvia \u201cconota\u00e7\u00e3o pol\u00edtica\u201d tem sido criticada por personalidades internacionais.<\/p>\n\n\n\n<p>A Organiza\u00e7\u00e3o Mundial da Sa\u00fade confirmou que n\u00e3o foram detectadas novas variantes ou muta\u00e7\u00f5es significativas das principais cepas circulantes na China.<\/p>\n\n\n\n<p>A Associa\u00e7\u00e3o Internacional de Transporte A\u00e9reo criticou alguns pa\u00edses por imporem restri\u00e7\u00f5es aos passageiros da China. Ela indicou que os governos devem tomar decis\u00f5es baseadas em fatos cient\u00edficos, e n\u00e3o em fatores pol\u00edticos.<\/p>\n","protected":false},"excerpt":{"rendered":"<p>Com a otimiza\u00e7\u00e3o e o ajuste das medidas de preven\u00e7\u00e3o e controle da pandemia, a China est\u00e1 adotando pol\u00edticas de controle de entrada e sa\u00edda da fronteira mais relaxadas e convenientes. Contudo, alguns pa\u00edses ocidentais que criticaram a China por&#8230;<\/p>\n","protected":false},"author":2,"featured_media":0,"comment_status":"open","ping_status":"open","sticky":false,"template":"","format":"standard","meta":{"footnotes":""},"categories":[7],"tags":[],"class_list":["post-365","post","type-post","status-publish","format-standard","hentry","category-visao"],"yoast_head":"<!-- This site is optimized with the Yoast SEO plugin v27.4 - https:\/\/yoast.com\/product\/yoast-seo-wordpress\/ -->\n<title>A \u201cmanipula\u00e7\u00e3o pol\u00edtica\u201d da pandemia viola fatos cient\u00edficos - CRI e Diario de Pernambuco<\/title>\n<meta name=\"robots\" content=\"index, follow, max-snippet:-1, max-image-preview:large, max-video-preview:-1\" \/>\n<link rel=\"canonical\" href=\"https:\/\/diariodepe.com.br\/cri\/2023\/01\/17\/a-manipulacao-politica-da-pandemia-viola-fatos-cientificos\/\" \/>\n<meta property=\"og:locale\" content=\"pt_BR\" \/>\n<meta property=\"og:type\" content=\"article\" \/>\n<meta property=\"og:title\" content=\"A \u201cmanipula\u00e7\u00e3o pol\u00edtica\u201d da pandemia viola fatos cient\u00edficos - CRI e Diario de Pernambuco\" \/>\n<meta property=\"og:description\" content=\"Com a otimiza\u00e7\u00e3o e o ajuste das medidas de preven\u00e7\u00e3o e controle da pandemia, a China est\u00e1 adotando pol\u00edticas de controle de entrada e sa\u00edda da fronteira mais relaxadas e convenientes. Contudo, alguns pa\u00edses ocidentais que criticaram a China por...\" \/>\n<meta property=\"og:url\" content=\"https:\/\/diariodepe.com.br\/cri\/2023\/01\/17\/a-manipulacao-politica-da-pandemia-viola-fatos-cientificos\/\" \/>\n<meta property=\"og:site_name\" content=\"CRI e Diario de Pernambuco\" \/>\n<meta property=\"article:published_time\" content=\"2023-01-17T08:52:55+00:00\" \/>\n<meta property=\"article:modified_time\" content=\"2023-01-17T08:52:56+00:00\" \/>\n<meta name=\"author\" content=\"Ismael Lucas S. Pereira\" \/>\n<meta name=\"twitter:card\" content=\"summary_large_image\" \/>\n<meta name=\"twitter:label1\" content=\"Escrito por\" \/>\n\t<meta name=\"twitter:data1\" content=\"Ismael Lucas S. Pereira\" \/>\n\t<meta name=\"twitter:label2\" content=\"Est. tempo de leitura\" \/>\n\t<meta name=\"twitter:data2\" content=\"1 minuto\" \/>\n<script type=\"application\/ld+json\" class=\"yoast-schema-graph\">{\"@context\":\"https:\\\/\\\/schema.org\",\"@graph\":[{\"@type\":\"Article\",\"@id\":\"https:\\\/\\\/diariodepe.com.br\\\/cri\\\/2023\\\/01\\\/17\\\/a-manipulacao-politica-da-pandemia-viola-fatos-cientificos\\\/#article\",\"isPartOf\":{\"@id\":\"https:\\\/\\\/diariodepe.com.br\\\/cri\\\/2023\\\/01\\\/17\\\/a-manipulacao-politica-da-pandemia-viola-fatos-cientificos\\\/\"},\"author\":{\"name\":\"Ismael Lucas S. Pereira\",\"@id\":\"https:\\\/\\\/diariodepe.com.br\\\/cri\\\/#\\\/schema\\\/person\\\/121bb28d84f1a5b1205ef4ce9c2e0c6b\"},\"headline\":\"A \u201cmanipula\u00e7\u00e3o pol\u00edtica\u201d da pandemia viola fatos cient\u00edficos\",\"datePublished\":\"2023-01-17T08:52:55+00:00\",\"dateModified\":\"2023-01-17T08:52:56+00:00\",\"mainEntityOfPage\":{\"@id\":\"https:\\\/\\\/diariodepe.com.br\\\/cri\\\/2023\\\/01\\\/17\\\/a-manipulacao-politica-da-pandemia-viola-fatos-cientificos\\\/\"},\"wordCount\":176,\"commentCount\":0,\"publisher\":{\"@id\":\"https:\\\/\\\/diariodepe.com.br\\\/cri\\\/#organization\"},\"articleSection\":[\"Vis\u00e3o\"],\"inLanguage\":\"pt-BR\",\"potentialAction\":[{\"@type\":\"CommentAction\",\"name\":\"Comment\",\"target\":[\"https:\\\/\\\/diariodepe.com.br\\\/cri\\\/2023\\\/01\\\/17\\\/a-manipulacao-politica-da-pandemia-viola-fatos-cientificos\\\/#respond\"]}]},{\"@type\":\"WebPage\",\"@id\":\"https:\\\/\\\/diariodepe.com.br\\\/cri\\\/2023\\\/01\\\/17\\\/a-manipulacao-politica-da-pandemia-viola-fatos-cientificos\\\/\",\"url\":\"https:\\\/\\\/diariodepe.com.br\\\/cri\\\/2023\\\/01\\\/17\\\/a-manipulacao-politica-da-pandemia-viola-fatos-cientificos\\\/\",\"name\":\"A \u201cmanipula\u00e7\u00e3o pol\u00edtica\u201d da pandemia viola fatos cient\u00edficos - CRI e Diario de Pernambuco\",\"isPartOf\":{\"@id\":\"https:\\\/\\\/diariodepe.com.br\\\/cri\\\/#website\"},\"datePublished\":\"2023-01-17T08:52:55+00:00\",\"dateModified\":\"2023-01-17T08:52:56+00:00\",\"breadcrumb\":{\"@id\":\"https:\\\/\\\/diariodepe.com.br\\\/cri\\\/2023\\\/01\\\/17\\\/a-manipulacao-politica-da-pandemia-viola-fatos-cientificos\\\/#breadcrumb\"},\"inLanguage\":\"pt-BR\",\"potentialAction\":[{\"@type\":\"ReadAction\",\"target\":[\"https:\\\/\\\/diariodepe.com.br\\\/cri\\\/2023\\\/01\\\/17\\\/a-manipulacao-politica-da-pandemia-viola-fatos-cientificos\\\/\"]}]},{\"@type\":\"BreadcrumbList\",\"@id\":\"https:\\\/\\\/diariodepe.com.br\\\/cri\\\/2023\\\/01\\\/17\\\/a-manipulacao-politica-da-pandemia-viola-fatos-cientificos\\\/#breadcrumb\",\"itemListElement\":[{\"@type\":\"ListItem\",\"position\":1,\"name\":\"In\u00edcio\",\"item\":\"https:\\\/\\\/diariodepe.com.br\\\/cri\\\/\"},{\"@type\":\"ListItem\",\"position\":2,\"name\":\"A \u201cmanipula\u00e7\u00e3o pol\u00edtica\u201d da pandemia viola fatos cient\u00edficos\"}]},{\"@type\":\"WebSite\",\"@id\":\"https:\\\/\\\/diariodepe.com.br\\\/cri\\\/#website\",\"url\":\"https:\\\/\\\/diariodepe.com.br\\\/cri\\\/\",\"name\":\"CRI e Diario de Pernambuco\",\"description\":\"R\u00e1dio Internacional da China\",\"publisher\":{\"@id\":\"https:\\\/\\\/diariodepe.com.br\\\/cri\\\/#organization\"},\"potentialAction\":[{\"@type\":\"SearchAction\",\"target\":{\"@type\":\"EntryPoint\",\"urlTemplate\":\"https:\\\/\\\/diariodepe.com.br\\\/cri\\\/?s={search_term_string}\"},\"query-input\":{\"@type\":\"PropertyValueSpecification\",\"valueRequired\":true,\"valueName\":\"search_term_string\"}}],\"inLanguage\":\"pt-BR\"},{\"@type\":\"Organization\",\"@id\":\"https:\\\/\\\/diariodepe.com.br\\\/cri\\\/#organization\",\"name\":\"CRI e Diario de Pernambuco\",\"url\":\"https:\\\/\\\/diariodepe.com.br\\\/cri\\\/\",\"logo\":{\"@type\":\"ImageObject\",\"inLanguage\":\"pt-BR\",\"@id\":\"https:\\\/\\\/diariodepe.com.br\\\/cri\\\/#\\\/schema\\\/logo\\\/image\\\/\",\"url\":\"https:\\\/\\\/diariodepe.com.br\\\/cri\\\/wp-content\\\/uploads\\\/sites\\\/2\\\/2022\\\/12\\\/cropped-Logo.jpg\",\"contentUrl\":\"https:\\\/\\\/diariodepe.com.br\\\/cri\\\/wp-content\\\/uploads\\\/sites\\\/2\\\/2022\\\/12\\\/cropped-Logo.jpg\",\"width\":700,\"height\":59,\"caption\":\"CRI e Diario de Pernambuco\"},\"image\":{\"@id\":\"https:\\\/\\\/diariodepe.com.br\\\/cri\\\/#\\\/schema\\\/logo\\\/image\\\/\"}},{\"@type\":\"Person\",\"@id\":\"https:\\\/\\\/diariodepe.com.br\\\/cri\\\/#\\\/schema\\\/person\\\/121bb28d84f1a5b1205ef4ce9c2e0c6b\",\"name\":\"Ismael Lucas S. Pereira\",\"image\":{\"@type\":\"ImageObject\",\"inLanguage\":\"pt-BR\",\"@id\":\"https:\\\/\\\/secure.gravatar.com\\\/avatar\\\/887a0f3b5a7ceea963a48499fb883ffce6b5037362def025c52c2505b15d63e4?s=96&d=mm&r=g\",\"url\":\"https:\\\/\\\/secure.gravatar.com\\\/avatar\\\/887a0f3b5a7ceea963a48499fb883ffce6b5037362def025c52c2505b15d63e4?s=96&d=mm&r=g\",\"contentUrl\":\"https:\\\/\\\/secure.gravatar.com\\\/avatar\\\/887a0f3b5a7ceea963a48499fb883ffce6b5037362def025c52c2505b15d63e4?s=96&d=mm&r=g\",\"caption\":\"Ismael Lucas S. Pereira\"},\"url\":\"https:\\\/\\\/diariodepe.com.br\\\/cri\\\/author\\\/ismael-lucas\\\/\"}]}<\/script>\n<!-- \/ Yoast SEO plugin. -->","yoast_head_json":{"title":"A \u201cmanipula\u00e7\u00e3o pol\u00edtica\u201d da pandemia viola fatos cient\u00edficos - CRI e Diario de Pernambuco","robots":{"index":"index","follow":"follow","max-snippet":"max-snippet:-1","max-image-preview":"max-image-preview:large","max-video-preview":"max-video-preview:-1"},"canonical":"https:\/\/diariodepe.com.br\/cri\/2023\/01\/17\/a-manipulacao-politica-da-pandemia-viola-fatos-cientificos\/","og_locale":"pt_BR","og_type":"article","og_title":"A \u201cmanipula\u00e7\u00e3o pol\u00edtica\u201d da pandemia viola fatos cient\u00edficos - CRI e Diario de Pernambuco","og_description":"Com a otimiza\u00e7\u00e3o e o ajuste das medidas de preven\u00e7\u00e3o e controle da pandemia, a China est\u00e1 adotando pol\u00edticas de controle de entrada e sa\u00edda da fronteira mais relaxadas e convenientes. Contudo, alguns pa\u00edses ocidentais que criticaram a China por...","og_url":"https:\/\/diariodepe.com.br\/cri\/2023\/01\/17\/a-manipulacao-politica-da-pandemia-viola-fatos-cientificos\/","og_site_name":"CRI e Diario de Pernambuco","article_published_time":"2023-01-17T08:52:55+00:00","article_modified_time":"2023-01-17T08:52:56+00:00","author":"Ismael Lucas S. Pereira","twitter_card":"summary_large_image","twitter_misc":{"Escrito por":"Ismael Lucas S. Pereira","Est. tempo de leitura":"1 minuto"},"schema":{"@context":"https:\/\/schema.org","@graph":[{"@type":"Article","@id":"https:\/\/diariodepe.com.br\/cri\/2023\/01\/17\/a-manipulacao-politica-da-pandemia-viola-fatos-cientificos\/#article","isPartOf":{"@id":"https:\/\/diariodepe.com.br\/cri\/2023\/01\/17\/a-manipulacao-politica-da-pandemia-viola-fatos-cientificos\/"},"author":{"name":"Ismael Lucas S. Pereira","@id":"https:\/\/diariodepe.com.br\/cri\/#\/schema\/person\/121bb28d84f1a5b1205ef4ce9c2e0c6b"},"headline":"A \u201cmanipula\u00e7\u00e3o pol\u00edtica\u201d da pandemia viola fatos cient\u00edficos","datePublished":"2023-01-17T08:52:55+00:00","dateModified":"2023-01-17T08:52:56+00:00","mainEntityOfPage":{"@id":"https:\/\/diariodepe.com.br\/cri\/2023\/01\/17\/a-manipulacao-politica-da-pandemia-viola-fatos-cientificos\/"},"wordCount":176,"commentCount":0,"publisher":{"@id":"https:\/\/diariodepe.com.br\/cri\/#organization"},"articleSection":["Vis\u00e3o"],"inLanguage":"pt-BR","potentialAction":[{"@type":"CommentAction","name":"Comment","target":["https:\/\/diariodepe.com.br\/cri\/2023\/01\/17\/a-manipulacao-politica-da-pandemia-viola-fatos-cientificos\/#respond"]}]},{"@type":"WebPage","@id":"https:\/\/diariodepe.com.br\/cri\/2023\/01\/17\/a-manipulacao-politica-da-pandemia-viola-fatos-cientificos\/","url":"https:\/\/diariodepe.com.br\/cri\/2023\/01\/17\/a-manipulacao-politica-da-pandemia-viola-fatos-cientificos\/","name":"A \u201cmanipula\u00e7\u00e3o pol\u00edtica\u201d da pandemia viola fatos cient\u00edficos - CRI e Diario de Pernambuco","isPartOf":{"@id":"https:\/\/diariodepe.com.br\/cri\/#website"},"datePublished":"2023-01-17T08:52:55+00:00","dateModified":"2023-01-17T08:52:56+00:00","breadcrumb":{"@id":"https:\/\/diariodepe.com.br\/cri\/2023\/01\/17\/a-manipulacao-politica-da-pandemia-viola-fatos-cientificos\/#breadcrumb"},"inLanguage":"pt-BR","potentialAction":[{"@type":"ReadAction","target":["https:\/\/diariodepe.com.br\/cri\/2023\/01\/17\/a-manipulacao-politica-da-pandemia-viola-fatos-cientificos\/"]}]},{"@type":"BreadcrumbList","@id":"https:\/\/diariodepe.com.br\/cri\/2023\/01\/17\/a-manipulacao-politica-da-pandemia-viola-fatos-cientificos\/#breadcrumb","itemListElement":[{"@type":"ListItem","position":1,"name":"In\u00edcio","item":"https:\/\/diariodepe.com.br\/cri\/"},{"@type":"ListItem","position":2,"name":"A \u201cmanipula\u00e7\u00e3o pol\u00edtica\u201d da pandemia viola fatos cient\u00edficos"}]},{"@type":"WebSite","@id":"https:\/\/diariodepe.com.br\/cri\/#website","url":"https:\/\/diariodepe.com.br\/cri\/","name":"CRI e Diario de Pernambuco","description":"R\u00e1dio Internacional da China","publisher":{"@id":"https:\/\/diariodepe.com.br\/cri\/#organization"},"potentialAction":[{"@type":"SearchAction","target":{"@type":"EntryPoint","urlTemplate":"https:\/\/diariodepe.com.br\/cri\/?s={search_term_string}"},"query-input":{"@type":"PropertyValueSpecification","valueRequired":true,"valueName":"search_term_string"}}],"inLanguage":"pt-BR"},{"@type":"Organization","@id":"https:\/\/diariodepe.com.br\/cri\/#organization","name":"CRI e Diario de Pernambuco","url":"https:\/\/diariodepe.com.br\/cri\/","logo":{"@type":"ImageObject","inLanguage":"pt-BR","@id":"https:\/\/diariodepe.com.br\/cri\/#\/schema\/logo\/image\/","url":"https:\/\/diariodepe.com.br\/cri\/wp-content\/uploads\/sites\/2\/2022\/12\/cropped-Logo.jpg","contentUrl":"https:\/\/diariodepe.com.br\/cri\/wp-content\/uploads\/sites\/2\/2022\/12\/cropped-Logo.jpg","width":700,"height":59,"caption":"CRI e Diario de Pernambuco"},"image":{"@id":"https:\/\/diariodepe.com.br\/cri\/#\/schema\/logo\/image\/"}},{"@type":"Person","@id":"https:\/\/diariodepe.com.br\/cri\/#\/schema\/person\/121bb28d84f1a5b1205ef4ce9c2e0c6b","name":"Ismael Lucas S. Pereira","image":{"@type":"ImageObject","inLanguage":"pt-BR","@id":"https:\/\/secure.gravatar.com\/avatar\/887a0f3b5a7ceea963a48499fb883ffce6b5037362def025c52c2505b15d63e4?s=96&d=mm&r=g","url":"https:\/\/secure.gravatar.com\/avatar\/887a0f3b5a7ceea963a48499fb883ffce6b5037362def025c52c2505b15d63e4?s=96&d=mm&r=g","contentUrl":"https:\/\/secure.gravatar.com\/avatar\/887a0f3b5a7ceea963a48499fb883ffce6b5037362def025c52c2505b15d63e4?s=96&d=mm&r=g","caption":"Ismael Lucas S. Pereira"},"url":"https:\/\/diariodepe.com.br\/cri\/author\/ismael-lucas\/"}]}},"cc_featured_image_caption":{"caption_text":"","source_text":"","source_url":""},"amp_enabled":true,"_links":{"self":[{"href":"https:\/\/diariodepe.com.br\/cri\/wp-json\/wp\/v2\/posts\/365","targetHints":{"allow":["GET"]}}],"collection":[{"href":"https:\/\/diariodepe.com.br\/cri\/wp-json\/wp\/v2\/posts"}],"about":[{"href":"https:\/\/diariodepe.com.br\/cri\/wp-json\/wp\/v2\/types\/post"}],"author":[{"embeddable":true,"href":"https:\/\/diariodepe.com.br\/cri\/wp-json\/wp\/v2\/users\/2"}],"replies":[{"embeddable":true,"href":"https:\/\/diariodepe.com.br\/cri\/wp-json\/wp\/v2\/comments?post=365"}],"version-history":[{"count":1,"href":"https:\/\/diariodepe.com.br\/cri\/wp-json\/wp\/v2\/posts\/365\/revisions"}],"predecessor-version":[{"id":366,"href":"https:\/\/diariodepe.com.br\/cri\/wp-json\/wp\/v2\/posts\/365\/revisions\/366"}],"wp:attachment":[{"href":"https:\/\/diariodepe.com.br\/cri\/wp-json\/wp\/v2\/media?parent=365"}],"wp:term":[{"taxonomy":"category","embeddable":true,"href":"https:\/\/diariodepe.com.br\/cri\/wp-json\/wp\/v2\/categories?post=365"},{"taxonomy":"post_tag","embeddable":true,"href":"https:\/\/diariodepe.com.br\/cri\/wp-json\/wp\/v2\/tags?post=365"}],"curies":[{"name":"wp","href":"https:\/\/api.w.org\/{rel}","templated":true}]}}