{"id":3648,"date":"2023-12-04T07:45:52","date_gmt":"2023-12-04T10:45:52","guid":{"rendered":"https:\/\/diariodepe.com.br\/cri\/?p=3648"},"modified":"2023-12-04T07:55:49","modified_gmt":"2023-12-04T10:55:49","slug":"beijing-sedia-seminario-em-homenagem-aos-75-anos-da-declaracao-universal-dos-direitos-humanos","status":"publish","type":"post","link":"https:\/\/diariodepe.com.br\/cri\/2023\/12\/04\/beijing-sedia-seminario-em-homenagem-aos-75-anos-da-declaracao-universal-dos-direitos-humanos\/","title":{"rendered":"Beijing sedia semin\u00e1rio em homenagem aos 75 anos da Declara\u00e7\u00e3o\u2002Universal\u2002dos\u2002Direitos\u2002Humanos"},"content":{"rendered":"<p data-spm-anchor-id=\"0.0.0.i2\"><img fetchpriority=\"high\" decoding=\"async\" class=\"alignnone size-full wp-image-3651\" src=\"https:\/\/diariodepe.com.br\/cri\/wp-content\/uploads\/2023\/12\/IMG_4714.jpg\" alt=\"\" width=\"1920\" height=\"995\" srcset=\"https:\/\/diariodepe.com.br\/cri\/wp-content\/uploads\/sites\/2\/2023\/12\/IMG_4714.jpg 1920w, https:\/\/diariodepe.com.br\/cri\/wp-content\/uploads\/sites\/2\/2023\/12\/IMG_4714-300x155.jpg 300w, https:\/\/diariodepe.com.br\/cri\/wp-content\/uploads\/sites\/2\/2023\/12\/IMG_4714-1024x531.jpg 1024w, https:\/\/diariodepe.com.br\/cri\/wp-content\/uploads\/sites\/2\/2023\/12\/IMG_4714-768x398.jpg 768w, https:\/\/diariodepe.com.br\/cri\/wp-content\/uploads\/sites\/2\/2023\/12\/IMG_4714-1536x796.jpg 1536w\" sizes=\"(max-width: 1920px) 100vw, 1920px\" \/><\/p>\n<p data-spm-anchor-id=\"0.0.0.i2\">A Sociedade Chinesa de Estudos de Direitos Humanos realizou nesta segunda-feira (4) em Beijing um semin\u00e1rio em homenagem aos 75 anos da Declara\u00e7\u00e3o Universal dos Direitos Humanos.<\/p>\n<p>O presidente da organiza\u00e7\u00e3o, Baimachilin, lembrou que, h\u00e1 75 ano, o documento passava a definir os consensos fundamentais de respeito e defesa dos direitos humanos. Desde ent\u00e3o, a China tem sido uma contribuinte intelectual, uma defensora ativa e uma praticante comprometida da Declara\u00e7\u00e3o.<\/p>\n<p>Baimachilin disse que os \u00eaxitos hist\u00f3ricos da China na causa forneceram um plano chin\u00eas para levar adiante a Declara\u00e7\u00e3o Universal dos Direitos Humanos. Nesta data, a releitura do documento tem como objetivo apresentar a dire\u00e7\u00e3o da governan\u00e7a dos direitos humanos, a fim de defender a paz mundial e promover o desenvolvimento comum.<\/p>\n","protected":false},"excerpt":{"rendered":"<p>A Sociedade Chinesa de Estudos de Direitos Humanos realizou nesta segunda-feira (4) em Beijing um semin\u00e1rio em homenagem aos 75 anos da Declara\u00e7\u00e3o Universal dos Direitos Humanos. O presidente da organiza\u00e7\u00e3o, Baimachilin, lembrou que, h\u00e1 75 ano, o documento passava&#8230;<\/p>\n","protected":false},"author":2,"featured_media":0,"comment_status":"open","ping_status":"open","sticky":false,"template":"","format":"standard","meta":{"footnotes":""},"categories":[3],"tags":[],"class_list":["post-3648","post","type-post","status-publish","format-standard","hentry","category-china"],"yoast_head":"<!-- This site is optimized with the Yoast SEO plugin v27.4 - https:\/\/yoast.com\/product\/yoast-seo-wordpress\/ -->\n<title>Beijing sedia semin\u00e1rio em homenagem aos 75 anos da Declara\u00e7\u00e3o\u2002Universal\u2002dos\u2002Direitos\u2002Humanos - CRI e Diario de Pernambuco<\/title>\n<meta name=\"robots\" content=\"index, follow, max-snippet:-1, max-image-preview:large, max-video-preview:-1\" \/>\n<link rel=\"canonical\" href=\"https:\/\/diariodepe.com.br\/cri\/2023\/12\/04\/beijing-sedia-seminario-em-homenagem-aos-75-anos-da-declaracao-universal-dos-direitos-humanos\/\" \/>\n<meta property=\"og:locale\" content=\"pt_BR\" \/>\n<meta property=\"og:type\" content=\"article\" \/>\n<meta property=\"og:title\" content=\"Beijing sedia semin\u00e1rio em homenagem aos 75 anos da Declara\u00e7\u00e3o\u2002Universal\u2002dos\u2002Direitos\u2002Humanos - CRI e Diario de Pernambuco\" \/>\n<meta property=\"og:description\" content=\"A Sociedade Chinesa de Estudos de Direitos Humanos realizou nesta segunda-feira (4) em Beijing um semin\u00e1rio em homenagem aos 75 anos da Declara\u00e7\u00e3o Universal dos Direitos Humanos. O presidente da organiza\u00e7\u00e3o, Baimachilin, lembrou que, h\u00e1 75 ano, o documento passava...\" \/>\n<meta property=\"og:url\" content=\"https:\/\/diariodepe.com.br\/cri\/2023\/12\/04\/beijing-sedia-seminario-em-homenagem-aos-75-anos-da-declaracao-universal-dos-direitos-humanos\/\" \/>\n<meta property=\"og:site_name\" content=\"CRI e Diario de Pernambuco\" \/>\n<meta property=\"article:published_time\" content=\"2023-12-04T10:45:52+00:00\" \/>\n<meta property=\"article:modified_time\" content=\"2023-12-04T10:55:49+00:00\" \/>\n<meta property=\"og:image\" content=\"https:\/\/diariodepe.com.br\/cri\/wp-content\/uploads\/2023\/12\/IMG_4714.jpg\" \/>\n<meta name=\"author\" content=\"Ismael Lucas S. Pereira\" \/>\n<meta name=\"twitter:card\" content=\"summary_large_image\" \/>\n<meta name=\"twitter:label1\" content=\"Escrito por\" \/>\n\t<meta name=\"twitter:data1\" content=\"Ismael Lucas S. Pereira\" \/>\n\t<meta name=\"twitter:label2\" content=\"Est. tempo de leitura\" \/>\n\t<meta name=\"twitter:data2\" content=\"1 minuto\" \/>\n<script type=\"application\/ld+json\" class=\"yoast-schema-graph\">{\"@context\":\"https:\\\/\\\/schema.org\",\"@graph\":[{\"@type\":\"Article\",\"@id\":\"https:\\\/\\\/diariodepe.com.br\\\/cri\\\/2023\\\/12\\\/04\\\/beijing-sedia-seminario-em-homenagem-aos-75-anos-da-declaracao-universal-dos-direitos-humanos\\\/#article\",\"isPartOf\":{\"@id\":\"https:\\\/\\\/diariodepe.com.br\\\/cri\\\/2023\\\/12\\\/04\\\/beijing-sedia-seminario-em-homenagem-aos-75-anos-da-declaracao-universal-dos-direitos-humanos\\\/\"},\"author\":{\"name\":\"Ismael Lucas S. Pereira\",\"@id\":\"https:\\\/\\\/diariodepe.com.br\\\/cri\\\/#\\\/schema\\\/person\\\/121bb28d84f1a5b1205ef4ce9c2e0c6b\"},\"headline\":\"Beijing sedia semin\u00e1rio em homenagem aos 75 anos da Declara\u00e7\u00e3o\u2002Universal\u2002dos\u2002Direitos\u2002Humanos\",\"datePublished\":\"2023-12-04T10:45:52+00:00\",\"dateModified\":\"2023-12-04T10:55:49+00:00\",\"mainEntityOfPage\":{\"@id\":\"https:\\\/\\\/diariodepe.com.br\\\/cri\\\/2023\\\/12\\\/04\\\/beijing-sedia-seminario-em-homenagem-aos-75-anos-da-declaracao-universal-dos-direitos-humanos\\\/\"},\"wordCount\":144,\"commentCount\":0,\"publisher\":{\"@id\":\"https:\\\/\\\/diariodepe.com.br\\\/cri\\\/#organization\"},\"image\":{\"@id\":\"https:\\\/\\\/diariodepe.com.br\\\/cri\\\/2023\\\/12\\\/04\\\/beijing-sedia-seminario-em-homenagem-aos-75-anos-da-declaracao-universal-dos-direitos-humanos\\\/#primaryimage\"},\"thumbnailUrl\":\"https:\\\/\\\/diariodepe.com.br\\\/cri\\\/wp-content\\\/uploads\\\/2023\\\/12\\\/IMG_4714.jpg\",\"articleSection\":[\"China\"],\"inLanguage\":\"pt-BR\",\"potentialAction\":[{\"@type\":\"CommentAction\",\"name\":\"Comment\",\"target\":[\"https:\\\/\\\/diariodepe.com.br\\\/cri\\\/2023\\\/12\\\/04\\\/beijing-sedia-seminario-em-homenagem-aos-75-anos-da-declaracao-universal-dos-direitos-humanos\\\/#respond\"]}]},{\"@type\":\"WebPage\",\"@id\":\"https:\\\/\\\/diariodepe.com.br\\\/cri\\\/2023\\\/12\\\/04\\\/beijing-sedia-seminario-em-homenagem-aos-75-anos-da-declaracao-universal-dos-direitos-humanos\\\/\",\"url\":\"https:\\\/\\\/diariodepe.com.br\\\/cri\\\/2023\\\/12\\\/04\\\/beijing-sedia-seminario-em-homenagem-aos-75-anos-da-declaracao-universal-dos-direitos-humanos\\\/\",\"name\":\"Beijing sedia semin\u00e1rio em homenagem aos 75 anos da Declara\u00e7\u00e3o\u2002Universal\u2002dos\u2002Direitos\u2002Humanos - CRI e Diario de Pernambuco\",\"isPartOf\":{\"@id\":\"https:\\\/\\\/diariodepe.com.br\\\/cri\\\/#website\"},\"primaryImageOfPage\":{\"@id\":\"https:\\\/\\\/diariodepe.com.br\\\/cri\\\/2023\\\/12\\\/04\\\/beijing-sedia-seminario-em-homenagem-aos-75-anos-da-declaracao-universal-dos-direitos-humanos\\\/#primaryimage\"},\"image\":{\"@id\":\"https:\\\/\\\/diariodepe.com.br\\\/cri\\\/2023\\\/12\\\/04\\\/beijing-sedia-seminario-em-homenagem-aos-75-anos-da-declaracao-universal-dos-direitos-humanos\\\/#primaryimage\"},\"thumbnailUrl\":\"https:\\\/\\\/diariodepe.com.br\\\/cri\\\/wp-content\\\/uploads\\\/2023\\\/12\\\/IMG_4714.jpg\",\"datePublished\":\"2023-12-04T10:45:52+00:00\",\"dateModified\":\"2023-12-04T10:55:49+00:00\",\"breadcrumb\":{\"@id\":\"https:\\\/\\\/diariodepe.com.br\\\/cri\\\/2023\\\/12\\\/04\\\/beijing-sedia-seminario-em-homenagem-aos-75-anos-da-declaracao-universal-dos-direitos-humanos\\\/#breadcrumb\"},\"inLanguage\":\"pt-BR\",\"potentialAction\":[{\"@type\":\"ReadAction\",\"target\":[\"https:\\\/\\\/diariodepe.com.br\\\/cri\\\/2023\\\/12\\\/04\\\/beijing-sedia-seminario-em-homenagem-aos-75-anos-da-declaracao-universal-dos-direitos-humanos\\\/\"]}]},{\"@type\":\"ImageObject\",\"inLanguage\":\"pt-BR\",\"@id\":\"https:\\\/\\\/diariodepe.com.br\\\/cri\\\/2023\\\/12\\\/04\\\/beijing-sedia-seminario-em-homenagem-aos-75-anos-da-declaracao-universal-dos-direitos-humanos\\\/#primaryimage\",\"url\":\"https:\\\/\\\/diariodepe.com.br\\\/cri\\\/wp-content\\\/uploads\\\/sites\\\/2\\\/2023\\\/12\\\/IMG_4714.jpg\",\"contentUrl\":\"https:\\\/\\\/diariodepe.com.br\\\/cri\\\/wp-content\\\/uploads\\\/sites\\\/2\\\/2023\\\/12\\\/IMG_4714.jpg\",\"width\":1920,\"height\":995},{\"@type\":\"BreadcrumbList\",\"@id\":\"https:\\\/\\\/diariodepe.com.br\\\/cri\\\/2023\\\/12\\\/04\\\/beijing-sedia-seminario-em-homenagem-aos-75-anos-da-declaracao-universal-dos-direitos-humanos\\\/#breadcrumb\",\"itemListElement\":[{\"@type\":\"ListItem\",\"position\":1,\"name\":\"In\u00edcio\",\"item\":\"https:\\\/\\\/diariodepe.com.br\\\/cri\\\/\"},{\"@type\":\"ListItem\",\"position\":2,\"name\":\"Beijing sedia semin\u00e1rio em homenagem aos 75 anos da Declara\u00e7\u00e3o\u2002Universal\u2002dos\u2002Direitos\u2002Humanos\"}]},{\"@type\":\"WebSite\",\"@id\":\"https:\\\/\\\/diariodepe.com.br\\\/cri\\\/#website\",\"url\":\"https:\\\/\\\/diariodepe.com.br\\\/cri\\\/\",\"name\":\"CRI e Diario de Pernambuco\",\"description\":\"R\u00e1dio Internacional da China\",\"publisher\":{\"@id\":\"https:\\\/\\\/diariodepe.com.br\\\/cri\\\/#organization\"},\"potentialAction\":[{\"@type\":\"SearchAction\",\"target\":{\"@type\":\"EntryPoint\",\"urlTemplate\":\"https:\\\/\\\/diariodepe.com.br\\\/cri\\\/?s={search_term_string}\"},\"query-input\":{\"@type\":\"PropertyValueSpecification\",\"valueRequired\":true,\"valueName\":\"search_term_string\"}}],\"inLanguage\":\"pt-BR\"},{\"@type\":\"Organization\",\"@id\":\"https:\\\/\\\/diariodepe.com.br\\\/cri\\\/#organization\",\"name\":\"CRI e Diario de Pernambuco\",\"url\":\"https:\\\/\\\/diariodepe.com.br\\\/cri\\\/\",\"logo\":{\"@type\":\"ImageObject\",\"inLanguage\":\"pt-BR\",\"@id\":\"https:\\\/\\\/diariodepe.com.br\\\/cri\\\/#\\\/schema\\\/logo\\\/image\\\/\",\"url\":\"https:\\\/\\\/diariodepe.com.br\\\/cri\\\/wp-content\\\/uploads\\\/sites\\\/2\\\/2022\\\/12\\\/cropped-Logo.jpg\",\"contentUrl\":\"https:\\\/\\\/diariodepe.com.br\\\/cri\\\/wp-content\\\/uploads\\\/sites\\\/2\\\/2022\\\/12\\\/cropped-Logo.jpg\",\"width\":700,\"height\":59,\"caption\":\"CRI e Diario de Pernambuco\"},\"image\":{\"@id\":\"https:\\\/\\\/diariodepe.com.br\\\/cri\\\/#\\\/schema\\\/logo\\\/image\\\/\"}},{\"@type\":\"Person\",\"@id\":\"https:\\\/\\\/diariodepe.com.br\\\/cri\\\/#\\\/schema\\\/person\\\/121bb28d84f1a5b1205ef4ce9c2e0c6b\",\"name\":\"Ismael Lucas S. Pereira\",\"image\":{\"@type\":\"ImageObject\",\"inLanguage\":\"pt-BR\",\"@id\":\"https:\\\/\\\/secure.gravatar.com\\\/avatar\\\/887a0f3b5a7ceea963a48499fb883ffce6b5037362def025c52c2505b15d63e4?s=96&d=mm&r=g\",\"url\":\"https:\\\/\\\/secure.gravatar.com\\\/avatar\\\/887a0f3b5a7ceea963a48499fb883ffce6b5037362def025c52c2505b15d63e4?s=96&d=mm&r=g\",\"contentUrl\":\"https:\\\/\\\/secure.gravatar.com\\\/avatar\\\/887a0f3b5a7ceea963a48499fb883ffce6b5037362def025c52c2505b15d63e4?s=96&d=mm&r=g\",\"caption\":\"Ismael Lucas S. Pereira\"},\"url\":\"https:\\\/\\\/diariodepe.com.br\\\/cri\\\/author\\\/ismael-lucas\\\/\"}]}<\/script>\n<!-- \/ Yoast SEO plugin. -->","yoast_head_json":{"title":"Beijing sedia semin\u00e1rio em homenagem aos 75 anos da Declara\u00e7\u00e3o\u2002Universal\u2002dos\u2002Direitos\u2002Humanos - CRI e Diario de Pernambuco","robots":{"index":"index","follow":"follow","max-snippet":"max-snippet:-1","max-image-preview":"max-image-preview:large","max-video-preview":"max-video-preview:-1"},"canonical":"https:\/\/diariodepe.com.br\/cri\/2023\/12\/04\/beijing-sedia-seminario-em-homenagem-aos-75-anos-da-declaracao-universal-dos-direitos-humanos\/","og_locale":"pt_BR","og_type":"article","og_title":"Beijing sedia semin\u00e1rio em homenagem aos 75 anos da Declara\u00e7\u00e3o\u2002Universal\u2002dos\u2002Direitos\u2002Humanos - CRI e Diario de Pernambuco","og_description":"A Sociedade Chinesa de Estudos de Direitos Humanos realizou nesta segunda-feira (4) em Beijing um semin\u00e1rio em homenagem aos 75 anos da Declara\u00e7\u00e3o Universal dos Direitos Humanos. O presidente da organiza\u00e7\u00e3o, Baimachilin, lembrou que, h\u00e1 75 ano, o documento passava...","og_url":"https:\/\/diariodepe.com.br\/cri\/2023\/12\/04\/beijing-sedia-seminario-em-homenagem-aos-75-anos-da-declaracao-universal-dos-direitos-humanos\/","og_site_name":"CRI e Diario de Pernambuco","article_published_time":"2023-12-04T10:45:52+00:00","article_modified_time":"2023-12-04T10:55:49+00:00","og_image":[{"url":"https:\/\/diariodepe.com.br\/cri\/wp-content\/uploads\/2023\/12\/IMG_4714.jpg","type":"","width":"","height":""}],"author":"Ismael Lucas S. Pereira","twitter_card":"summary_large_image","twitter_misc":{"Escrito por":"Ismael Lucas S. Pereira","Est. tempo de leitura":"1 minuto"},"schema":{"@context":"https:\/\/schema.org","@graph":[{"@type":"Article","@id":"https:\/\/diariodepe.com.br\/cri\/2023\/12\/04\/beijing-sedia-seminario-em-homenagem-aos-75-anos-da-declaracao-universal-dos-direitos-humanos\/#article","isPartOf":{"@id":"https:\/\/diariodepe.com.br\/cri\/2023\/12\/04\/beijing-sedia-seminario-em-homenagem-aos-75-anos-da-declaracao-universal-dos-direitos-humanos\/"},"author":{"name":"Ismael Lucas S. Pereira","@id":"https:\/\/diariodepe.com.br\/cri\/#\/schema\/person\/121bb28d84f1a5b1205ef4ce9c2e0c6b"},"headline":"Beijing sedia semin\u00e1rio em homenagem aos 75 anos da Declara\u00e7\u00e3o\u2002Universal\u2002dos\u2002Direitos\u2002Humanos","datePublished":"2023-12-04T10:45:52+00:00","dateModified":"2023-12-04T10:55:49+00:00","mainEntityOfPage":{"@id":"https:\/\/diariodepe.com.br\/cri\/2023\/12\/04\/beijing-sedia-seminario-em-homenagem-aos-75-anos-da-declaracao-universal-dos-direitos-humanos\/"},"wordCount":144,"commentCount":0,"publisher":{"@id":"https:\/\/diariodepe.com.br\/cri\/#organization"},"image":{"@id":"https:\/\/diariodepe.com.br\/cri\/2023\/12\/04\/beijing-sedia-seminario-em-homenagem-aos-75-anos-da-declaracao-universal-dos-direitos-humanos\/#primaryimage"},"thumbnailUrl":"https:\/\/diariodepe.com.br\/cri\/wp-content\/uploads\/2023\/12\/IMG_4714.jpg","articleSection":["China"],"inLanguage":"pt-BR","potentialAction":[{"@type":"CommentAction","name":"Comment","target":["https:\/\/diariodepe.com.br\/cri\/2023\/12\/04\/beijing-sedia-seminario-em-homenagem-aos-75-anos-da-declaracao-universal-dos-direitos-humanos\/#respond"]}]},{"@type":"WebPage","@id":"https:\/\/diariodepe.com.br\/cri\/2023\/12\/04\/beijing-sedia-seminario-em-homenagem-aos-75-anos-da-declaracao-universal-dos-direitos-humanos\/","url":"https:\/\/diariodepe.com.br\/cri\/2023\/12\/04\/beijing-sedia-seminario-em-homenagem-aos-75-anos-da-declaracao-universal-dos-direitos-humanos\/","name":"Beijing sedia semin\u00e1rio em homenagem aos 75 anos da Declara\u00e7\u00e3o\u2002Universal\u2002dos\u2002Direitos\u2002Humanos - CRI e Diario de Pernambuco","isPartOf":{"@id":"https:\/\/diariodepe.com.br\/cri\/#website"},"primaryImageOfPage":{"@id":"https:\/\/diariodepe.com.br\/cri\/2023\/12\/04\/beijing-sedia-seminario-em-homenagem-aos-75-anos-da-declaracao-universal-dos-direitos-humanos\/#primaryimage"},"image":{"@id":"https:\/\/diariodepe.com.br\/cri\/2023\/12\/04\/beijing-sedia-seminario-em-homenagem-aos-75-anos-da-declaracao-universal-dos-direitos-humanos\/#primaryimage"},"thumbnailUrl":"https:\/\/diariodepe.com.br\/cri\/wp-content\/uploads\/2023\/12\/IMG_4714.jpg","datePublished":"2023-12-04T10:45:52+00:00","dateModified":"2023-12-04T10:55:49+00:00","breadcrumb":{"@id":"https:\/\/diariodepe.com.br\/cri\/2023\/12\/04\/beijing-sedia-seminario-em-homenagem-aos-75-anos-da-declaracao-universal-dos-direitos-humanos\/#breadcrumb"},"inLanguage":"pt-BR","potentialAction":[{"@type":"ReadAction","target":["https:\/\/diariodepe.com.br\/cri\/2023\/12\/04\/beijing-sedia-seminario-em-homenagem-aos-75-anos-da-declaracao-universal-dos-direitos-humanos\/"]}]},{"@type":"ImageObject","inLanguage":"pt-BR","@id":"https:\/\/diariodepe.com.br\/cri\/2023\/12\/04\/beijing-sedia-seminario-em-homenagem-aos-75-anos-da-declaracao-universal-dos-direitos-humanos\/#primaryimage","url":"https:\/\/diariodepe.com.br\/cri\/wp-content\/uploads\/sites\/2\/2023\/12\/IMG_4714.jpg","contentUrl":"https:\/\/diariodepe.com.br\/cri\/wp-content\/uploads\/sites\/2\/2023\/12\/IMG_4714.jpg","width":1920,"height":995},{"@type":"BreadcrumbList","@id":"https:\/\/diariodepe.com.br\/cri\/2023\/12\/04\/beijing-sedia-seminario-em-homenagem-aos-75-anos-da-declaracao-universal-dos-direitos-humanos\/#breadcrumb","itemListElement":[{"@type":"ListItem","position":1,"name":"In\u00edcio","item":"https:\/\/diariodepe.com.br\/cri\/"},{"@type":"ListItem","position":2,"name":"Beijing sedia semin\u00e1rio em homenagem aos 75 anos da Declara\u00e7\u00e3o\u2002Universal\u2002dos\u2002Direitos\u2002Humanos"}]},{"@type":"WebSite","@id":"https:\/\/diariodepe.com.br\/cri\/#website","url":"https:\/\/diariodepe.com.br\/cri\/","name":"CRI e Diario de Pernambuco","description":"R\u00e1dio Internacional da China","publisher":{"@id":"https:\/\/diariodepe.com.br\/cri\/#organization"},"potentialAction":[{"@type":"SearchAction","target":{"@type":"EntryPoint","urlTemplate":"https:\/\/diariodepe.com.br\/cri\/?s={search_term_string}"},"query-input":{"@type":"PropertyValueSpecification","valueRequired":true,"valueName":"search_term_string"}}],"inLanguage":"pt-BR"},{"@type":"Organization","@id":"https:\/\/diariodepe.com.br\/cri\/#organization","name":"CRI e Diario de Pernambuco","url":"https:\/\/diariodepe.com.br\/cri\/","logo":{"@type":"ImageObject","inLanguage":"pt-BR","@id":"https:\/\/diariodepe.com.br\/cri\/#\/schema\/logo\/image\/","url":"https:\/\/diariodepe.com.br\/cri\/wp-content\/uploads\/sites\/2\/2022\/12\/cropped-Logo.jpg","contentUrl":"https:\/\/diariodepe.com.br\/cri\/wp-content\/uploads\/sites\/2\/2022\/12\/cropped-Logo.jpg","width":700,"height":59,"caption":"CRI e Diario de Pernambuco"},"image":{"@id":"https:\/\/diariodepe.com.br\/cri\/#\/schema\/logo\/image\/"}},{"@type":"Person","@id":"https:\/\/diariodepe.com.br\/cri\/#\/schema\/person\/121bb28d84f1a5b1205ef4ce9c2e0c6b","name":"Ismael Lucas S. Pereira","image":{"@type":"ImageObject","inLanguage":"pt-BR","@id":"https:\/\/secure.gravatar.com\/avatar\/887a0f3b5a7ceea963a48499fb883ffce6b5037362def025c52c2505b15d63e4?s=96&d=mm&r=g","url":"https:\/\/secure.gravatar.com\/avatar\/887a0f3b5a7ceea963a48499fb883ffce6b5037362def025c52c2505b15d63e4?s=96&d=mm&r=g","contentUrl":"https:\/\/secure.gravatar.com\/avatar\/887a0f3b5a7ceea963a48499fb883ffce6b5037362def025c52c2505b15d63e4?s=96&d=mm&r=g","caption":"Ismael Lucas S. Pereira"},"url":"https:\/\/diariodepe.com.br\/cri\/author\/ismael-lucas\/"}]}},"cc_featured_image_caption":{"caption_text":false,"source_text":false,"source_url":false},"amp_enabled":true,"_links":{"self":[{"href":"https:\/\/diariodepe.com.br\/cri\/wp-json\/wp\/v2\/posts\/3648","targetHints":{"allow":["GET"]}}],"collection":[{"href":"https:\/\/diariodepe.com.br\/cri\/wp-json\/wp\/v2\/posts"}],"about":[{"href":"https:\/\/diariodepe.com.br\/cri\/wp-json\/wp\/v2\/types\/post"}],"author":[{"embeddable":true,"href":"https:\/\/diariodepe.com.br\/cri\/wp-json\/wp\/v2\/users\/2"}],"replies":[{"embeddable":true,"href":"https:\/\/diariodepe.com.br\/cri\/wp-json\/wp\/v2\/comments?post=3648"}],"version-history":[{"count":5,"href":"https:\/\/diariodepe.com.br\/cri\/wp-json\/wp\/v2\/posts\/3648\/revisions"}],"predecessor-version":[{"id":3655,"href":"https:\/\/diariodepe.com.br\/cri\/wp-json\/wp\/v2\/posts\/3648\/revisions\/3655"}],"wp:attachment":[{"href":"https:\/\/diariodepe.com.br\/cri\/wp-json\/wp\/v2\/media?parent=3648"}],"wp:term":[{"taxonomy":"category","embeddable":true,"href":"https:\/\/diariodepe.com.br\/cri\/wp-json\/wp\/v2\/categories?post=3648"},{"taxonomy":"post_tag","embeddable":true,"href":"https:\/\/diariodepe.com.br\/cri\/wp-json\/wp\/v2\/tags?post=3648"}],"curies":[{"name":"wp","href":"https:\/\/api.w.org\/{rel}","templated":true}]}}