{"id":363,"date":"2023-01-15T01:55:48","date_gmt":"2023-01-15T04:55:48","guid":{"rendered":"https:\/\/diariodepe.com.br\/cri\/?p=363"},"modified":"2023-01-15T01:55:49","modified_gmt":"2023-01-15T04:55:49","slug":"comentario-de-onde-vem-a-resiliencia-e-a-vitalidade-do-comercio-exterior-da-china","status":"publish","type":"post","link":"https:\/\/diariodepe.com.br\/cri\/2023\/01\/15\/comentario-de-onde-vem-a-resiliencia-e-a-vitalidade-do-comercio-exterior-da-china\/","title":{"rendered":"<strong>Coment\u00e1rio: De onde v\u00eam a resili\u00eancia e a vitalidade do com\u00e9rcio exterior da China?<\/strong>"},"content":{"rendered":"\n<p>O volume do com\u00e9rcio exterior da China ultrapassou pela primeira vez a marca de 40 trilh\u00f5es de yuans, e o pa\u00eds tem mantido sua posi\u00e7\u00e3o como o maior pa\u00eds comercial de mercadorias do mundo por seis anos consecutivos. O \u201cboletim informativo\u201d do com\u00e9rcio exterior da China em 2022, lan\u00e7ado nesta sexta-feira (13), refor\u00e7ou ainda mais a confian\u00e7a da comunidade internacional na economia chinesa.<\/p>\n\n\n\n<p>De acordo com os dados divulgados pela Administra\u00e7\u00e3o Geral das Alf\u00e2ndegas da China no mesmo dia, em 2022, o com\u00e9rcio total de mercadorias atingiu um recorde de 42,07 trilh\u00f5es de yuans, um aumento de 7,7% em rela\u00e7\u00e3o ao ano anterior. No ano passado, quando o risco de recess\u00e3o global aumentou, o crescimento da demanda externa diminuiu constantemente e a pandemia expandiu em todo o mundo, o com\u00e9rcio exterior da China superou as dificuldades e alcan\u00e7ou um avan\u00e7o consider\u00e1vel, o que n\u00e3o \u00e9 nada f\u00e1cil e demonstra tanto sua resili\u00eancia para resistir a desafios e riscos quanto sua vitalidade implac\u00e1vel.<\/p>\n\n\n\n<p>De onde v\u00eam a resili\u00eancia e a vitalidade do com\u00e9rcio exterior da China? Do ponto de vista das exporta\u00e7\u00f5es, os dois principais elementos, \u201cmercado\u201d e \u201cproduto\u201d, foram fortemente apreendidos. Por exemplo, nos \u00faltimos anos, a ind\u00fastria automobil\u00edstica de novas energias da China floresceu e sua competitividade internacional aumentou significativamente.<\/p>\n\n\n\n<p>Em 2022, o \u201cc\u00edrculo de amigos\u201d do com\u00e9rcio exterior da China continuou se consolidando e se ampliando. As exporta\u00e7\u00f5es para a ASEAN, a UE e outros grandes parceiros comerciais mantiveram um r\u00e1pido crescimento e as exporta\u00e7\u00f5es para pa\u00edses envolvidos na iniciativa \u201cCintur\u00e3o e Rota\u201d cresceram 20%.<\/p>\n\n\n\n<p>Em termos de importa\u00e7\u00f5es, o mercado da demanda interna com grande potencial da China constitui um forte suporte. O PIB da China atingiu 87 bilh\u00f5es de yuans nos tr\u00eas primeiros trimestres do ano de 2022, um aumento de 3% em rela\u00e7\u00e3o ao ano anterior a pre\u00e7os constantes. A economia est\u00e1 crescendo constantemente e os consumidores t\u00eam confian\u00e7a e se atrevem a gastar dinheiro. Al\u00e9m disso, o s\u00f3lido desempenho do com\u00e9rcio exterior da China tamb\u00e9m se deve ao forte apoio de pol\u00edticas concernentes.<\/p>\n\n\n\n<p>O com\u00e9rcio exterior \u00e9 um bar\u00f4metro da economia, e o brilhante \u201cboletim\u201d do com\u00e9rcio exterior da China em 2022 mostra que a economia chinesa possui uma forte resili\u00eancia, um grande potencial e vitalidade suficiente, e que os fundamentos para o aumento a longo prazo n\u00e3o foram alterados. A medida que a resposta epid\u00eamica na China entra em uma nova fase, v\u00e1rias institui\u00e7\u00f5es internacionais de investimento elevam suas previs\u00f5es para o crescimento econ\u00f4mico chin\u00eas em 2023.<\/p>\n\n\n\n<p>Em 2023, com grande din\u00e2mica, o com\u00e9rcio exterior da China ajudar\u00e1 a economia chinesa a crescer de forma acelerada e a continuar sendo um importante motor de crescimento para a economia mundial.<\/p>\n","protected":false},"excerpt":{"rendered":"<p>O volume do com\u00e9rcio exterior da China ultrapassou pela primeira vez a marca de 40 trilh\u00f5es de yuans, e o pa\u00eds tem mantido sua posi\u00e7\u00e3o como o maior pa\u00eds comercial de mercadorias do mundo por seis anos consecutivos. O \u201cboletim&#8230;<\/p>\n","protected":false},"author":2,"featured_media":0,"comment_status":"open","ping_status":"open","sticky":false,"template":"","format":"standard","meta":{"footnotes":""},"categories":[7],"tags":[],"class_list":["post-363","post","type-post","status-publish","format-standard","hentry","category-visao"],"yoast_head":"<!-- This site is optimized with the Yoast SEO plugin v27.4 - https:\/\/yoast.com\/product\/yoast-seo-wordpress\/ -->\n<title>Coment\u00e1rio: De onde v\u00eam a resili\u00eancia e a vitalidade do com\u00e9rcio exterior da China? - CRI e Diario de Pernambuco<\/title>\n<meta name=\"robots\" content=\"index, follow, max-snippet:-1, max-image-preview:large, max-video-preview:-1\" \/>\n<link rel=\"canonical\" href=\"https:\/\/diariodepe.com.br\/cri\/2023\/01\/15\/comentario-de-onde-vem-a-resiliencia-e-a-vitalidade-do-comercio-exterior-da-china\/\" \/>\n<meta property=\"og:locale\" content=\"pt_BR\" \/>\n<meta property=\"og:type\" content=\"article\" \/>\n<meta property=\"og:title\" content=\"Coment\u00e1rio: De onde v\u00eam a resili\u00eancia e a vitalidade do com\u00e9rcio exterior da China? - CRI e Diario de Pernambuco\" \/>\n<meta property=\"og:description\" content=\"O volume do com\u00e9rcio exterior da China ultrapassou pela primeira vez a marca de 40 trilh\u00f5es de yuans, e o pa\u00eds tem mantido sua posi\u00e7\u00e3o como o maior pa\u00eds comercial de mercadorias do mundo por seis anos consecutivos. O \u201cboletim...\" \/>\n<meta property=\"og:url\" content=\"https:\/\/diariodepe.com.br\/cri\/2023\/01\/15\/comentario-de-onde-vem-a-resiliencia-e-a-vitalidade-do-comercio-exterior-da-china\/\" \/>\n<meta property=\"og:site_name\" content=\"CRI e Diario de Pernambuco\" \/>\n<meta property=\"article:published_time\" content=\"2023-01-15T04:55:48+00:00\" \/>\n<meta property=\"article:modified_time\" content=\"2023-01-15T04:55:49+00:00\" \/>\n<meta name=\"author\" content=\"Ismael Lucas S. Pereira\" \/>\n<meta name=\"twitter:card\" content=\"summary_large_image\" \/>\n<meta name=\"twitter:label1\" content=\"Escrito por\" \/>\n\t<meta name=\"twitter:data1\" content=\"Ismael Lucas S. Pereira\" \/>\n\t<meta name=\"twitter:label2\" content=\"Est. tempo de leitura\" \/>\n\t<meta name=\"twitter:data2\" content=\"3 minutos\" \/>\n<script type=\"application\/ld+json\" class=\"yoast-schema-graph\">{\"@context\":\"https:\\\/\\\/schema.org\",\"@graph\":[{\"@type\":\"Article\",\"@id\":\"https:\\\/\\\/diariodepe.com.br\\\/cri\\\/2023\\\/01\\\/15\\\/comentario-de-onde-vem-a-resiliencia-e-a-vitalidade-do-comercio-exterior-da-china\\\/#article\",\"isPartOf\":{\"@id\":\"https:\\\/\\\/diariodepe.com.br\\\/cri\\\/2023\\\/01\\\/15\\\/comentario-de-onde-vem-a-resiliencia-e-a-vitalidade-do-comercio-exterior-da-china\\\/\"},\"author\":{\"name\":\"Ismael Lucas S. Pereira\",\"@id\":\"https:\\\/\\\/diariodepe.com.br\\\/cri\\\/#\\\/schema\\\/person\\\/121bb28d84f1a5b1205ef4ce9c2e0c6b\"},\"headline\":\"Coment\u00e1rio: De onde v\u00eam a resili\u00eancia e a vitalidade do com\u00e9rcio exterior da China?\",\"datePublished\":\"2023-01-15T04:55:48+00:00\",\"dateModified\":\"2023-01-15T04:55:49+00:00\",\"mainEntityOfPage\":{\"@id\":\"https:\\\/\\\/diariodepe.com.br\\\/cri\\\/2023\\\/01\\\/15\\\/comentario-de-onde-vem-a-resiliencia-e-a-vitalidade-do-comercio-exterior-da-china\\\/\"},\"wordCount\":509,\"commentCount\":0,\"publisher\":{\"@id\":\"https:\\\/\\\/diariodepe.com.br\\\/cri\\\/#organization\"},\"articleSection\":[\"Vis\u00e3o\"],\"inLanguage\":\"pt-BR\",\"potentialAction\":[{\"@type\":\"CommentAction\",\"name\":\"Comment\",\"target\":[\"https:\\\/\\\/diariodepe.com.br\\\/cri\\\/2023\\\/01\\\/15\\\/comentario-de-onde-vem-a-resiliencia-e-a-vitalidade-do-comercio-exterior-da-china\\\/#respond\"]}]},{\"@type\":\"WebPage\",\"@id\":\"https:\\\/\\\/diariodepe.com.br\\\/cri\\\/2023\\\/01\\\/15\\\/comentario-de-onde-vem-a-resiliencia-e-a-vitalidade-do-comercio-exterior-da-china\\\/\",\"url\":\"https:\\\/\\\/diariodepe.com.br\\\/cri\\\/2023\\\/01\\\/15\\\/comentario-de-onde-vem-a-resiliencia-e-a-vitalidade-do-comercio-exterior-da-china\\\/\",\"name\":\"Coment\u00e1rio: De onde v\u00eam a resili\u00eancia e a vitalidade do com\u00e9rcio exterior da China? - CRI e Diario de Pernambuco\",\"isPartOf\":{\"@id\":\"https:\\\/\\\/diariodepe.com.br\\\/cri\\\/#website\"},\"datePublished\":\"2023-01-15T04:55:48+00:00\",\"dateModified\":\"2023-01-15T04:55:49+00:00\",\"breadcrumb\":{\"@id\":\"https:\\\/\\\/diariodepe.com.br\\\/cri\\\/2023\\\/01\\\/15\\\/comentario-de-onde-vem-a-resiliencia-e-a-vitalidade-do-comercio-exterior-da-china\\\/#breadcrumb\"},\"inLanguage\":\"pt-BR\",\"potentialAction\":[{\"@type\":\"ReadAction\",\"target\":[\"https:\\\/\\\/diariodepe.com.br\\\/cri\\\/2023\\\/01\\\/15\\\/comentario-de-onde-vem-a-resiliencia-e-a-vitalidade-do-comercio-exterior-da-china\\\/\"]}]},{\"@type\":\"BreadcrumbList\",\"@id\":\"https:\\\/\\\/diariodepe.com.br\\\/cri\\\/2023\\\/01\\\/15\\\/comentario-de-onde-vem-a-resiliencia-e-a-vitalidade-do-comercio-exterior-da-china\\\/#breadcrumb\",\"itemListElement\":[{\"@type\":\"ListItem\",\"position\":1,\"name\":\"In\u00edcio\",\"item\":\"https:\\\/\\\/diariodepe.com.br\\\/cri\\\/\"},{\"@type\":\"ListItem\",\"position\":2,\"name\":\"Coment\u00e1rio: De onde v\u00eam a resili\u00eancia e a vitalidade do com\u00e9rcio exterior da China?\"}]},{\"@type\":\"WebSite\",\"@id\":\"https:\\\/\\\/diariodepe.com.br\\\/cri\\\/#website\",\"url\":\"https:\\\/\\\/diariodepe.com.br\\\/cri\\\/\",\"name\":\"CRI e Diario de Pernambuco\",\"description\":\"R\u00e1dio Internacional da China\",\"publisher\":{\"@id\":\"https:\\\/\\\/diariodepe.com.br\\\/cri\\\/#organization\"},\"potentialAction\":[{\"@type\":\"SearchAction\",\"target\":{\"@type\":\"EntryPoint\",\"urlTemplate\":\"https:\\\/\\\/diariodepe.com.br\\\/cri\\\/?s={search_term_string}\"},\"query-input\":{\"@type\":\"PropertyValueSpecification\",\"valueRequired\":true,\"valueName\":\"search_term_string\"}}],\"inLanguage\":\"pt-BR\"},{\"@type\":\"Organization\",\"@id\":\"https:\\\/\\\/diariodepe.com.br\\\/cri\\\/#organization\",\"name\":\"CRI e Diario de Pernambuco\",\"url\":\"https:\\\/\\\/diariodepe.com.br\\\/cri\\\/\",\"logo\":{\"@type\":\"ImageObject\",\"inLanguage\":\"pt-BR\",\"@id\":\"https:\\\/\\\/diariodepe.com.br\\\/cri\\\/#\\\/schema\\\/logo\\\/image\\\/\",\"url\":\"https:\\\/\\\/diariodepe.com.br\\\/cri\\\/wp-content\\\/uploads\\\/sites\\\/2\\\/2022\\\/12\\\/cropped-Logo.jpg\",\"contentUrl\":\"https:\\\/\\\/diariodepe.com.br\\\/cri\\\/wp-content\\\/uploads\\\/sites\\\/2\\\/2022\\\/12\\\/cropped-Logo.jpg\",\"width\":700,\"height\":59,\"caption\":\"CRI e Diario de Pernambuco\"},\"image\":{\"@id\":\"https:\\\/\\\/diariodepe.com.br\\\/cri\\\/#\\\/schema\\\/logo\\\/image\\\/\"}},{\"@type\":\"Person\",\"@id\":\"https:\\\/\\\/diariodepe.com.br\\\/cri\\\/#\\\/schema\\\/person\\\/121bb28d84f1a5b1205ef4ce9c2e0c6b\",\"name\":\"Ismael Lucas S. Pereira\",\"image\":{\"@type\":\"ImageObject\",\"inLanguage\":\"pt-BR\",\"@id\":\"https:\\\/\\\/secure.gravatar.com\\\/avatar\\\/887a0f3b5a7ceea963a48499fb883ffce6b5037362def025c52c2505b15d63e4?s=96&d=mm&r=g\",\"url\":\"https:\\\/\\\/secure.gravatar.com\\\/avatar\\\/887a0f3b5a7ceea963a48499fb883ffce6b5037362def025c52c2505b15d63e4?s=96&d=mm&r=g\",\"contentUrl\":\"https:\\\/\\\/secure.gravatar.com\\\/avatar\\\/887a0f3b5a7ceea963a48499fb883ffce6b5037362def025c52c2505b15d63e4?s=96&d=mm&r=g\",\"caption\":\"Ismael Lucas S. Pereira\"},\"url\":\"https:\\\/\\\/diariodepe.com.br\\\/cri\\\/author\\\/ismael-lucas\\\/\"}]}<\/script>\n<!-- \/ Yoast SEO plugin. -->","yoast_head_json":{"title":"Coment\u00e1rio: De onde v\u00eam a resili\u00eancia e a vitalidade do com\u00e9rcio exterior da China? - CRI e Diario de Pernambuco","robots":{"index":"index","follow":"follow","max-snippet":"max-snippet:-1","max-image-preview":"max-image-preview:large","max-video-preview":"max-video-preview:-1"},"canonical":"https:\/\/diariodepe.com.br\/cri\/2023\/01\/15\/comentario-de-onde-vem-a-resiliencia-e-a-vitalidade-do-comercio-exterior-da-china\/","og_locale":"pt_BR","og_type":"article","og_title":"Coment\u00e1rio: De onde v\u00eam a resili\u00eancia e a vitalidade do com\u00e9rcio exterior da China? - CRI e Diario de Pernambuco","og_description":"O volume do com\u00e9rcio exterior da China ultrapassou pela primeira vez a marca de 40 trilh\u00f5es de yuans, e o pa\u00eds tem mantido sua posi\u00e7\u00e3o como o maior pa\u00eds comercial de mercadorias do mundo por seis anos consecutivos. O \u201cboletim...","og_url":"https:\/\/diariodepe.com.br\/cri\/2023\/01\/15\/comentario-de-onde-vem-a-resiliencia-e-a-vitalidade-do-comercio-exterior-da-china\/","og_site_name":"CRI e Diario de Pernambuco","article_published_time":"2023-01-15T04:55:48+00:00","article_modified_time":"2023-01-15T04:55:49+00:00","author":"Ismael Lucas S. Pereira","twitter_card":"summary_large_image","twitter_misc":{"Escrito por":"Ismael Lucas S. Pereira","Est. tempo de leitura":"3 minutos"},"schema":{"@context":"https:\/\/schema.org","@graph":[{"@type":"Article","@id":"https:\/\/diariodepe.com.br\/cri\/2023\/01\/15\/comentario-de-onde-vem-a-resiliencia-e-a-vitalidade-do-comercio-exterior-da-china\/#article","isPartOf":{"@id":"https:\/\/diariodepe.com.br\/cri\/2023\/01\/15\/comentario-de-onde-vem-a-resiliencia-e-a-vitalidade-do-comercio-exterior-da-china\/"},"author":{"name":"Ismael Lucas S. Pereira","@id":"https:\/\/diariodepe.com.br\/cri\/#\/schema\/person\/121bb28d84f1a5b1205ef4ce9c2e0c6b"},"headline":"Coment\u00e1rio: De onde v\u00eam a resili\u00eancia e a vitalidade do com\u00e9rcio exterior da China?","datePublished":"2023-01-15T04:55:48+00:00","dateModified":"2023-01-15T04:55:49+00:00","mainEntityOfPage":{"@id":"https:\/\/diariodepe.com.br\/cri\/2023\/01\/15\/comentario-de-onde-vem-a-resiliencia-e-a-vitalidade-do-comercio-exterior-da-china\/"},"wordCount":509,"commentCount":0,"publisher":{"@id":"https:\/\/diariodepe.com.br\/cri\/#organization"},"articleSection":["Vis\u00e3o"],"inLanguage":"pt-BR","potentialAction":[{"@type":"CommentAction","name":"Comment","target":["https:\/\/diariodepe.com.br\/cri\/2023\/01\/15\/comentario-de-onde-vem-a-resiliencia-e-a-vitalidade-do-comercio-exterior-da-china\/#respond"]}]},{"@type":"WebPage","@id":"https:\/\/diariodepe.com.br\/cri\/2023\/01\/15\/comentario-de-onde-vem-a-resiliencia-e-a-vitalidade-do-comercio-exterior-da-china\/","url":"https:\/\/diariodepe.com.br\/cri\/2023\/01\/15\/comentario-de-onde-vem-a-resiliencia-e-a-vitalidade-do-comercio-exterior-da-china\/","name":"Coment\u00e1rio: De onde v\u00eam a resili\u00eancia e a vitalidade do com\u00e9rcio exterior da China? - CRI e Diario de Pernambuco","isPartOf":{"@id":"https:\/\/diariodepe.com.br\/cri\/#website"},"datePublished":"2023-01-15T04:55:48+00:00","dateModified":"2023-01-15T04:55:49+00:00","breadcrumb":{"@id":"https:\/\/diariodepe.com.br\/cri\/2023\/01\/15\/comentario-de-onde-vem-a-resiliencia-e-a-vitalidade-do-comercio-exterior-da-china\/#breadcrumb"},"inLanguage":"pt-BR","potentialAction":[{"@type":"ReadAction","target":["https:\/\/diariodepe.com.br\/cri\/2023\/01\/15\/comentario-de-onde-vem-a-resiliencia-e-a-vitalidade-do-comercio-exterior-da-china\/"]}]},{"@type":"BreadcrumbList","@id":"https:\/\/diariodepe.com.br\/cri\/2023\/01\/15\/comentario-de-onde-vem-a-resiliencia-e-a-vitalidade-do-comercio-exterior-da-china\/#breadcrumb","itemListElement":[{"@type":"ListItem","position":1,"name":"In\u00edcio","item":"https:\/\/diariodepe.com.br\/cri\/"},{"@type":"ListItem","position":2,"name":"Coment\u00e1rio: De onde v\u00eam a resili\u00eancia e a vitalidade do com\u00e9rcio exterior da China?"}]},{"@type":"WebSite","@id":"https:\/\/diariodepe.com.br\/cri\/#website","url":"https:\/\/diariodepe.com.br\/cri\/","name":"CRI e Diario de Pernambuco","description":"R\u00e1dio Internacional da China","publisher":{"@id":"https:\/\/diariodepe.com.br\/cri\/#organization"},"potentialAction":[{"@type":"SearchAction","target":{"@type":"EntryPoint","urlTemplate":"https:\/\/diariodepe.com.br\/cri\/?s={search_term_string}"},"query-input":{"@type":"PropertyValueSpecification","valueRequired":true,"valueName":"search_term_string"}}],"inLanguage":"pt-BR"},{"@type":"Organization","@id":"https:\/\/diariodepe.com.br\/cri\/#organization","name":"CRI e Diario de Pernambuco","url":"https:\/\/diariodepe.com.br\/cri\/","logo":{"@type":"ImageObject","inLanguage":"pt-BR","@id":"https:\/\/diariodepe.com.br\/cri\/#\/schema\/logo\/image\/","url":"https:\/\/diariodepe.com.br\/cri\/wp-content\/uploads\/sites\/2\/2022\/12\/cropped-Logo.jpg","contentUrl":"https:\/\/diariodepe.com.br\/cri\/wp-content\/uploads\/sites\/2\/2022\/12\/cropped-Logo.jpg","width":700,"height":59,"caption":"CRI e Diario de Pernambuco"},"image":{"@id":"https:\/\/diariodepe.com.br\/cri\/#\/schema\/logo\/image\/"}},{"@type":"Person","@id":"https:\/\/diariodepe.com.br\/cri\/#\/schema\/person\/121bb28d84f1a5b1205ef4ce9c2e0c6b","name":"Ismael Lucas S. Pereira","image":{"@type":"ImageObject","inLanguage":"pt-BR","@id":"https:\/\/secure.gravatar.com\/avatar\/887a0f3b5a7ceea963a48499fb883ffce6b5037362def025c52c2505b15d63e4?s=96&d=mm&r=g","url":"https:\/\/secure.gravatar.com\/avatar\/887a0f3b5a7ceea963a48499fb883ffce6b5037362def025c52c2505b15d63e4?s=96&d=mm&r=g","contentUrl":"https:\/\/secure.gravatar.com\/avatar\/887a0f3b5a7ceea963a48499fb883ffce6b5037362def025c52c2505b15d63e4?s=96&d=mm&r=g","caption":"Ismael Lucas S. Pereira"},"url":"https:\/\/diariodepe.com.br\/cri\/author\/ismael-lucas\/"}]}},"cc_featured_image_caption":{"caption_text":"","source_text":"","source_url":""},"amp_enabled":true,"_links":{"self":[{"href":"https:\/\/diariodepe.com.br\/cri\/wp-json\/wp\/v2\/posts\/363","targetHints":{"allow":["GET"]}}],"collection":[{"href":"https:\/\/diariodepe.com.br\/cri\/wp-json\/wp\/v2\/posts"}],"about":[{"href":"https:\/\/diariodepe.com.br\/cri\/wp-json\/wp\/v2\/types\/post"}],"author":[{"embeddable":true,"href":"https:\/\/diariodepe.com.br\/cri\/wp-json\/wp\/v2\/users\/2"}],"replies":[{"embeddable":true,"href":"https:\/\/diariodepe.com.br\/cri\/wp-json\/wp\/v2\/comments?post=363"}],"version-history":[{"count":1,"href":"https:\/\/diariodepe.com.br\/cri\/wp-json\/wp\/v2\/posts\/363\/revisions"}],"predecessor-version":[{"id":364,"href":"https:\/\/diariodepe.com.br\/cri\/wp-json\/wp\/v2\/posts\/363\/revisions\/364"}],"wp:attachment":[{"href":"https:\/\/diariodepe.com.br\/cri\/wp-json\/wp\/v2\/media?parent=363"}],"wp:term":[{"taxonomy":"category","embeddable":true,"href":"https:\/\/diariodepe.com.br\/cri\/wp-json\/wp\/v2\/categories?post=363"},{"taxonomy":"post_tag","embeddable":true,"href":"https:\/\/diariodepe.com.br\/cri\/wp-json\/wp\/v2\/tags?post=363"}],"curies":[{"name":"wp","href":"https:\/\/api.w.org\/{rel}","templated":true}]}}