{"id":361,"date":"2023-01-12T10:45:02","date_gmt":"2023-01-12T13:45:02","guid":{"rendered":"https:\/\/diariodepe.com.br\/cri\/?p=361"},"modified":"2023-01-12T10:45:05","modified_gmt":"2023-01-12T13:45:05","slug":"cmg-conclui-terceiro-ensaio-da-gala-da-festa-da-primavera","status":"publish","type":"post","link":"https:\/\/diariodepe.com.br\/cri\/2023\/01\/12\/cmg-conclui-terceiro-ensaio-da-gala-da-festa-da-primavera\/","title":{"rendered":"<strong>CMG conclui terceiro ensaio da Gala da Festa da Primavera<\/strong>"},"content":{"rendered":"\n<p>O Grupo de M\u00eddia da China (CMG, na sigla em ingl\u00eas) concluiu no dia 9 deste m\u00eas&nbsp;o&nbsp;terceiro&nbsp;ensaio&nbsp;da&nbsp;Gala&nbsp;da Festa da Primavera, que acolher\u00e1 o ano do Coelho. &nbsp;<\/p>\n\n\n\n<p>Entre os espet\u00e1culos est\u00e1 a interpreta\u00e7\u00e3o da can\u00e7\u00e3o&nbsp;\u201cOl\u00e1, desconhecidos\u201d, que foi&nbsp;produzida exclusivamente para o show da virada do ano novo chin\u00eas.&nbsp;Um trecho da&nbsp;produ\u00e7\u00e3o se tornou logo um fen\u00f4meno ap\u00f3s&nbsp;sua publica\u00e7\u00e3o&nbsp;na plataforma&nbsp;de&nbsp;nova m\u00eddia do notici\u00e1rio da Televis\u00e3o Central no dia 29 de dezembro do ano passado, com mais de 60 milh\u00f5es de&nbsp;visualiza\u00e7\u00f5es. No&nbsp;terceiro&nbsp;ensaio, a vers\u00e3o completa da&nbsp;can\u00e7\u00e3o&nbsp;foi divulgada pela primeira vez, com a participa\u00e7\u00e3o&nbsp;de&nbsp;pessoas comuns cujas hist\u00f3rias&nbsp;emocionaram todo o pa\u00eds.&nbsp;<\/p>\n\n\n\n<p>Valorizar a cultura tradicional tamb\u00e9m&nbsp;ser\u00e1&nbsp;um destaque da&nbsp;Gala. Com base nos registros hist\u00f3ricos e&nbsp;das antigas arquiteturas, a equipe de&nbsp;design&nbsp;visual criou&nbsp;imagens&nbsp;de&nbsp;animais&nbsp;lend\u00e1rios, combinando a tradi\u00e7\u00e3o e a vitalidade da era. &nbsp;<\/p>\n\n\n\n<p>Al\u00e9m dos artistas e profissionais, n\u00e3o&nbsp;faltar\u00e3o&nbsp;pessoas comuns, que&nbsp;interpretar\u00e3o&nbsp;espet\u00e1culos inspirados na vida real.<\/p>\n","protected":false},"excerpt":{"rendered":"<p>O Grupo de M\u00eddia da China (CMG, na sigla em ingl\u00eas) concluiu no dia 9 deste m\u00eas&nbsp;o&nbsp;terceiro&nbsp;ensaio&nbsp;da&nbsp;Gala&nbsp;da Festa da Primavera, que acolher\u00e1 o ano do Coelho. &nbsp; Entre os espet\u00e1culos est\u00e1 a interpreta\u00e7\u00e3o da can\u00e7\u00e3o&nbsp;\u201cOl\u00e1, desconhecidos\u201d, que foi&nbsp;produzida exclusivamente para&#8230;<\/p>\n","protected":false},"author":2,"featured_media":0,"comment_status":"open","ping_status":"open","sticky":false,"template":"","format":"standard","meta":{"footnotes":""},"categories":[3],"tags":[],"class_list":["post-361","post","type-post","status-publish","format-standard","hentry","category-china"],"yoast_head":"<!-- This site is optimized with the Yoast SEO plugin v27.4 - https:\/\/yoast.com\/product\/yoast-seo-wordpress\/ -->\n<title>CMG conclui terceiro ensaio da Gala da Festa da Primavera - CRI e Diario de Pernambuco<\/title>\n<meta name=\"robots\" content=\"index, follow, max-snippet:-1, max-image-preview:large, max-video-preview:-1\" \/>\n<link rel=\"canonical\" href=\"https:\/\/diariodepe.com.br\/cri\/2023\/01\/12\/cmg-conclui-terceiro-ensaio-da-gala-da-festa-da-primavera\/\" \/>\n<meta property=\"og:locale\" content=\"pt_BR\" \/>\n<meta property=\"og:type\" content=\"article\" \/>\n<meta property=\"og:title\" content=\"CMG conclui terceiro ensaio da Gala da Festa da Primavera - CRI e Diario de Pernambuco\" \/>\n<meta property=\"og:description\" content=\"O Grupo de M\u00eddia da China (CMG, na sigla em ingl\u00eas) concluiu no dia 9 deste m\u00eas&nbsp;o&nbsp;terceiro&nbsp;ensaio&nbsp;da&nbsp;Gala&nbsp;da Festa da Primavera, que acolher\u00e1 o ano do Coelho. &nbsp; Entre os espet\u00e1culos est\u00e1 a interpreta\u00e7\u00e3o da can\u00e7\u00e3o&nbsp;\u201cOl\u00e1, desconhecidos\u201d, que foi&nbsp;produzida exclusivamente para...\" \/>\n<meta property=\"og:url\" content=\"https:\/\/diariodepe.com.br\/cri\/2023\/01\/12\/cmg-conclui-terceiro-ensaio-da-gala-da-festa-da-primavera\/\" \/>\n<meta property=\"og:site_name\" content=\"CRI e Diario de Pernambuco\" \/>\n<meta property=\"article:published_time\" content=\"2023-01-12T13:45:02+00:00\" \/>\n<meta property=\"article:modified_time\" content=\"2023-01-12T13:45:05+00:00\" \/>\n<meta name=\"author\" content=\"Ismael Lucas S. Pereira\" \/>\n<meta name=\"twitter:card\" content=\"summary_large_image\" \/>\n<meta name=\"twitter:label1\" content=\"Escrito por\" \/>\n\t<meta name=\"twitter:data1\" content=\"Ismael Lucas S. Pereira\" \/>\n\t<meta name=\"twitter:label2\" content=\"Est. tempo de leitura\" \/>\n\t<meta name=\"twitter:data2\" content=\"1 minuto\" \/>\n<script type=\"application\/ld+json\" class=\"yoast-schema-graph\">{\"@context\":\"https:\\\/\\\/schema.org\",\"@graph\":[{\"@type\":\"Article\",\"@id\":\"https:\\\/\\\/diariodepe.com.br\\\/cri\\\/2023\\\/01\\\/12\\\/cmg-conclui-terceiro-ensaio-da-gala-da-festa-da-primavera\\\/#article\",\"isPartOf\":{\"@id\":\"https:\\\/\\\/diariodepe.com.br\\\/cri\\\/2023\\\/01\\\/12\\\/cmg-conclui-terceiro-ensaio-da-gala-da-festa-da-primavera\\\/\"},\"author\":{\"name\":\"Ismael Lucas S. Pereira\",\"@id\":\"https:\\\/\\\/diariodepe.com.br\\\/cri\\\/#\\\/schema\\\/person\\\/121bb28d84f1a5b1205ef4ce9c2e0c6b\"},\"headline\":\"CMG conclui terceiro ensaio da Gala da Festa da Primavera\",\"datePublished\":\"2023-01-12T13:45:02+00:00\",\"dateModified\":\"2023-01-12T13:45:05+00:00\",\"mainEntityOfPage\":{\"@id\":\"https:\\\/\\\/diariodepe.com.br\\\/cri\\\/2023\\\/01\\\/12\\\/cmg-conclui-terceiro-ensaio-da-gala-da-festa-da-primavera\\\/\"},\"wordCount\":246,\"commentCount\":0,\"publisher\":{\"@id\":\"https:\\\/\\\/diariodepe.com.br\\\/cri\\\/#organization\"},\"articleSection\":[\"China\"],\"inLanguage\":\"pt-BR\",\"potentialAction\":[{\"@type\":\"CommentAction\",\"name\":\"Comment\",\"target\":[\"https:\\\/\\\/diariodepe.com.br\\\/cri\\\/2023\\\/01\\\/12\\\/cmg-conclui-terceiro-ensaio-da-gala-da-festa-da-primavera\\\/#respond\"]}]},{\"@type\":\"WebPage\",\"@id\":\"https:\\\/\\\/diariodepe.com.br\\\/cri\\\/2023\\\/01\\\/12\\\/cmg-conclui-terceiro-ensaio-da-gala-da-festa-da-primavera\\\/\",\"url\":\"https:\\\/\\\/diariodepe.com.br\\\/cri\\\/2023\\\/01\\\/12\\\/cmg-conclui-terceiro-ensaio-da-gala-da-festa-da-primavera\\\/\",\"name\":\"CMG conclui terceiro ensaio da Gala da Festa da Primavera - CRI e Diario de Pernambuco\",\"isPartOf\":{\"@id\":\"https:\\\/\\\/diariodepe.com.br\\\/cri\\\/#website\"},\"datePublished\":\"2023-01-12T13:45:02+00:00\",\"dateModified\":\"2023-01-12T13:45:05+00:00\",\"breadcrumb\":{\"@id\":\"https:\\\/\\\/diariodepe.com.br\\\/cri\\\/2023\\\/01\\\/12\\\/cmg-conclui-terceiro-ensaio-da-gala-da-festa-da-primavera\\\/#breadcrumb\"},\"inLanguage\":\"pt-BR\",\"potentialAction\":[{\"@type\":\"ReadAction\",\"target\":[\"https:\\\/\\\/diariodepe.com.br\\\/cri\\\/2023\\\/01\\\/12\\\/cmg-conclui-terceiro-ensaio-da-gala-da-festa-da-primavera\\\/\"]}]},{\"@type\":\"BreadcrumbList\",\"@id\":\"https:\\\/\\\/diariodepe.com.br\\\/cri\\\/2023\\\/01\\\/12\\\/cmg-conclui-terceiro-ensaio-da-gala-da-festa-da-primavera\\\/#breadcrumb\",\"itemListElement\":[{\"@type\":\"ListItem\",\"position\":1,\"name\":\"In\u00edcio\",\"item\":\"https:\\\/\\\/diariodepe.com.br\\\/cri\\\/\"},{\"@type\":\"ListItem\",\"position\":2,\"name\":\"CMG conclui terceiro ensaio da Gala da Festa da Primavera\"}]},{\"@type\":\"WebSite\",\"@id\":\"https:\\\/\\\/diariodepe.com.br\\\/cri\\\/#website\",\"url\":\"https:\\\/\\\/diariodepe.com.br\\\/cri\\\/\",\"name\":\"CRI e Diario de Pernambuco\",\"description\":\"R\u00e1dio Internacional da China\",\"publisher\":{\"@id\":\"https:\\\/\\\/diariodepe.com.br\\\/cri\\\/#organization\"},\"potentialAction\":[{\"@type\":\"SearchAction\",\"target\":{\"@type\":\"EntryPoint\",\"urlTemplate\":\"https:\\\/\\\/diariodepe.com.br\\\/cri\\\/?s={search_term_string}\"},\"query-input\":{\"@type\":\"PropertyValueSpecification\",\"valueRequired\":true,\"valueName\":\"search_term_string\"}}],\"inLanguage\":\"pt-BR\"},{\"@type\":\"Organization\",\"@id\":\"https:\\\/\\\/diariodepe.com.br\\\/cri\\\/#organization\",\"name\":\"CRI e Diario de Pernambuco\",\"url\":\"https:\\\/\\\/diariodepe.com.br\\\/cri\\\/\",\"logo\":{\"@type\":\"ImageObject\",\"inLanguage\":\"pt-BR\",\"@id\":\"https:\\\/\\\/diariodepe.com.br\\\/cri\\\/#\\\/schema\\\/logo\\\/image\\\/\",\"url\":\"https:\\\/\\\/diariodepe.com.br\\\/cri\\\/wp-content\\\/uploads\\\/sites\\\/2\\\/2022\\\/12\\\/cropped-Logo.jpg\",\"contentUrl\":\"https:\\\/\\\/diariodepe.com.br\\\/cri\\\/wp-content\\\/uploads\\\/sites\\\/2\\\/2022\\\/12\\\/cropped-Logo.jpg\",\"width\":700,\"height\":59,\"caption\":\"CRI e Diario de Pernambuco\"},\"image\":{\"@id\":\"https:\\\/\\\/diariodepe.com.br\\\/cri\\\/#\\\/schema\\\/logo\\\/image\\\/\"}},{\"@type\":\"Person\",\"@id\":\"https:\\\/\\\/diariodepe.com.br\\\/cri\\\/#\\\/schema\\\/person\\\/121bb28d84f1a5b1205ef4ce9c2e0c6b\",\"name\":\"Ismael Lucas S. Pereira\",\"image\":{\"@type\":\"ImageObject\",\"inLanguage\":\"pt-BR\",\"@id\":\"https:\\\/\\\/secure.gravatar.com\\\/avatar\\\/887a0f3b5a7ceea963a48499fb883ffce6b5037362def025c52c2505b15d63e4?s=96&d=mm&r=g\",\"url\":\"https:\\\/\\\/secure.gravatar.com\\\/avatar\\\/887a0f3b5a7ceea963a48499fb883ffce6b5037362def025c52c2505b15d63e4?s=96&d=mm&r=g\",\"contentUrl\":\"https:\\\/\\\/secure.gravatar.com\\\/avatar\\\/887a0f3b5a7ceea963a48499fb883ffce6b5037362def025c52c2505b15d63e4?s=96&d=mm&r=g\",\"caption\":\"Ismael Lucas S. Pereira\"},\"url\":\"https:\\\/\\\/diariodepe.com.br\\\/cri\\\/author\\\/ismael-lucas\\\/\"}]}<\/script>\n<!-- \/ Yoast SEO plugin. -->","yoast_head_json":{"title":"CMG conclui terceiro ensaio da Gala da Festa da Primavera - CRI e Diario de Pernambuco","robots":{"index":"index","follow":"follow","max-snippet":"max-snippet:-1","max-image-preview":"max-image-preview:large","max-video-preview":"max-video-preview:-1"},"canonical":"https:\/\/diariodepe.com.br\/cri\/2023\/01\/12\/cmg-conclui-terceiro-ensaio-da-gala-da-festa-da-primavera\/","og_locale":"pt_BR","og_type":"article","og_title":"CMG conclui terceiro ensaio da Gala da Festa da Primavera - CRI e Diario de Pernambuco","og_description":"O Grupo de M\u00eddia da China (CMG, na sigla em ingl\u00eas) concluiu no dia 9 deste m\u00eas&nbsp;o&nbsp;terceiro&nbsp;ensaio&nbsp;da&nbsp;Gala&nbsp;da Festa da Primavera, que acolher\u00e1 o ano do Coelho. &nbsp; Entre os espet\u00e1culos est\u00e1 a interpreta\u00e7\u00e3o da can\u00e7\u00e3o&nbsp;\u201cOl\u00e1, desconhecidos\u201d, que foi&nbsp;produzida exclusivamente para...","og_url":"https:\/\/diariodepe.com.br\/cri\/2023\/01\/12\/cmg-conclui-terceiro-ensaio-da-gala-da-festa-da-primavera\/","og_site_name":"CRI e Diario de Pernambuco","article_published_time":"2023-01-12T13:45:02+00:00","article_modified_time":"2023-01-12T13:45:05+00:00","author":"Ismael Lucas S. Pereira","twitter_card":"summary_large_image","twitter_misc":{"Escrito por":"Ismael Lucas S. Pereira","Est. tempo de leitura":"1 minuto"},"schema":{"@context":"https:\/\/schema.org","@graph":[{"@type":"Article","@id":"https:\/\/diariodepe.com.br\/cri\/2023\/01\/12\/cmg-conclui-terceiro-ensaio-da-gala-da-festa-da-primavera\/#article","isPartOf":{"@id":"https:\/\/diariodepe.com.br\/cri\/2023\/01\/12\/cmg-conclui-terceiro-ensaio-da-gala-da-festa-da-primavera\/"},"author":{"name":"Ismael Lucas S. Pereira","@id":"https:\/\/diariodepe.com.br\/cri\/#\/schema\/person\/121bb28d84f1a5b1205ef4ce9c2e0c6b"},"headline":"CMG conclui terceiro ensaio da Gala da Festa da Primavera","datePublished":"2023-01-12T13:45:02+00:00","dateModified":"2023-01-12T13:45:05+00:00","mainEntityOfPage":{"@id":"https:\/\/diariodepe.com.br\/cri\/2023\/01\/12\/cmg-conclui-terceiro-ensaio-da-gala-da-festa-da-primavera\/"},"wordCount":246,"commentCount":0,"publisher":{"@id":"https:\/\/diariodepe.com.br\/cri\/#organization"},"articleSection":["China"],"inLanguage":"pt-BR","potentialAction":[{"@type":"CommentAction","name":"Comment","target":["https:\/\/diariodepe.com.br\/cri\/2023\/01\/12\/cmg-conclui-terceiro-ensaio-da-gala-da-festa-da-primavera\/#respond"]}]},{"@type":"WebPage","@id":"https:\/\/diariodepe.com.br\/cri\/2023\/01\/12\/cmg-conclui-terceiro-ensaio-da-gala-da-festa-da-primavera\/","url":"https:\/\/diariodepe.com.br\/cri\/2023\/01\/12\/cmg-conclui-terceiro-ensaio-da-gala-da-festa-da-primavera\/","name":"CMG conclui terceiro ensaio da Gala da Festa da Primavera - CRI e Diario de Pernambuco","isPartOf":{"@id":"https:\/\/diariodepe.com.br\/cri\/#website"},"datePublished":"2023-01-12T13:45:02+00:00","dateModified":"2023-01-12T13:45:05+00:00","breadcrumb":{"@id":"https:\/\/diariodepe.com.br\/cri\/2023\/01\/12\/cmg-conclui-terceiro-ensaio-da-gala-da-festa-da-primavera\/#breadcrumb"},"inLanguage":"pt-BR","potentialAction":[{"@type":"ReadAction","target":["https:\/\/diariodepe.com.br\/cri\/2023\/01\/12\/cmg-conclui-terceiro-ensaio-da-gala-da-festa-da-primavera\/"]}]},{"@type":"BreadcrumbList","@id":"https:\/\/diariodepe.com.br\/cri\/2023\/01\/12\/cmg-conclui-terceiro-ensaio-da-gala-da-festa-da-primavera\/#breadcrumb","itemListElement":[{"@type":"ListItem","position":1,"name":"In\u00edcio","item":"https:\/\/diariodepe.com.br\/cri\/"},{"@type":"ListItem","position":2,"name":"CMG conclui terceiro ensaio da Gala da Festa da Primavera"}]},{"@type":"WebSite","@id":"https:\/\/diariodepe.com.br\/cri\/#website","url":"https:\/\/diariodepe.com.br\/cri\/","name":"CRI e Diario de Pernambuco","description":"R\u00e1dio Internacional da China","publisher":{"@id":"https:\/\/diariodepe.com.br\/cri\/#organization"},"potentialAction":[{"@type":"SearchAction","target":{"@type":"EntryPoint","urlTemplate":"https:\/\/diariodepe.com.br\/cri\/?s={search_term_string}"},"query-input":{"@type":"PropertyValueSpecification","valueRequired":true,"valueName":"search_term_string"}}],"inLanguage":"pt-BR"},{"@type":"Organization","@id":"https:\/\/diariodepe.com.br\/cri\/#organization","name":"CRI e Diario de Pernambuco","url":"https:\/\/diariodepe.com.br\/cri\/","logo":{"@type":"ImageObject","inLanguage":"pt-BR","@id":"https:\/\/diariodepe.com.br\/cri\/#\/schema\/logo\/image\/","url":"https:\/\/diariodepe.com.br\/cri\/wp-content\/uploads\/sites\/2\/2022\/12\/cropped-Logo.jpg","contentUrl":"https:\/\/diariodepe.com.br\/cri\/wp-content\/uploads\/sites\/2\/2022\/12\/cropped-Logo.jpg","width":700,"height":59,"caption":"CRI e Diario de Pernambuco"},"image":{"@id":"https:\/\/diariodepe.com.br\/cri\/#\/schema\/logo\/image\/"}},{"@type":"Person","@id":"https:\/\/diariodepe.com.br\/cri\/#\/schema\/person\/121bb28d84f1a5b1205ef4ce9c2e0c6b","name":"Ismael Lucas S. Pereira","image":{"@type":"ImageObject","inLanguage":"pt-BR","@id":"https:\/\/secure.gravatar.com\/avatar\/887a0f3b5a7ceea963a48499fb883ffce6b5037362def025c52c2505b15d63e4?s=96&d=mm&r=g","url":"https:\/\/secure.gravatar.com\/avatar\/887a0f3b5a7ceea963a48499fb883ffce6b5037362def025c52c2505b15d63e4?s=96&d=mm&r=g","contentUrl":"https:\/\/secure.gravatar.com\/avatar\/887a0f3b5a7ceea963a48499fb883ffce6b5037362def025c52c2505b15d63e4?s=96&d=mm&r=g","caption":"Ismael Lucas S. Pereira"},"url":"https:\/\/diariodepe.com.br\/cri\/author\/ismael-lucas\/"}]}},"cc_featured_image_caption":{"caption_text":"","source_text":"","source_url":""},"amp_enabled":true,"_links":{"self":[{"href":"https:\/\/diariodepe.com.br\/cri\/wp-json\/wp\/v2\/posts\/361","targetHints":{"allow":["GET"]}}],"collection":[{"href":"https:\/\/diariodepe.com.br\/cri\/wp-json\/wp\/v2\/posts"}],"about":[{"href":"https:\/\/diariodepe.com.br\/cri\/wp-json\/wp\/v2\/types\/post"}],"author":[{"embeddable":true,"href":"https:\/\/diariodepe.com.br\/cri\/wp-json\/wp\/v2\/users\/2"}],"replies":[{"embeddable":true,"href":"https:\/\/diariodepe.com.br\/cri\/wp-json\/wp\/v2\/comments?post=361"}],"version-history":[{"count":1,"href":"https:\/\/diariodepe.com.br\/cri\/wp-json\/wp\/v2\/posts\/361\/revisions"}],"predecessor-version":[{"id":362,"href":"https:\/\/diariodepe.com.br\/cri\/wp-json\/wp\/v2\/posts\/361\/revisions\/362"}],"wp:attachment":[{"href":"https:\/\/diariodepe.com.br\/cri\/wp-json\/wp\/v2\/media?parent=361"}],"wp:term":[{"taxonomy":"category","embeddable":true,"href":"https:\/\/diariodepe.com.br\/cri\/wp-json\/wp\/v2\/categories?post=361"},{"taxonomy":"post_tag","embeddable":true,"href":"https:\/\/diariodepe.com.br\/cri\/wp-json\/wp\/v2\/tags?post=361"}],"curies":[{"name":"wp","href":"https:\/\/api.w.org\/{rel}","templated":true}]}}