{"id":347,"date":"2023-01-11T00:25:44","date_gmt":"2023-01-11T03:25:44","guid":{"rendered":"https:\/\/diariodepe.com.br\/cri\/?p=347"},"modified":"2023-01-11T00:25:45","modified_gmt":"2023-01-11T03:25:45","slug":"covid-19-na-china-nao-tenham-medo","status":"publish","type":"post","link":"https:\/\/diariodepe.com.br\/cri\/2023\/01\/11\/covid-19-na-china-nao-tenham-medo\/","title":{"rendered":"<strong>Covid-19 na China: N\u00e3o tenham medo!<\/strong>"},"content":{"rendered":"\n<p>Por&nbsp;Ant\u00f3nio dos Santos Queir\u00f3s, professor e Investigador da Universidade de Lisboa<\/p>\n\n\n\n<p>Quais foram os resultados, desde o in\u00edcio da pandemia, em janeiro de 2020, at\u00e9 fevereiro de 2022, segundo as estat\u00edsticas mundiais do Covid-19, elaboradas pela Organiza\u00e7\u00e3o Mundial da Sa\u00fade e aqui republicadas, comparadas com outros pa\u00edses? Os n\u00fameros demonstram que a pol\u00edtica de \u201czero-Covid\u201d da China salvou a vida de muitos milhares de chineses, sobretudo a vida dos mais idosos e vulner\u00e1veis, o valor da vida de todos os cidad\u00e3os colocado acima dos valores da economia, p\u00fablica e privada. E reduziu o impacto internacional da pandemia.<\/p>\n\n\n\n<p>Comparemos o n\u00famero de infe\u00e7\u00f5es na China por 1 milh\u00e3o de habitantes, com outros pa\u00edses: China, 157. Logo a seguir est\u00e3o o Ir\u00e3o, com 84.025; o Canad\u00e1, 102.263; a R\u00fassia, 126.106; a Turquia, 175.139\u2026dois lugares acima surgem os EUA, com 265.180; a Espanha, 271.033; a It\u00e1lia, 302.463; a Irlanda, 314.521; a Alemanha, 329.376, e Portugal 505.133.&nbsp;<\/p>\n\n\n\n<p>Comparemos os 5.200 mortos na China,&nbsp;com os 1.040.805 nos Estados Unidos da Am\u00e9rica; 524.999, na \u00cdndia; 670.459, no Brasil; 149.317, na Fran\u00e7a; 140.734, na Alemanha; 179.927, no Reino Unido; 380.892, na R\u00fassia, e 168.102, na It\u00e1lia.<\/p>\n\n\n\n<p>E se observarmos o r\u00e1cio de falecidos por 1 milh\u00e3o de habitantes, ent\u00e3o a diferen\u00e7a \u00e9 abissal: a China registrou 4 mortos por 1 milh\u00e3o, logo a seguir a Noruega, com 596; a Alemanha \u00e9 o d\u00e9cimo pa\u00eds, com 1.669 por 1 milh\u00e3o; a Fran\u00e7a pior, com 2.278;&nbsp;&nbsp;Portugal, 2.369; Reino Unido, 2.623, e os EUA, 3.108.<\/p>\n\n\n\n<p>A partir de fevereiro de 2022, com a chegada de novas variantes do v\u00edrus, importadas do exterior, depois do al\u00edvio geral das medidas iniciais de confinamentos, a China teve de enfrentar v\u00e1rios surtos localizados, conseguindo control\u00e1-los e diminuindo progressivamente o seu impacto e morbilidade. A OMS validou sempre estes dados, mas a sua dire\u00e7\u00e3o nunca deixou de estar sob a press\u00e3o dos governos ocidentais que t\u00eam a consci\u00eancia pesada. S\u00e3o valores que nunca podem perder de vista a dimens\u00e3o populacional da China.<\/p>\n\n\n\n<p>Com uma popula\u00e7\u00e3o de 1.400 milh\u00f5es de habitantes, a China administrou quase 3,4 bili\u00f5es de doses de vacinas, com uma taxa de vacina\u00e7\u00e3o superior a 90% e forneceu mais de 2 bili\u00f5es para todo o mundo.&nbsp;A China desenvolveu 13 vacinas contra a Covid-19, usando cinco tecnologias diferentes: vacina inativada, de vetores virais, de prote\u00edna recombinante, de influenza viva e atenuada e de \u00e1cido nucleico.&nbsp;Criou uma vacina inal\u00e1vel e outra em spray nasal.<\/p>\n\n\n\n<p>Melhorar a vacina\u00e7\u00e3o e prote\u00e7\u00e3o dos idosos<\/p>\n\n\n\n<p>Em 13 de dezembro de 2022, 228,6 milh\u00f5es de pessoas com mais de 60 anos na China estavam totalmente vacinadas (86,6%), com duas doses e refor\u00e7o, assim como 23,76 milh\u00f5es com mais de 80 anos (66,4%). Cerca de 25 milh\u00f5es de pessoas com mais de 60 anos ainda n\u00e3o receberam as vacinas, s\u00e3o cidad\u00e3os muito idosos que t\u00eam reservas e preconceitos sobre a vacina\u00e7\u00e3o. A Comiss\u00e3o Nacional de Sa\u00fade determinou que os casos graves entre idosos sejam levados diretamente aos hospitais de 3\u00ba n\u00edvel, os mais avan\u00e7ados. Mas a prote\u00e7\u00e3o dos idosos, conforme conclu\u00edram diversos trabalhos cient\u00edficos, publicados na revista Lancet, assenta sobretudo nos valores morais da solidariedade entre gera\u00e7\u00f5es que prevalecem na sociedade e na governa\u00e7\u00e3o da China e est\u00e3o a desaparecer nas democracias liberais: a China tem mais de 260 milh\u00f5es de idosos, mas a fam\u00edlia, os vizinhos e o estado socialista toma-os ao seu cuidado e s\u00f3 os institucionaliza quando as suas condi\u00e7\u00f5es de sa\u00fade se tornam demasiado prec\u00e1rias. As equipas de sa\u00fade visitam os idosos, e multiplicaram-se as unidades de sa\u00fade de proximidade. Na Europa, os Lares foram um dos focos mais mortais de propaga\u00e7\u00e3o da pandemia e o n\u00famero de idosos institucionalizados precocemente e solit\u00e1rios, sobe em flexa a v\u00e1rios d\u00edgitos.&nbsp;<\/p>\n\n\n\n<p>A China planeou a transi\u00e7\u00e3o para um regime mais aberto durante os \u00faltimos anos, em parceria com a OMS e em conformidade com os avan\u00e7os cient\u00edficos no combate \u00e0 doen\u00e7a, ouvindo as pessoas, ajustando medidas, corrigindo pr\u00e1ticas r\u00edgidas e desadequadas, onde as autoridades e as comunidades as detetavam.<\/p>\n\n\n\n<p>Porque decidiu a China criar um novo programa de preven\u00e7\u00e3o e controle do Covid-19? A doen\u00e7a pode agora ser tratada como uma infec\u00e7\u00e3o de Classe B, em vez de uma infec\u00e7\u00e3o de Classe A. A vacina\u00e7\u00e3o generalizada e refor\u00e7ada com novas doses e o surgimento de medicamentos de efic\u00e1cia comprovada, alteraram a capacidade da popula\u00e7\u00e3o para se proteger autonomamente e superar a doen\u00e7a, e a sua perigosidade e morbilidade.&nbsp;<\/p>\n\n\n\n<p>Acresce que o pr\u00f3prio Centro Europeu de Preven\u00e7\u00e3o e Controlo de Doen\u00e7as (ECDC), a ag\u00eancia de sa\u00fade p\u00fablica da Uni\u00e3o Europeia para as doen\u00e7as infeciosas, afirma agora que \u201cas variantes que circulam na China j\u00e1 est\u00e3o a circular na UE e, como tal, n\u00e3o s\u00e3o um desafio para a resposta imune dos cidad\u00e3os da UE\/EEE. Al\u00e9m disso, os cidad\u00e3os da UE\/EEE t\u00eam n\u00edveis relativamente altos de imuniza\u00e7\u00e3o e vacina\u00e7\u00e3o\u201d.<\/p>\n\n\n\n<p>Usemos a raz\u00e3o para questionar as not\u00edcias falsas, e a mem\u00f3ria hist\u00f3rica para reconhecer o contributo da China para descodificar o genoma do novo v\u00edrus e partilhar com a OMS, e o mundo, as vacinas e todo o saber cient\u00edfico e t\u00e9cnico que a sua na\u00e7\u00e3o investigou e produziu.<\/p>\n\n\n\n<p>Quais s\u00e3o os objetivos da sua pol\u00edtica atual? Proteger a vida e a sa\u00fade dos povos, controlar a propaga\u00e7\u00e3o do v\u00edrus, identificado como algumas das variantes da \u00d3micron, importadas pela China de outros pa\u00edses. Reduzir a pandemia, com os novos m\u00e9todos, \u00e0 perigosidade de uma infe\u00e7\u00e3o respirat\u00f3ria, conquistar a imunidade natural de grupo sem a dor e o luto de milh\u00f5es de seres humanos.<\/p>\n","protected":false},"excerpt":{"rendered":"<p>Por&nbsp;Ant\u00f3nio dos Santos Queir\u00f3s, professor e Investigador da Universidade de Lisboa Quais foram os resultados, desde o in\u00edcio da pandemia, em janeiro de 2020, at\u00e9 fevereiro de 2022, segundo as estat\u00edsticas mundiais do Covid-19, elaboradas pela Organiza\u00e7\u00e3o Mundial da Sa\u00fade&#8230;<\/p>\n","protected":false},"author":2,"featured_media":348,"comment_status":"open","ping_status":"open","sticky":false,"template":"","format":"standard","meta":{"footnotes":""},"categories":[7],"tags":[],"class_list":["post-347","post","type-post","status-publish","format-standard","has-post-thumbnail","hentry","category-visao"],"yoast_head":"<!-- This site is optimized with the Yoast SEO plugin v27.4 - https:\/\/yoast.com\/product\/yoast-seo-wordpress\/ -->\n<title>Covid-19 na China: N\u00e3o tenham medo! - CRI e Diario de Pernambuco<\/title>\n<meta name=\"robots\" content=\"index, follow, max-snippet:-1, max-image-preview:large, max-video-preview:-1\" \/>\n<link rel=\"canonical\" href=\"https:\/\/diariodepe.com.br\/cri\/2023\/01\/11\/covid-19-na-china-nao-tenham-medo\/\" \/>\n<meta property=\"og:locale\" content=\"pt_BR\" \/>\n<meta property=\"og:type\" content=\"article\" \/>\n<meta property=\"og:title\" content=\"Covid-19 na China: N\u00e3o tenham medo! - CRI e Diario de Pernambuco\" \/>\n<meta property=\"og:description\" content=\"Por&nbsp;Ant\u00f3nio dos Santos Queir\u00f3s, professor e Investigador da Universidade de Lisboa Quais foram os resultados, desde o in\u00edcio da pandemia, em janeiro de 2020, at\u00e9 fevereiro de 2022, segundo as estat\u00edsticas mundiais do Covid-19, elaboradas pela Organiza\u00e7\u00e3o Mundial da Sa\u00fade...\" \/>\n<meta property=\"og:url\" content=\"https:\/\/diariodepe.com.br\/cri\/2023\/01\/11\/covid-19-na-china-nao-tenham-medo\/\" \/>\n<meta property=\"og:site_name\" content=\"CRI e Diario de Pernambuco\" \/>\n<meta property=\"article:published_time\" content=\"2023-01-11T03:25:44+00:00\" \/>\n<meta property=\"article:modified_time\" content=\"2023-01-11T03:25:45+00:00\" \/>\n<meta property=\"og:image\" content=\"https:\/\/diariodepe.com.br\/cri\/wp-content\/uploads\/sites\/2\/2023\/01\/2023011015022943021-1.jpg\" \/>\n\t<meta property=\"og:image:width\" content=\"560\" \/>\n\t<meta property=\"og:image:height\" content=\"371\" \/>\n\t<meta property=\"og:image:type\" content=\"image\/jpeg\" \/>\n<meta name=\"author\" content=\"Ismael Lucas S. Pereira\" \/>\n<meta name=\"twitter:card\" content=\"summary_large_image\" \/>\n<meta name=\"twitter:label1\" content=\"Escrito por\" \/>\n\t<meta name=\"twitter:data1\" content=\"Ismael Lucas S. Pereira\" \/>\n\t<meta name=\"twitter:label2\" content=\"Est. tempo de leitura\" \/>\n\t<meta name=\"twitter:data2\" content=\"6 minutos\" \/>\n<script type=\"application\/ld+json\" class=\"yoast-schema-graph\">{\"@context\":\"https:\\\/\\\/schema.org\",\"@graph\":[{\"@type\":\"Article\",\"@id\":\"https:\\\/\\\/diariodepe.com.br\\\/cri\\\/2023\\\/01\\\/11\\\/covid-19-na-china-nao-tenham-medo\\\/#article\",\"isPartOf\":{\"@id\":\"https:\\\/\\\/diariodepe.com.br\\\/cri\\\/2023\\\/01\\\/11\\\/covid-19-na-china-nao-tenham-medo\\\/\"},\"author\":{\"name\":\"Ismael Lucas S. Pereira\",\"@id\":\"https:\\\/\\\/diariodepe.com.br\\\/cri\\\/#\\\/schema\\\/person\\\/121bb28d84f1a5b1205ef4ce9c2e0c6b\"},\"headline\":\"Covid-19 na China: N\u00e3o tenham medo!\",\"datePublished\":\"2023-01-11T03:25:44+00:00\",\"dateModified\":\"2023-01-11T03:25:45+00:00\",\"mainEntityOfPage\":{\"@id\":\"https:\\\/\\\/diariodepe.com.br\\\/cri\\\/2023\\\/01\\\/11\\\/covid-19-na-china-nao-tenham-medo\\\/\"},\"wordCount\":1014,\"commentCount\":0,\"publisher\":{\"@id\":\"https:\\\/\\\/diariodepe.com.br\\\/cri\\\/#organization\"},\"image\":{\"@id\":\"https:\\\/\\\/diariodepe.com.br\\\/cri\\\/2023\\\/01\\\/11\\\/covid-19-na-china-nao-tenham-medo\\\/#primaryimage\"},\"thumbnailUrl\":\"https:\\\/\\\/diariodepe.com.br\\\/cri\\\/wp-content\\\/uploads\\\/sites\\\/2\\\/2023\\\/01\\\/2023011015022943021-1.jpg\",\"articleSection\":[\"Vis\u00e3o\"],\"inLanguage\":\"pt-BR\",\"potentialAction\":[{\"@type\":\"CommentAction\",\"name\":\"Comment\",\"target\":[\"https:\\\/\\\/diariodepe.com.br\\\/cri\\\/2023\\\/01\\\/11\\\/covid-19-na-china-nao-tenham-medo\\\/#respond\"]}]},{\"@type\":\"WebPage\",\"@id\":\"https:\\\/\\\/diariodepe.com.br\\\/cri\\\/2023\\\/01\\\/11\\\/covid-19-na-china-nao-tenham-medo\\\/\",\"url\":\"https:\\\/\\\/diariodepe.com.br\\\/cri\\\/2023\\\/01\\\/11\\\/covid-19-na-china-nao-tenham-medo\\\/\",\"name\":\"Covid-19 na China: N\u00e3o tenham medo! - CRI e Diario de Pernambuco\",\"isPartOf\":{\"@id\":\"https:\\\/\\\/diariodepe.com.br\\\/cri\\\/#website\"},\"primaryImageOfPage\":{\"@id\":\"https:\\\/\\\/diariodepe.com.br\\\/cri\\\/2023\\\/01\\\/11\\\/covid-19-na-china-nao-tenham-medo\\\/#primaryimage\"},\"image\":{\"@id\":\"https:\\\/\\\/diariodepe.com.br\\\/cri\\\/2023\\\/01\\\/11\\\/covid-19-na-china-nao-tenham-medo\\\/#primaryimage\"},\"thumbnailUrl\":\"https:\\\/\\\/diariodepe.com.br\\\/cri\\\/wp-content\\\/uploads\\\/sites\\\/2\\\/2023\\\/01\\\/2023011015022943021-1.jpg\",\"datePublished\":\"2023-01-11T03:25:44+00:00\",\"dateModified\":\"2023-01-11T03:25:45+00:00\",\"breadcrumb\":{\"@id\":\"https:\\\/\\\/diariodepe.com.br\\\/cri\\\/2023\\\/01\\\/11\\\/covid-19-na-china-nao-tenham-medo\\\/#breadcrumb\"},\"inLanguage\":\"pt-BR\",\"potentialAction\":[{\"@type\":\"ReadAction\",\"target\":[\"https:\\\/\\\/diariodepe.com.br\\\/cri\\\/2023\\\/01\\\/11\\\/covid-19-na-china-nao-tenham-medo\\\/\"]}]},{\"@type\":\"ImageObject\",\"inLanguage\":\"pt-BR\",\"@id\":\"https:\\\/\\\/diariodepe.com.br\\\/cri\\\/2023\\\/01\\\/11\\\/covid-19-na-china-nao-tenham-medo\\\/#primaryimage\",\"url\":\"https:\\\/\\\/diariodepe.com.br\\\/cri\\\/wp-content\\\/uploads\\\/sites\\\/2\\\/2023\\\/01\\\/2023011015022943021-1.jpg\",\"contentUrl\":\"https:\\\/\\\/diariodepe.com.br\\\/cri\\\/wp-content\\\/uploads\\\/sites\\\/2\\\/2023\\\/01\\\/2023011015022943021-1.jpg\",\"width\":560,\"height\":371},{\"@type\":\"BreadcrumbList\",\"@id\":\"https:\\\/\\\/diariodepe.com.br\\\/cri\\\/2023\\\/01\\\/11\\\/covid-19-na-china-nao-tenham-medo\\\/#breadcrumb\",\"itemListElement\":[{\"@type\":\"ListItem\",\"position\":1,\"name\":\"In\u00edcio\",\"item\":\"https:\\\/\\\/diariodepe.com.br\\\/cri\\\/\"},{\"@type\":\"ListItem\",\"position\":2,\"name\":\"Covid-19 na China: N\u00e3o tenham medo!\"}]},{\"@type\":\"WebSite\",\"@id\":\"https:\\\/\\\/diariodepe.com.br\\\/cri\\\/#website\",\"url\":\"https:\\\/\\\/diariodepe.com.br\\\/cri\\\/\",\"name\":\"CRI e Diario de Pernambuco\",\"description\":\"R\u00e1dio Internacional da China\",\"publisher\":{\"@id\":\"https:\\\/\\\/diariodepe.com.br\\\/cri\\\/#organization\"},\"potentialAction\":[{\"@type\":\"SearchAction\",\"target\":{\"@type\":\"EntryPoint\",\"urlTemplate\":\"https:\\\/\\\/diariodepe.com.br\\\/cri\\\/?s={search_term_string}\"},\"query-input\":{\"@type\":\"PropertyValueSpecification\",\"valueRequired\":true,\"valueName\":\"search_term_string\"}}],\"inLanguage\":\"pt-BR\"},{\"@type\":\"Organization\",\"@id\":\"https:\\\/\\\/diariodepe.com.br\\\/cri\\\/#organization\",\"name\":\"CRI e Diario de Pernambuco\",\"url\":\"https:\\\/\\\/diariodepe.com.br\\\/cri\\\/\",\"logo\":{\"@type\":\"ImageObject\",\"inLanguage\":\"pt-BR\",\"@id\":\"https:\\\/\\\/diariodepe.com.br\\\/cri\\\/#\\\/schema\\\/logo\\\/image\\\/\",\"url\":\"https:\\\/\\\/diariodepe.com.br\\\/cri\\\/wp-content\\\/uploads\\\/sites\\\/2\\\/2022\\\/12\\\/cropped-Logo.jpg\",\"contentUrl\":\"https:\\\/\\\/diariodepe.com.br\\\/cri\\\/wp-content\\\/uploads\\\/sites\\\/2\\\/2022\\\/12\\\/cropped-Logo.jpg\",\"width\":700,\"height\":59,\"caption\":\"CRI e Diario de Pernambuco\"},\"image\":{\"@id\":\"https:\\\/\\\/diariodepe.com.br\\\/cri\\\/#\\\/schema\\\/logo\\\/image\\\/\"}},{\"@type\":\"Person\",\"@id\":\"https:\\\/\\\/diariodepe.com.br\\\/cri\\\/#\\\/schema\\\/person\\\/121bb28d84f1a5b1205ef4ce9c2e0c6b\",\"name\":\"Ismael Lucas S. Pereira\",\"image\":{\"@type\":\"ImageObject\",\"inLanguage\":\"pt-BR\",\"@id\":\"https:\\\/\\\/secure.gravatar.com\\\/avatar\\\/887a0f3b5a7ceea963a48499fb883ffce6b5037362def025c52c2505b15d63e4?s=96&d=mm&r=g\",\"url\":\"https:\\\/\\\/secure.gravatar.com\\\/avatar\\\/887a0f3b5a7ceea963a48499fb883ffce6b5037362def025c52c2505b15d63e4?s=96&d=mm&r=g\",\"contentUrl\":\"https:\\\/\\\/secure.gravatar.com\\\/avatar\\\/887a0f3b5a7ceea963a48499fb883ffce6b5037362def025c52c2505b15d63e4?s=96&d=mm&r=g\",\"caption\":\"Ismael Lucas S. Pereira\"},\"url\":\"https:\\\/\\\/diariodepe.com.br\\\/cri\\\/author\\\/ismael-lucas\\\/\"}]}<\/script>\n<!-- \/ Yoast SEO plugin. -->","yoast_head_json":{"title":"Covid-19 na China: N\u00e3o tenham medo! - CRI e Diario de Pernambuco","robots":{"index":"index","follow":"follow","max-snippet":"max-snippet:-1","max-image-preview":"max-image-preview:large","max-video-preview":"max-video-preview:-1"},"canonical":"https:\/\/diariodepe.com.br\/cri\/2023\/01\/11\/covid-19-na-china-nao-tenham-medo\/","og_locale":"pt_BR","og_type":"article","og_title":"Covid-19 na China: N\u00e3o tenham medo! - CRI e Diario de Pernambuco","og_description":"Por&nbsp;Ant\u00f3nio dos Santos Queir\u00f3s, professor e Investigador da Universidade de Lisboa Quais foram os resultados, desde o in\u00edcio da pandemia, em janeiro de 2020, at\u00e9 fevereiro de 2022, segundo as estat\u00edsticas mundiais do Covid-19, elaboradas pela Organiza\u00e7\u00e3o Mundial da Sa\u00fade...","og_url":"https:\/\/diariodepe.com.br\/cri\/2023\/01\/11\/covid-19-na-china-nao-tenham-medo\/","og_site_name":"CRI e Diario de Pernambuco","article_published_time":"2023-01-11T03:25:44+00:00","article_modified_time":"2023-01-11T03:25:45+00:00","og_image":[{"width":560,"height":371,"url":"https:\/\/diariodepe.com.br\/cri\/wp-content\/uploads\/sites\/2\/2023\/01\/2023011015022943021-1.jpg","type":"image\/jpeg"}],"author":"Ismael Lucas S. Pereira","twitter_card":"summary_large_image","twitter_misc":{"Escrito por":"Ismael Lucas S. Pereira","Est. tempo de leitura":"6 minutos"},"schema":{"@context":"https:\/\/schema.org","@graph":[{"@type":"Article","@id":"https:\/\/diariodepe.com.br\/cri\/2023\/01\/11\/covid-19-na-china-nao-tenham-medo\/#article","isPartOf":{"@id":"https:\/\/diariodepe.com.br\/cri\/2023\/01\/11\/covid-19-na-china-nao-tenham-medo\/"},"author":{"name":"Ismael Lucas S. Pereira","@id":"https:\/\/diariodepe.com.br\/cri\/#\/schema\/person\/121bb28d84f1a5b1205ef4ce9c2e0c6b"},"headline":"Covid-19 na China: N\u00e3o tenham medo!","datePublished":"2023-01-11T03:25:44+00:00","dateModified":"2023-01-11T03:25:45+00:00","mainEntityOfPage":{"@id":"https:\/\/diariodepe.com.br\/cri\/2023\/01\/11\/covid-19-na-china-nao-tenham-medo\/"},"wordCount":1014,"commentCount":0,"publisher":{"@id":"https:\/\/diariodepe.com.br\/cri\/#organization"},"image":{"@id":"https:\/\/diariodepe.com.br\/cri\/2023\/01\/11\/covid-19-na-china-nao-tenham-medo\/#primaryimage"},"thumbnailUrl":"https:\/\/diariodepe.com.br\/cri\/wp-content\/uploads\/sites\/2\/2023\/01\/2023011015022943021-1.jpg","articleSection":["Vis\u00e3o"],"inLanguage":"pt-BR","potentialAction":[{"@type":"CommentAction","name":"Comment","target":["https:\/\/diariodepe.com.br\/cri\/2023\/01\/11\/covid-19-na-china-nao-tenham-medo\/#respond"]}]},{"@type":"WebPage","@id":"https:\/\/diariodepe.com.br\/cri\/2023\/01\/11\/covid-19-na-china-nao-tenham-medo\/","url":"https:\/\/diariodepe.com.br\/cri\/2023\/01\/11\/covid-19-na-china-nao-tenham-medo\/","name":"Covid-19 na China: N\u00e3o tenham medo! - CRI e Diario de Pernambuco","isPartOf":{"@id":"https:\/\/diariodepe.com.br\/cri\/#website"},"primaryImageOfPage":{"@id":"https:\/\/diariodepe.com.br\/cri\/2023\/01\/11\/covid-19-na-china-nao-tenham-medo\/#primaryimage"},"image":{"@id":"https:\/\/diariodepe.com.br\/cri\/2023\/01\/11\/covid-19-na-china-nao-tenham-medo\/#primaryimage"},"thumbnailUrl":"https:\/\/diariodepe.com.br\/cri\/wp-content\/uploads\/sites\/2\/2023\/01\/2023011015022943021-1.jpg","datePublished":"2023-01-11T03:25:44+00:00","dateModified":"2023-01-11T03:25:45+00:00","breadcrumb":{"@id":"https:\/\/diariodepe.com.br\/cri\/2023\/01\/11\/covid-19-na-china-nao-tenham-medo\/#breadcrumb"},"inLanguage":"pt-BR","potentialAction":[{"@type":"ReadAction","target":["https:\/\/diariodepe.com.br\/cri\/2023\/01\/11\/covid-19-na-china-nao-tenham-medo\/"]}]},{"@type":"ImageObject","inLanguage":"pt-BR","@id":"https:\/\/diariodepe.com.br\/cri\/2023\/01\/11\/covid-19-na-china-nao-tenham-medo\/#primaryimage","url":"https:\/\/diariodepe.com.br\/cri\/wp-content\/uploads\/sites\/2\/2023\/01\/2023011015022943021-1.jpg","contentUrl":"https:\/\/diariodepe.com.br\/cri\/wp-content\/uploads\/sites\/2\/2023\/01\/2023011015022943021-1.jpg","width":560,"height":371},{"@type":"BreadcrumbList","@id":"https:\/\/diariodepe.com.br\/cri\/2023\/01\/11\/covid-19-na-china-nao-tenham-medo\/#breadcrumb","itemListElement":[{"@type":"ListItem","position":1,"name":"In\u00edcio","item":"https:\/\/diariodepe.com.br\/cri\/"},{"@type":"ListItem","position":2,"name":"Covid-19 na China: N\u00e3o tenham medo!"}]},{"@type":"WebSite","@id":"https:\/\/diariodepe.com.br\/cri\/#website","url":"https:\/\/diariodepe.com.br\/cri\/","name":"CRI e Diario de Pernambuco","description":"R\u00e1dio Internacional da China","publisher":{"@id":"https:\/\/diariodepe.com.br\/cri\/#organization"},"potentialAction":[{"@type":"SearchAction","target":{"@type":"EntryPoint","urlTemplate":"https:\/\/diariodepe.com.br\/cri\/?s={search_term_string}"},"query-input":{"@type":"PropertyValueSpecification","valueRequired":true,"valueName":"search_term_string"}}],"inLanguage":"pt-BR"},{"@type":"Organization","@id":"https:\/\/diariodepe.com.br\/cri\/#organization","name":"CRI e Diario de Pernambuco","url":"https:\/\/diariodepe.com.br\/cri\/","logo":{"@type":"ImageObject","inLanguage":"pt-BR","@id":"https:\/\/diariodepe.com.br\/cri\/#\/schema\/logo\/image\/","url":"https:\/\/diariodepe.com.br\/cri\/wp-content\/uploads\/sites\/2\/2022\/12\/cropped-Logo.jpg","contentUrl":"https:\/\/diariodepe.com.br\/cri\/wp-content\/uploads\/sites\/2\/2022\/12\/cropped-Logo.jpg","width":700,"height":59,"caption":"CRI e Diario de Pernambuco"},"image":{"@id":"https:\/\/diariodepe.com.br\/cri\/#\/schema\/logo\/image\/"}},{"@type":"Person","@id":"https:\/\/diariodepe.com.br\/cri\/#\/schema\/person\/121bb28d84f1a5b1205ef4ce9c2e0c6b","name":"Ismael Lucas S. Pereira","image":{"@type":"ImageObject","inLanguage":"pt-BR","@id":"https:\/\/secure.gravatar.com\/avatar\/887a0f3b5a7ceea963a48499fb883ffce6b5037362def025c52c2505b15d63e4?s=96&d=mm&r=g","url":"https:\/\/secure.gravatar.com\/avatar\/887a0f3b5a7ceea963a48499fb883ffce6b5037362def025c52c2505b15d63e4?s=96&d=mm&r=g","contentUrl":"https:\/\/secure.gravatar.com\/avatar\/887a0f3b5a7ceea963a48499fb883ffce6b5037362def025c52c2505b15d63e4?s=96&d=mm&r=g","caption":"Ismael Lucas S. Pereira"},"url":"https:\/\/diariodepe.com.br\/cri\/author\/ismael-lucas\/"}]}},"cc_featured_image_caption":{"caption_text":"","source_text":"","source_url":""},"amp_enabled":true,"_links":{"self":[{"href":"https:\/\/diariodepe.com.br\/cri\/wp-json\/wp\/v2\/posts\/347","targetHints":{"allow":["GET"]}}],"collection":[{"href":"https:\/\/diariodepe.com.br\/cri\/wp-json\/wp\/v2\/posts"}],"about":[{"href":"https:\/\/diariodepe.com.br\/cri\/wp-json\/wp\/v2\/types\/post"}],"author":[{"embeddable":true,"href":"https:\/\/diariodepe.com.br\/cri\/wp-json\/wp\/v2\/users\/2"}],"replies":[{"embeddable":true,"href":"https:\/\/diariodepe.com.br\/cri\/wp-json\/wp\/v2\/comments?post=347"}],"version-history":[{"count":1,"href":"https:\/\/diariodepe.com.br\/cri\/wp-json\/wp\/v2\/posts\/347\/revisions"}],"predecessor-version":[{"id":349,"href":"https:\/\/diariodepe.com.br\/cri\/wp-json\/wp\/v2\/posts\/347\/revisions\/349"}],"wp:featuredmedia":[{"embeddable":true,"href":"https:\/\/diariodepe.com.br\/cri\/wp-json\/wp\/v2\/media\/348"}],"wp:attachment":[{"href":"https:\/\/diariodepe.com.br\/cri\/wp-json\/wp\/v2\/media?parent=347"}],"wp:term":[{"taxonomy":"category","embeddable":true,"href":"https:\/\/diariodepe.com.br\/cri\/wp-json\/wp\/v2\/categories?post=347"},{"taxonomy":"post_tag","embeddable":true,"href":"https:\/\/diariodepe.com.br\/cri\/wp-json\/wp\/v2\/tags?post=347"}],"curies":[{"name":"wp","href":"https:\/\/api.w.org\/{rel}","templated":true}]}}