{"id":337,"date":"2023-01-11T00:09:31","date_gmt":"2023-01-11T03:09:31","guid":{"rendered":"https:\/\/diariodepe.com.br\/cri\/?p=337"},"modified":"2023-01-11T00:09:32","modified_gmt":"2023-01-11T03:09:32","slug":"eua-ignoram-pandemia-grave-no-pais-mas-apontam-o-dedo-para-a-china","status":"publish","type":"post","link":"https:\/\/diariodepe.com.br\/cri\/2023\/01\/11\/eua-ignoram-pandemia-grave-no-pais-mas-apontam-o-dedo-para-a-china\/","title":{"rendered":"<strong>EUA ignoram pandemia grave no pa\u00eds, mas apontam o dedo para a China<\/strong>"},"content":{"rendered":"\n<p>Atualmente, as epidemias como o v\u00edrus sincicial respirat\u00f3rio (VSR), Covid-19 e a gripe s\u00e3o epid\u00eamicas nos Estados Unidos. Dados do Departamento de Sa\u00fade e Servi\u00e7os Humanos dos EUA mostram que, na primeira semana de 2023, a taxa de ocupa\u00e7\u00e3o dos leitos de UTI chegou a 78,99% nos hospitais em todo o pa\u00eds, e a taxa de ocupa\u00e7\u00e3o de leitos hospitalares atingiu 79,91%.<\/p>\n\n\n\n<p>O jornal The Washington Post disse que o sistema de sa\u00fade dos EUA est\u00e1 em uma situa\u00e7\u00e3o dif\u00edcil. De acordo com o Centro de Controle e Preven\u00e7\u00e3o de Doen\u00e7as (CDC, em ingl\u00eas) norte-americano, nos \u00faltimos tr\u00eas anos, o pa\u00eds experimentou cinco ondas da pandemia mais grave.<\/p>\n\n\n\n<p><a><\/a>\u00c9 l\u00f3gico que, ap\u00f3s este per\u00edodo, o sistema de sa\u00fade dos EUA deveria ser mais eficiente e maduro, mas a realidade \u00e9 exatamente o oposto. Analistas apontaram que a causa raiz do problema \u00e9 que, do come\u00e7o ao fim, o governo dos EUA n\u00e3o dedicou sua energia para resolver problemas pr\u00e1ticos, mas constantemente politizou a pandemia.<\/p>\n\n\n\n<p>Devido ao fracasso da preven\u00e7\u00e3o epid\u00eamica pelo governo, quase todas as variantes do novo coronav\u00edrus foram epid\u00eamicas no pa\u00eds, resultando em mais de 100 milh\u00f5es de pessoas confirmadas com a doen\u00e7a e mais de 1,08 milh\u00e3o de mortes.<\/p>\n\n\n\n<p>Ao mesmo tempo, isso tamb\u00e9m fez com que os recursos de sa\u00fade dos EUA continuassem a ser escassos, um grande n\u00famero de pessoal m\u00e9dico renunciou e est\u00e1 cada vez mais dif\u00edcil para as pessoas consultarem um profissional da \u00e1rea.&nbsp; &nbsp;&nbsp;<\/p>\n\n\n\n<p>No entanto, os pol\u00edticos norte-americanos ignoram a pandemia dentro de casa e apontam o dedo para a China.<\/p>\n\n\n\n<p>Nos \u00faltimos tr\u00eas anos, a China realizou pol\u00edticas r\u00edgidas de preven\u00e7\u00e3o e controle durante o per\u00edodo severo da epidemia, resistiu ao impacto de cinco ondas globais do v\u00edrus, reduziu muito os casos graves e as mortes e tamb\u00e9m ganhou um tempo valioso para o desenvolvimento e a aplica\u00e7\u00e3o de vacinas e medicamentos e prepara\u00e7\u00e3o de recursos m\u00e9dicos.<\/p>\n\n\n\n<p>O governo chin\u00eas resolveu positivamente os problemas e fez o m\u00e1ximo para proteger a vida e a sa\u00fade das pessoas.<\/p>\n\n\n\n<p>A recente otimiza\u00e7\u00e3o das pol\u00edticas de preven\u00e7\u00e3o epid\u00eamica da China, de acordo com a situa\u00e7\u00e3o, n\u00e3o \u00e9 apenas respons\u00e1vel pelo povo chin\u00eas, mas tamb\u00e9m \u00e9 favor\u00e1vel para impulsionar a economia mundial.<\/p>\n","protected":false},"excerpt":{"rendered":"<p>Atualmente, as epidemias como o v\u00edrus sincicial respirat\u00f3rio (VSR), Covid-19 e a gripe s\u00e3o epid\u00eamicas nos Estados Unidos. Dados do Departamento de Sa\u00fade e Servi\u00e7os Humanos dos EUA mostram que, na primeira semana de 2023, a taxa de ocupa\u00e7\u00e3o dos&#8230;<\/p>\n","protected":false},"author":2,"featured_media":338,"comment_status":"open","ping_status":"open","sticky":false,"template":"","format":"standard","meta":{"footnotes":""},"categories":[7],"tags":[],"class_list":["post-337","post","type-post","status-publish","format-standard","has-post-thumbnail","hentry","category-visao"],"yoast_head":"<!-- This site is optimized with the Yoast SEO plugin v27.4 - https:\/\/yoast.com\/product\/yoast-seo-wordpress\/ -->\n<title>EUA ignoram pandemia grave no pa\u00eds, mas apontam o dedo para a China - CRI e Diario de Pernambuco<\/title>\n<meta name=\"robots\" content=\"index, follow, max-snippet:-1, max-image-preview:large, max-video-preview:-1\" \/>\n<link rel=\"canonical\" href=\"https:\/\/diariodepe.com.br\/cri\/2023\/01\/11\/eua-ignoram-pandemia-grave-no-pais-mas-apontam-o-dedo-para-a-china\/\" \/>\n<meta property=\"og:locale\" content=\"pt_BR\" \/>\n<meta property=\"og:type\" content=\"article\" \/>\n<meta property=\"og:title\" content=\"EUA ignoram pandemia grave no pa\u00eds, mas apontam o dedo para a China - CRI e Diario de Pernambuco\" \/>\n<meta property=\"og:description\" content=\"Atualmente, as epidemias como o v\u00edrus sincicial respirat\u00f3rio (VSR), Covid-19 e a gripe s\u00e3o epid\u00eamicas nos Estados Unidos. Dados do Departamento de Sa\u00fade e Servi\u00e7os Humanos dos EUA mostram que, na primeira semana de 2023, a taxa de ocupa\u00e7\u00e3o dos...\" \/>\n<meta property=\"og:url\" content=\"https:\/\/diariodepe.com.br\/cri\/2023\/01\/11\/eua-ignoram-pandemia-grave-no-pais-mas-apontam-o-dedo-para-a-china\/\" \/>\n<meta property=\"og:site_name\" content=\"CRI e Diario de Pernambuco\" \/>\n<meta property=\"article:published_time\" content=\"2023-01-11T03:09:31+00:00\" \/>\n<meta property=\"article:modified_time\" content=\"2023-01-11T03:09:32+00:00\" \/>\n<meta property=\"og:image\" content=\"https:\/\/diariodepe.com.br\/cri\/wp-content\/uploads\/sites\/2\/2023\/01\/2023010819484436462.png\" \/>\n\t<meta property=\"og:image:width\" content=\"1080\" \/>\n\t<meta property=\"og:image:height\" content=\"720\" \/>\n\t<meta property=\"og:image:type\" content=\"image\/png\" \/>\n<meta name=\"author\" content=\"Ismael Lucas S. Pereira\" \/>\n<meta name=\"twitter:card\" content=\"summary_large_image\" \/>\n<meta name=\"twitter:label1\" content=\"Escrito por\" \/>\n\t<meta name=\"twitter:data1\" content=\"Ismael Lucas S. Pereira\" \/>\n\t<meta name=\"twitter:label2\" content=\"Est. tempo de leitura\" \/>\n\t<meta name=\"twitter:data2\" content=\"3 minutos\" \/>\n<script type=\"application\/ld+json\" class=\"yoast-schema-graph\">{\"@context\":\"https:\\\/\\\/schema.org\",\"@graph\":[{\"@type\":\"Article\",\"@id\":\"https:\\\/\\\/diariodepe.com.br\\\/cri\\\/2023\\\/01\\\/11\\\/eua-ignoram-pandemia-grave-no-pais-mas-apontam-o-dedo-para-a-china\\\/#article\",\"isPartOf\":{\"@id\":\"https:\\\/\\\/diariodepe.com.br\\\/cri\\\/2023\\\/01\\\/11\\\/eua-ignoram-pandemia-grave-no-pais-mas-apontam-o-dedo-para-a-china\\\/\"},\"author\":{\"name\":\"Ismael Lucas S. Pereira\",\"@id\":\"https:\\\/\\\/diariodepe.com.br\\\/cri\\\/#\\\/schema\\\/person\\\/121bb28d84f1a5b1205ef4ce9c2e0c6b\"},\"headline\":\"EUA ignoram pandemia grave no pa\u00eds, mas apontam o dedo para a China\",\"datePublished\":\"2023-01-11T03:09:31+00:00\",\"dateModified\":\"2023-01-11T03:09:32+00:00\",\"mainEntityOfPage\":{\"@id\":\"https:\\\/\\\/diariodepe.com.br\\\/cri\\\/2023\\\/01\\\/11\\\/eua-ignoram-pandemia-grave-no-pais-mas-apontam-o-dedo-para-a-china\\\/\"},\"wordCount\":435,\"commentCount\":0,\"publisher\":{\"@id\":\"https:\\\/\\\/diariodepe.com.br\\\/cri\\\/#organization\"},\"image\":{\"@id\":\"https:\\\/\\\/diariodepe.com.br\\\/cri\\\/2023\\\/01\\\/11\\\/eua-ignoram-pandemia-grave-no-pais-mas-apontam-o-dedo-para-a-china\\\/#primaryimage\"},\"thumbnailUrl\":\"https:\\\/\\\/diariodepe.com.br\\\/cri\\\/wp-content\\\/uploads\\\/sites\\\/2\\\/2023\\\/01\\\/2023010819484436462.png\",\"articleSection\":[\"Vis\u00e3o\"],\"inLanguage\":\"pt-BR\",\"potentialAction\":[{\"@type\":\"CommentAction\",\"name\":\"Comment\",\"target\":[\"https:\\\/\\\/diariodepe.com.br\\\/cri\\\/2023\\\/01\\\/11\\\/eua-ignoram-pandemia-grave-no-pais-mas-apontam-o-dedo-para-a-china\\\/#respond\"]}]},{\"@type\":\"WebPage\",\"@id\":\"https:\\\/\\\/diariodepe.com.br\\\/cri\\\/2023\\\/01\\\/11\\\/eua-ignoram-pandemia-grave-no-pais-mas-apontam-o-dedo-para-a-china\\\/\",\"url\":\"https:\\\/\\\/diariodepe.com.br\\\/cri\\\/2023\\\/01\\\/11\\\/eua-ignoram-pandemia-grave-no-pais-mas-apontam-o-dedo-para-a-china\\\/\",\"name\":\"EUA ignoram pandemia grave no pa\u00eds, mas apontam o dedo para a China - CRI e Diario de Pernambuco\",\"isPartOf\":{\"@id\":\"https:\\\/\\\/diariodepe.com.br\\\/cri\\\/#website\"},\"primaryImageOfPage\":{\"@id\":\"https:\\\/\\\/diariodepe.com.br\\\/cri\\\/2023\\\/01\\\/11\\\/eua-ignoram-pandemia-grave-no-pais-mas-apontam-o-dedo-para-a-china\\\/#primaryimage\"},\"image\":{\"@id\":\"https:\\\/\\\/diariodepe.com.br\\\/cri\\\/2023\\\/01\\\/11\\\/eua-ignoram-pandemia-grave-no-pais-mas-apontam-o-dedo-para-a-china\\\/#primaryimage\"},\"thumbnailUrl\":\"https:\\\/\\\/diariodepe.com.br\\\/cri\\\/wp-content\\\/uploads\\\/sites\\\/2\\\/2023\\\/01\\\/2023010819484436462.png\",\"datePublished\":\"2023-01-11T03:09:31+00:00\",\"dateModified\":\"2023-01-11T03:09:32+00:00\",\"breadcrumb\":{\"@id\":\"https:\\\/\\\/diariodepe.com.br\\\/cri\\\/2023\\\/01\\\/11\\\/eua-ignoram-pandemia-grave-no-pais-mas-apontam-o-dedo-para-a-china\\\/#breadcrumb\"},\"inLanguage\":\"pt-BR\",\"potentialAction\":[{\"@type\":\"ReadAction\",\"target\":[\"https:\\\/\\\/diariodepe.com.br\\\/cri\\\/2023\\\/01\\\/11\\\/eua-ignoram-pandemia-grave-no-pais-mas-apontam-o-dedo-para-a-china\\\/\"]}]},{\"@type\":\"ImageObject\",\"inLanguage\":\"pt-BR\",\"@id\":\"https:\\\/\\\/diariodepe.com.br\\\/cri\\\/2023\\\/01\\\/11\\\/eua-ignoram-pandemia-grave-no-pais-mas-apontam-o-dedo-para-a-china\\\/#primaryimage\",\"url\":\"https:\\\/\\\/diariodepe.com.br\\\/cri\\\/wp-content\\\/uploads\\\/sites\\\/2\\\/2023\\\/01\\\/2023010819484436462.png\",\"contentUrl\":\"https:\\\/\\\/diariodepe.com.br\\\/cri\\\/wp-content\\\/uploads\\\/sites\\\/2\\\/2023\\\/01\\\/2023010819484436462.png\",\"width\":1080,\"height\":720},{\"@type\":\"BreadcrumbList\",\"@id\":\"https:\\\/\\\/diariodepe.com.br\\\/cri\\\/2023\\\/01\\\/11\\\/eua-ignoram-pandemia-grave-no-pais-mas-apontam-o-dedo-para-a-china\\\/#breadcrumb\",\"itemListElement\":[{\"@type\":\"ListItem\",\"position\":1,\"name\":\"In\u00edcio\",\"item\":\"https:\\\/\\\/diariodepe.com.br\\\/cri\\\/\"},{\"@type\":\"ListItem\",\"position\":2,\"name\":\"EUA ignoram pandemia grave no pa\u00eds, mas apontam o dedo para a China\"}]},{\"@type\":\"WebSite\",\"@id\":\"https:\\\/\\\/diariodepe.com.br\\\/cri\\\/#website\",\"url\":\"https:\\\/\\\/diariodepe.com.br\\\/cri\\\/\",\"name\":\"CRI e Diario de Pernambuco\",\"description\":\"R\u00e1dio Internacional da China\",\"publisher\":{\"@id\":\"https:\\\/\\\/diariodepe.com.br\\\/cri\\\/#organization\"},\"potentialAction\":[{\"@type\":\"SearchAction\",\"target\":{\"@type\":\"EntryPoint\",\"urlTemplate\":\"https:\\\/\\\/diariodepe.com.br\\\/cri\\\/?s={search_term_string}\"},\"query-input\":{\"@type\":\"PropertyValueSpecification\",\"valueRequired\":true,\"valueName\":\"search_term_string\"}}],\"inLanguage\":\"pt-BR\"},{\"@type\":\"Organization\",\"@id\":\"https:\\\/\\\/diariodepe.com.br\\\/cri\\\/#organization\",\"name\":\"CRI e Diario de Pernambuco\",\"url\":\"https:\\\/\\\/diariodepe.com.br\\\/cri\\\/\",\"logo\":{\"@type\":\"ImageObject\",\"inLanguage\":\"pt-BR\",\"@id\":\"https:\\\/\\\/diariodepe.com.br\\\/cri\\\/#\\\/schema\\\/logo\\\/image\\\/\",\"url\":\"https:\\\/\\\/diariodepe.com.br\\\/cri\\\/wp-content\\\/uploads\\\/sites\\\/2\\\/2022\\\/12\\\/cropped-Logo.jpg\",\"contentUrl\":\"https:\\\/\\\/diariodepe.com.br\\\/cri\\\/wp-content\\\/uploads\\\/sites\\\/2\\\/2022\\\/12\\\/cropped-Logo.jpg\",\"width\":700,\"height\":59,\"caption\":\"CRI e Diario de Pernambuco\"},\"image\":{\"@id\":\"https:\\\/\\\/diariodepe.com.br\\\/cri\\\/#\\\/schema\\\/logo\\\/image\\\/\"}},{\"@type\":\"Person\",\"@id\":\"https:\\\/\\\/diariodepe.com.br\\\/cri\\\/#\\\/schema\\\/person\\\/121bb28d84f1a5b1205ef4ce9c2e0c6b\",\"name\":\"Ismael Lucas S. Pereira\",\"image\":{\"@type\":\"ImageObject\",\"inLanguage\":\"pt-BR\",\"@id\":\"https:\\\/\\\/secure.gravatar.com\\\/avatar\\\/887a0f3b5a7ceea963a48499fb883ffce6b5037362def025c52c2505b15d63e4?s=96&d=mm&r=g\",\"url\":\"https:\\\/\\\/secure.gravatar.com\\\/avatar\\\/887a0f3b5a7ceea963a48499fb883ffce6b5037362def025c52c2505b15d63e4?s=96&d=mm&r=g\",\"contentUrl\":\"https:\\\/\\\/secure.gravatar.com\\\/avatar\\\/887a0f3b5a7ceea963a48499fb883ffce6b5037362def025c52c2505b15d63e4?s=96&d=mm&r=g\",\"caption\":\"Ismael Lucas S. Pereira\"},\"url\":\"https:\\\/\\\/diariodepe.com.br\\\/cri\\\/author\\\/ismael-lucas\\\/\"}]}<\/script>\n<!-- \/ Yoast SEO plugin. -->","yoast_head_json":{"title":"EUA ignoram pandemia grave no pa\u00eds, mas apontam o dedo para a China - CRI e Diario de Pernambuco","robots":{"index":"index","follow":"follow","max-snippet":"max-snippet:-1","max-image-preview":"max-image-preview:large","max-video-preview":"max-video-preview:-1"},"canonical":"https:\/\/diariodepe.com.br\/cri\/2023\/01\/11\/eua-ignoram-pandemia-grave-no-pais-mas-apontam-o-dedo-para-a-china\/","og_locale":"pt_BR","og_type":"article","og_title":"EUA ignoram pandemia grave no pa\u00eds, mas apontam o dedo para a China - CRI e Diario de Pernambuco","og_description":"Atualmente, as epidemias como o v\u00edrus sincicial respirat\u00f3rio (VSR), Covid-19 e a gripe s\u00e3o epid\u00eamicas nos Estados Unidos. Dados do Departamento de Sa\u00fade e Servi\u00e7os Humanos dos EUA mostram que, na primeira semana de 2023, a taxa de ocupa\u00e7\u00e3o dos...","og_url":"https:\/\/diariodepe.com.br\/cri\/2023\/01\/11\/eua-ignoram-pandemia-grave-no-pais-mas-apontam-o-dedo-para-a-china\/","og_site_name":"CRI e Diario de Pernambuco","article_published_time":"2023-01-11T03:09:31+00:00","article_modified_time":"2023-01-11T03:09:32+00:00","og_image":[{"width":1080,"height":720,"url":"https:\/\/diariodepe.com.br\/cri\/wp-content\/uploads\/sites\/2\/2023\/01\/2023010819484436462.png","type":"image\/png"}],"author":"Ismael Lucas S. Pereira","twitter_card":"summary_large_image","twitter_misc":{"Escrito por":"Ismael Lucas S. Pereira","Est. tempo de leitura":"3 minutos"},"schema":{"@context":"https:\/\/schema.org","@graph":[{"@type":"Article","@id":"https:\/\/diariodepe.com.br\/cri\/2023\/01\/11\/eua-ignoram-pandemia-grave-no-pais-mas-apontam-o-dedo-para-a-china\/#article","isPartOf":{"@id":"https:\/\/diariodepe.com.br\/cri\/2023\/01\/11\/eua-ignoram-pandemia-grave-no-pais-mas-apontam-o-dedo-para-a-china\/"},"author":{"name":"Ismael Lucas S. Pereira","@id":"https:\/\/diariodepe.com.br\/cri\/#\/schema\/person\/121bb28d84f1a5b1205ef4ce9c2e0c6b"},"headline":"EUA ignoram pandemia grave no pa\u00eds, mas apontam o dedo para a China","datePublished":"2023-01-11T03:09:31+00:00","dateModified":"2023-01-11T03:09:32+00:00","mainEntityOfPage":{"@id":"https:\/\/diariodepe.com.br\/cri\/2023\/01\/11\/eua-ignoram-pandemia-grave-no-pais-mas-apontam-o-dedo-para-a-china\/"},"wordCount":435,"commentCount":0,"publisher":{"@id":"https:\/\/diariodepe.com.br\/cri\/#organization"},"image":{"@id":"https:\/\/diariodepe.com.br\/cri\/2023\/01\/11\/eua-ignoram-pandemia-grave-no-pais-mas-apontam-o-dedo-para-a-china\/#primaryimage"},"thumbnailUrl":"https:\/\/diariodepe.com.br\/cri\/wp-content\/uploads\/sites\/2\/2023\/01\/2023010819484436462.png","articleSection":["Vis\u00e3o"],"inLanguage":"pt-BR","potentialAction":[{"@type":"CommentAction","name":"Comment","target":["https:\/\/diariodepe.com.br\/cri\/2023\/01\/11\/eua-ignoram-pandemia-grave-no-pais-mas-apontam-o-dedo-para-a-china\/#respond"]}]},{"@type":"WebPage","@id":"https:\/\/diariodepe.com.br\/cri\/2023\/01\/11\/eua-ignoram-pandemia-grave-no-pais-mas-apontam-o-dedo-para-a-china\/","url":"https:\/\/diariodepe.com.br\/cri\/2023\/01\/11\/eua-ignoram-pandemia-grave-no-pais-mas-apontam-o-dedo-para-a-china\/","name":"EUA ignoram pandemia grave no pa\u00eds, mas apontam o dedo para a China - CRI e Diario de Pernambuco","isPartOf":{"@id":"https:\/\/diariodepe.com.br\/cri\/#website"},"primaryImageOfPage":{"@id":"https:\/\/diariodepe.com.br\/cri\/2023\/01\/11\/eua-ignoram-pandemia-grave-no-pais-mas-apontam-o-dedo-para-a-china\/#primaryimage"},"image":{"@id":"https:\/\/diariodepe.com.br\/cri\/2023\/01\/11\/eua-ignoram-pandemia-grave-no-pais-mas-apontam-o-dedo-para-a-china\/#primaryimage"},"thumbnailUrl":"https:\/\/diariodepe.com.br\/cri\/wp-content\/uploads\/sites\/2\/2023\/01\/2023010819484436462.png","datePublished":"2023-01-11T03:09:31+00:00","dateModified":"2023-01-11T03:09:32+00:00","breadcrumb":{"@id":"https:\/\/diariodepe.com.br\/cri\/2023\/01\/11\/eua-ignoram-pandemia-grave-no-pais-mas-apontam-o-dedo-para-a-china\/#breadcrumb"},"inLanguage":"pt-BR","potentialAction":[{"@type":"ReadAction","target":["https:\/\/diariodepe.com.br\/cri\/2023\/01\/11\/eua-ignoram-pandemia-grave-no-pais-mas-apontam-o-dedo-para-a-china\/"]}]},{"@type":"ImageObject","inLanguage":"pt-BR","@id":"https:\/\/diariodepe.com.br\/cri\/2023\/01\/11\/eua-ignoram-pandemia-grave-no-pais-mas-apontam-o-dedo-para-a-china\/#primaryimage","url":"https:\/\/diariodepe.com.br\/cri\/wp-content\/uploads\/sites\/2\/2023\/01\/2023010819484436462.png","contentUrl":"https:\/\/diariodepe.com.br\/cri\/wp-content\/uploads\/sites\/2\/2023\/01\/2023010819484436462.png","width":1080,"height":720},{"@type":"BreadcrumbList","@id":"https:\/\/diariodepe.com.br\/cri\/2023\/01\/11\/eua-ignoram-pandemia-grave-no-pais-mas-apontam-o-dedo-para-a-china\/#breadcrumb","itemListElement":[{"@type":"ListItem","position":1,"name":"In\u00edcio","item":"https:\/\/diariodepe.com.br\/cri\/"},{"@type":"ListItem","position":2,"name":"EUA ignoram pandemia grave no pa\u00eds, mas apontam o dedo para a China"}]},{"@type":"WebSite","@id":"https:\/\/diariodepe.com.br\/cri\/#website","url":"https:\/\/diariodepe.com.br\/cri\/","name":"CRI e Diario de Pernambuco","description":"R\u00e1dio Internacional da China","publisher":{"@id":"https:\/\/diariodepe.com.br\/cri\/#organization"},"potentialAction":[{"@type":"SearchAction","target":{"@type":"EntryPoint","urlTemplate":"https:\/\/diariodepe.com.br\/cri\/?s={search_term_string}"},"query-input":{"@type":"PropertyValueSpecification","valueRequired":true,"valueName":"search_term_string"}}],"inLanguage":"pt-BR"},{"@type":"Organization","@id":"https:\/\/diariodepe.com.br\/cri\/#organization","name":"CRI e Diario de Pernambuco","url":"https:\/\/diariodepe.com.br\/cri\/","logo":{"@type":"ImageObject","inLanguage":"pt-BR","@id":"https:\/\/diariodepe.com.br\/cri\/#\/schema\/logo\/image\/","url":"https:\/\/diariodepe.com.br\/cri\/wp-content\/uploads\/sites\/2\/2022\/12\/cropped-Logo.jpg","contentUrl":"https:\/\/diariodepe.com.br\/cri\/wp-content\/uploads\/sites\/2\/2022\/12\/cropped-Logo.jpg","width":700,"height":59,"caption":"CRI e Diario de Pernambuco"},"image":{"@id":"https:\/\/diariodepe.com.br\/cri\/#\/schema\/logo\/image\/"}},{"@type":"Person","@id":"https:\/\/diariodepe.com.br\/cri\/#\/schema\/person\/121bb28d84f1a5b1205ef4ce9c2e0c6b","name":"Ismael Lucas S. Pereira","image":{"@type":"ImageObject","inLanguage":"pt-BR","@id":"https:\/\/secure.gravatar.com\/avatar\/887a0f3b5a7ceea963a48499fb883ffce6b5037362def025c52c2505b15d63e4?s=96&d=mm&r=g","url":"https:\/\/secure.gravatar.com\/avatar\/887a0f3b5a7ceea963a48499fb883ffce6b5037362def025c52c2505b15d63e4?s=96&d=mm&r=g","contentUrl":"https:\/\/secure.gravatar.com\/avatar\/887a0f3b5a7ceea963a48499fb883ffce6b5037362def025c52c2505b15d63e4?s=96&d=mm&r=g","caption":"Ismael Lucas S. Pereira"},"url":"https:\/\/diariodepe.com.br\/cri\/author\/ismael-lucas\/"}]}},"cc_featured_image_caption":{"caption_text":"","source_text":"","source_url":""},"amp_enabled":true,"_links":{"self":[{"href":"https:\/\/diariodepe.com.br\/cri\/wp-json\/wp\/v2\/posts\/337","targetHints":{"allow":["GET"]}}],"collection":[{"href":"https:\/\/diariodepe.com.br\/cri\/wp-json\/wp\/v2\/posts"}],"about":[{"href":"https:\/\/diariodepe.com.br\/cri\/wp-json\/wp\/v2\/types\/post"}],"author":[{"embeddable":true,"href":"https:\/\/diariodepe.com.br\/cri\/wp-json\/wp\/v2\/users\/2"}],"replies":[{"embeddable":true,"href":"https:\/\/diariodepe.com.br\/cri\/wp-json\/wp\/v2\/comments?post=337"}],"version-history":[{"count":1,"href":"https:\/\/diariodepe.com.br\/cri\/wp-json\/wp\/v2\/posts\/337\/revisions"}],"predecessor-version":[{"id":339,"href":"https:\/\/diariodepe.com.br\/cri\/wp-json\/wp\/v2\/posts\/337\/revisions\/339"}],"wp:featuredmedia":[{"embeddable":true,"href":"https:\/\/diariodepe.com.br\/cri\/wp-json\/wp\/v2\/media\/338"}],"wp:attachment":[{"href":"https:\/\/diariodepe.com.br\/cri\/wp-json\/wp\/v2\/media?parent=337"}],"wp:term":[{"taxonomy":"category","embeddable":true,"href":"https:\/\/diariodepe.com.br\/cri\/wp-json\/wp\/v2\/categories?post=337"},{"taxonomy":"post_tag","embeddable":true,"href":"https:\/\/diariodepe.com.br\/cri\/wp-json\/wp\/v2\/tags?post=337"}],"curies":[{"name":"wp","href":"https:\/\/api.w.org\/{rel}","templated":true}]}}