{"id":3347,"date":"2023-11-08T03:11:41","date_gmt":"2023-11-08T06:11:41","guid":{"rendered":"https:\/\/diariodepe.com.br\/cri\/?p=3347"},"modified":"2023-11-08T03:11:41","modified_gmt":"2023-11-08T06:11:41","slug":"presidente-do-ipim-quer-utilizar-a-ciie-para-aprofundar-a-cooperacao-com-os-paises-de-lingua-portuguesa","status":"publish","type":"post","link":"https:\/\/diariodepe.com.br\/cri\/2023\/11\/08\/presidente-do-ipim-quer-utilizar-a-ciie-para-aprofundar-a-cooperacao-com-os-paises-de-lingua-portuguesa\/","title":{"rendered":"Presidente do IPIM quer utilizar a CIIE para aprofundar a coopera\u00e7\u00e3o com os pa\u00edses de l\u00edngua portuguesa"},"content":{"rendered":"<p data-spm-anchor-id=\"0.0.0.i1\">Uma delega\u00e7\u00e3o de cerca de 50 empres\u00e1rios de Macau e 41 empresas locais est\u00e3o participando da 6.\u00aa Exposi\u00e7\u00e3o Internacional de Importa\u00e7\u00e3o da China em Shanghai, com dois pavilh\u00f5es tem\u00e1ticos para mostrar alimentos e bebidas, bem como servi\u00e7os profissionais da regi\u00e3o e de pa\u00edses de l\u00edngua portuguesa, demonstrando assim o papel cada dia mais evidente de Macau como elo entre a China e os pa\u00edses de l\u00edngua portuguesa no interc\u00e2mbio cultural e na coopera\u00e7\u00e3o pragm\u00e1tica.<\/p>\n<p>Desde a primeira edi\u00e7\u00e3o da CIIE, o Instituto de Promo\u00e7\u00e3o do Com\u00e9rcio e do Investimento de Macau (IPIM, na sigla em portugu\u00eas) organizou delega\u00e7\u00f5es com mais de 400 empres\u00e1rios e mais de 200 empresas de Macau para participarem da exposi\u00e7\u00e3o, e promoveu mais de 5 mil negocia\u00e7\u00f5es de bolsas de neg\u00f3cios. A CIIE tornou-se uma plataforma importante para as empresas de Macau expandirem para mercados estrangeiros, especialmente para os pa\u00edses de l\u00edngua portuguesa.<\/p>\n<p><iframe title=\"Presidente do IPIM quer utilizar CIIE para aprofundar coopera\u00e7\u00e3o com os pa\u00edses de l\u00edngua portugusa\" width=\"640\" height=\"360\" src=\"https:\/\/www.youtube.com\/embed\/1CKBjVI0q5Y?feature=oembed\" frameborder=\"0\" allow=\"accelerometer; autoplay; clipboard-write; encrypted-media; gyroscope; picture-in-picture; web-share\" referrerpolicy=\"strict-origin-when-cross-origin\" allowfullscreen><\/iframe><\/p>\n<p>&nbsp;<\/p>\n","protected":false},"excerpt":{"rendered":"<p>Uma delega\u00e7\u00e3o de cerca de 50 empres\u00e1rios de Macau e 41 empresas locais est\u00e3o participando da 6.\u00aa Exposi\u00e7\u00e3o Internacional de Importa\u00e7\u00e3o da China em Shanghai, com dois pavilh\u00f5es tem\u00e1ticos para mostrar alimentos e bebidas, bem como servi\u00e7os profissionais da regi\u00e3o&#8230;<\/p>\n","protected":false},"author":2,"featured_media":0,"comment_status":"open","ping_status":"open","sticky":false,"template":"","format":"standard","meta":{"footnotes":""},"categories":[11],"tags":[],"class_list":["post-3347","post","type-post","status-publish","format-standard","hentry","category-videos"],"yoast_head":"<!-- This site is optimized with the Yoast SEO plugin v27.4 - https:\/\/yoast.com\/product\/yoast-seo-wordpress\/ -->\n<title>Presidente do IPIM quer utilizar a CIIE para aprofundar a coopera\u00e7\u00e3o com os pa\u00edses de l\u00edngua portuguesa - CRI e Diario de Pernambuco<\/title>\n<meta name=\"robots\" content=\"index, follow, max-snippet:-1, max-image-preview:large, max-video-preview:-1\" \/>\n<link rel=\"canonical\" href=\"https:\/\/diariodepe.com.br\/cri\/2023\/11\/08\/presidente-do-ipim-quer-utilizar-a-ciie-para-aprofundar-a-cooperacao-com-os-paises-de-lingua-portuguesa\/\" \/>\n<meta property=\"og:locale\" content=\"pt_BR\" \/>\n<meta property=\"og:type\" content=\"article\" \/>\n<meta property=\"og:title\" content=\"Presidente do IPIM quer utilizar a CIIE para aprofundar a coopera\u00e7\u00e3o com os pa\u00edses de l\u00edngua portuguesa - CRI e Diario de Pernambuco\" \/>\n<meta property=\"og:description\" content=\"Uma delega\u00e7\u00e3o de cerca de 50 empres\u00e1rios de Macau e 41 empresas locais est\u00e3o participando da 6.\u00aa Exposi\u00e7\u00e3o Internacional de Importa\u00e7\u00e3o da China em Shanghai, com dois pavilh\u00f5es tem\u00e1ticos para mostrar alimentos e bebidas, bem como servi\u00e7os profissionais da regi\u00e3o...\" \/>\n<meta property=\"og:url\" content=\"https:\/\/diariodepe.com.br\/cri\/2023\/11\/08\/presidente-do-ipim-quer-utilizar-a-ciie-para-aprofundar-a-cooperacao-com-os-paises-de-lingua-portuguesa\/\" \/>\n<meta property=\"og:site_name\" content=\"CRI e Diario de Pernambuco\" \/>\n<meta property=\"article:published_time\" content=\"2023-11-08T06:11:41+00:00\" \/>\n<meta name=\"author\" content=\"Ismael Lucas S. Pereira\" \/>\n<meta name=\"twitter:card\" content=\"summary_large_image\" \/>\n<meta name=\"twitter:label1\" content=\"Escrito por\" \/>\n\t<meta name=\"twitter:data1\" content=\"Ismael Lucas S. Pereira\" \/>\n\t<meta name=\"twitter:label2\" content=\"Est. tempo de leitura\" \/>\n\t<meta name=\"twitter:data2\" content=\"1 minuto\" \/>\n<script type=\"application\/ld+json\" class=\"yoast-schema-graph\">{\"@context\":\"https:\\\/\\\/schema.org\",\"@graph\":[{\"@type\":\"Article\",\"@id\":\"https:\\\/\\\/diariodepe.com.br\\\/cri\\\/2023\\\/11\\\/08\\\/presidente-do-ipim-quer-utilizar-a-ciie-para-aprofundar-a-cooperacao-com-os-paises-de-lingua-portuguesa\\\/#article\",\"isPartOf\":{\"@id\":\"https:\\\/\\\/diariodepe.com.br\\\/cri\\\/2023\\\/11\\\/08\\\/presidente-do-ipim-quer-utilizar-a-ciie-para-aprofundar-a-cooperacao-com-os-paises-de-lingua-portuguesa\\\/\"},\"author\":{\"name\":\"Ismael Lucas S. Pereira\",\"@id\":\"https:\\\/\\\/diariodepe.com.br\\\/cri\\\/#\\\/schema\\\/person\\\/121bb28d84f1a5b1205ef4ce9c2e0c6b\"},\"headline\":\"Presidente do IPIM quer utilizar a CIIE para aprofundar a coopera\u00e7\u00e3o com os pa\u00edses de l\u00edngua portuguesa\",\"datePublished\":\"2023-11-08T06:11:41+00:00\",\"mainEntityOfPage\":{\"@id\":\"https:\\\/\\\/diariodepe.com.br\\\/cri\\\/2023\\\/11\\\/08\\\/presidente-do-ipim-quer-utilizar-a-ciie-para-aprofundar-a-cooperacao-com-os-paises-de-lingua-portuguesa\\\/\"},\"wordCount\":200,\"commentCount\":0,\"publisher\":{\"@id\":\"https:\\\/\\\/diariodepe.com.br\\\/cri\\\/#organization\"},\"articleSection\":[\"V\u00eddeos\"],\"inLanguage\":\"pt-BR\",\"potentialAction\":[{\"@type\":\"CommentAction\",\"name\":\"Comment\",\"target\":[\"https:\\\/\\\/diariodepe.com.br\\\/cri\\\/2023\\\/11\\\/08\\\/presidente-do-ipim-quer-utilizar-a-ciie-para-aprofundar-a-cooperacao-com-os-paises-de-lingua-portuguesa\\\/#respond\"]}]},{\"@type\":\"WebPage\",\"@id\":\"https:\\\/\\\/diariodepe.com.br\\\/cri\\\/2023\\\/11\\\/08\\\/presidente-do-ipim-quer-utilizar-a-ciie-para-aprofundar-a-cooperacao-com-os-paises-de-lingua-portuguesa\\\/\",\"url\":\"https:\\\/\\\/diariodepe.com.br\\\/cri\\\/2023\\\/11\\\/08\\\/presidente-do-ipim-quer-utilizar-a-ciie-para-aprofundar-a-cooperacao-com-os-paises-de-lingua-portuguesa\\\/\",\"name\":\"Presidente do IPIM quer utilizar a CIIE para aprofundar a coopera\u00e7\u00e3o com os pa\u00edses de l\u00edngua portuguesa - CRI e Diario de Pernambuco\",\"isPartOf\":{\"@id\":\"https:\\\/\\\/diariodepe.com.br\\\/cri\\\/#website\"},\"datePublished\":\"2023-11-08T06:11:41+00:00\",\"breadcrumb\":{\"@id\":\"https:\\\/\\\/diariodepe.com.br\\\/cri\\\/2023\\\/11\\\/08\\\/presidente-do-ipim-quer-utilizar-a-ciie-para-aprofundar-a-cooperacao-com-os-paises-de-lingua-portuguesa\\\/#breadcrumb\"},\"inLanguage\":\"pt-BR\",\"potentialAction\":[{\"@type\":\"ReadAction\",\"target\":[\"https:\\\/\\\/diariodepe.com.br\\\/cri\\\/2023\\\/11\\\/08\\\/presidente-do-ipim-quer-utilizar-a-ciie-para-aprofundar-a-cooperacao-com-os-paises-de-lingua-portuguesa\\\/\"]}]},{\"@type\":\"BreadcrumbList\",\"@id\":\"https:\\\/\\\/diariodepe.com.br\\\/cri\\\/2023\\\/11\\\/08\\\/presidente-do-ipim-quer-utilizar-a-ciie-para-aprofundar-a-cooperacao-com-os-paises-de-lingua-portuguesa\\\/#breadcrumb\",\"itemListElement\":[{\"@type\":\"ListItem\",\"position\":1,\"name\":\"In\u00edcio\",\"item\":\"https:\\\/\\\/diariodepe.com.br\\\/cri\\\/\"},{\"@type\":\"ListItem\",\"position\":2,\"name\":\"Presidente do IPIM quer utilizar a CIIE para aprofundar a coopera\u00e7\u00e3o com os pa\u00edses de l\u00edngua portuguesa\"}]},{\"@type\":\"WebSite\",\"@id\":\"https:\\\/\\\/diariodepe.com.br\\\/cri\\\/#website\",\"url\":\"https:\\\/\\\/diariodepe.com.br\\\/cri\\\/\",\"name\":\"CRI e Diario de Pernambuco\",\"description\":\"R\u00e1dio Internacional da China\",\"publisher\":{\"@id\":\"https:\\\/\\\/diariodepe.com.br\\\/cri\\\/#organization\"},\"potentialAction\":[{\"@type\":\"SearchAction\",\"target\":{\"@type\":\"EntryPoint\",\"urlTemplate\":\"https:\\\/\\\/diariodepe.com.br\\\/cri\\\/?s={search_term_string}\"},\"query-input\":{\"@type\":\"PropertyValueSpecification\",\"valueRequired\":true,\"valueName\":\"search_term_string\"}}],\"inLanguage\":\"pt-BR\"},{\"@type\":\"Organization\",\"@id\":\"https:\\\/\\\/diariodepe.com.br\\\/cri\\\/#organization\",\"name\":\"CRI e Diario de Pernambuco\",\"url\":\"https:\\\/\\\/diariodepe.com.br\\\/cri\\\/\",\"logo\":{\"@type\":\"ImageObject\",\"inLanguage\":\"pt-BR\",\"@id\":\"https:\\\/\\\/diariodepe.com.br\\\/cri\\\/#\\\/schema\\\/logo\\\/image\\\/\",\"url\":\"https:\\\/\\\/diariodepe.com.br\\\/cri\\\/wp-content\\\/uploads\\\/sites\\\/2\\\/2022\\\/12\\\/cropped-Logo.jpg\",\"contentUrl\":\"https:\\\/\\\/diariodepe.com.br\\\/cri\\\/wp-content\\\/uploads\\\/sites\\\/2\\\/2022\\\/12\\\/cropped-Logo.jpg\",\"width\":700,\"height\":59,\"caption\":\"CRI e Diario de Pernambuco\"},\"image\":{\"@id\":\"https:\\\/\\\/diariodepe.com.br\\\/cri\\\/#\\\/schema\\\/logo\\\/image\\\/\"}},{\"@type\":\"Person\",\"@id\":\"https:\\\/\\\/diariodepe.com.br\\\/cri\\\/#\\\/schema\\\/person\\\/121bb28d84f1a5b1205ef4ce9c2e0c6b\",\"name\":\"Ismael Lucas S. Pereira\",\"image\":{\"@type\":\"ImageObject\",\"inLanguage\":\"pt-BR\",\"@id\":\"https:\\\/\\\/secure.gravatar.com\\\/avatar\\\/887a0f3b5a7ceea963a48499fb883ffce6b5037362def025c52c2505b15d63e4?s=96&d=mm&r=g\",\"url\":\"https:\\\/\\\/secure.gravatar.com\\\/avatar\\\/887a0f3b5a7ceea963a48499fb883ffce6b5037362def025c52c2505b15d63e4?s=96&d=mm&r=g\",\"contentUrl\":\"https:\\\/\\\/secure.gravatar.com\\\/avatar\\\/887a0f3b5a7ceea963a48499fb883ffce6b5037362def025c52c2505b15d63e4?s=96&d=mm&r=g\",\"caption\":\"Ismael Lucas S. Pereira\"},\"url\":\"https:\\\/\\\/diariodepe.com.br\\\/cri\\\/author\\\/ismael-lucas\\\/\"}]}<\/script>\n<!-- \/ Yoast SEO plugin. -->","yoast_head_json":{"title":"Presidente do IPIM quer utilizar a CIIE para aprofundar a coopera\u00e7\u00e3o com os pa\u00edses de l\u00edngua portuguesa - CRI e Diario de Pernambuco","robots":{"index":"index","follow":"follow","max-snippet":"max-snippet:-1","max-image-preview":"max-image-preview:large","max-video-preview":"max-video-preview:-1"},"canonical":"https:\/\/diariodepe.com.br\/cri\/2023\/11\/08\/presidente-do-ipim-quer-utilizar-a-ciie-para-aprofundar-a-cooperacao-com-os-paises-de-lingua-portuguesa\/","og_locale":"pt_BR","og_type":"article","og_title":"Presidente do IPIM quer utilizar a CIIE para aprofundar a coopera\u00e7\u00e3o com os pa\u00edses de l\u00edngua portuguesa - CRI e Diario de Pernambuco","og_description":"Uma delega\u00e7\u00e3o de cerca de 50 empres\u00e1rios de Macau e 41 empresas locais est\u00e3o participando da 6.\u00aa Exposi\u00e7\u00e3o Internacional de Importa\u00e7\u00e3o da China em Shanghai, com dois pavilh\u00f5es tem\u00e1ticos para mostrar alimentos e bebidas, bem como servi\u00e7os profissionais da regi\u00e3o...","og_url":"https:\/\/diariodepe.com.br\/cri\/2023\/11\/08\/presidente-do-ipim-quer-utilizar-a-ciie-para-aprofundar-a-cooperacao-com-os-paises-de-lingua-portuguesa\/","og_site_name":"CRI e Diario de Pernambuco","article_published_time":"2023-11-08T06:11:41+00:00","author":"Ismael Lucas S. Pereira","twitter_card":"summary_large_image","twitter_misc":{"Escrito por":"Ismael Lucas S. Pereira","Est. tempo de leitura":"1 minuto"},"schema":{"@context":"https:\/\/schema.org","@graph":[{"@type":"Article","@id":"https:\/\/diariodepe.com.br\/cri\/2023\/11\/08\/presidente-do-ipim-quer-utilizar-a-ciie-para-aprofundar-a-cooperacao-com-os-paises-de-lingua-portuguesa\/#article","isPartOf":{"@id":"https:\/\/diariodepe.com.br\/cri\/2023\/11\/08\/presidente-do-ipim-quer-utilizar-a-ciie-para-aprofundar-a-cooperacao-com-os-paises-de-lingua-portuguesa\/"},"author":{"name":"Ismael Lucas S. Pereira","@id":"https:\/\/diariodepe.com.br\/cri\/#\/schema\/person\/121bb28d84f1a5b1205ef4ce9c2e0c6b"},"headline":"Presidente do IPIM quer utilizar a CIIE para aprofundar a coopera\u00e7\u00e3o com os pa\u00edses de l\u00edngua portuguesa","datePublished":"2023-11-08T06:11:41+00:00","mainEntityOfPage":{"@id":"https:\/\/diariodepe.com.br\/cri\/2023\/11\/08\/presidente-do-ipim-quer-utilizar-a-ciie-para-aprofundar-a-cooperacao-com-os-paises-de-lingua-portuguesa\/"},"wordCount":200,"commentCount":0,"publisher":{"@id":"https:\/\/diariodepe.com.br\/cri\/#organization"},"articleSection":["V\u00eddeos"],"inLanguage":"pt-BR","potentialAction":[{"@type":"CommentAction","name":"Comment","target":["https:\/\/diariodepe.com.br\/cri\/2023\/11\/08\/presidente-do-ipim-quer-utilizar-a-ciie-para-aprofundar-a-cooperacao-com-os-paises-de-lingua-portuguesa\/#respond"]}]},{"@type":"WebPage","@id":"https:\/\/diariodepe.com.br\/cri\/2023\/11\/08\/presidente-do-ipim-quer-utilizar-a-ciie-para-aprofundar-a-cooperacao-com-os-paises-de-lingua-portuguesa\/","url":"https:\/\/diariodepe.com.br\/cri\/2023\/11\/08\/presidente-do-ipim-quer-utilizar-a-ciie-para-aprofundar-a-cooperacao-com-os-paises-de-lingua-portuguesa\/","name":"Presidente do IPIM quer utilizar a CIIE para aprofundar a coopera\u00e7\u00e3o com os pa\u00edses de l\u00edngua portuguesa - CRI e Diario de Pernambuco","isPartOf":{"@id":"https:\/\/diariodepe.com.br\/cri\/#website"},"datePublished":"2023-11-08T06:11:41+00:00","breadcrumb":{"@id":"https:\/\/diariodepe.com.br\/cri\/2023\/11\/08\/presidente-do-ipim-quer-utilizar-a-ciie-para-aprofundar-a-cooperacao-com-os-paises-de-lingua-portuguesa\/#breadcrumb"},"inLanguage":"pt-BR","potentialAction":[{"@type":"ReadAction","target":["https:\/\/diariodepe.com.br\/cri\/2023\/11\/08\/presidente-do-ipim-quer-utilizar-a-ciie-para-aprofundar-a-cooperacao-com-os-paises-de-lingua-portuguesa\/"]}]},{"@type":"BreadcrumbList","@id":"https:\/\/diariodepe.com.br\/cri\/2023\/11\/08\/presidente-do-ipim-quer-utilizar-a-ciie-para-aprofundar-a-cooperacao-com-os-paises-de-lingua-portuguesa\/#breadcrumb","itemListElement":[{"@type":"ListItem","position":1,"name":"In\u00edcio","item":"https:\/\/diariodepe.com.br\/cri\/"},{"@type":"ListItem","position":2,"name":"Presidente do IPIM quer utilizar a CIIE para aprofundar a coopera\u00e7\u00e3o com os pa\u00edses de l\u00edngua portuguesa"}]},{"@type":"WebSite","@id":"https:\/\/diariodepe.com.br\/cri\/#website","url":"https:\/\/diariodepe.com.br\/cri\/","name":"CRI e Diario de Pernambuco","description":"R\u00e1dio Internacional da China","publisher":{"@id":"https:\/\/diariodepe.com.br\/cri\/#organization"},"potentialAction":[{"@type":"SearchAction","target":{"@type":"EntryPoint","urlTemplate":"https:\/\/diariodepe.com.br\/cri\/?s={search_term_string}"},"query-input":{"@type":"PropertyValueSpecification","valueRequired":true,"valueName":"search_term_string"}}],"inLanguage":"pt-BR"},{"@type":"Organization","@id":"https:\/\/diariodepe.com.br\/cri\/#organization","name":"CRI e Diario de Pernambuco","url":"https:\/\/diariodepe.com.br\/cri\/","logo":{"@type":"ImageObject","inLanguage":"pt-BR","@id":"https:\/\/diariodepe.com.br\/cri\/#\/schema\/logo\/image\/","url":"https:\/\/diariodepe.com.br\/cri\/wp-content\/uploads\/sites\/2\/2022\/12\/cropped-Logo.jpg","contentUrl":"https:\/\/diariodepe.com.br\/cri\/wp-content\/uploads\/sites\/2\/2022\/12\/cropped-Logo.jpg","width":700,"height":59,"caption":"CRI e Diario de Pernambuco"},"image":{"@id":"https:\/\/diariodepe.com.br\/cri\/#\/schema\/logo\/image\/"}},{"@type":"Person","@id":"https:\/\/diariodepe.com.br\/cri\/#\/schema\/person\/121bb28d84f1a5b1205ef4ce9c2e0c6b","name":"Ismael Lucas S. Pereira","image":{"@type":"ImageObject","inLanguage":"pt-BR","@id":"https:\/\/secure.gravatar.com\/avatar\/887a0f3b5a7ceea963a48499fb883ffce6b5037362def025c52c2505b15d63e4?s=96&d=mm&r=g","url":"https:\/\/secure.gravatar.com\/avatar\/887a0f3b5a7ceea963a48499fb883ffce6b5037362def025c52c2505b15d63e4?s=96&d=mm&r=g","contentUrl":"https:\/\/secure.gravatar.com\/avatar\/887a0f3b5a7ceea963a48499fb883ffce6b5037362def025c52c2505b15d63e4?s=96&d=mm&r=g","caption":"Ismael Lucas S. Pereira"},"url":"https:\/\/diariodepe.com.br\/cri\/author\/ismael-lucas\/"}]}},"cc_featured_image_caption":{"caption_text":false,"source_text":false,"source_url":false},"amp_enabled":true,"_links":{"self":[{"href":"https:\/\/diariodepe.com.br\/cri\/wp-json\/wp\/v2\/posts\/3347","targetHints":{"allow":["GET"]}}],"collection":[{"href":"https:\/\/diariodepe.com.br\/cri\/wp-json\/wp\/v2\/posts"}],"about":[{"href":"https:\/\/diariodepe.com.br\/cri\/wp-json\/wp\/v2\/types\/post"}],"author":[{"embeddable":true,"href":"https:\/\/diariodepe.com.br\/cri\/wp-json\/wp\/v2\/users\/2"}],"replies":[{"embeddable":true,"href":"https:\/\/diariodepe.com.br\/cri\/wp-json\/wp\/v2\/comments?post=3347"}],"version-history":[{"count":1,"href":"https:\/\/diariodepe.com.br\/cri\/wp-json\/wp\/v2\/posts\/3347\/revisions"}],"predecessor-version":[{"id":3348,"href":"https:\/\/diariodepe.com.br\/cri\/wp-json\/wp\/v2\/posts\/3347\/revisions\/3348"}],"wp:attachment":[{"href":"https:\/\/diariodepe.com.br\/cri\/wp-json\/wp\/v2\/media?parent=3347"}],"wp:term":[{"taxonomy":"category","embeddable":true,"href":"https:\/\/diariodepe.com.br\/cri\/wp-json\/wp\/v2\/categories?post=3347"},{"taxonomy":"post_tag","embeddable":true,"href":"https:\/\/diariodepe.com.br\/cri\/wp-json\/wp\/v2\/tags?post=3347"}],"curies":[{"name":"wp","href":"https:\/\/api.w.org\/{rel}","templated":true}]}}