{"id":334,"date":"2023-01-11T00:01:40","date_gmt":"2023-01-11T03:01:40","guid":{"rendered":"https:\/\/diariodepe.com.br\/cri\/?p=334"},"modified":"2023-01-11T00:01:41","modified_gmt":"2023-01-11T03:01:41","slug":"eua-que-sao-relutantes-em-combater-epidemia-nao-tem-direito-de-criticar-outros","status":"publish","type":"post","link":"https:\/\/diariodepe.com.br\/cri\/2023\/01\/11\/eua-que-sao-relutantes-em-combater-epidemia-nao-tem-direito-de-criticar-outros\/","title":{"rendered":"<strong>EUA que s\u00e3o relutantes em combater epidemia n\u00e3o t\u00eam direito de criticar outros<\/strong>"},"content":{"rendered":"\n<p>A partir deste domingo (8), a China muda a classifica\u00e7\u00e3o de Covid-19 de \u201cdoen\u00e7a infecciosa de categoria B, mas tratada como categoria A\u201d para a de \u201ccategoria B e tratada como categoria B\u201d. O turismo ao exterior dos cidad\u00e3os chineses tamb\u00e9m foi retomado de forma ordenada. Dados de uma plataforma de viagens mostram que o n\u00famero de passagens a\u00e9reas de entrada e sa\u00edda da fronteira j\u00e1 encomendadas para este domingo atingiu o maior pico desde mar\u00e7o de 2020. A China vem se preparando para este dia h\u00e1 tr\u00eas anos.&nbsp; &nbsp; &nbsp; &nbsp; &nbsp;&nbsp;<\/p>\n\n\n\n<p>Ap\u00f3s uma \u00e1rdua luta contra a epidemia, o pa\u00eds tomou a iniciativa de ajustar sua pol\u00edtica de preven\u00e7\u00e3o epid\u00eamica de acordo com o andamento da situa\u00e7\u00e3o, o que ajudou a coordenar melhor a preven\u00e7\u00e3o e o controle da epidemia com o desenvolvimento econ\u00f4mico e social e tamb\u00e9m facilitou o deslocamento de pessoas entre a China e o exterior.&nbsp;<\/p>\n\n\n\n<p>A ag\u00eancia Bloomberg comentou que \u201co acesso mais conveniente \u00e0 China beneficiar\u00e1 muitos pa\u00edses ao redor do mundo que dependem dos turistas chineses\u201d. Algumas das\u00a0 principais institui\u00e7\u00f5es econ\u00f4micas internacionais t\u00eam apontado que a economia chinesa deve se recuperar rapidamente, o que \u00e9 uma boa not\u00edcia para a atividade global.\u00a0<\/p>\n\n\n\n<p>Entretanto, algo estranho aconteceu. Alguns pol\u00edticos e meios de comunica\u00e7\u00e3o dos Estados Unidos que antes clamavam para a &#8220;China relaxar a pol\u00edtica de preven\u00e7\u00e3o epid\u00eamica\u201d voltaram atr\u00e1s para criticar o ajuste da pol\u00edtica de preven\u00e7\u00e3o epid\u00eamica adotado pelo pa\u00eds, dizendo que est\u00e1 \u201cmal preparada\u201d. Al\u00e9m disso, o governo estadunidense adotou restri\u00e7\u00f5es para a entrada de turistas chineses. Este ato hip\u00f3crita de padr\u00e3o duplo revela sua psicologia sombria de \u201cinveja e ci\u00fame\u201d em rela\u00e7\u00e3o \u00e0s realiza\u00e7\u00f5es chinesas na resposta epid\u00eamica.&nbsp;<\/p>\n\n\n\n<p>Em retrospectiva, cada medida preventiva e de controle tomada pela China nos \u00faltimos tr\u00eas anos foi uma corrida contra o tempo e uma batalha contra o v\u00edrus, a fim de ganhar mais iniciativa e espa\u00e7o para responder \u00e0 epidemia, proteger ao m\u00e1ximo a vida e a sa\u00fade da popula\u00e7\u00e3o e minimizar os impactos ao desenvolvimento econ\u00f4mico e social.&nbsp;<\/p>\n\n\n\n<p>No mesmo per\u00edodo dos \u00faltimos tr\u00eas anos, por\u00e9m, o governo dos EUA tem sido relutante em responder \u00e0 epidemia e tem repetidamente perdido oportunidades de control\u00e1-la. Os governos federal e estaduais t\u00eam se confrontado, o Partido Democrata e o Partido Republicano t\u00eam se restringido um do outro, e os pol\u00edticos est\u00e3o ocupados angariando votos e dinheiro.\u00a0<\/p>\n\n\n\n<p>Os Estados Unidos n\u00e3o formam uma sinergia para enfrentar a epidemia, e o p\u00fablico se sente perdido. Em particular, com o incitamento de alguns pol\u00edticos inescrupulosos, os sentimentos anti-intelectuais e anti-cient\u00edficos se espalharam na sociedade norte-americana, que se tornou c\u00famplice da propaga\u00e7\u00e3o do v\u00edrus. Pode-se dizer que o desastre epid\u00eamico nos EUA n\u00e3o \u00e9 apenas um desastre natural, mas tamb\u00e9m um desastre provocado pelo insucesso das pol\u00edticas de sa\u00fade p\u00fablica e do sistema pol\u00edtico.&nbsp;<\/p>\n\n\n\n<p>O dia 8 de janeiro marca um novo come\u00e7o para a China e para o mundo, e a maioria dos pa\u00edses acolheu as medidas. Os pol\u00edticos estadunidenses que n\u00e3o t\u00eam interesse em&nbsp; combater a epidemia, mas em desviar a culpa para outros, est\u00e3o se movendo contra a corrente do tempo e n\u00e3o escapar\u00e3o do fracasso.<\/p>\n","protected":false},"excerpt":{"rendered":"<p>A partir deste domingo (8), a China muda a classifica\u00e7\u00e3o de Covid-19 de \u201cdoen\u00e7a infecciosa de categoria B, mas tratada como categoria A\u201d para a de \u201ccategoria B e tratada como categoria B\u201d. O turismo ao exterior dos cidad\u00e3os chineses&#8230;<\/p>\n","protected":false},"author":2,"featured_media":0,"comment_status":"open","ping_status":"open","sticky":false,"template":"","format":"standard","meta":{"footnotes":""},"categories":[7],"tags":[],"class_list":["post-334","post","type-post","status-publish","format-standard","hentry","category-visao"],"yoast_head":"<!-- This site is optimized with the Yoast SEO plugin v27.4 - https:\/\/yoast.com\/product\/yoast-seo-wordpress\/ -->\n<title>EUA que s\u00e3o relutantes em combater epidemia n\u00e3o t\u00eam direito de criticar outros - CRI e Diario de Pernambuco<\/title>\n<meta name=\"robots\" content=\"index, follow, max-snippet:-1, max-image-preview:large, max-video-preview:-1\" \/>\n<link rel=\"canonical\" href=\"https:\/\/diariodepe.com.br\/cri\/2023\/01\/11\/eua-que-sao-relutantes-em-combater-epidemia-nao-tem-direito-de-criticar-outros\/\" \/>\n<meta property=\"og:locale\" content=\"pt_BR\" \/>\n<meta property=\"og:type\" content=\"article\" \/>\n<meta property=\"og:title\" content=\"EUA que s\u00e3o relutantes em combater epidemia n\u00e3o t\u00eam direito de criticar outros - CRI e Diario de Pernambuco\" \/>\n<meta property=\"og:description\" content=\"A partir deste domingo (8), a China muda a classifica\u00e7\u00e3o de Covid-19 de \u201cdoen\u00e7a infecciosa de categoria B, mas tratada como categoria A\u201d para a de \u201ccategoria B e tratada como categoria B\u201d. O turismo ao exterior dos cidad\u00e3os chineses...\" \/>\n<meta property=\"og:url\" content=\"https:\/\/diariodepe.com.br\/cri\/2023\/01\/11\/eua-que-sao-relutantes-em-combater-epidemia-nao-tem-direito-de-criticar-outros\/\" \/>\n<meta property=\"og:site_name\" content=\"CRI e Diario de Pernambuco\" \/>\n<meta property=\"article:published_time\" content=\"2023-01-11T03:01:40+00:00\" \/>\n<meta property=\"article:modified_time\" content=\"2023-01-11T03:01:41+00:00\" \/>\n<meta name=\"author\" content=\"Ismael Lucas S. Pereira\" \/>\n<meta name=\"twitter:card\" content=\"summary_large_image\" \/>\n<meta name=\"twitter:label1\" content=\"Escrito por\" \/>\n\t<meta name=\"twitter:data1\" content=\"Ismael Lucas S. Pereira\" \/>\n\t<meta name=\"twitter:label2\" content=\"Est. tempo de leitura\" \/>\n\t<meta name=\"twitter:data2\" content=\"3 minutos\" \/>\n<script type=\"application\/ld+json\" class=\"yoast-schema-graph\">{\"@context\":\"https:\\\/\\\/schema.org\",\"@graph\":[{\"@type\":\"Article\",\"@id\":\"https:\\\/\\\/diariodepe.com.br\\\/cri\\\/2023\\\/01\\\/11\\\/eua-que-sao-relutantes-em-combater-epidemia-nao-tem-direito-de-criticar-outros\\\/#article\",\"isPartOf\":{\"@id\":\"https:\\\/\\\/diariodepe.com.br\\\/cri\\\/2023\\\/01\\\/11\\\/eua-que-sao-relutantes-em-combater-epidemia-nao-tem-direito-de-criticar-outros\\\/\"},\"author\":{\"name\":\"Ismael Lucas S. Pereira\",\"@id\":\"https:\\\/\\\/diariodepe.com.br\\\/cri\\\/#\\\/schema\\\/person\\\/121bb28d84f1a5b1205ef4ce9c2e0c6b\"},\"headline\":\"EUA que s\u00e3o relutantes em combater epidemia n\u00e3o t\u00eam direito de criticar outros\",\"datePublished\":\"2023-01-11T03:01:40+00:00\",\"dateModified\":\"2023-01-11T03:01:41+00:00\",\"mainEntityOfPage\":{\"@id\":\"https:\\\/\\\/diariodepe.com.br\\\/cri\\\/2023\\\/01\\\/11\\\/eua-que-sao-relutantes-em-combater-epidemia-nao-tem-direito-de-criticar-outros\\\/\"},\"wordCount\":616,\"commentCount\":0,\"publisher\":{\"@id\":\"https:\\\/\\\/diariodepe.com.br\\\/cri\\\/#organization\"},\"articleSection\":[\"Vis\u00e3o\"],\"inLanguage\":\"pt-BR\",\"potentialAction\":[{\"@type\":\"CommentAction\",\"name\":\"Comment\",\"target\":[\"https:\\\/\\\/diariodepe.com.br\\\/cri\\\/2023\\\/01\\\/11\\\/eua-que-sao-relutantes-em-combater-epidemia-nao-tem-direito-de-criticar-outros\\\/#respond\"]}]},{\"@type\":\"WebPage\",\"@id\":\"https:\\\/\\\/diariodepe.com.br\\\/cri\\\/2023\\\/01\\\/11\\\/eua-que-sao-relutantes-em-combater-epidemia-nao-tem-direito-de-criticar-outros\\\/\",\"url\":\"https:\\\/\\\/diariodepe.com.br\\\/cri\\\/2023\\\/01\\\/11\\\/eua-que-sao-relutantes-em-combater-epidemia-nao-tem-direito-de-criticar-outros\\\/\",\"name\":\"EUA que s\u00e3o relutantes em combater epidemia n\u00e3o t\u00eam direito de criticar outros - CRI e Diario de Pernambuco\",\"isPartOf\":{\"@id\":\"https:\\\/\\\/diariodepe.com.br\\\/cri\\\/#website\"},\"datePublished\":\"2023-01-11T03:01:40+00:00\",\"dateModified\":\"2023-01-11T03:01:41+00:00\",\"breadcrumb\":{\"@id\":\"https:\\\/\\\/diariodepe.com.br\\\/cri\\\/2023\\\/01\\\/11\\\/eua-que-sao-relutantes-em-combater-epidemia-nao-tem-direito-de-criticar-outros\\\/#breadcrumb\"},\"inLanguage\":\"pt-BR\",\"potentialAction\":[{\"@type\":\"ReadAction\",\"target\":[\"https:\\\/\\\/diariodepe.com.br\\\/cri\\\/2023\\\/01\\\/11\\\/eua-que-sao-relutantes-em-combater-epidemia-nao-tem-direito-de-criticar-outros\\\/\"]}]},{\"@type\":\"BreadcrumbList\",\"@id\":\"https:\\\/\\\/diariodepe.com.br\\\/cri\\\/2023\\\/01\\\/11\\\/eua-que-sao-relutantes-em-combater-epidemia-nao-tem-direito-de-criticar-outros\\\/#breadcrumb\",\"itemListElement\":[{\"@type\":\"ListItem\",\"position\":1,\"name\":\"In\u00edcio\",\"item\":\"https:\\\/\\\/diariodepe.com.br\\\/cri\\\/\"},{\"@type\":\"ListItem\",\"position\":2,\"name\":\"EUA que s\u00e3o relutantes em combater epidemia n\u00e3o t\u00eam direito de criticar outros\"}]},{\"@type\":\"WebSite\",\"@id\":\"https:\\\/\\\/diariodepe.com.br\\\/cri\\\/#website\",\"url\":\"https:\\\/\\\/diariodepe.com.br\\\/cri\\\/\",\"name\":\"CRI e Diario de Pernambuco\",\"description\":\"R\u00e1dio Internacional da China\",\"publisher\":{\"@id\":\"https:\\\/\\\/diariodepe.com.br\\\/cri\\\/#organization\"},\"potentialAction\":[{\"@type\":\"SearchAction\",\"target\":{\"@type\":\"EntryPoint\",\"urlTemplate\":\"https:\\\/\\\/diariodepe.com.br\\\/cri\\\/?s={search_term_string}\"},\"query-input\":{\"@type\":\"PropertyValueSpecification\",\"valueRequired\":true,\"valueName\":\"search_term_string\"}}],\"inLanguage\":\"pt-BR\"},{\"@type\":\"Organization\",\"@id\":\"https:\\\/\\\/diariodepe.com.br\\\/cri\\\/#organization\",\"name\":\"CRI e Diario de Pernambuco\",\"url\":\"https:\\\/\\\/diariodepe.com.br\\\/cri\\\/\",\"logo\":{\"@type\":\"ImageObject\",\"inLanguage\":\"pt-BR\",\"@id\":\"https:\\\/\\\/diariodepe.com.br\\\/cri\\\/#\\\/schema\\\/logo\\\/image\\\/\",\"url\":\"https:\\\/\\\/diariodepe.com.br\\\/cri\\\/wp-content\\\/uploads\\\/sites\\\/2\\\/2022\\\/12\\\/cropped-Logo.jpg\",\"contentUrl\":\"https:\\\/\\\/diariodepe.com.br\\\/cri\\\/wp-content\\\/uploads\\\/sites\\\/2\\\/2022\\\/12\\\/cropped-Logo.jpg\",\"width\":700,\"height\":59,\"caption\":\"CRI e Diario de Pernambuco\"},\"image\":{\"@id\":\"https:\\\/\\\/diariodepe.com.br\\\/cri\\\/#\\\/schema\\\/logo\\\/image\\\/\"}},{\"@type\":\"Person\",\"@id\":\"https:\\\/\\\/diariodepe.com.br\\\/cri\\\/#\\\/schema\\\/person\\\/121bb28d84f1a5b1205ef4ce9c2e0c6b\",\"name\":\"Ismael Lucas S. Pereira\",\"image\":{\"@type\":\"ImageObject\",\"inLanguage\":\"pt-BR\",\"@id\":\"https:\\\/\\\/secure.gravatar.com\\\/avatar\\\/887a0f3b5a7ceea963a48499fb883ffce6b5037362def025c52c2505b15d63e4?s=96&d=mm&r=g\",\"url\":\"https:\\\/\\\/secure.gravatar.com\\\/avatar\\\/887a0f3b5a7ceea963a48499fb883ffce6b5037362def025c52c2505b15d63e4?s=96&d=mm&r=g\",\"contentUrl\":\"https:\\\/\\\/secure.gravatar.com\\\/avatar\\\/887a0f3b5a7ceea963a48499fb883ffce6b5037362def025c52c2505b15d63e4?s=96&d=mm&r=g\",\"caption\":\"Ismael Lucas S. Pereira\"},\"url\":\"https:\\\/\\\/diariodepe.com.br\\\/cri\\\/author\\\/ismael-lucas\\\/\"}]}<\/script>\n<!-- \/ Yoast SEO plugin. -->","yoast_head_json":{"title":"EUA que s\u00e3o relutantes em combater epidemia n\u00e3o t\u00eam direito de criticar outros - CRI e Diario de Pernambuco","robots":{"index":"index","follow":"follow","max-snippet":"max-snippet:-1","max-image-preview":"max-image-preview:large","max-video-preview":"max-video-preview:-1"},"canonical":"https:\/\/diariodepe.com.br\/cri\/2023\/01\/11\/eua-que-sao-relutantes-em-combater-epidemia-nao-tem-direito-de-criticar-outros\/","og_locale":"pt_BR","og_type":"article","og_title":"EUA que s\u00e3o relutantes em combater epidemia n\u00e3o t\u00eam direito de criticar outros - CRI e Diario de Pernambuco","og_description":"A partir deste domingo (8), a China muda a classifica\u00e7\u00e3o de Covid-19 de \u201cdoen\u00e7a infecciosa de categoria B, mas tratada como categoria A\u201d para a de \u201ccategoria B e tratada como categoria B\u201d. O turismo ao exterior dos cidad\u00e3os chineses...","og_url":"https:\/\/diariodepe.com.br\/cri\/2023\/01\/11\/eua-que-sao-relutantes-em-combater-epidemia-nao-tem-direito-de-criticar-outros\/","og_site_name":"CRI e Diario de Pernambuco","article_published_time":"2023-01-11T03:01:40+00:00","article_modified_time":"2023-01-11T03:01:41+00:00","author":"Ismael Lucas S. Pereira","twitter_card":"summary_large_image","twitter_misc":{"Escrito por":"Ismael Lucas S. Pereira","Est. tempo de leitura":"3 minutos"},"schema":{"@context":"https:\/\/schema.org","@graph":[{"@type":"Article","@id":"https:\/\/diariodepe.com.br\/cri\/2023\/01\/11\/eua-que-sao-relutantes-em-combater-epidemia-nao-tem-direito-de-criticar-outros\/#article","isPartOf":{"@id":"https:\/\/diariodepe.com.br\/cri\/2023\/01\/11\/eua-que-sao-relutantes-em-combater-epidemia-nao-tem-direito-de-criticar-outros\/"},"author":{"name":"Ismael Lucas S. Pereira","@id":"https:\/\/diariodepe.com.br\/cri\/#\/schema\/person\/121bb28d84f1a5b1205ef4ce9c2e0c6b"},"headline":"EUA que s\u00e3o relutantes em combater epidemia n\u00e3o t\u00eam direito de criticar outros","datePublished":"2023-01-11T03:01:40+00:00","dateModified":"2023-01-11T03:01:41+00:00","mainEntityOfPage":{"@id":"https:\/\/diariodepe.com.br\/cri\/2023\/01\/11\/eua-que-sao-relutantes-em-combater-epidemia-nao-tem-direito-de-criticar-outros\/"},"wordCount":616,"commentCount":0,"publisher":{"@id":"https:\/\/diariodepe.com.br\/cri\/#organization"},"articleSection":["Vis\u00e3o"],"inLanguage":"pt-BR","potentialAction":[{"@type":"CommentAction","name":"Comment","target":["https:\/\/diariodepe.com.br\/cri\/2023\/01\/11\/eua-que-sao-relutantes-em-combater-epidemia-nao-tem-direito-de-criticar-outros\/#respond"]}]},{"@type":"WebPage","@id":"https:\/\/diariodepe.com.br\/cri\/2023\/01\/11\/eua-que-sao-relutantes-em-combater-epidemia-nao-tem-direito-de-criticar-outros\/","url":"https:\/\/diariodepe.com.br\/cri\/2023\/01\/11\/eua-que-sao-relutantes-em-combater-epidemia-nao-tem-direito-de-criticar-outros\/","name":"EUA que s\u00e3o relutantes em combater epidemia n\u00e3o t\u00eam direito de criticar outros - CRI e Diario de Pernambuco","isPartOf":{"@id":"https:\/\/diariodepe.com.br\/cri\/#website"},"datePublished":"2023-01-11T03:01:40+00:00","dateModified":"2023-01-11T03:01:41+00:00","breadcrumb":{"@id":"https:\/\/diariodepe.com.br\/cri\/2023\/01\/11\/eua-que-sao-relutantes-em-combater-epidemia-nao-tem-direito-de-criticar-outros\/#breadcrumb"},"inLanguage":"pt-BR","potentialAction":[{"@type":"ReadAction","target":["https:\/\/diariodepe.com.br\/cri\/2023\/01\/11\/eua-que-sao-relutantes-em-combater-epidemia-nao-tem-direito-de-criticar-outros\/"]}]},{"@type":"BreadcrumbList","@id":"https:\/\/diariodepe.com.br\/cri\/2023\/01\/11\/eua-que-sao-relutantes-em-combater-epidemia-nao-tem-direito-de-criticar-outros\/#breadcrumb","itemListElement":[{"@type":"ListItem","position":1,"name":"In\u00edcio","item":"https:\/\/diariodepe.com.br\/cri\/"},{"@type":"ListItem","position":2,"name":"EUA que s\u00e3o relutantes em combater epidemia n\u00e3o t\u00eam direito de criticar outros"}]},{"@type":"WebSite","@id":"https:\/\/diariodepe.com.br\/cri\/#website","url":"https:\/\/diariodepe.com.br\/cri\/","name":"CRI e Diario de Pernambuco","description":"R\u00e1dio Internacional da China","publisher":{"@id":"https:\/\/diariodepe.com.br\/cri\/#organization"},"potentialAction":[{"@type":"SearchAction","target":{"@type":"EntryPoint","urlTemplate":"https:\/\/diariodepe.com.br\/cri\/?s={search_term_string}"},"query-input":{"@type":"PropertyValueSpecification","valueRequired":true,"valueName":"search_term_string"}}],"inLanguage":"pt-BR"},{"@type":"Organization","@id":"https:\/\/diariodepe.com.br\/cri\/#organization","name":"CRI e Diario de Pernambuco","url":"https:\/\/diariodepe.com.br\/cri\/","logo":{"@type":"ImageObject","inLanguage":"pt-BR","@id":"https:\/\/diariodepe.com.br\/cri\/#\/schema\/logo\/image\/","url":"https:\/\/diariodepe.com.br\/cri\/wp-content\/uploads\/sites\/2\/2022\/12\/cropped-Logo.jpg","contentUrl":"https:\/\/diariodepe.com.br\/cri\/wp-content\/uploads\/sites\/2\/2022\/12\/cropped-Logo.jpg","width":700,"height":59,"caption":"CRI e Diario de Pernambuco"},"image":{"@id":"https:\/\/diariodepe.com.br\/cri\/#\/schema\/logo\/image\/"}},{"@type":"Person","@id":"https:\/\/diariodepe.com.br\/cri\/#\/schema\/person\/121bb28d84f1a5b1205ef4ce9c2e0c6b","name":"Ismael Lucas S. Pereira","image":{"@type":"ImageObject","inLanguage":"pt-BR","@id":"https:\/\/secure.gravatar.com\/avatar\/887a0f3b5a7ceea963a48499fb883ffce6b5037362def025c52c2505b15d63e4?s=96&d=mm&r=g","url":"https:\/\/secure.gravatar.com\/avatar\/887a0f3b5a7ceea963a48499fb883ffce6b5037362def025c52c2505b15d63e4?s=96&d=mm&r=g","contentUrl":"https:\/\/secure.gravatar.com\/avatar\/887a0f3b5a7ceea963a48499fb883ffce6b5037362def025c52c2505b15d63e4?s=96&d=mm&r=g","caption":"Ismael Lucas S. Pereira"},"url":"https:\/\/diariodepe.com.br\/cri\/author\/ismael-lucas\/"}]}},"cc_featured_image_caption":{"caption_text":"","source_text":"","source_url":""},"amp_enabled":true,"_links":{"self":[{"href":"https:\/\/diariodepe.com.br\/cri\/wp-json\/wp\/v2\/posts\/334","targetHints":{"allow":["GET"]}}],"collection":[{"href":"https:\/\/diariodepe.com.br\/cri\/wp-json\/wp\/v2\/posts"}],"about":[{"href":"https:\/\/diariodepe.com.br\/cri\/wp-json\/wp\/v2\/types\/post"}],"author":[{"embeddable":true,"href":"https:\/\/diariodepe.com.br\/cri\/wp-json\/wp\/v2\/users\/2"}],"replies":[{"embeddable":true,"href":"https:\/\/diariodepe.com.br\/cri\/wp-json\/wp\/v2\/comments?post=334"}],"version-history":[{"count":1,"href":"https:\/\/diariodepe.com.br\/cri\/wp-json\/wp\/v2\/posts\/334\/revisions"}],"predecessor-version":[{"id":336,"href":"https:\/\/diariodepe.com.br\/cri\/wp-json\/wp\/v2\/posts\/334\/revisions\/336"}],"wp:attachment":[{"href":"https:\/\/diariodepe.com.br\/cri\/wp-json\/wp\/v2\/media?parent=334"}],"wp:term":[{"taxonomy":"category","embeddable":true,"href":"https:\/\/diariodepe.com.br\/cri\/wp-json\/wp\/v2\/categories?post=334"},{"taxonomy":"post_tag","embeddable":true,"href":"https:\/\/diariodepe.com.br\/cri\/wp-json\/wp\/v2\/tags?post=334"}],"curies":[{"name":"wp","href":"https:\/\/api.w.org\/{rel}","templated":true}]}}