{"id":3337,"date":"2023-11-07T03:29:34","date_gmt":"2023-11-07T06:29:34","guid":{"rendered":"https:\/\/diariodepe.com.br\/cri\/?p=3337"},"modified":"2023-11-07T03:32:09","modified_gmt":"2023-11-07T06:32:09","slug":"muitas-estreias-na-6a-exposicao-internacional-de-importacao-da-china","status":"publish","type":"post","link":"https:\/\/diariodepe.com.br\/cri\/2023\/11\/07\/muitas-estreias-na-6a-exposicao-internacional-de-importacao-da-china\/","title":{"rendered":"Muitas estreias na 6\u00aa Exposi\u00e7\u00e3o Internacional de Importa\u00e7\u00e3o da China"},"content":{"rendered":"<p>Um grande n\u00famero de novas tecnologias e produtos estrearam na 6\u00aa Exposi\u00e7\u00e3o Internacional de Importa\u00e7\u00e3o da China (CIIE).<\/p>\n<p>A maioria dos seus produtos chegou \u00e0 China pelo trem de carga China-Europa, partindo de Madri, na Espanha. O respons\u00e1vel pela empresa elogiou a conveni\u00eancia da conex\u00e3o ferrovi\u00e1ria para o transporte de mercadorias. Ele afirmou que al\u00e9m de reduzir o tempo, tamb\u00e9m \u00e9 poss\u00edvel rastrear a localiza\u00e7\u00e3o espec\u00edfica do trem em tempo real, de modo a controlar o processo de log\u00edstica com mais precis\u00e3o e refinar o planejamento de vendas.<\/p>\n<p data-spm-anchor-id=\"0.0.0.i2\">A estreia de produtos vantajosos e criativos na CIIE n\u00e3o \u00e9 novidade. Os dados mostram que, nas primeiras cinco edi\u00e7\u00f5es, mais de 2 mil novos produtos, novas tecnologias e novos servi\u00e7os foram lan\u00e7ados no evento, atingindo cerca de 350 bilh\u00f5es de d\u00f3lares de inten\u00e7\u00f5es de neg\u00f3cios. Muitos produtos desses itens j\u00e1 entraram no mercado chin\u00eas. A CIIE \u00e9 uma plataforma ideal para os expositores lan\u00e7arem seus novos produtos.<\/p>\n<p>&nbsp;<\/p>\n<p>&nbsp;<\/p>\n","protected":false},"excerpt":{"rendered":"<p>Um grande n\u00famero de novas tecnologias e produtos estrearam na 6\u00aa Exposi\u00e7\u00e3o Internacional de Importa\u00e7\u00e3o da China (CIIE). A maioria dos seus produtos chegou \u00e0 China pelo trem de carga China-Europa, partindo de Madri, na Espanha. O respons\u00e1vel pela empresa&#8230;<\/p>\n","protected":false},"author":2,"featured_media":3341,"comment_status":"open","ping_status":"open","sticky":false,"template":"","format":"standard","meta":{"footnotes":""},"categories":[3],"tags":[],"class_list":["post-3337","post","type-post","status-publish","format-standard","has-post-thumbnail","hentry","category-china"],"yoast_head":"<!-- This site is optimized with the Yoast SEO plugin v27.4 - https:\/\/yoast.com\/product\/yoast-seo-wordpress\/ -->\n<title>Muitas estreias na 6\u00aa Exposi\u00e7\u00e3o Internacional de Importa\u00e7\u00e3o da China - CRI e Diario de Pernambuco<\/title>\n<meta name=\"robots\" content=\"index, follow, max-snippet:-1, max-image-preview:large, max-video-preview:-1\" \/>\n<link rel=\"canonical\" href=\"https:\/\/diariodepe.com.br\/cri\/2023\/11\/07\/muitas-estreias-na-6a-exposicao-internacional-de-importacao-da-china\/\" \/>\n<meta property=\"og:locale\" content=\"pt_BR\" \/>\n<meta property=\"og:type\" content=\"article\" \/>\n<meta property=\"og:title\" content=\"Muitas estreias na 6\u00aa Exposi\u00e7\u00e3o Internacional de Importa\u00e7\u00e3o da China - CRI e Diario de Pernambuco\" \/>\n<meta property=\"og:description\" content=\"Um grande n\u00famero de novas tecnologias e produtos estrearam na 6\u00aa Exposi\u00e7\u00e3o Internacional de Importa\u00e7\u00e3o da China (CIIE). A maioria dos seus produtos chegou \u00e0 China pelo trem de carga China-Europa, partindo de Madri, na Espanha. O respons\u00e1vel pela empresa...\" \/>\n<meta property=\"og:url\" content=\"https:\/\/diariodepe.com.br\/cri\/2023\/11\/07\/muitas-estreias-na-6a-exposicao-internacional-de-importacao-da-china\/\" \/>\n<meta property=\"og:site_name\" content=\"CRI e Diario de Pernambuco\" \/>\n<meta property=\"article:published_time\" content=\"2023-11-07T06:29:34+00:00\" \/>\n<meta property=\"article:modified_time\" content=\"2023-11-07T06:32:09+00:00\" \/>\n<meta property=\"og:image\" content=\"https:\/\/diariodepe.com.br\/cri\/wp-content\/uploads\/sites\/2\/2023\/11\/2023110712110890157-1.png\" \/>\n\t<meta property=\"og:image:width\" content=\"1394\" \/>\n\t<meta property=\"og:image:height\" content=\"886\" \/>\n\t<meta property=\"og:image:type\" content=\"image\/png\" \/>\n<meta name=\"author\" content=\"Ismael Lucas S. Pereira\" \/>\n<meta name=\"twitter:card\" content=\"summary_large_image\" \/>\n<meta name=\"twitter:label1\" content=\"Escrito por\" \/>\n\t<meta name=\"twitter:data1\" content=\"Ismael Lucas S. Pereira\" \/>\n\t<meta name=\"twitter:label2\" content=\"Est. tempo de leitura\" \/>\n\t<meta name=\"twitter:data2\" content=\"1 minuto\" \/>\n<script type=\"application\/ld+json\" class=\"yoast-schema-graph\">{\"@context\":\"https:\\\/\\\/schema.org\",\"@graph\":[{\"@type\":\"Article\",\"@id\":\"https:\\\/\\\/diariodepe.com.br\\\/cri\\\/2023\\\/11\\\/07\\\/muitas-estreias-na-6a-exposicao-internacional-de-importacao-da-china\\\/#article\",\"isPartOf\":{\"@id\":\"https:\\\/\\\/diariodepe.com.br\\\/cri\\\/2023\\\/11\\\/07\\\/muitas-estreias-na-6a-exposicao-internacional-de-importacao-da-china\\\/\"},\"author\":{\"name\":\"Ismael Lucas S. Pereira\",\"@id\":\"https:\\\/\\\/diariodepe.com.br\\\/cri\\\/#\\\/schema\\\/person\\\/121bb28d84f1a5b1205ef4ce9c2e0c6b\"},\"headline\":\"Muitas estreias na 6\u00aa Exposi\u00e7\u00e3o Internacional de Importa\u00e7\u00e3o da China\",\"datePublished\":\"2023-11-07T06:29:34+00:00\",\"dateModified\":\"2023-11-07T06:32:09+00:00\",\"mainEntityOfPage\":{\"@id\":\"https:\\\/\\\/diariodepe.com.br\\\/cri\\\/2023\\\/11\\\/07\\\/muitas-estreias-na-6a-exposicao-internacional-de-importacao-da-china\\\/\"},\"wordCount\":186,\"commentCount\":0,\"publisher\":{\"@id\":\"https:\\\/\\\/diariodepe.com.br\\\/cri\\\/#organization\"},\"image\":{\"@id\":\"https:\\\/\\\/diariodepe.com.br\\\/cri\\\/2023\\\/11\\\/07\\\/muitas-estreias-na-6a-exposicao-internacional-de-importacao-da-china\\\/#primaryimage\"},\"thumbnailUrl\":\"https:\\\/\\\/diariodepe.com.br\\\/cri\\\/wp-content\\\/uploads\\\/sites\\\/2\\\/2023\\\/11\\\/2023110712110890157-1.png\",\"articleSection\":[\"China\"],\"inLanguage\":\"pt-BR\",\"potentialAction\":[{\"@type\":\"CommentAction\",\"name\":\"Comment\",\"target\":[\"https:\\\/\\\/diariodepe.com.br\\\/cri\\\/2023\\\/11\\\/07\\\/muitas-estreias-na-6a-exposicao-internacional-de-importacao-da-china\\\/#respond\"]}]},{\"@type\":\"WebPage\",\"@id\":\"https:\\\/\\\/diariodepe.com.br\\\/cri\\\/2023\\\/11\\\/07\\\/muitas-estreias-na-6a-exposicao-internacional-de-importacao-da-china\\\/\",\"url\":\"https:\\\/\\\/diariodepe.com.br\\\/cri\\\/2023\\\/11\\\/07\\\/muitas-estreias-na-6a-exposicao-internacional-de-importacao-da-china\\\/\",\"name\":\"Muitas estreias na 6\u00aa Exposi\u00e7\u00e3o Internacional de Importa\u00e7\u00e3o da China - CRI e Diario de Pernambuco\",\"isPartOf\":{\"@id\":\"https:\\\/\\\/diariodepe.com.br\\\/cri\\\/#website\"},\"primaryImageOfPage\":{\"@id\":\"https:\\\/\\\/diariodepe.com.br\\\/cri\\\/2023\\\/11\\\/07\\\/muitas-estreias-na-6a-exposicao-internacional-de-importacao-da-china\\\/#primaryimage\"},\"image\":{\"@id\":\"https:\\\/\\\/diariodepe.com.br\\\/cri\\\/2023\\\/11\\\/07\\\/muitas-estreias-na-6a-exposicao-internacional-de-importacao-da-china\\\/#primaryimage\"},\"thumbnailUrl\":\"https:\\\/\\\/diariodepe.com.br\\\/cri\\\/wp-content\\\/uploads\\\/sites\\\/2\\\/2023\\\/11\\\/2023110712110890157-1.png\",\"datePublished\":\"2023-11-07T06:29:34+00:00\",\"dateModified\":\"2023-11-07T06:32:09+00:00\",\"breadcrumb\":{\"@id\":\"https:\\\/\\\/diariodepe.com.br\\\/cri\\\/2023\\\/11\\\/07\\\/muitas-estreias-na-6a-exposicao-internacional-de-importacao-da-china\\\/#breadcrumb\"},\"inLanguage\":\"pt-BR\",\"potentialAction\":[{\"@type\":\"ReadAction\",\"target\":[\"https:\\\/\\\/diariodepe.com.br\\\/cri\\\/2023\\\/11\\\/07\\\/muitas-estreias-na-6a-exposicao-internacional-de-importacao-da-china\\\/\"]}]},{\"@type\":\"ImageObject\",\"inLanguage\":\"pt-BR\",\"@id\":\"https:\\\/\\\/diariodepe.com.br\\\/cri\\\/2023\\\/11\\\/07\\\/muitas-estreias-na-6a-exposicao-internacional-de-importacao-da-china\\\/#primaryimage\",\"url\":\"https:\\\/\\\/diariodepe.com.br\\\/cri\\\/wp-content\\\/uploads\\\/sites\\\/2\\\/2023\\\/11\\\/2023110712110890157-1.png\",\"contentUrl\":\"https:\\\/\\\/diariodepe.com.br\\\/cri\\\/wp-content\\\/uploads\\\/sites\\\/2\\\/2023\\\/11\\\/2023110712110890157-1.png\",\"width\":1394,\"height\":886},{\"@type\":\"BreadcrumbList\",\"@id\":\"https:\\\/\\\/diariodepe.com.br\\\/cri\\\/2023\\\/11\\\/07\\\/muitas-estreias-na-6a-exposicao-internacional-de-importacao-da-china\\\/#breadcrumb\",\"itemListElement\":[{\"@type\":\"ListItem\",\"position\":1,\"name\":\"In\u00edcio\",\"item\":\"https:\\\/\\\/diariodepe.com.br\\\/cri\\\/\"},{\"@type\":\"ListItem\",\"position\":2,\"name\":\"Muitas estreias na 6\u00aa Exposi\u00e7\u00e3o Internacional de Importa\u00e7\u00e3o da China\"}]},{\"@type\":\"WebSite\",\"@id\":\"https:\\\/\\\/diariodepe.com.br\\\/cri\\\/#website\",\"url\":\"https:\\\/\\\/diariodepe.com.br\\\/cri\\\/\",\"name\":\"CRI e Diario de Pernambuco\",\"description\":\"R\u00e1dio Internacional da China\",\"publisher\":{\"@id\":\"https:\\\/\\\/diariodepe.com.br\\\/cri\\\/#organization\"},\"potentialAction\":[{\"@type\":\"SearchAction\",\"target\":{\"@type\":\"EntryPoint\",\"urlTemplate\":\"https:\\\/\\\/diariodepe.com.br\\\/cri\\\/?s={search_term_string}\"},\"query-input\":{\"@type\":\"PropertyValueSpecification\",\"valueRequired\":true,\"valueName\":\"search_term_string\"}}],\"inLanguage\":\"pt-BR\"},{\"@type\":\"Organization\",\"@id\":\"https:\\\/\\\/diariodepe.com.br\\\/cri\\\/#organization\",\"name\":\"CRI e Diario de Pernambuco\",\"url\":\"https:\\\/\\\/diariodepe.com.br\\\/cri\\\/\",\"logo\":{\"@type\":\"ImageObject\",\"inLanguage\":\"pt-BR\",\"@id\":\"https:\\\/\\\/diariodepe.com.br\\\/cri\\\/#\\\/schema\\\/logo\\\/image\\\/\",\"url\":\"https:\\\/\\\/diariodepe.com.br\\\/cri\\\/wp-content\\\/uploads\\\/sites\\\/2\\\/2022\\\/12\\\/cropped-Logo.jpg\",\"contentUrl\":\"https:\\\/\\\/diariodepe.com.br\\\/cri\\\/wp-content\\\/uploads\\\/sites\\\/2\\\/2022\\\/12\\\/cropped-Logo.jpg\",\"width\":700,\"height\":59,\"caption\":\"CRI e Diario de Pernambuco\"},\"image\":{\"@id\":\"https:\\\/\\\/diariodepe.com.br\\\/cri\\\/#\\\/schema\\\/logo\\\/image\\\/\"}},{\"@type\":\"Person\",\"@id\":\"https:\\\/\\\/diariodepe.com.br\\\/cri\\\/#\\\/schema\\\/person\\\/121bb28d84f1a5b1205ef4ce9c2e0c6b\",\"name\":\"Ismael Lucas S. Pereira\",\"image\":{\"@type\":\"ImageObject\",\"inLanguage\":\"pt-BR\",\"@id\":\"https:\\\/\\\/secure.gravatar.com\\\/avatar\\\/887a0f3b5a7ceea963a48499fb883ffce6b5037362def025c52c2505b15d63e4?s=96&d=mm&r=g\",\"url\":\"https:\\\/\\\/secure.gravatar.com\\\/avatar\\\/887a0f3b5a7ceea963a48499fb883ffce6b5037362def025c52c2505b15d63e4?s=96&d=mm&r=g\",\"contentUrl\":\"https:\\\/\\\/secure.gravatar.com\\\/avatar\\\/887a0f3b5a7ceea963a48499fb883ffce6b5037362def025c52c2505b15d63e4?s=96&d=mm&r=g\",\"caption\":\"Ismael Lucas S. Pereira\"},\"url\":\"https:\\\/\\\/diariodepe.com.br\\\/cri\\\/author\\\/ismael-lucas\\\/\"}]}<\/script>\n<!-- \/ Yoast SEO plugin. -->","yoast_head_json":{"title":"Muitas estreias na 6\u00aa Exposi\u00e7\u00e3o Internacional de Importa\u00e7\u00e3o da China - CRI e Diario de Pernambuco","robots":{"index":"index","follow":"follow","max-snippet":"max-snippet:-1","max-image-preview":"max-image-preview:large","max-video-preview":"max-video-preview:-1"},"canonical":"https:\/\/diariodepe.com.br\/cri\/2023\/11\/07\/muitas-estreias-na-6a-exposicao-internacional-de-importacao-da-china\/","og_locale":"pt_BR","og_type":"article","og_title":"Muitas estreias na 6\u00aa Exposi\u00e7\u00e3o Internacional de Importa\u00e7\u00e3o da China - CRI e Diario de Pernambuco","og_description":"Um grande n\u00famero de novas tecnologias e produtos estrearam na 6\u00aa Exposi\u00e7\u00e3o Internacional de Importa\u00e7\u00e3o da China (CIIE). A maioria dos seus produtos chegou \u00e0 China pelo trem de carga China-Europa, partindo de Madri, na Espanha. O respons\u00e1vel pela empresa...","og_url":"https:\/\/diariodepe.com.br\/cri\/2023\/11\/07\/muitas-estreias-na-6a-exposicao-internacional-de-importacao-da-china\/","og_site_name":"CRI e Diario de Pernambuco","article_published_time":"2023-11-07T06:29:34+00:00","article_modified_time":"2023-11-07T06:32:09+00:00","og_image":[{"width":1394,"height":886,"url":"https:\/\/diariodepe.com.br\/cri\/wp-content\/uploads\/sites\/2\/2023\/11\/2023110712110890157-1.png","type":"image\/png"}],"author":"Ismael Lucas S. Pereira","twitter_card":"summary_large_image","twitter_misc":{"Escrito por":"Ismael Lucas S. Pereira","Est. tempo de leitura":"1 minuto"},"schema":{"@context":"https:\/\/schema.org","@graph":[{"@type":"Article","@id":"https:\/\/diariodepe.com.br\/cri\/2023\/11\/07\/muitas-estreias-na-6a-exposicao-internacional-de-importacao-da-china\/#article","isPartOf":{"@id":"https:\/\/diariodepe.com.br\/cri\/2023\/11\/07\/muitas-estreias-na-6a-exposicao-internacional-de-importacao-da-china\/"},"author":{"name":"Ismael Lucas S. Pereira","@id":"https:\/\/diariodepe.com.br\/cri\/#\/schema\/person\/121bb28d84f1a5b1205ef4ce9c2e0c6b"},"headline":"Muitas estreias na 6\u00aa Exposi\u00e7\u00e3o Internacional de Importa\u00e7\u00e3o da China","datePublished":"2023-11-07T06:29:34+00:00","dateModified":"2023-11-07T06:32:09+00:00","mainEntityOfPage":{"@id":"https:\/\/diariodepe.com.br\/cri\/2023\/11\/07\/muitas-estreias-na-6a-exposicao-internacional-de-importacao-da-china\/"},"wordCount":186,"commentCount":0,"publisher":{"@id":"https:\/\/diariodepe.com.br\/cri\/#organization"},"image":{"@id":"https:\/\/diariodepe.com.br\/cri\/2023\/11\/07\/muitas-estreias-na-6a-exposicao-internacional-de-importacao-da-china\/#primaryimage"},"thumbnailUrl":"https:\/\/diariodepe.com.br\/cri\/wp-content\/uploads\/sites\/2\/2023\/11\/2023110712110890157-1.png","articleSection":["China"],"inLanguage":"pt-BR","potentialAction":[{"@type":"CommentAction","name":"Comment","target":["https:\/\/diariodepe.com.br\/cri\/2023\/11\/07\/muitas-estreias-na-6a-exposicao-internacional-de-importacao-da-china\/#respond"]}]},{"@type":"WebPage","@id":"https:\/\/diariodepe.com.br\/cri\/2023\/11\/07\/muitas-estreias-na-6a-exposicao-internacional-de-importacao-da-china\/","url":"https:\/\/diariodepe.com.br\/cri\/2023\/11\/07\/muitas-estreias-na-6a-exposicao-internacional-de-importacao-da-china\/","name":"Muitas estreias na 6\u00aa Exposi\u00e7\u00e3o Internacional de Importa\u00e7\u00e3o da China - CRI e Diario de Pernambuco","isPartOf":{"@id":"https:\/\/diariodepe.com.br\/cri\/#website"},"primaryImageOfPage":{"@id":"https:\/\/diariodepe.com.br\/cri\/2023\/11\/07\/muitas-estreias-na-6a-exposicao-internacional-de-importacao-da-china\/#primaryimage"},"image":{"@id":"https:\/\/diariodepe.com.br\/cri\/2023\/11\/07\/muitas-estreias-na-6a-exposicao-internacional-de-importacao-da-china\/#primaryimage"},"thumbnailUrl":"https:\/\/diariodepe.com.br\/cri\/wp-content\/uploads\/sites\/2\/2023\/11\/2023110712110890157-1.png","datePublished":"2023-11-07T06:29:34+00:00","dateModified":"2023-11-07T06:32:09+00:00","breadcrumb":{"@id":"https:\/\/diariodepe.com.br\/cri\/2023\/11\/07\/muitas-estreias-na-6a-exposicao-internacional-de-importacao-da-china\/#breadcrumb"},"inLanguage":"pt-BR","potentialAction":[{"@type":"ReadAction","target":["https:\/\/diariodepe.com.br\/cri\/2023\/11\/07\/muitas-estreias-na-6a-exposicao-internacional-de-importacao-da-china\/"]}]},{"@type":"ImageObject","inLanguage":"pt-BR","@id":"https:\/\/diariodepe.com.br\/cri\/2023\/11\/07\/muitas-estreias-na-6a-exposicao-internacional-de-importacao-da-china\/#primaryimage","url":"https:\/\/diariodepe.com.br\/cri\/wp-content\/uploads\/sites\/2\/2023\/11\/2023110712110890157-1.png","contentUrl":"https:\/\/diariodepe.com.br\/cri\/wp-content\/uploads\/sites\/2\/2023\/11\/2023110712110890157-1.png","width":1394,"height":886},{"@type":"BreadcrumbList","@id":"https:\/\/diariodepe.com.br\/cri\/2023\/11\/07\/muitas-estreias-na-6a-exposicao-internacional-de-importacao-da-china\/#breadcrumb","itemListElement":[{"@type":"ListItem","position":1,"name":"In\u00edcio","item":"https:\/\/diariodepe.com.br\/cri\/"},{"@type":"ListItem","position":2,"name":"Muitas estreias na 6\u00aa Exposi\u00e7\u00e3o Internacional de Importa\u00e7\u00e3o da China"}]},{"@type":"WebSite","@id":"https:\/\/diariodepe.com.br\/cri\/#website","url":"https:\/\/diariodepe.com.br\/cri\/","name":"CRI e Diario de Pernambuco","description":"R\u00e1dio Internacional da China","publisher":{"@id":"https:\/\/diariodepe.com.br\/cri\/#organization"},"potentialAction":[{"@type":"SearchAction","target":{"@type":"EntryPoint","urlTemplate":"https:\/\/diariodepe.com.br\/cri\/?s={search_term_string}"},"query-input":{"@type":"PropertyValueSpecification","valueRequired":true,"valueName":"search_term_string"}}],"inLanguage":"pt-BR"},{"@type":"Organization","@id":"https:\/\/diariodepe.com.br\/cri\/#organization","name":"CRI e Diario de Pernambuco","url":"https:\/\/diariodepe.com.br\/cri\/","logo":{"@type":"ImageObject","inLanguage":"pt-BR","@id":"https:\/\/diariodepe.com.br\/cri\/#\/schema\/logo\/image\/","url":"https:\/\/diariodepe.com.br\/cri\/wp-content\/uploads\/sites\/2\/2022\/12\/cropped-Logo.jpg","contentUrl":"https:\/\/diariodepe.com.br\/cri\/wp-content\/uploads\/sites\/2\/2022\/12\/cropped-Logo.jpg","width":700,"height":59,"caption":"CRI e Diario de Pernambuco"},"image":{"@id":"https:\/\/diariodepe.com.br\/cri\/#\/schema\/logo\/image\/"}},{"@type":"Person","@id":"https:\/\/diariodepe.com.br\/cri\/#\/schema\/person\/121bb28d84f1a5b1205ef4ce9c2e0c6b","name":"Ismael Lucas S. Pereira","image":{"@type":"ImageObject","inLanguage":"pt-BR","@id":"https:\/\/secure.gravatar.com\/avatar\/887a0f3b5a7ceea963a48499fb883ffce6b5037362def025c52c2505b15d63e4?s=96&d=mm&r=g","url":"https:\/\/secure.gravatar.com\/avatar\/887a0f3b5a7ceea963a48499fb883ffce6b5037362def025c52c2505b15d63e4?s=96&d=mm&r=g","contentUrl":"https:\/\/secure.gravatar.com\/avatar\/887a0f3b5a7ceea963a48499fb883ffce6b5037362def025c52c2505b15d63e4?s=96&d=mm&r=g","caption":"Ismael Lucas S. Pereira"},"url":"https:\/\/diariodepe.com.br\/cri\/author\/ismael-lucas\/"}]}},"cc_featured_image_caption":{"caption_text":false,"source_text":false,"source_url":false},"amp_enabled":true,"_links":{"self":[{"href":"https:\/\/diariodepe.com.br\/cri\/wp-json\/wp\/v2\/posts\/3337","targetHints":{"allow":["GET"]}}],"collection":[{"href":"https:\/\/diariodepe.com.br\/cri\/wp-json\/wp\/v2\/posts"}],"about":[{"href":"https:\/\/diariodepe.com.br\/cri\/wp-json\/wp\/v2\/types\/post"}],"author":[{"embeddable":true,"href":"https:\/\/diariodepe.com.br\/cri\/wp-json\/wp\/v2\/users\/2"}],"replies":[{"embeddable":true,"href":"https:\/\/diariodepe.com.br\/cri\/wp-json\/wp\/v2\/comments?post=3337"}],"version-history":[{"count":1,"href":"https:\/\/diariodepe.com.br\/cri\/wp-json\/wp\/v2\/posts\/3337\/revisions"}],"predecessor-version":[{"id":3339,"href":"https:\/\/diariodepe.com.br\/cri\/wp-json\/wp\/v2\/posts\/3337\/revisions\/3339"}],"wp:featuredmedia":[{"embeddable":true,"href":"https:\/\/diariodepe.com.br\/cri\/wp-json\/wp\/v2\/media\/3341"}],"wp:attachment":[{"href":"https:\/\/diariodepe.com.br\/cri\/wp-json\/wp\/v2\/media?parent=3337"}],"wp:term":[{"taxonomy":"category","embeddable":true,"href":"https:\/\/diariodepe.com.br\/cri\/wp-json\/wp\/v2\/categories?post=3337"},{"taxonomy":"post_tag","embeddable":true,"href":"https:\/\/diariodepe.com.br\/cri\/wp-json\/wp\/v2\/tags?post=3337"}],"curies":[{"name":"wp","href":"https:\/\/api.w.org\/{rel}","templated":true}]}}