{"id":3328,"date":"2023-11-06T22:35:01","date_gmt":"2023-11-07T01:35:01","guid":{"rendered":"https:\/\/diariodepe.com.br\/cri\/?p=3328"},"modified":"2023-11-06T22:35:01","modified_gmt":"2023-11-07T01:35:01","slug":"xi-jinping-reune-se-com-primeira-ministra-da-servia-em-beijing","status":"publish","type":"post","link":"https:\/\/diariodepe.com.br\/cri\/2023\/11\/06\/xi-jinping-reune-se-com-primeira-ministra-da-servia-em-beijing\/","title":{"rendered":"Xi Jinping re\u00fane-se com primeira-ministra da S\u00e9rvia em Beijing"},"content":{"rendered":"<p>O presidente da China, Xi Jinping, reuniu-se com a primeira-ministra da S\u00e9rvia, Ana Brnabic, nesta segunda-feira (6) em Beijing.<\/p>\n<p>Xi Jinping afirmou que, nos \u00faltimos anos, as rela\u00e7\u00f5es bilaterais t\u00eam se mantido em um n\u00edvel elevado, a conota\u00e7\u00e3o da parceria estrat\u00e9gica global vem sendo enriquecida e a coopera\u00e7\u00e3o pragm\u00e1tica entre os dois pa\u00edses rendeu frutos abundantes. Segundo o l\u00edder, a China espera promover, junto com a S\u00e9rvia, o desenvolvimento de alta qualidade dos la\u00e7os bilaterais, a fim de beneficiar ainda mais os dois povos.<\/p>\n<p>Xi Jinping frisou que as duas na\u00e7\u00f5es precisam construir e operar bem os grandes projetos de coopera\u00e7\u00e3o bilateral, impulsionar o processo para que o acordo de livre com\u00e9rcio sino-s\u00e9rvio entre em vigor o mais cedo poss\u00edvel e refor\u00e7ar a coopera\u00e7\u00e3o na inova\u00e7\u00e3o tecnol\u00f3gica. O presidente tamb\u00e9m enfatizou a necessidade de aprofundar coopera\u00e7\u00f5es bilaterais na educa\u00e7\u00e3o, esporte e turismo, bem como de ampliar o interc\u00e2mbio de pessoas entre os dois pa\u00edses.<\/p>\n<p>Xi Jinping afirmou apoiar a S\u00e9rvia para que siga um caminho de desenvolvimento independente e aut\u00f4nomo. O l\u00edder espera fortalecer a coordena\u00e7\u00e3o multilateral com o pa\u00eds europeu para defender a justi\u00e7a internacional.<\/p>\n<p>Brnabic afirmou que as rela\u00e7\u00f5es sino-s\u00e9rvias s\u00e3o fortes, lembrando que a China se tornou o maior investidor da S\u00e9rvia e que projetos como a usina sider\u00fargica HBIS Smederevo transformaram a fisionomia de desenvolvimento do pa\u00eds. Segundo a primeira-ministra, as duas na\u00e7\u00f5es fecharam o acordo de livre com\u00e9rcio em apenas seis meses, o que demonstra a determina\u00e7\u00e3o firme dos dois lados no aprofundamento do relacionamento.<\/p>\n<p>A pol\u00edtica s\u00e9rvia afirmou ainda que seu pa\u00eds segue firmemente a pol\u00edtica de \u201cUma s\u00f3 China\u201d. Ela espera que as duas na\u00e7\u00f5es continuem se apoiando, promovendo a coopera\u00e7\u00e3o sob o quadro da Iniciativa Cintur\u00e3o e Rota e aprofundando as coopera\u00e7\u00f5es na inova\u00e7\u00e3o cient\u00edfica e no interc\u00e2mbio interpessoal e cultural, entre outras \u00e1reas.<\/p>\n","protected":false},"excerpt":{"rendered":"<p>O presidente da China, Xi Jinping, reuniu-se com a primeira-ministra da S\u00e9rvia, Ana Brnabic, nesta segunda-feira (6) em Beijing. Xi Jinping afirmou que, nos \u00faltimos anos, as rela\u00e7\u00f5es bilaterais t\u00eam se mantido em um n\u00edvel elevado, a conota\u00e7\u00e3o da parceria&#8230;<\/p>\n","protected":false},"author":2,"featured_media":3329,"comment_status":"open","ping_status":"open","sticky":false,"template":"","format":"standard","meta":{"footnotes":""},"categories":[3,5],"tags":[],"class_list":["post-3328","post","type-post","status-publish","format-standard","has-post-thumbnail","hentry","category-china","category-destaques-capa"],"yoast_head":"<!-- This site is optimized with the Yoast SEO plugin v27.4 - https:\/\/yoast.com\/product\/yoast-seo-wordpress\/ -->\n<title>Xi Jinping re\u00fane-se com primeira-ministra da S\u00e9rvia em Beijing - CRI e Diario de Pernambuco<\/title>\n<meta name=\"robots\" content=\"index, follow, max-snippet:-1, max-image-preview:large, max-video-preview:-1\" \/>\n<link rel=\"canonical\" href=\"https:\/\/diariodepe.com.br\/cri\/2023\/11\/06\/xi-jinping-reune-se-com-primeira-ministra-da-servia-em-beijing\/\" \/>\n<meta property=\"og:locale\" content=\"pt_BR\" \/>\n<meta property=\"og:type\" content=\"article\" \/>\n<meta property=\"og:title\" content=\"Xi Jinping re\u00fane-se com primeira-ministra da S\u00e9rvia em Beijing - CRI e Diario de Pernambuco\" \/>\n<meta property=\"og:description\" content=\"O presidente da China, Xi Jinping, reuniu-se com a primeira-ministra da S\u00e9rvia, Ana Brnabic, nesta segunda-feira (6) em Beijing. Xi Jinping afirmou que, nos \u00faltimos anos, as rela\u00e7\u00f5es bilaterais t\u00eam se mantido em um n\u00edvel elevado, a conota\u00e7\u00e3o da parceria...\" \/>\n<meta property=\"og:url\" content=\"https:\/\/diariodepe.com.br\/cri\/2023\/11\/06\/xi-jinping-reune-se-com-primeira-ministra-da-servia-em-beijing\/\" \/>\n<meta property=\"og:site_name\" content=\"CRI e Diario de Pernambuco\" \/>\n<meta property=\"article:published_time\" content=\"2023-11-07T01:35:01+00:00\" \/>\n<meta property=\"og:image\" content=\"https:\/\/diariodepe.com.br\/cri\/wp-content\/uploads\/sites\/2\/2023\/11\/2023110621434971701.jpg\" \/>\n\t<meta property=\"og:image:width\" content=\"1000\" \/>\n\t<meta property=\"og:image:height\" content=\"777\" \/>\n\t<meta property=\"og:image:type\" content=\"image\/jpeg\" \/>\n<meta name=\"author\" content=\"Ismael Lucas S. Pereira\" \/>\n<meta name=\"twitter:card\" content=\"summary_large_image\" \/>\n<meta name=\"twitter:label1\" content=\"Escrito por\" \/>\n\t<meta name=\"twitter:data1\" content=\"Ismael Lucas S. Pereira\" \/>\n\t<meta name=\"twitter:label2\" content=\"Est. tempo de leitura\" \/>\n\t<meta name=\"twitter:data2\" content=\"2 minutos\" \/>\n<script type=\"application\/ld+json\" class=\"yoast-schema-graph\">{\"@context\":\"https:\\\/\\\/schema.org\",\"@graph\":[{\"@type\":\"Article\",\"@id\":\"https:\\\/\\\/diariodepe.com.br\\\/cri\\\/2023\\\/11\\\/06\\\/xi-jinping-reune-se-com-primeira-ministra-da-servia-em-beijing\\\/#article\",\"isPartOf\":{\"@id\":\"https:\\\/\\\/diariodepe.com.br\\\/cri\\\/2023\\\/11\\\/06\\\/xi-jinping-reune-se-com-primeira-ministra-da-servia-em-beijing\\\/\"},\"author\":{\"name\":\"Ismael Lucas S. Pereira\",\"@id\":\"https:\\\/\\\/diariodepe.com.br\\\/cri\\\/#\\\/schema\\\/person\\\/121bb28d84f1a5b1205ef4ce9c2e0c6b\"},\"headline\":\"Xi Jinping re\u00fane-se com primeira-ministra da S\u00e9rvia em Beijing\",\"datePublished\":\"2023-11-07T01:35:01+00:00\",\"mainEntityOfPage\":{\"@id\":\"https:\\\/\\\/diariodepe.com.br\\\/cri\\\/2023\\\/11\\\/06\\\/xi-jinping-reune-se-com-primeira-ministra-da-servia-em-beijing\\\/\"},\"wordCount\":364,\"commentCount\":0,\"publisher\":{\"@id\":\"https:\\\/\\\/diariodepe.com.br\\\/cri\\\/#organization\"},\"image\":{\"@id\":\"https:\\\/\\\/diariodepe.com.br\\\/cri\\\/2023\\\/11\\\/06\\\/xi-jinping-reune-se-com-primeira-ministra-da-servia-em-beijing\\\/#primaryimage\"},\"thumbnailUrl\":\"https:\\\/\\\/diariodepe.com.br\\\/cri\\\/wp-content\\\/uploads\\\/sites\\\/2\\\/2023\\\/11\\\/2023110621434971701.jpg\",\"articleSection\":[\"China\",\"Destaques Capa\"],\"inLanguage\":\"pt-BR\",\"potentialAction\":[{\"@type\":\"CommentAction\",\"name\":\"Comment\",\"target\":[\"https:\\\/\\\/diariodepe.com.br\\\/cri\\\/2023\\\/11\\\/06\\\/xi-jinping-reune-se-com-primeira-ministra-da-servia-em-beijing\\\/#respond\"]}]},{\"@type\":\"WebPage\",\"@id\":\"https:\\\/\\\/diariodepe.com.br\\\/cri\\\/2023\\\/11\\\/06\\\/xi-jinping-reune-se-com-primeira-ministra-da-servia-em-beijing\\\/\",\"url\":\"https:\\\/\\\/diariodepe.com.br\\\/cri\\\/2023\\\/11\\\/06\\\/xi-jinping-reune-se-com-primeira-ministra-da-servia-em-beijing\\\/\",\"name\":\"Xi Jinping re\u00fane-se com primeira-ministra da S\u00e9rvia em Beijing - CRI e Diario de Pernambuco\",\"isPartOf\":{\"@id\":\"https:\\\/\\\/diariodepe.com.br\\\/cri\\\/#website\"},\"primaryImageOfPage\":{\"@id\":\"https:\\\/\\\/diariodepe.com.br\\\/cri\\\/2023\\\/11\\\/06\\\/xi-jinping-reune-se-com-primeira-ministra-da-servia-em-beijing\\\/#primaryimage\"},\"image\":{\"@id\":\"https:\\\/\\\/diariodepe.com.br\\\/cri\\\/2023\\\/11\\\/06\\\/xi-jinping-reune-se-com-primeira-ministra-da-servia-em-beijing\\\/#primaryimage\"},\"thumbnailUrl\":\"https:\\\/\\\/diariodepe.com.br\\\/cri\\\/wp-content\\\/uploads\\\/sites\\\/2\\\/2023\\\/11\\\/2023110621434971701.jpg\",\"datePublished\":\"2023-11-07T01:35:01+00:00\",\"breadcrumb\":{\"@id\":\"https:\\\/\\\/diariodepe.com.br\\\/cri\\\/2023\\\/11\\\/06\\\/xi-jinping-reune-se-com-primeira-ministra-da-servia-em-beijing\\\/#breadcrumb\"},\"inLanguage\":\"pt-BR\",\"potentialAction\":[{\"@type\":\"ReadAction\",\"target\":[\"https:\\\/\\\/diariodepe.com.br\\\/cri\\\/2023\\\/11\\\/06\\\/xi-jinping-reune-se-com-primeira-ministra-da-servia-em-beijing\\\/\"]}]},{\"@type\":\"ImageObject\",\"inLanguage\":\"pt-BR\",\"@id\":\"https:\\\/\\\/diariodepe.com.br\\\/cri\\\/2023\\\/11\\\/06\\\/xi-jinping-reune-se-com-primeira-ministra-da-servia-em-beijing\\\/#primaryimage\",\"url\":\"https:\\\/\\\/diariodepe.com.br\\\/cri\\\/wp-content\\\/uploads\\\/sites\\\/2\\\/2023\\\/11\\\/2023110621434971701.jpg\",\"contentUrl\":\"https:\\\/\\\/diariodepe.com.br\\\/cri\\\/wp-content\\\/uploads\\\/sites\\\/2\\\/2023\\\/11\\\/2023110621434971701.jpg\",\"width\":1000,\"height\":777},{\"@type\":\"BreadcrumbList\",\"@id\":\"https:\\\/\\\/diariodepe.com.br\\\/cri\\\/2023\\\/11\\\/06\\\/xi-jinping-reune-se-com-primeira-ministra-da-servia-em-beijing\\\/#breadcrumb\",\"itemListElement\":[{\"@type\":\"ListItem\",\"position\":1,\"name\":\"In\u00edcio\",\"item\":\"https:\\\/\\\/diariodepe.com.br\\\/cri\\\/\"},{\"@type\":\"ListItem\",\"position\":2,\"name\":\"Xi Jinping re\u00fane-se com primeira-ministra da S\u00e9rvia em Beijing\"}]},{\"@type\":\"WebSite\",\"@id\":\"https:\\\/\\\/diariodepe.com.br\\\/cri\\\/#website\",\"url\":\"https:\\\/\\\/diariodepe.com.br\\\/cri\\\/\",\"name\":\"CRI e Diario de Pernambuco\",\"description\":\"R\u00e1dio Internacional da China\",\"publisher\":{\"@id\":\"https:\\\/\\\/diariodepe.com.br\\\/cri\\\/#organization\"},\"potentialAction\":[{\"@type\":\"SearchAction\",\"target\":{\"@type\":\"EntryPoint\",\"urlTemplate\":\"https:\\\/\\\/diariodepe.com.br\\\/cri\\\/?s={search_term_string}\"},\"query-input\":{\"@type\":\"PropertyValueSpecification\",\"valueRequired\":true,\"valueName\":\"search_term_string\"}}],\"inLanguage\":\"pt-BR\"},{\"@type\":\"Organization\",\"@id\":\"https:\\\/\\\/diariodepe.com.br\\\/cri\\\/#organization\",\"name\":\"CRI e Diario de Pernambuco\",\"url\":\"https:\\\/\\\/diariodepe.com.br\\\/cri\\\/\",\"logo\":{\"@type\":\"ImageObject\",\"inLanguage\":\"pt-BR\",\"@id\":\"https:\\\/\\\/diariodepe.com.br\\\/cri\\\/#\\\/schema\\\/logo\\\/image\\\/\",\"url\":\"https:\\\/\\\/diariodepe.com.br\\\/cri\\\/wp-content\\\/uploads\\\/sites\\\/2\\\/2022\\\/12\\\/cropped-Logo.jpg\",\"contentUrl\":\"https:\\\/\\\/diariodepe.com.br\\\/cri\\\/wp-content\\\/uploads\\\/sites\\\/2\\\/2022\\\/12\\\/cropped-Logo.jpg\",\"width\":700,\"height\":59,\"caption\":\"CRI e Diario de Pernambuco\"},\"image\":{\"@id\":\"https:\\\/\\\/diariodepe.com.br\\\/cri\\\/#\\\/schema\\\/logo\\\/image\\\/\"}},{\"@type\":\"Person\",\"@id\":\"https:\\\/\\\/diariodepe.com.br\\\/cri\\\/#\\\/schema\\\/person\\\/121bb28d84f1a5b1205ef4ce9c2e0c6b\",\"name\":\"Ismael Lucas S. Pereira\",\"image\":{\"@type\":\"ImageObject\",\"inLanguage\":\"pt-BR\",\"@id\":\"https:\\\/\\\/secure.gravatar.com\\\/avatar\\\/887a0f3b5a7ceea963a48499fb883ffce6b5037362def025c52c2505b15d63e4?s=96&d=mm&r=g\",\"url\":\"https:\\\/\\\/secure.gravatar.com\\\/avatar\\\/887a0f3b5a7ceea963a48499fb883ffce6b5037362def025c52c2505b15d63e4?s=96&d=mm&r=g\",\"contentUrl\":\"https:\\\/\\\/secure.gravatar.com\\\/avatar\\\/887a0f3b5a7ceea963a48499fb883ffce6b5037362def025c52c2505b15d63e4?s=96&d=mm&r=g\",\"caption\":\"Ismael Lucas S. Pereira\"},\"url\":\"https:\\\/\\\/diariodepe.com.br\\\/cri\\\/author\\\/ismael-lucas\\\/\"}]}<\/script>\n<!-- \/ Yoast SEO plugin. -->","yoast_head_json":{"title":"Xi Jinping re\u00fane-se com primeira-ministra da S\u00e9rvia em Beijing - CRI e Diario de Pernambuco","robots":{"index":"index","follow":"follow","max-snippet":"max-snippet:-1","max-image-preview":"max-image-preview:large","max-video-preview":"max-video-preview:-1"},"canonical":"https:\/\/diariodepe.com.br\/cri\/2023\/11\/06\/xi-jinping-reune-se-com-primeira-ministra-da-servia-em-beijing\/","og_locale":"pt_BR","og_type":"article","og_title":"Xi Jinping re\u00fane-se com primeira-ministra da S\u00e9rvia em Beijing - CRI e Diario de Pernambuco","og_description":"O presidente da China, Xi Jinping, reuniu-se com a primeira-ministra da S\u00e9rvia, Ana Brnabic, nesta segunda-feira (6) em Beijing. Xi Jinping afirmou que, nos \u00faltimos anos, as rela\u00e7\u00f5es bilaterais t\u00eam se mantido em um n\u00edvel elevado, a conota\u00e7\u00e3o da parceria...","og_url":"https:\/\/diariodepe.com.br\/cri\/2023\/11\/06\/xi-jinping-reune-se-com-primeira-ministra-da-servia-em-beijing\/","og_site_name":"CRI e Diario de Pernambuco","article_published_time":"2023-11-07T01:35:01+00:00","og_image":[{"width":1000,"height":777,"url":"https:\/\/diariodepe.com.br\/cri\/wp-content\/uploads\/sites\/2\/2023\/11\/2023110621434971701.jpg","type":"image\/jpeg"}],"author":"Ismael Lucas S. Pereira","twitter_card":"summary_large_image","twitter_misc":{"Escrito por":"Ismael Lucas S. Pereira","Est. tempo de leitura":"2 minutos"},"schema":{"@context":"https:\/\/schema.org","@graph":[{"@type":"Article","@id":"https:\/\/diariodepe.com.br\/cri\/2023\/11\/06\/xi-jinping-reune-se-com-primeira-ministra-da-servia-em-beijing\/#article","isPartOf":{"@id":"https:\/\/diariodepe.com.br\/cri\/2023\/11\/06\/xi-jinping-reune-se-com-primeira-ministra-da-servia-em-beijing\/"},"author":{"name":"Ismael Lucas S. Pereira","@id":"https:\/\/diariodepe.com.br\/cri\/#\/schema\/person\/121bb28d84f1a5b1205ef4ce9c2e0c6b"},"headline":"Xi Jinping re\u00fane-se com primeira-ministra da S\u00e9rvia em Beijing","datePublished":"2023-11-07T01:35:01+00:00","mainEntityOfPage":{"@id":"https:\/\/diariodepe.com.br\/cri\/2023\/11\/06\/xi-jinping-reune-se-com-primeira-ministra-da-servia-em-beijing\/"},"wordCount":364,"commentCount":0,"publisher":{"@id":"https:\/\/diariodepe.com.br\/cri\/#organization"},"image":{"@id":"https:\/\/diariodepe.com.br\/cri\/2023\/11\/06\/xi-jinping-reune-se-com-primeira-ministra-da-servia-em-beijing\/#primaryimage"},"thumbnailUrl":"https:\/\/diariodepe.com.br\/cri\/wp-content\/uploads\/sites\/2\/2023\/11\/2023110621434971701.jpg","articleSection":["China","Destaques Capa"],"inLanguage":"pt-BR","potentialAction":[{"@type":"CommentAction","name":"Comment","target":["https:\/\/diariodepe.com.br\/cri\/2023\/11\/06\/xi-jinping-reune-se-com-primeira-ministra-da-servia-em-beijing\/#respond"]}]},{"@type":"WebPage","@id":"https:\/\/diariodepe.com.br\/cri\/2023\/11\/06\/xi-jinping-reune-se-com-primeira-ministra-da-servia-em-beijing\/","url":"https:\/\/diariodepe.com.br\/cri\/2023\/11\/06\/xi-jinping-reune-se-com-primeira-ministra-da-servia-em-beijing\/","name":"Xi Jinping re\u00fane-se com primeira-ministra da S\u00e9rvia em Beijing - CRI e Diario de Pernambuco","isPartOf":{"@id":"https:\/\/diariodepe.com.br\/cri\/#website"},"primaryImageOfPage":{"@id":"https:\/\/diariodepe.com.br\/cri\/2023\/11\/06\/xi-jinping-reune-se-com-primeira-ministra-da-servia-em-beijing\/#primaryimage"},"image":{"@id":"https:\/\/diariodepe.com.br\/cri\/2023\/11\/06\/xi-jinping-reune-se-com-primeira-ministra-da-servia-em-beijing\/#primaryimage"},"thumbnailUrl":"https:\/\/diariodepe.com.br\/cri\/wp-content\/uploads\/sites\/2\/2023\/11\/2023110621434971701.jpg","datePublished":"2023-11-07T01:35:01+00:00","breadcrumb":{"@id":"https:\/\/diariodepe.com.br\/cri\/2023\/11\/06\/xi-jinping-reune-se-com-primeira-ministra-da-servia-em-beijing\/#breadcrumb"},"inLanguage":"pt-BR","potentialAction":[{"@type":"ReadAction","target":["https:\/\/diariodepe.com.br\/cri\/2023\/11\/06\/xi-jinping-reune-se-com-primeira-ministra-da-servia-em-beijing\/"]}]},{"@type":"ImageObject","inLanguage":"pt-BR","@id":"https:\/\/diariodepe.com.br\/cri\/2023\/11\/06\/xi-jinping-reune-se-com-primeira-ministra-da-servia-em-beijing\/#primaryimage","url":"https:\/\/diariodepe.com.br\/cri\/wp-content\/uploads\/sites\/2\/2023\/11\/2023110621434971701.jpg","contentUrl":"https:\/\/diariodepe.com.br\/cri\/wp-content\/uploads\/sites\/2\/2023\/11\/2023110621434971701.jpg","width":1000,"height":777},{"@type":"BreadcrumbList","@id":"https:\/\/diariodepe.com.br\/cri\/2023\/11\/06\/xi-jinping-reune-se-com-primeira-ministra-da-servia-em-beijing\/#breadcrumb","itemListElement":[{"@type":"ListItem","position":1,"name":"In\u00edcio","item":"https:\/\/diariodepe.com.br\/cri\/"},{"@type":"ListItem","position":2,"name":"Xi Jinping re\u00fane-se com primeira-ministra da S\u00e9rvia em Beijing"}]},{"@type":"WebSite","@id":"https:\/\/diariodepe.com.br\/cri\/#website","url":"https:\/\/diariodepe.com.br\/cri\/","name":"CRI e Diario de Pernambuco","description":"R\u00e1dio Internacional da China","publisher":{"@id":"https:\/\/diariodepe.com.br\/cri\/#organization"},"potentialAction":[{"@type":"SearchAction","target":{"@type":"EntryPoint","urlTemplate":"https:\/\/diariodepe.com.br\/cri\/?s={search_term_string}"},"query-input":{"@type":"PropertyValueSpecification","valueRequired":true,"valueName":"search_term_string"}}],"inLanguage":"pt-BR"},{"@type":"Organization","@id":"https:\/\/diariodepe.com.br\/cri\/#organization","name":"CRI e Diario de Pernambuco","url":"https:\/\/diariodepe.com.br\/cri\/","logo":{"@type":"ImageObject","inLanguage":"pt-BR","@id":"https:\/\/diariodepe.com.br\/cri\/#\/schema\/logo\/image\/","url":"https:\/\/diariodepe.com.br\/cri\/wp-content\/uploads\/sites\/2\/2022\/12\/cropped-Logo.jpg","contentUrl":"https:\/\/diariodepe.com.br\/cri\/wp-content\/uploads\/sites\/2\/2022\/12\/cropped-Logo.jpg","width":700,"height":59,"caption":"CRI e Diario de Pernambuco"},"image":{"@id":"https:\/\/diariodepe.com.br\/cri\/#\/schema\/logo\/image\/"}},{"@type":"Person","@id":"https:\/\/diariodepe.com.br\/cri\/#\/schema\/person\/121bb28d84f1a5b1205ef4ce9c2e0c6b","name":"Ismael Lucas S. Pereira","image":{"@type":"ImageObject","inLanguage":"pt-BR","@id":"https:\/\/secure.gravatar.com\/avatar\/887a0f3b5a7ceea963a48499fb883ffce6b5037362def025c52c2505b15d63e4?s=96&d=mm&r=g","url":"https:\/\/secure.gravatar.com\/avatar\/887a0f3b5a7ceea963a48499fb883ffce6b5037362def025c52c2505b15d63e4?s=96&d=mm&r=g","contentUrl":"https:\/\/secure.gravatar.com\/avatar\/887a0f3b5a7ceea963a48499fb883ffce6b5037362def025c52c2505b15d63e4?s=96&d=mm&r=g","caption":"Ismael Lucas S. Pereira"},"url":"https:\/\/diariodepe.com.br\/cri\/author\/ismael-lucas\/"}]}},"cc_featured_image_caption":{"caption_text":false,"source_text":false,"source_url":false},"amp_enabled":true,"_links":{"self":[{"href":"https:\/\/diariodepe.com.br\/cri\/wp-json\/wp\/v2\/posts\/3328","targetHints":{"allow":["GET"]}}],"collection":[{"href":"https:\/\/diariodepe.com.br\/cri\/wp-json\/wp\/v2\/posts"}],"about":[{"href":"https:\/\/diariodepe.com.br\/cri\/wp-json\/wp\/v2\/types\/post"}],"author":[{"embeddable":true,"href":"https:\/\/diariodepe.com.br\/cri\/wp-json\/wp\/v2\/users\/2"}],"replies":[{"embeddable":true,"href":"https:\/\/diariodepe.com.br\/cri\/wp-json\/wp\/v2\/comments?post=3328"}],"version-history":[{"count":1,"href":"https:\/\/diariodepe.com.br\/cri\/wp-json\/wp\/v2\/posts\/3328\/revisions"}],"predecessor-version":[{"id":3330,"href":"https:\/\/diariodepe.com.br\/cri\/wp-json\/wp\/v2\/posts\/3328\/revisions\/3330"}],"wp:featuredmedia":[{"embeddable":true,"href":"https:\/\/diariodepe.com.br\/cri\/wp-json\/wp\/v2\/media\/3329"}],"wp:attachment":[{"href":"https:\/\/diariodepe.com.br\/cri\/wp-json\/wp\/v2\/media?parent=3328"}],"wp:term":[{"taxonomy":"category","embeddable":true,"href":"https:\/\/diariodepe.com.br\/cri\/wp-json\/wp\/v2\/categories?post=3328"},{"taxonomy":"post_tag","embeddable":true,"href":"https:\/\/diariodepe.com.br\/cri\/wp-json\/wp\/v2\/tags?post=3328"}],"curies":[{"name":"wp","href":"https:\/\/api.w.org\/{rel}","templated":true}]}}