{"id":3322,"date":"2023-11-05T00:23:05","date_gmt":"2023-11-05T03:23:05","guid":{"rendered":"https:\/\/diariodepe.com.br\/cri\/?p=3322"},"modified":"2023-11-05T00:23:05","modified_gmt":"2023-11-05T03:23:05","slug":"xi-jinping-reune-se-com-o-primeiro-ministro-grego","status":"publish","type":"post","link":"https:\/\/diariodepe.com.br\/cri\/2023\/11\/05\/xi-jinping-reune-se-com-o-primeiro-ministro-grego\/","title":{"rendered":"Xi Jinping re\u00fane-se com o primeiro-ministro grego"},"content":{"rendered":"<p data-spm-anchor-id=\"0.0.0.i3\">O presidente chin\u00eas, Xi Jinping, reuniu-se nesta sexta-feira (3),\u00a0em Beijing,\u00a0com o primeiro-ministro grego, Kyriakos Mitsotakis.\u00a0Xi Jinping afirmou que a coopera\u00e7\u00e3o mutuamente ben\u00e9fica e os interc\u00e2mbios civilizacionais s\u00e3o os dois principais la\u00e7os das rela\u00e7\u00f5es China-Gr\u00e9cia.<\/p>\n<p data-spm-anchor-id=\"0.0.0.i4\">A China est\u00e1 disposta a fortalecer a coopera\u00e7\u00e3o com o lado grego nas \u00e1reas de transportes, navega\u00e7\u00e3o, energia, telecomunica\u00e7\u00f5es e finan\u00e7as\u00a0e expandir as oportunidades de interc\u00e2mbio na economia verde, digital e inova\u00e7\u00e3o cient\u00edfica e tecnol\u00f3gica, al\u00e9m de aprofundar as trocas\u00a0e a coopera\u00e7\u00e3o nos dom\u00ednios nas \u00e1reas de\u00a0educa\u00e7\u00e3o, cultura, pesquisa cient\u00edfica,\u00a0turismo e juventude, para impulsionar o interc\u00e2mbio e a aprendizagem m\u00fatuos\u00a0entre civiliza\u00e7\u00f5es, fortalecer a comunica\u00e7\u00e3o e a coordena\u00e7\u00e3o internacionais, defender o verdadeiro multilateralismo e contribuir com sabedoria e for\u00e7a para a constru\u00e7\u00e3o de uma comunidade com um futuro compartilhado para a humanidade, afirmou Xi Jinping.<\/p>\n<p>O presidente chin\u00eas enfatizou que o pa\u00eds est\u00e1 disposto\u00a0a trabalhar com a Uni\u00e3o Europeia (UE) em busca de\u00a0consensos\u00a0e ativar plenamente a coopera\u00e7\u00e3o mutuamente ben\u00e9fica em v\u00e1rios campos.<\/p>\n<p>Kyriakos Mitsotakis disse que a Gr\u00e9cia est\u00e1 disposta a ser uma ponte para a coopera\u00e7\u00e3o UE-China e para continuar promovendo ativamente o desenvolvimento saud\u00e1vel das rela\u00e7\u00f5es entre os dois lados.<\/p>\n","protected":false},"excerpt":{"rendered":"<p>O presidente chin\u00eas, Xi Jinping, reuniu-se nesta sexta-feira (3),\u00a0em Beijing,\u00a0com o primeiro-ministro grego, Kyriakos Mitsotakis.\u00a0Xi Jinping afirmou que a coopera\u00e7\u00e3o mutuamente ben\u00e9fica e os interc\u00e2mbios civilizacionais s\u00e3o os dois principais la\u00e7os das rela\u00e7\u00f5es China-Gr\u00e9cia. A China est\u00e1 disposta a fortalecer&#8230;<\/p>\n","protected":false},"author":2,"featured_media":3323,"comment_status":"open","ping_status":"open","sticky":false,"template":"","format":"standard","meta":{"footnotes":""},"categories":[3,5],"tags":[],"class_list":["post-3322","post","type-post","status-publish","format-standard","has-post-thumbnail","hentry","category-china","category-destaques-capa"],"yoast_head":"<!-- This site is optimized with the Yoast SEO plugin v27.4 - https:\/\/yoast.com\/product\/yoast-seo-wordpress\/ -->\n<title>Xi Jinping re\u00fane-se com o primeiro-ministro grego - CRI e Diario de Pernambuco<\/title>\n<meta name=\"robots\" content=\"index, follow, max-snippet:-1, max-image-preview:large, max-video-preview:-1\" \/>\n<link rel=\"canonical\" href=\"https:\/\/diariodepe.com.br\/cri\/2023\/11\/05\/xi-jinping-reune-se-com-o-primeiro-ministro-grego\/\" \/>\n<meta property=\"og:locale\" content=\"pt_BR\" \/>\n<meta property=\"og:type\" content=\"article\" \/>\n<meta property=\"og:title\" content=\"Xi Jinping re\u00fane-se com o primeiro-ministro grego - CRI e Diario de Pernambuco\" \/>\n<meta property=\"og:description\" content=\"O presidente chin\u00eas, Xi Jinping, reuniu-se nesta sexta-feira (3),\u00a0em Beijing,\u00a0com o primeiro-ministro grego, Kyriakos Mitsotakis.\u00a0Xi Jinping afirmou que a coopera\u00e7\u00e3o mutuamente ben\u00e9fica e os interc\u00e2mbios civilizacionais s\u00e3o os dois principais la\u00e7os das rela\u00e7\u00f5es China-Gr\u00e9cia. A China est\u00e1 disposta a fortalecer...\" \/>\n<meta property=\"og:url\" content=\"https:\/\/diariodepe.com.br\/cri\/2023\/11\/05\/xi-jinping-reune-se-com-o-primeiro-ministro-grego\/\" \/>\n<meta property=\"og:site_name\" content=\"CRI e Diario de Pernambuco\" \/>\n<meta property=\"article:published_time\" content=\"2023-11-05T03:23:05+00:00\" \/>\n<meta property=\"og:image\" content=\"https:\/\/diariodepe.com.br\/cri\/wp-content\/uploads\/sites\/2\/2023\/11\/2023110320580832494.jpg\" \/>\n\t<meta property=\"og:image:width\" content=\"900\" \/>\n\t<meta property=\"og:image:height\" content=\"636\" \/>\n\t<meta property=\"og:image:type\" content=\"image\/jpeg\" \/>\n<meta name=\"author\" content=\"Ismael Lucas S. Pereira\" \/>\n<meta name=\"twitter:card\" content=\"summary_large_image\" \/>\n<meta name=\"twitter:label1\" content=\"Escrito por\" \/>\n\t<meta name=\"twitter:data1\" content=\"Ismael Lucas S. Pereira\" \/>\n\t<meta name=\"twitter:label2\" content=\"Est. tempo de leitura\" \/>\n\t<meta name=\"twitter:data2\" content=\"2 minutos\" \/>\n<script type=\"application\/ld+json\" class=\"yoast-schema-graph\">{\"@context\":\"https:\\\/\\\/schema.org\",\"@graph\":[{\"@type\":\"Article\",\"@id\":\"https:\\\/\\\/diariodepe.com.br\\\/cri\\\/2023\\\/11\\\/05\\\/xi-jinping-reune-se-com-o-primeiro-ministro-grego\\\/#article\",\"isPartOf\":{\"@id\":\"https:\\\/\\\/diariodepe.com.br\\\/cri\\\/2023\\\/11\\\/05\\\/xi-jinping-reune-se-com-o-primeiro-ministro-grego\\\/\"},\"author\":{\"name\":\"Ismael Lucas S. Pereira\",\"@id\":\"https:\\\/\\\/diariodepe.com.br\\\/cri\\\/#\\\/schema\\\/person\\\/121bb28d84f1a5b1205ef4ce9c2e0c6b\"},\"headline\":\"Xi Jinping re\u00fane-se com o primeiro-ministro grego\",\"datePublished\":\"2023-11-05T03:23:05+00:00\",\"mainEntityOfPage\":{\"@id\":\"https:\\\/\\\/diariodepe.com.br\\\/cri\\\/2023\\\/11\\\/05\\\/xi-jinping-reune-se-com-o-primeiro-ministro-grego\\\/\"},\"wordCount\":241,\"commentCount\":0,\"publisher\":{\"@id\":\"https:\\\/\\\/diariodepe.com.br\\\/cri\\\/#organization\"},\"image\":{\"@id\":\"https:\\\/\\\/diariodepe.com.br\\\/cri\\\/2023\\\/11\\\/05\\\/xi-jinping-reune-se-com-o-primeiro-ministro-grego\\\/#primaryimage\"},\"thumbnailUrl\":\"https:\\\/\\\/diariodepe.com.br\\\/cri\\\/wp-content\\\/uploads\\\/sites\\\/2\\\/2023\\\/11\\\/2023110320580832494.jpg\",\"articleSection\":[\"China\",\"Destaques Capa\"],\"inLanguage\":\"pt-BR\",\"potentialAction\":[{\"@type\":\"CommentAction\",\"name\":\"Comment\",\"target\":[\"https:\\\/\\\/diariodepe.com.br\\\/cri\\\/2023\\\/11\\\/05\\\/xi-jinping-reune-se-com-o-primeiro-ministro-grego\\\/#respond\"]}]},{\"@type\":\"WebPage\",\"@id\":\"https:\\\/\\\/diariodepe.com.br\\\/cri\\\/2023\\\/11\\\/05\\\/xi-jinping-reune-se-com-o-primeiro-ministro-grego\\\/\",\"url\":\"https:\\\/\\\/diariodepe.com.br\\\/cri\\\/2023\\\/11\\\/05\\\/xi-jinping-reune-se-com-o-primeiro-ministro-grego\\\/\",\"name\":\"Xi Jinping re\u00fane-se com o primeiro-ministro grego - CRI e Diario de Pernambuco\",\"isPartOf\":{\"@id\":\"https:\\\/\\\/diariodepe.com.br\\\/cri\\\/#website\"},\"primaryImageOfPage\":{\"@id\":\"https:\\\/\\\/diariodepe.com.br\\\/cri\\\/2023\\\/11\\\/05\\\/xi-jinping-reune-se-com-o-primeiro-ministro-grego\\\/#primaryimage\"},\"image\":{\"@id\":\"https:\\\/\\\/diariodepe.com.br\\\/cri\\\/2023\\\/11\\\/05\\\/xi-jinping-reune-se-com-o-primeiro-ministro-grego\\\/#primaryimage\"},\"thumbnailUrl\":\"https:\\\/\\\/diariodepe.com.br\\\/cri\\\/wp-content\\\/uploads\\\/sites\\\/2\\\/2023\\\/11\\\/2023110320580832494.jpg\",\"datePublished\":\"2023-11-05T03:23:05+00:00\",\"breadcrumb\":{\"@id\":\"https:\\\/\\\/diariodepe.com.br\\\/cri\\\/2023\\\/11\\\/05\\\/xi-jinping-reune-se-com-o-primeiro-ministro-grego\\\/#breadcrumb\"},\"inLanguage\":\"pt-BR\",\"potentialAction\":[{\"@type\":\"ReadAction\",\"target\":[\"https:\\\/\\\/diariodepe.com.br\\\/cri\\\/2023\\\/11\\\/05\\\/xi-jinping-reune-se-com-o-primeiro-ministro-grego\\\/\"]}]},{\"@type\":\"ImageObject\",\"inLanguage\":\"pt-BR\",\"@id\":\"https:\\\/\\\/diariodepe.com.br\\\/cri\\\/2023\\\/11\\\/05\\\/xi-jinping-reune-se-com-o-primeiro-ministro-grego\\\/#primaryimage\",\"url\":\"https:\\\/\\\/diariodepe.com.br\\\/cri\\\/wp-content\\\/uploads\\\/sites\\\/2\\\/2023\\\/11\\\/2023110320580832494.jpg\",\"contentUrl\":\"https:\\\/\\\/diariodepe.com.br\\\/cri\\\/wp-content\\\/uploads\\\/sites\\\/2\\\/2023\\\/11\\\/2023110320580832494.jpg\",\"width\":900,\"height\":636},{\"@type\":\"BreadcrumbList\",\"@id\":\"https:\\\/\\\/diariodepe.com.br\\\/cri\\\/2023\\\/11\\\/05\\\/xi-jinping-reune-se-com-o-primeiro-ministro-grego\\\/#breadcrumb\",\"itemListElement\":[{\"@type\":\"ListItem\",\"position\":1,\"name\":\"In\u00edcio\",\"item\":\"https:\\\/\\\/diariodepe.com.br\\\/cri\\\/\"},{\"@type\":\"ListItem\",\"position\":2,\"name\":\"Xi Jinping re\u00fane-se com o primeiro-ministro grego\"}]},{\"@type\":\"WebSite\",\"@id\":\"https:\\\/\\\/diariodepe.com.br\\\/cri\\\/#website\",\"url\":\"https:\\\/\\\/diariodepe.com.br\\\/cri\\\/\",\"name\":\"CRI e Diario de Pernambuco\",\"description\":\"R\u00e1dio Internacional da China\",\"publisher\":{\"@id\":\"https:\\\/\\\/diariodepe.com.br\\\/cri\\\/#organization\"},\"potentialAction\":[{\"@type\":\"SearchAction\",\"target\":{\"@type\":\"EntryPoint\",\"urlTemplate\":\"https:\\\/\\\/diariodepe.com.br\\\/cri\\\/?s={search_term_string}\"},\"query-input\":{\"@type\":\"PropertyValueSpecification\",\"valueRequired\":true,\"valueName\":\"search_term_string\"}}],\"inLanguage\":\"pt-BR\"},{\"@type\":\"Organization\",\"@id\":\"https:\\\/\\\/diariodepe.com.br\\\/cri\\\/#organization\",\"name\":\"CRI e Diario de Pernambuco\",\"url\":\"https:\\\/\\\/diariodepe.com.br\\\/cri\\\/\",\"logo\":{\"@type\":\"ImageObject\",\"inLanguage\":\"pt-BR\",\"@id\":\"https:\\\/\\\/diariodepe.com.br\\\/cri\\\/#\\\/schema\\\/logo\\\/image\\\/\",\"url\":\"https:\\\/\\\/diariodepe.com.br\\\/cri\\\/wp-content\\\/uploads\\\/sites\\\/2\\\/2022\\\/12\\\/cropped-Logo.jpg\",\"contentUrl\":\"https:\\\/\\\/diariodepe.com.br\\\/cri\\\/wp-content\\\/uploads\\\/sites\\\/2\\\/2022\\\/12\\\/cropped-Logo.jpg\",\"width\":700,\"height\":59,\"caption\":\"CRI e Diario de Pernambuco\"},\"image\":{\"@id\":\"https:\\\/\\\/diariodepe.com.br\\\/cri\\\/#\\\/schema\\\/logo\\\/image\\\/\"}},{\"@type\":\"Person\",\"@id\":\"https:\\\/\\\/diariodepe.com.br\\\/cri\\\/#\\\/schema\\\/person\\\/121bb28d84f1a5b1205ef4ce9c2e0c6b\",\"name\":\"Ismael Lucas S. Pereira\",\"image\":{\"@type\":\"ImageObject\",\"inLanguage\":\"pt-BR\",\"@id\":\"https:\\\/\\\/secure.gravatar.com\\\/avatar\\\/887a0f3b5a7ceea963a48499fb883ffce6b5037362def025c52c2505b15d63e4?s=96&d=mm&r=g\",\"url\":\"https:\\\/\\\/secure.gravatar.com\\\/avatar\\\/887a0f3b5a7ceea963a48499fb883ffce6b5037362def025c52c2505b15d63e4?s=96&d=mm&r=g\",\"contentUrl\":\"https:\\\/\\\/secure.gravatar.com\\\/avatar\\\/887a0f3b5a7ceea963a48499fb883ffce6b5037362def025c52c2505b15d63e4?s=96&d=mm&r=g\",\"caption\":\"Ismael Lucas S. Pereira\"},\"url\":\"https:\\\/\\\/diariodepe.com.br\\\/cri\\\/author\\\/ismael-lucas\\\/\"}]}<\/script>\n<!-- \/ Yoast SEO plugin. -->","yoast_head_json":{"title":"Xi Jinping re\u00fane-se com o primeiro-ministro grego - CRI e Diario de Pernambuco","robots":{"index":"index","follow":"follow","max-snippet":"max-snippet:-1","max-image-preview":"max-image-preview:large","max-video-preview":"max-video-preview:-1"},"canonical":"https:\/\/diariodepe.com.br\/cri\/2023\/11\/05\/xi-jinping-reune-se-com-o-primeiro-ministro-grego\/","og_locale":"pt_BR","og_type":"article","og_title":"Xi Jinping re\u00fane-se com o primeiro-ministro grego - CRI e Diario de Pernambuco","og_description":"O presidente chin\u00eas, Xi Jinping, reuniu-se nesta sexta-feira (3),\u00a0em Beijing,\u00a0com o primeiro-ministro grego, Kyriakos Mitsotakis.\u00a0Xi Jinping afirmou que a coopera\u00e7\u00e3o mutuamente ben\u00e9fica e os interc\u00e2mbios civilizacionais s\u00e3o os dois principais la\u00e7os das rela\u00e7\u00f5es China-Gr\u00e9cia. A China est\u00e1 disposta a fortalecer...","og_url":"https:\/\/diariodepe.com.br\/cri\/2023\/11\/05\/xi-jinping-reune-se-com-o-primeiro-ministro-grego\/","og_site_name":"CRI e Diario de Pernambuco","article_published_time":"2023-11-05T03:23:05+00:00","og_image":[{"width":900,"height":636,"url":"https:\/\/diariodepe.com.br\/cri\/wp-content\/uploads\/sites\/2\/2023\/11\/2023110320580832494.jpg","type":"image\/jpeg"}],"author":"Ismael Lucas S. Pereira","twitter_card":"summary_large_image","twitter_misc":{"Escrito por":"Ismael Lucas S. Pereira","Est. tempo de leitura":"2 minutos"},"schema":{"@context":"https:\/\/schema.org","@graph":[{"@type":"Article","@id":"https:\/\/diariodepe.com.br\/cri\/2023\/11\/05\/xi-jinping-reune-se-com-o-primeiro-ministro-grego\/#article","isPartOf":{"@id":"https:\/\/diariodepe.com.br\/cri\/2023\/11\/05\/xi-jinping-reune-se-com-o-primeiro-ministro-grego\/"},"author":{"name":"Ismael Lucas S. Pereira","@id":"https:\/\/diariodepe.com.br\/cri\/#\/schema\/person\/121bb28d84f1a5b1205ef4ce9c2e0c6b"},"headline":"Xi Jinping re\u00fane-se com o primeiro-ministro grego","datePublished":"2023-11-05T03:23:05+00:00","mainEntityOfPage":{"@id":"https:\/\/diariodepe.com.br\/cri\/2023\/11\/05\/xi-jinping-reune-se-com-o-primeiro-ministro-grego\/"},"wordCount":241,"commentCount":0,"publisher":{"@id":"https:\/\/diariodepe.com.br\/cri\/#organization"},"image":{"@id":"https:\/\/diariodepe.com.br\/cri\/2023\/11\/05\/xi-jinping-reune-se-com-o-primeiro-ministro-grego\/#primaryimage"},"thumbnailUrl":"https:\/\/diariodepe.com.br\/cri\/wp-content\/uploads\/sites\/2\/2023\/11\/2023110320580832494.jpg","articleSection":["China","Destaques Capa"],"inLanguage":"pt-BR","potentialAction":[{"@type":"CommentAction","name":"Comment","target":["https:\/\/diariodepe.com.br\/cri\/2023\/11\/05\/xi-jinping-reune-se-com-o-primeiro-ministro-grego\/#respond"]}]},{"@type":"WebPage","@id":"https:\/\/diariodepe.com.br\/cri\/2023\/11\/05\/xi-jinping-reune-se-com-o-primeiro-ministro-grego\/","url":"https:\/\/diariodepe.com.br\/cri\/2023\/11\/05\/xi-jinping-reune-se-com-o-primeiro-ministro-grego\/","name":"Xi Jinping re\u00fane-se com o primeiro-ministro grego - CRI e Diario de Pernambuco","isPartOf":{"@id":"https:\/\/diariodepe.com.br\/cri\/#website"},"primaryImageOfPage":{"@id":"https:\/\/diariodepe.com.br\/cri\/2023\/11\/05\/xi-jinping-reune-se-com-o-primeiro-ministro-grego\/#primaryimage"},"image":{"@id":"https:\/\/diariodepe.com.br\/cri\/2023\/11\/05\/xi-jinping-reune-se-com-o-primeiro-ministro-grego\/#primaryimage"},"thumbnailUrl":"https:\/\/diariodepe.com.br\/cri\/wp-content\/uploads\/sites\/2\/2023\/11\/2023110320580832494.jpg","datePublished":"2023-11-05T03:23:05+00:00","breadcrumb":{"@id":"https:\/\/diariodepe.com.br\/cri\/2023\/11\/05\/xi-jinping-reune-se-com-o-primeiro-ministro-grego\/#breadcrumb"},"inLanguage":"pt-BR","potentialAction":[{"@type":"ReadAction","target":["https:\/\/diariodepe.com.br\/cri\/2023\/11\/05\/xi-jinping-reune-se-com-o-primeiro-ministro-grego\/"]}]},{"@type":"ImageObject","inLanguage":"pt-BR","@id":"https:\/\/diariodepe.com.br\/cri\/2023\/11\/05\/xi-jinping-reune-se-com-o-primeiro-ministro-grego\/#primaryimage","url":"https:\/\/diariodepe.com.br\/cri\/wp-content\/uploads\/sites\/2\/2023\/11\/2023110320580832494.jpg","contentUrl":"https:\/\/diariodepe.com.br\/cri\/wp-content\/uploads\/sites\/2\/2023\/11\/2023110320580832494.jpg","width":900,"height":636},{"@type":"BreadcrumbList","@id":"https:\/\/diariodepe.com.br\/cri\/2023\/11\/05\/xi-jinping-reune-se-com-o-primeiro-ministro-grego\/#breadcrumb","itemListElement":[{"@type":"ListItem","position":1,"name":"In\u00edcio","item":"https:\/\/diariodepe.com.br\/cri\/"},{"@type":"ListItem","position":2,"name":"Xi Jinping re\u00fane-se com o primeiro-ministro grego"}]},{"@type":"WebSite","@id":"https:\/\/diariodepe.com.br\/cri\/#website","url":"https:\/\/diariodepe.com.br\/cri\/","name":"CRI e Diario de Pernambuco","description":"R\u00e1dio Internacional da China","publisher":{"@id":"https:\/\/diariodepe.com.br\/cri\/#organization"},"potentialAction":[{"@type":"SearchAction","target":{"@type":"EntryPoint","urlTemplate":"https:\/\/diariodepe.com.br\/cri\/?s={search_term_string}"},"query-input":{"@type":"PropertyValueSpecification","valueRequired":true,"valueName":"search_term_string"}}],"inLanguage":"pt-BR"},{"@type":"Organization","@id":"https:\/\/diariodepe.com.br\/cri\/#organization","name":"CRI e Diario de Pernambuco","url":"https:\/\/diariodepe.com.br\/cri\/","logo":{"@type":"ImageObject","inLanguage":"pt-BR","@id":"https:\/\/diariodepe.com.br\/cri\/#\/schema\/logo\/image\/","url":"https:\/\/diariodepe.com.br\/cri\/wp-content\/uploads\/sites\/2\/2022\/12\/cropped-Logo.jpg","contentUrl":"https:\/\/diariodepe.com.br\/cri\/wp-content\/uploads\/sites\/2\/2022\/12\/cropped-Logo.jpg","width":700,"height":59,"caption":"CRI e Diario de Pernambuco"},"image":{"@id":"https:\/\/diariodepe.com.br\/cri\/#\/schema\/logo\/image\/"}},{"@type":"Person","@id":"https:\/\/diariodepe.com.br\/cri\/#\/schema\/person\/121bb28d84f1a5b1205ef4ce9c2e0c6b","name":"Ismael Lucas S. Pereira","image":{"@type":"ImageObject","inLanguage":"pt-BR","@id":"https:\/\/secure.gravatar.com\/avatar\/887a0f3b5a7ceea963a48499fb883ffce6b5037362def025c52c2505b15d63e4?s=96&d=mm&r=g","url":"https:\/\/secure.gravatar.com\/avatar\/887a0f3b5a7ceea963a48499fb883ffce6b5037362def025c52c2505b15d63e4?s=96&d=mm&r=g","contentUrl":"https:\/\/secure.gravatar.com\/avatar\/887a0f3b5a7ceea963a48499fb883ffce6b5037362def025c52c2505b15d63e4?s=96&d=mm&r=g","caption":"Ismael Lucas S. Pereira"},"url":"https:\/\/diariodepe.com.br\/cri\/author\/ismael-lucas\/"}]}},"cc_featured_image_caption":{"caption_text":false,"source_text":false,"source_url":false},"amp_enabled":true,"_links":{"self":[{"href":"https:\/\/diariodepe.com.br\/cri\/wp-json\/wp\/v2\/posts\/3322","targetHints":{"allow":["GET"]}}],"collection":[{"href":"https:\/\/diariodepe.com.br\/cri\/wp-json\/wp\/v2\/posts"}],"about":[{"href":"https:\/\/diariodepe.com.br\/cri\/wp-json\/wp\/v2\/types\/post"}],"author":[{"embeddable":true,"href":"https:\/\/diariodepe.com.br\/cri\/wp-json\/wp\/v2\/users\/2"}],"replies":[{"embeddable":true,"href":"https:\/\/diariodepe.com.br\/cri\/wp-json\/wp\/v2\/comments?post=3322"}],"version-history":[{"count":1,"href":"https:\/\/diariodepe.com.br\/cri\/wp-json\/wp\/v2\/posts\/3322\/revisions"}],"predecessor-version":[{"id":3324,"href":"https:\/\/diariodepe.com.br\/cri\/wp-json\/wp\/v2\/posts\/3322\/revisions\/3324"}],"wp:featuredmedia":[{"embeddable":true,"href":"https:\/\/diariodepe.com.br\/cri\/wp-json\/wp\/v2\/media\/3323"}],"wp:attachment":[{"href":"https:\/\/diariodepe.com.br\/cri\/wp-json\/wp\/v2\/media?parent=3322"}],"wp:term":[{"taxonomy":"category","embeddable":true,"href":"https:\/\/diariodepe.com.br\/cri\/wp-json\/wp\/v2\/categories?post=3322"},{"taxonomy":"post_tag","embeddable":true,"href":"https:\/\/diariodepe.com.br\/cri\/wp-json\/wp\/v2\/tags?post=3322"}],"curies":[{"name":"wp","href":"https:\/\/api.w.org\/{rel}","templated":true}]}}