{"id":3316,"date":"2023-11-03T04:29:35","date_gmt":"2023-11-03T07:29:35","guid":{"rendered":"https:\/\/diariodepe.com.br\/cri\/?p=3316"},"modified":"2023-11-03T04:29:35","modified_gmt":"2023-11-03T07:29:35","slug":"empresa-chilena-de-cerejas-expande-negocios-no-mercado-chines","status":"publish","type":"post","link":"https:\/\/diariodepe.com.br\/cri\/2023\/11\/03\/empresa-chilena-de-cerejas-expande-negocios-no-mercado-chines\/","title":{"rendered":"Empresa chilena de cerejas expande neg\u00f3cios no mercado chin\u00eas"},"content":{"rendered":"<p>O chileno Hern\u00e1n Garc\u00e9s Gazmuri \u00e9 gerente da Garces Fruit, maior empresa de cerejas local em termos de produ\u00e7\u00e3o e exporta\u00e7\u00e3o da fruta. Com a coopera\u00e7\u00e3o comercial cada vez mais estreita entre a China e o Chile nos \u00faltimos anos, a China abriu um caminho verde para a exporta\u00e7\u00e3o dos produtos do pa\u00eds latino-americano. Com isso, o tempo de viagem das cerejas chilenas \u00e0 China \u00e9 de apenas 22 dias via linha mar\u00edtima, que era 32 dias dez anos atr\u00e1s.<\/p>\n<p>Como respons\u00e1vel pela expans\u00e3o dos neg\u00f3cios da Garces Fruit no mercado chin\u00eas, Gazmuri mudou com toda sua fam\u00edlia para Shanghai em 2017. Atualmente, as exporta\u00e7\u00f5es de cerejas para a China ocupam 82% da venda total de sua empresa.<\/p>\n<p>No discurso feito na cerim\u00f4nia de inaugura\u00e7\u00e3o da 5\u00aa Exposi\u00e7\u00e3o Internacional de Importa\u00e7\u00e3o da China, realizada no dia 4 de novembro de 2022 em Shanghai, o presidente chin\u00eas, Xi Jinping, disse que a abertura \u00e9 a importante for\u00e7a motriz para o progresso da civiliza\u00e7\u00e3o humana, e tamb\u00e9m o \u00fanico caminho para alcan\u00e7ar a prosperidade e odesenvolvimento do mundo. Ele disse que a abertura \u00e9 o ponto-chave para superar as dificuldades em busca do desenvolvimento e unir for\u00e7as em busca da coopera\u00e7\u00e3o, inova\u00e7\u00e3o e bem-estar de todos. Xi Jinping pediu maiores esfor\u00e7os para promover a globaliza\u00e7\u00e3o econ\u00f4mica, incentivar a for\u00e7a motriz de desenvolvimento para que os resultados frut\u00edferos do desenvolvimento possam ser compartilhados pelos povos de diversos pa\u00edses de forma mais equitativa.<\/p>\n","protected":false},"excerpt":{"rendered":"<p>O chileno Hern\u00e1n Garc\u00e9s Gazmuri \u00e9 gerente da Garces Fruit, maior empresa de cerejas local em termos de produ\u00e7\u00e3o e exporta\u00e7\u00e3o da fruta. Com a coopera\u00e7\u00e3o comercial cada vez mais estreita entre a China e o Chile nos \u00faltimos anos,&#8230;<\/p>\n","protected":false},"author":2,"featured_media":3317,"comment_status":"open","ping_status":"open","sticky":false,"template":"","format":"standard","meta":{"footnotes":""},"categories":[5],"tags":[],"class_list":["post-3316","post","type-post","status-publish","format-standard","has-post-thumbnail","hentry","category-destaques-capa"],"yoast_head":"<!-- This site is optimized with the Yoast SEO plugin v27.4 - https:\/\/yoast.com\/product\/yoast-seo-wordpress\/ -->\n<title>Empresa chilena de cerejas expande neg\u00f3cios no mercado chin\u00eas - CRI e Diario de Pernambuco<\/title>\n<meta name=\"robots\" content=\"index, follow, max-snippet:-1, max-image-preview:large, max-video-preview:-1\" \/>\n<link rel=\"canonical\" href=\"https:\/\/diariodepe.com.br\/cri\/2023\/11\/03\/empresa-chilena-de-cerejas-expande-negocios-no-mercado-chines\/\" \/>\n<meta property=\"og:locale\" content=\"pt_BR\" \/>\n<meta property=\"og:type\" content=\"article\" \/>\n<meta property=\"og:title\" content=\"Empresa chilena de cerejas expande neg\u00f3cios no mercado chin\u00eas - CRI e Diario de Pernambuco\" \/>\n<meta property=\"og:description\" content=\"O chileno Hern\u00e1n Garc\u00e9s Gazmuri \u00e9 gerente da Garces Fruit, maior empresa de cerejas local em termos de produ\u00e7\u00e3o e exporta\u00e7\u00e3o da fruta. Com a coopera\u00e7\u00e3o comercial cada vez mais estreita entre a China e o Chile nos \u00faltimos anos,...\" \/>\n<meta property=\"og:url\" content=\"https:\/\/diariodepe.com.br\/cri\/2023\/11\/03\/empresa-chilena-de-cerejas-expande-negocios-no-mercado-chines\/\" \/>\n<meta property=\"og:site_name\" content=\"CRI e Diario de Pernambuco\" \/>\n<meta property=\"article:published_time\" content=\"2023-11-03T07:29:35+00:00\" \/>\n<meta property=\"og:image\" content=\"https:\/\/diariodepe.com.br\/cri\/wp-content\/uploads\/sites\/2\/2023\/11\/2023103115054420287.jpg\" \/>\n\t<meta property=\"og:image:width\" content=\"1073\" \/>\n\t<meta property=\"og:image:height\" content=\"635\" \/>\n\t<meta property=\"og:image:type\" content=\"image\/jpeg\" \/>\n<meta name=\"author\" content=\"Ismael Lucas S. Pereira\" \/>\n<meta name=\"twitter:card\" content=\"summary_large_image\" \/>\n<meta name=\"twitter:label1\" content=\"Escrito por\" \/>\n\t<meta name=\"twitter:data1\" content=\"Ismael Lucas S. Pereira\" \/>\n\t<meta name=\"twitter:label2\" content=\"Est. tempo de leitura\" \/>\n\t<meta name=\"twitter:data2\" content=\"2 minutos\" \/>\n<script type=\"application\/ld+json\" class=\"yoast-schema-graph\">{\"@context\":\"https:\\\/\\\/schema.org\",\"@graph\":[{\"@type\":\"Article\",\"@id\":\"https:\\\/\\\/diariodepe.com.br\\\/cri\\\/2023\\\/11\\\/03\\\/empresa-chilena-de-cerejas-expande-negocios-no-mercado-chines\\\/#article\",\"isPartOf\":{\"@id\":\"https:\\\/\\\/diariodepe.com.br\\\/cri\\\/2023\\\/11\\\/03\\\/empresa-chilena-de-cerejas-expande-negocios-no-mercado-chines\\\/\"},\"author\":{\"name\":\"Ismael Lucas S. Pereira\",\"@id\":\"https:\\\/\\\/diariodepe.com.br\\\/cri\\\/#\\\/schema\\\/person\\\/121bb28d84f1a5b1205ef4ce9c2e0c6b\"},\"headline\":\"Empresa chilena de cerejas expande neg\u00f3cios no mercado chin\u00eas\",\"datePublished\":\"2023-11-03T07:29:35+00:00\",\"mainEntityOfPage\":{\"@id\":\"https:\\\/\\\/diariodepe.com.br\\\/cri\\\/2023\\\/11\\\/03\\\/empresa-chilena-de-cerejas-expande-negocios-no-mercado-chines\\\/\"},\"wordCount\":271,\"commentCount\":0,\"publisher\":{\"@id\":\"https:\\\/\\\/diariodepe.com.br\\\/cri\\\/#organization\"},\"image\":{\"@id\":\"https:\\\/\\\/diariodepe.com.br\\\/cri\\\/2023\\\/11\\\/03\\\/empresa-chilena-de-cerejas-expande-negocios-no-mercado-chines\\\/#primaryimage\"},\"thumbnailUrl\":\"https:\\\/\\\/diariodepe.com.br\\\/cri\\\/wp-content\\\/uploads\\\/sites\\\/2\\\/2023\\\/11\\\/2023103115054420287.jpg\",\"articleSection\":[\"Destaques Capa\"],\"inLanguage\":\"pt-BR\",\"potentialAction\":[{\"@type\":\"CommentAction\",\"name\":\"Comment\",\"target\":[\"https:\\\/\\\/diariodepe.com.br\\\/cri\\\/2023\\\/11\\\/03\\\/empresa-chilena-de-cerejas-expande-negocios-no-mercado-chines\\\/#respond\"]}]},{\"@type\":\"WebPage\",\"@id\":\"https:\\\/\\\/diariodepe.com.br\\\/cri\\\/2023\\\/11\\\/03\\\/empresa-chilena-de-cerejas-expande-negocios-no-mercado-chines\\\/\",\"url\":\"https:\\\/\\\/diariodepe.com.br\\\/cri\\\/2023\\\/11\\\/03\\\/empresa-chilena-de-cerejas-expande-negocios-no-mercado-chines\\\/\",\"name\":\"Empresa chilena de cerejas expande neg\u00f3cios no mercado chin\u00eas - CRI e Diario de Pernambuco\",\"isPartOf\":{\"@id\":\"https:\\\/\\\/diariodepe.com.br\\\/cri\\\/#website\"},\"primaryImageOfPage\":{\"@id\":\"https:\\\/\\\/diariodepe.com.br\\\/cri\\\/2023\\\/11\\\/03\\\/empresa-chilena-de-cerejas-expande-negocios-no-mercado-chines\\\/#primaryimage\"},\"image\":{\"@id\":\"https:\\\/\\\/diariodepe.com.br\\\/cri\\\/2023\\\/11\\\/03\\\/empresa-chilena-de-cerejas-expande-negocios-no-mercado-chines\\\/#primaryimage\"},\"thumbnailUrl\":\"https:\\\/\\\/diariodepe.com.br\\\/cri\\\/wp-content\\\/uploads\\\/sites\\\/2\\\/2023\\\/11\\\/2023103115054420287.jpg\",\"datePublished\":\"2023-11-03T07:29:35+00:00\",\"breadcrumb\":{\"@id\":\"https:\\\/\\\/diariodepe.com.br\\\/cri\\\/2023\\\/11\\\/03\\\/empresa-chilena-de-cerejas-expande-negocios-no-mercado-chines\\\/#breadcrumb\"},\"inLanguage\":\"pt-BR\",\"potentialAction\":[{\"@type\":\"ReadAction\",\"target\":[\"https:\\\/\\\/diariodepe.com.br\\\/cri\\\/2023\\\/11\\\/03\\\/empresa-chilena-de-cerejas-expande-negocios-no-mercado-chines\\\/\"]}]},{\"@type\":\"ImageObject\",\"inLanguage\":\"pt-BR\",\"@id\":\"https:\\\/\\\/diariodepe.com.br\\\/cri\\\/2023\\\/11\\\/03\\\/empresa-chilena-de-cerejas-expande-negocios-no-mercado-chines\\\/#primaryimage\",\"url\":\"https:\\\/\\\/diariodepe.com.br\\\/cri\\\/wp-content\\\/uploads\\\/sites\\\/2\\\/2023\\\/11\\\/2023103115054420287.jpg\",\"contentUrl\":\"https:\\\/\\\/diariodepe.com.br\\\/cri\\\/wp-content\\\/uploads\\\/sites\\\/2\\\/2023\\\/11\\\/2023103115054420287.jpg\",\"width\":1073,\"height\":635},{\"@type\":\"BreadcrumbList\",\"@id\":\"https:\\\/\\\/diariodepe.com.br\\\/cri\\\/2023\\\/11\\\/03\\\/empresa-chilena-de-cerejas-expande-negocios-no-mercado-chines\\\/#breadcrumb\",\"itemListElement\":[{\"@type\":\"ListItem\",\"position\":1,\"name\":\"In\u00edcio\",\"item\":\"https:\\\/\\\/diariodepe.com.br\\\/cri\\\/\"},{\"@type\":\"ListItem\",\"position\":2,\"name\":\"Empresa chilena de cerejas expande neg\u00f3cios no mercado chin\u00eas\"}]},{\"@type\":\"WebSite\",\"@id\":\"https:\\\/\\\/diariodepe.com.br\\\/cri\\\/#website\",\"url\":\"https:\\\/\\\/diariodepe.com.br\\\/cri\\\/\",\"name\":\"CRI e Diario de Pernambuco\",\"description\":\"R\u00e1dio Internacional da China\",\"publisher\":{\"@id\":\"https:\\\/\\\/diariodepe.com.br\\\/cri\\\/#organization\"},\"potentialAction\":[{\"@type\":\"SearchAction\",\"target\":{\"@type\":\"EntryPoint\",\"urlTemplate\":\"https:\\\/\\\/diariodepe.com.br\\\/cri\\\/?s={search_term_string}\"},\"query-input\":{\"@type\":\"PropertyValueSpecification\",\"valueRequired\":true,\"valueName\":\"search_term_string\"}}],\"inLanguage\":\"pt-BR\"},{\"@type\":\"Organization\",\"@id\":\"https:\\\/\\\/diariodepe.com.br\\\/cri\\\/#organization\",\"name\":\"CRI e Diario de Pernambuco\",\"url\":\"https:\\\/\\\/diariodepe.com.br\\\/cri\\\/\",\"logo\":{\"@type\":\"ImageObject\",\"inLanguage\":\"pt-BR\",\"@id\":\"https:\\\/\\\/diariodepe.com.br\\\/cri\\\/#\\\/schema\\\/logo\\\/image\\\/\",\"url\":\"https:\\\/\\\/diariodepe.com.br\\\/cri\\\/wp-content\\\/uploads\\\/sites\\\/2\\\/2022\\\/12\\\/cropped-Logo.jpg\",\"contentUrl\":\"https:\\\/\\\/diariodepe.com.br\\\/cri\\\/wp-content\\\/uploads\\\/sites\\\/2\\\/2022\\\/12\\\/cropped-Logo.jpg\",\"width\":700,\"height\":59,\"caption\":\"CRI e Diario de Pernambuco\"},\"image\":{\"@id\":\"https:\\\/\\\/diariodepe.com.br\\\/cri\\\/#\\\/schema\\\/logo\\\/image\\\/\"}},{\"@type\":\"Person\",\"@id\":\"https:\\\/\\\/diariodepe.com.br\\\/cri\\\/#\\\/schema\\\/person\\\/121bb28d84f1a5b1205ef4ce9c2e0c6b\",\"name\":\"Ismael Lucas S. Pereira\",\"image\":{\"@type\":\"ImageObject\",\"inLanguage\":\"pt-BR\",\"@id\":\"https:\\\/\\\/secure.gravatar.com\\\/avatar\\\/887a0f3b5a7ceea963a48499fb883ffce6b5037362def025c52c2505b15d63e4?s=96&d=mm&r=g\",\"url\":\"https:\\\/\\\/secure.gravatar.com\\\/avatar\\\/887a0f3b5a7ceea963a48499fb883ffce6b5037362def025c52c2505b15d63e4?s=96&d=mm&r=g\",\"contentUrl\":\"https:\\\/\\\/secure.gravatar.com\\\/avatar\\\/887a0f3b5a7ceea963a48499fb883ffce6b5037362def025c52c2505b15d63e4?s=96&d=mm&r=g\",\"caption\":\"Ismael Lucas S. Pereira\"},\"url\":\"https:\\\/\\\/diariodepe.com.br\\\/cri\\\/author\\\/ismael-lucas\\\/\"}]}<\/script>\n<!-- \/ Yoast SEO plugin. -->","yoast_head_json":{"title":"Empresa chilena de cerejas expande neg\u00f3cios no mercado chin\u00eas - CRI e Diario de Pernambuco","robots":{"index":"index","follow":"follow","max-snippet":"max-snippet:-1","max-image-preview":"max-image-preview:large","max-video-preview":"max-video-preview:-1"},"canonical":"https:\/\/diariodepe.com.br\/cri\/2023\/11\/03\/empresa-chilena-de-cerejas-expande-negocios-no-mercado-chines\/","og_locale":"pt_BR","og_type":"article","og_title":"Empresa chilena de cerejas expande neg\u00f3cios no mercado chin\u00eas - CRI e Diario de Pernambuco","og_description":"O chileno Hern\u00e1n Garc\u00e9s Gazmuri \u00e9 gerente da Garces Fruit, maior empresa de cerejas local em termos de produ\u00e7\u00e3o e exporta\u00e7\u00e3o da fruta. Com a coopera\u00e7\u00e3o comercial cada vez mais estreita entre a China e o Chile nos \u00faltimos anos,...","og_url":"https:\/\/diariodepe.com.br\/cri\/2023\/11\/03\/empresa-chilena-de-cerejas-expande-negocios-no-mercado-chines\/","og_site_name":"CRI e Diario de Pernambuco","article_published_time":"2023-11-03T07:29:35+00:00","og_image":[{"width":1073,"height":635,"url":"https:\/\/diariodepe.com.br\/cri\/wp-content\/uploads\/sites\/2\/2023\/11\/2023103115054420287.jpg","type":"image\/jpeg"}],"author":"Ismael Lucas S. Pereira","twitter_card":"summary_large_image","twitter_misc":{"Escrito por":"Ismael Lucas S. Pereira","Est. tempo de leitura":"2 minutos"},"schema":{"@context":"https:\/\/schema.org","@graph":[{"@type":"Article","@id":"https:\/\/diariodepe.com.br\/cri\/2023\/11\/03\/empresa-chilena-de-cerejas-expande-negocios-no-mercado-chines\/#article","isPartOf":{"@id":"https:\/\/diariodepe.com.br\/cri\/2023\/11\/03\/empresa-chilena-de-cerejas-expande-negocios-no-mercado-chines\/"},"author":{"name":"Ismael Lucas S. Pereira","@id":"https:\/\/diariodepe.com.br\/cri\/#\/schema\/person\/121bb28d84f1a5b1205ef4ce9c2e0c6b"},"headline":"Empresa chilena de cerejas expande neg\u00f3cios no mercado chin\u00eas","datePublished":"2023-11-03T07:29:35+00:00","mainEntityOfPage":{"@id":"https:\/\/diariodepe.com.br\/cri\/2023\/11\/03\/empresa-chilena-de-cerejas-expande-negocios-no-mercado-chines\/"},"wordCount":271,"commentCount":0,"publisher":{"@id":"https:\/\/diariodepe.com.br\/cri\/#organization"},"image":{"@id":"https:\/\/diariodepe.com.br\/cri\/2023\/11\/03\/empresa-chilena-de-cerejas-expande-negocios-no-mercado-chines\/#primaryimage"},"thumbnailUrl":"https:\/\/diariodepe.com.br\/cri\/wp-content\/uploads\/sites\/2\/2023\/11\/2023103115054420287.jpg","articleSection":["Destaques Capa"],"inLanguage":"pt-BR","potentialAction":[{"@type":"CommentAction","name":"Comment","target":["https:\/\/diariodepe.com.br\/cri\/2023\/11\/03\/empresa-chilena-de-cerejas-expande-negocios-no-mercado-chines\/#respond"]}]},{"@type":"WebPage","@id":"https:\/\/diariodepe.com.br\/cri\/2023\/11\/03\/empresa-chilena-de-cerejas-expande-negocios-no-mercado-chines\/","url":"https:\/\/diariodepe.com.br\/cri\/2023\/11\/03\/empresa-chilena-de-cerejas-expande-negocios-no-mercado-chines\/","name":"Empresa chilena de cerejas expande neg\u00f3cios no mercado chin\u00eas - CRI e Diario de Pernambuco","isPartOf":{"@id":"https:\/\/diariodepe.com.br\/cri\/#website"},"primaryImageOfPage":{"@id":"https:\/\/diariodepe.com.br\/cri\/2023\/11\/03\/empresa-chilena-de-cerejas-expande-negocios-no-mercado-chines\/#primaryimage"},"image":{"@id":"https:\/\/diariodepe.com.br\/cri\/2023\/11\/03\/empresa-chilena-de-cerejas-expande-negocios-no-mercado-chines\/#primaryimage"},"thumbnailUrl":"https:\/\/diariodepe.com.br\/cri\/wp-content\/uploads\/sites\/2\/2023\/11\/2023103115054420287.jpg","datePublished":"2023-11-03T07:29:35+00:00","breadcrumb":{"@id":"https:\/\/diariodepe.com.br\/cri\/2023\/11\/03\/empresa-chilena-de-cerejas-expande-negocios-no-mercado-chines\/#breadcrumb"},"inLanguage":"pt-BR","potentialAction":[{"@type":"ReadAction","target":["https:\/\/diariodepe.com.br\/cri\/2023\/11\/03\/empresa-chilena-de-cerejas-expande-negocios-no-mercado-chines\/"]}]},{"@type":"ImageObject","inLanguage":"pt-BR","@id":"https:\/\/diariodepe.com.br\/cri\/2023\/11\/03\/empresa-chilena-de-cerejas-expande-negocios-no-mercado-chines\/#primaryimage","url":"https:\/\/diariodepe.com.br\/cri\/wp-content\/uploads\/sites\/2\/2023\/11\/2023103115054420287.jpg","contentUrl":"https:\/\/diariodepe.com.br\/cri\/wp-content\/uploads\/sites\/2\/2023\/11\/2023103115054420287.jpg","width":1073,"height":635},{"@type":"BreadcrumbList","@id":"https:\/\/diariodepe.com.br\/cri\/2023\/11\/03\/empresa-chilena-de-cerejas-expande-negocios-no-mercado-chines\/#breadcrumb","itemListElement":[{"@type":"ListItem","position":1,"name":"In\u00edcio","item":"https:\/\/diariodepe.com.br\/cri\/"},{"@type":"ListItem","position":2,"name":"Empresa chilena de cerejas expande neg\u00f3cios no mercado chin\u00eas"}]},{"@type":"WebSite","@id":"https:\/\/diariodepe.com.br\/cri\/#website","url":"https:\/\/diariodepe.com.br\/cri\/","name":"CRI e Diario de Pernambuco","description":"R\u00e1dio Internacional da China","publisher":{"@id":"https:\/\/diariodepe.com.br\/cri\/#organization"},"potentialAction":[{"@type":"SearchAction","target":{"@type":"EntryPoint","urlTemplate":"https:\/\/diariodepe.com.br\/cri\/?s={search_term_string}"},"query-input":{"@type":"PropertyValueSpecification","valueRequired":true,"valueName":"search_term_string"}}],"inLanguage":"pt-BR"},{"@type":"Organization","@id":"https:\/\/diariodepe.com.br\/cri\/#organization","name":"CRI e Diario de Pernambuco","url":"https:\/\/diariodepe.com.br\/cri\/","logo":{"@type":"ImageObject","inLanguage":"pt-BR","@id":"https:\/\/diariodepe.com.br\/cri\/#\/schema\/logo\/image\/","url":"https:\/\/diariodepe.com.br\/cri\/wp-content\/uploads\/sites\/2\/2022\/12\/cropped-Logo.jpg","contentUrl":"https:\/\/diariodepe.com.br\/cri\/wp-content\/uploads\/sites\/2\/2022\/12\/cropped-Logo.jpg","width":700,"height":59,"caption":"CRI e Diario de Pernambuco"},"image":{"@id":"https:\/\/diariodepe.com.br\/cri\/#\/schema\/logo\/image\/"}},{"@type":"Person","@id":"https:\/\/diariodepe.com.br\/cri\/#\/schema\/person\/121bb28d84f1a5b1205ef4ce9c2e0c6b","name":"Ismael Lucas S. Pereira","image":{"@type":"ImageObject","inLanguage":"pt-BR","@id":"https:\/\/secure.gravatar.com\/avatar\/887a0f3b5a7ceea963a48499fb883ffce6b5037362def025c52c2505b15d63e4?s=96&d=mm&r=g","url":"https:\/\/secure.gravatar.com\/avatar\/887a0f3b5a7ceea963a48499fb883ffce6b5037362def025c52c2505b15d63e4?s=96&d=mm&r=g","contentUrl":"https:\/\/secure.gravatar.com\/avatar\/887a0f3b5a7ceea963a48499fb883ffce6b5037362def025c52c2505b15d63e4?s=96&d=mm&r=g","caption":"Ismael Lucas S. Pereira"},"url":"https:\/\/diariodepe.com.br\/cri\/author\/ismael-lucas\/"}]}},"cc_featured_image_caption":{"caption_text":false,"source_text":false,"source_url":false},"amp_enabled":true,"_links":{"self":[{"href":"https:\/\/diariodepe.com.br\/cri\/wp-json\/wp\/v2\/posts\/3316","targetHints":{"allow":["GET"]}}],"collection":[{"href":"https:\/\/diariodepe.com.br\/cri\/wp-json\/wp\/v2\/posts"}],"about":[{"href":"https:\/\/diariodepe.com.br\/cri\/wp-json\/wp\/v2\/types\/post"}],"author":[{"embeddable":true,"href":"https:\/\/diariodepe.com.br\/cri\/wp-json\/wp\/v2\/users\/2"}],"replies":[{"embeddable":true,"href":"https:\/\/diariodepe.com.br\/cri\/wp-json\/wp\/v2\/comments?post=3316"}],"version-history":[{"count":1,"href":"https:\/\/diariodepe.com.br\/cri\/wp-json\/wp\/v2\/posts\/3316\/revisions"}],"predecessor-version":[{"id":3318,"href":"https:\/\/diariodepe.com.br\/cri\/wp-json\/wp\/v2\/posts\/3316\/revisions\/3318"}],"wp:featuredmedia":[{"embeddable":true,"href":"https:\/\/diariodepe.com.br\/cri\/wp-json\/wp\/v2\/media\/3317"}],"wp:attachment":[{"href":"https:\/\/diariodepe.com.br\/cri\/wp-json\/wp\/v2\/media?parent=3316"}],"wp:term":[{"taxonomy":"category","embeddable":true,"href":"https:\/\/diariodepe.com.br\/cri\/wp-json\/wp\/v2\/categories?post=3316"},{"taxonomy":"post_tag","embeddable":true,"href":"https:\/\/diariodepe.com.br\/cri\/wp-json\/wp\/v2\/tags?post=3316"}],"curies":[{"name":"wp","href":"https:\/\/api.w.org\/{rel}","templated":true}]}}