{"id":3305,"date":"2023-11-01T05:49:38","date_gmt":"2023-11-01T08:49:38","guid":{"rendered":"https:\/\/diariodepe.com.br\/cri\/?p=3305"},"modified":"2023-11-01T05:50:55","modified_gmt":"2023-11-01T08:50:55","slug":"empresarios-chineses-em-angola-aplaudem-isencao-de-vistos-para-turistas","status":"publish","type":"post","link":"https:\/\/diariodepe.com.br\/cri\/2023\/11\/01\/empresarios-chineses-em-angola-aplaudem-isencao-de-vistos-para-turistas\/","title":{"rendered":"Empres\u00e1rios chineses em Angola aplaudem isen\u00e7\u00e3o de vistos para turistas"},"content":{"rendered":"<p>Um grupo de empres\u00e1rios chineses com investimentos em Angola reagiu com enorme satisfa\u00e7\u00e3o ao Decreto Presidencial n.\u00ba 189\/23, publicado em Di\u00e1rio da Rep\u00fablica no princ\u00edpio do m\u00eas em curso, sobre a isen\u00e7\u00e3o de vistos de turismo a cidad\u00e3os de 98 pa\u00edses, incluindo a China, para estadias anuais em territ\u00f3rio angolano inferiores a 90 dias por ano.<\/p>\n<p>Em entrevista ao Grupo de M\u00eddia da China (CMG, na sigla em ingl\u00eas), em Luanda, a empres\u00e1ria chinesa Michelle, que tem investimentos em peixaria, alimenta\u00e7\u00e3o, f\u00e1brica de \u00f3leo de soja e autom\u00f3veis ligeiros e pesados, a iniciativa do Presidente de Angola merece ser enaltecida, sobretudo por representar uma abertura do pa\u00eds ao turismo estrangeiro.<\/p>\n<p>\u201cEsta medida tem grande relev\u00e2ncia, porque a abertura dos vistos de turismo vai facilitar muitos chineses a virem para Angola. Antes era um pouco dif\u00edcil obter o visto, mas agora ser\u00e1 muito mais aliciante e agrad\u00e1vel para os nossos compatriotas chineses\u201d, disse.<\/p>\n<p>A comerciante, que usa um apelido de nome ingl\u00eas, referiu ainda estar com \u201cenorme expectativa\u201d de que com a vinda de muitos turistas, tanto da China como de outros pa\u00edses, \u201cAngola ganhar\u00e1 muito mais com o turismo\u201d, admitindo a possibilidade de surgir mais oportunidades de investimentos para o pa\u00eds africano.<\/p>\n<p>Quem se mostrou igualmente feliz com o Decreto Presidencial angolano \u00e9 a empres\u00e1ria Helena (apelido angolano), tendo assegurado estar confiante que o Presidente Jo\u00e3o Louren\u00e7o n\u00e3o vai se arrepender por ter tomado a decis\u00e3o de isentar os vistos para turistas que pretendam conhecer o pa\u00eds.<\/p>\n<p>\u201cAngola est\u00e1 numa fase de desenvolvimento e diversifica\u00e7\u00e3o da sua economia e precisa tamb\u00e9m do turismo. Os chineses est\u00e3o muito interessados em conhecer Angola e de descobrir oportunidades de investimento\u201d, afirmou.<\/p>\n<p>Outro empres\u00e1rio chin\u00eas, que usa como apelido Nelson Mandela, em homenagem ao antigo Presidente da \u00c1frica do Sul, confessou que a not\u00edcia sobre a isen\u00e7\u00e3o de vistos para os cidad\u00e3os chineses e de outros pa\u00edses vai ajudar a unir os povos e as respectivas culturas.<\/p>\n<p>\u201cAntes precisava tratar visto e tinha dificuldades, mas agora a isen\u00e7\u00e3o de vistos facilita a vida aos chineses. J\u00e1 vamos poder estar em Angola durante duas a tr\u00eas semanas e regressar para a China\u201d, revelou, referindo que quando qualquer cidad\u00e3o chin\u00eas quiser fazer algum investimento poder\u00e1 tratar de visto de trabalho.<\/p>\n<p>\u201cTemos neg\u00f3cios em Angola e a nossa empresa \u00e9 uma f\u00e1brica de sacos de pl\u00e1stico\u201d, acrescentou.<\/p>\n<p>Eurico \u00e9 um empres\u00e1rio chin\u00eas com investimentos no sector da Constru\u00e7\u00e3o Civil. Revelou que como impacto \u201ca medida para o visto vai facilitar muito a circula\u00e7\u00e3o de chineses que est\u00e3o em Angola\u201d, assegurando que a iniciativa vem confirmar, ainda, a vontade do Executivo angolano no sentido de atrair mais investimento.<\/p>\n<p>\u201cIsso mostra a posi\u00e7\u00e3o de abertura de Angola ao mundo, n\u00e3o apenas para a China, mas para os demais pa\u00edses\u201d, sublinhou.<\/p>\n<p>O Governo de Angola tomou a decis\u00e3o de isentar vistos para os turistas que pretendam visitar o pa\u00eds, no \u00e2mbito de um programa que visa simplificar e agilizar o processo.<\/p>\n<p>Os cidad\u00e3os benefici\u00e1rios dos 98 pa\u00edses poder\u00e3o usufruir da isen\u00e7\u00e3o de vistos de turismo, podendo permanecer at\u00e9 30 dias por entrada em Angola e at\u00e9 90 dias por ano.<\/p>\n<p>No entanto, esta isen\u00e7\u00e3o n\u00e3o dispensa o cumprimento de outras formalidades, como a apresenta\u00e7\u00e3o de um passaporte v\u00e1lido por mais de seis meses e, quando necess\u00e1rio, um certificado internacional de vacina\u00e7\u00e3o.<\/p>\n<p>Para o continente asi\u00e1tico, est\u00e3o isentos 11 pa\u00edses, designadamente os Emirados \u00c1rabes Unidos, Israel, Qatar, Jap\u00e3o, Ar\u00e1bia Saudita, Coreia do Sul, \u00cdndia, Indon\u00e9sia, Singapura, Timor-Leste e China. Na Europa, est\u00e3o contemplados 35 pa\u00edses, incluindo Portugal. No continente americano, foram seleccionados oito pa\u00edses, o Brasil est\u00e1 na lista.<\/p>\n<p>Por Paulo Caculo (Jornalista do Jornal de Angola)<\/p>\n","protected":false},"excerpt":{"rendered":"<p>Um grupo de empres\u00e1rios chineses com investimentos em Angola reagiu com enorme satisfa\u00e7\u00e3o ao Decreto Presidencial n.\u00ba 189\/23, publicado em Di\u00e1rio da Rep\u00fablica no princ\u00edpio do m\u00eas em curso, sobre a isen\u00e7\u00e3o de vistos de turismo a cidad\u00e3os de 98&#8230;<\/p>\n","protected":false},"author":2,"featured_media":0,"comment_status":"open","ping_status":"open","sticky":false,"template":"","format":"standard","meta":{"footnotes":""},"categories":[8],"tags":[],"class_list":["post-3305","post","type-post","status-publish","format-standard","hentry","category-internacional"],"yoast_head":"<!-- This site is optimized with the Yoast SEO plugin v27.4 - https:\/\/yoast.com\/product\/yoast-seo-wordpress\/ -->\n<title>Empres\u00e1rios chineses em Angola aplaudem isen\u00e7\u00e3o de vistos para turistas - CRI e Diario de Pernambuco<\/title>\n<meta name=\"robots\" content=\"index, follow, max-snippet:-1, max-image-preview:large, max-video-preview:-1\" \/>\n<link rel=\"canonical\" href=\"https:\/\/diariodepe.com.br\/cri\/2023\/11\/01\/empresarios-chineses-em-angola-aplaudem-isencao-de-vistos-para-turistas\/\" \/>\n<meta property=\"og:locale\" content=\"pt_BR\" \/>\n<meta property=\"og:type\" content=\"article\" \/>\n<meta property=\"og:title\" content=\"Empres\u00e1rios chineses em Angola aplaudem isen\u00e7\u00e3o de vistos para turistas - CRI e Diario de Pernambuco\" \/>\n<meta property=\"og:description\" content=\"Um grupo de empres\u00e1rios chineses com investimentos em Angola reagiu com enorme satisfa\u00e7\u00e3o ao Decreto Presidencial n.\u00ba 189\/23, publicado em Di\u00e1rio da Rep\u00fablica no princ\u00edpio do m\u00eas em curso, sobre a isen\u00e7\u00e3o de vistos de turismo a cidad\u00e3os de 98...\" \/>\n<meta property=\"og:url\" content=\"https:\/\/diariodepe.com.br\/cri\/2023\/11\/01\/empresarios-chineses-em-angola-aplaudem-isencao-de-vistos-para-turistas\/\" \/>\n<meta property=\"og:site_name\" content=\"CRI e Diario de Pernambuco\" \/>\n<meta property=\"article:published_time\" content=\"2023-11-01T08:49:38+00:00\" \/>\n<meta property=\"article:modified_time\" content=\"2023-11-01T08:50:55+00:00\" \/>\n<meta name=\"author\" content=\"Ismael Lucas S. Pereira\" \/>\n<meta name=\"twitter:card\" content=\"summary_large_image\" \/>\n<meta name=\"twitter:label1\" content=\"Escrito por\" \/>\n\t<meta name=\"twitter:data1\" content=\"Ismael Lucas S. Pereira\" \/>\n\t<meta name=\"twitter:label2\" content=\"Est. tempo de leitura\" \/>\n\t<meta name=\"twitter:data2\" content=\"4 minutos\" \/>\n<script type=\"application\/ld+json\" class=\"yoast-schema-graph\">{\"@context\":\"https:\\\/\\\/schema.org\",\"@graph\":[{\"@type\":\"Article\",\"@id\":\"https:\\\/\\\/diariodepe.com.br\\\/cri\\\/2023\\\/11\\\/01\\\/empresarios-chineses-em-angola-aplaudem-isencao-de-vistos-para-turistas\\\/#article\",\"isPartOf\":{\"@id\":\"https:\\\/\\\/diariodepe.com.br\\\/cri\\\/2023\\\/11\\\/01\\\/empresarios-chineses-em-angola-aplaudem-isencao-de-vistos-para-turistas\\\/\"},\"author\":{\"name\":\"Ismael Lucas S. Pereira\",\"@id\":\"https:\\\/\\\/diariodepe.com.br\\\/cri\\\/#\\\/schema\\\/person\\\/121bb28d84f1a5b1205ef4ce9c2e0c6b\"},\"headline\":\"Empres\u00e1rios chineses em Angola aplaudem isen\u00e7\u00e3o de vistos para turistas\",\"datePublished\":\"2023-11-01T08:49:38+00:00\",\"dateModified\":\"2023-11-01T08:50:55+00:00\",\"mainEntityOfPage\":{\"@id\":\"https:\\\/\\\/diariodepe.com.br\\\/cri\\\/2023\\\/11\\\/01\\\/empresarios-chineses-em-angola-aplaudem-isencao-de-vistos-para-turistas\\\/\"},\"wordCount\":682,\"commentCount\":0,\"publisher\":{\"@id\":\"https:\\\/\\\/diariodepe.com.br\\\/cri\\\/#organization\"},\"articleSection\":[\"Internacional\"],\"inLanguage\":\"pt-BR\",\"potentialAction\":[{\"@type\":\"CommentAction\",\"name\":\"Comment\",\"target\":[\"https:\\\/\\\/diariodepe.com.br\\\/cri\\\/2023\\\/11\\\/01\\\/empresarios-chineses-em-angola-aplaudem-isencao-de-vistos-para-turistas\\\/#respond\"]}]},{\"@type\":\"WebPage\",\"@id\":\"https:\\\/\\\/diariodepe.com.br\\\/cri\\\/2023\\\/11\\\/01\\\/empresarios-chineses-em-angola-aplaudem-isencao-de-vistos-para-turistas\\\/\",\"url\":\"https:\\\/\\\/diariodepe.com.br\\\/cri\\\/2023\\\/11\\\/01\\\/empresarios-chineses-em-angola-aplaudem-isencao-de-vistos-para-turistas\\\/\",\"name\":\"Empres\u00e1rios chineses em Angola aplaudem isen\u00e7\u00e3o de vistos para turistas - CRI e Diario de Pernambuco\",\"isPartOf\":{\"@id\":\"https:\\\/\\\/diariodepe.com.br\\\/cri\\\/#website\"},\"datePublished\":\"2023-11-01T08:49:38+00:00\",\"dateModified\":\"2023-11-01T08:50:55+00:00\",\"breadcrumb\":{\"@id\":\"https:\\\/\\\/diariodepe.com.br\\\/cri\\\/2023\\\/11\\\/01\\\/empresarios-chineses-em-angola-aplaudem-isencao-de-vistos-para-turistas\\\/#breadcrumb\"},\"inLanguage\":\"pt-BR\",\"potentialAction\":[{\"@type\":\"ReadAction\",\"target\":[\"https:\\\/\\\/diariodepe.com.br\\\/cri\\\/2023\\\/11\\\/01\\\/empresarios-chineses-em-angola-aplaudem-isencao-de-vistos-para-turistas\\\/\"]}]},{\"@type\":\"BreadcrumbList\",\"@id\":\"https:\\\/\\\/diariodepe.com.br\\\/cri\\\/2023\\\/11\\\/01\\\/empresarios-chineses-em-angola-aplaudem-isencao-de-vistos-para-turistas\\\/#breadcrumb\",\"itemListElement\":[{\"@type\":\"ListItem\",\"position\":1,\"name\":\"In\u00edcio\",\"item\":\"https:\\\/\\\/diariodepe.com.br\\\/cri\\\/\"},{\"@type\":\"ListItem\",\"position\":2,\"name\":\"Empres\u00e1rios chineses em Angola aplaudem isen\u00e7\u00e3o de vistos para turistas\"}]},{\"@type\":\"WebSite\",\"@id\":\"https:\\\/\\\/diariodepe.com.br\\\/cri\\\/#website\",\"url\":\"https:\\\/\\\/diariodepe.com.br\\\/cri\\\/\",\"name\":\"CRI e Diario de Pernambuco\",\"description\":\"R\u00e1dio Internacional da China\",\"publisher\":{\"@id\":\"https:\\\/\\\/diariodepe.com.br\\\/cri\\\/#organization\"},\"potentialAction\":[{\"@type\":\"SearchAction\",\"target\":{\"@type\":\"EntryPoint\",\"urlTemplate\":\"https:\\\/\\\/diariodepe.com.br\\\/cri\\\/?s={search_term_string}\"},\"query-input\":{\"@type\":\"PropertyValueSpecification\",\"valueRequired\":true,\"valueName\":\"search_term_string\"}}],\"inLanguage\":\"pt-BR\"},{\"@type\":\"Organization\",\"@id\":\"https:\\\/\\\/diariodepe.com.br\\\/cri\\\/#organization\",\"name\":\"CRI e Diario de Pernambuco\",\"url\":\"https:\\\/\\\/diariodepe.com.br\\\/cri\\\/\",\"logo\":{\"@type\":\"ImageObject\",\"inLanguage\":\"pt-BR\",\"@id\":\"https:\\\/\\\/diariodepe.com.br\\\/cri\\\/#\\\/schema\\\/logo\\\/image\\\/\",\"url\":\"https:\\\/\\\/diariodepe.com.br\\\/cri\\\/wp-content\\\/uploads\\\/sites\\\/2\\\/2022\\\/12\\\/cropped-Logo.jpg\",\"contentUrl\":\"https:\\\/\\\/diariodepe.com.br\\\/cri\\\/wp-content\\\/uploads\\\/sites\\\/2\\\/2022\\\/12\\\/cropped-Logo.jpg\",\"width\":700,\"height\":59,\"caption\":\"CRI e Diario de Pernambuco\"},\"image\":{\"@id\":\"https:\\\/\\\/diariodepe.com.br\\\/cri\\\/#\\\/schema\\\/logo\\\/image\\\/\"}},{\"@type\":\"Person\",\"@id\":\"https:\\\/\\\/diariodepe.com.br\\\/cri\\\/#\\\/schema\\\/person\\\/121bb28d84f1a5b1205ef4ce9c2e0c6b\",\"name\":\"Ismael Lucas S. Pereira\",\"image\":{\"@type\":\"ImageObject\",\"inLanguage\":\"pt-BR\",\"@id\":\"https:\\\/\\\/secure.gravatar.com\\\/avatar\\\/887a0f3b5a7ceea963a48499fb883ffce6b5037362def025c52c2505b15d63e4?s=96&d=mm&r=g\",\"url\":\"https:\\\/\\\/secure.gravatar.com\\\/avatar\\\/887a0f3b5a7ceea963a48499fb883ffce6b5037362def025c52c2505b15d63e4?s=96&d=mm&r=g\",\"contentUrl\":\"https:\\\/\\\/secure.gravatar.com\\\/avatar\\\/887a0f3b5a7ceea963a48499fb883ffce6b5037362def025c52c2505b15d63e4?s=96&d=mm&r=g\",\"caption\":\"Ismael Lucas S. Pereira\"},\"url\":\"https:\\\/\\\/diariodepe.com.br\\\/cri\\\/author\\\/ismael-lucas\\\/\"}]}<\/script>\n<!-- \/ Yoast SEO plugin. -->","yoast_head_json":{"title":"Empres\u00e1rios chineses em Angola aplaudem isen\u00e7\u00e3o de vistos para turistas - CRI e Diario de Pernambuco","robots":{"index":"index","follow":"follow","max-snippet":"max-snippet:-1","max-image-preview":"max-image-preview:large","max-video-preview":"max-video-preview:-1"},"canonical":"https:\/\/diariodepe.com.br\/cri\/2023\/11\/01\/empresarios-chineses-em-angola-aplaudem-isencao-de-vistos-para-turistas\/","og_locale":"pt_BR","og_type":"article","og_title":"Empres\u00e1rios chineses em Angola aplaudem isen\u00e7\u00e3o de vistos para turistas - CRI e Diario de Pernambuco","og_description":"Um grupo de empres\u00e1rios chineses com investimentos em Angola reagiu com enorme satisfa\u00e7\u00e3o ao Decreto Presidencial n.\u00ba 189\/23, publicado em Di\u00e1rio da Rep\u00fablica no princ\u00edpio do m\u00eas em curso, sobre a isen\u00e7\u00e3o de vistos de turismo a cidad\u00e3os de 98...","og_url":"https:\/\/diariodepe.com.br\/cri\/2023\/11\/01\/empresarios-chineses-em-angola-aplaudem-isencao-de-vistos-para-turistas\/","og_site_name":"CRI e Diario de Pernambuco","article_published_time":"2023-11-01T08:49:38+00:00","article_modified_time":"2023-11-01T08:50:55+00:00","author":"Ismael Lucas S. Pereira","twitter_card":"summary_large_image","twitter_misc":{"Escrito por":"Ismael Lucas S. Pereira","Est. tempo de leitura":"4 minutos"},"schema":{"@context":"https:\/\/schema.org","@graph":[{"@type":"Article","@id":"https:\/\/diariodepe.com.br\/cri\/2023\/11\/01\/empresarios-chineses-em-angola-aplaudem-isencao-de-vistos-para-turistas\/#article","isPartOf":{"@id":"https:\/\/diariodepe.com.br\/cri\/2023\/11\/01\/empresarios-chineses-em-angola-aplaudem-isencao-de-vistos-para-turistas\/"},"author":{"name":"Ismael Lucas S. Pereira","@id":"https:\/\/diariodepe.com.br\/cri\/#\/schema\/person\/121bb28d84f1a5b1205ef4ce9c2e0c6b"},"headline":"Empres\u00e1rios chineses em Angola aplaudem isen\u00e7\u00e3o de vistos para turistas","datePublished":"2023-11-01T08:49:38+00:00","dateModified":"2023-11-01T08:50:55+00:00","mainEntityOfPage":{"@id":"https:\/\/diariodepe.com.br\/cri\/2023\/11\/01\/empresarios-chineses-em-angola-aplaudem-isencao-de-vistos-para-turistas\/"},"wordCount":682,"commentCount":0,"publisher":{"@id":"https:\/\/diariodepe.com.br\/cri\/#organization"},"articleSection":["Internacional"],"inLanguage":"pt-BR","potentialAction":[{"@type":"CommentAction","name":"Comment","target":["https:\/\/diariodepe.com.br\/cri\/2023\/11\/01\/empresarios-chineses-em-angola-aplaudem-isencao-de-vistos-para-turistas\/#respond"]}]},{"@type":"WebPage","@id":"https:\/\/diariodepe.com.br\/cri\/2023\/11\/01\/empresarios-chineses-em-angola-aplaudem-isencao-de-vistos-para-turistas\/","url":"https:\/\/diariodepe.com.br\/cri\/2023\/11\/01\/empresarios-chineses-em-angola-aplaudem-isencao-de-vistos-para-turistas\/","name":"Empres\u00e1rios chineses em Angola aplaudem isen\u00e7\u00e3o de vistos para turistas - CRI e Diario de Pernambuco","isPartOf":{"@id":"https:\/\/diariodepe.com.br\/cri\/#website"},"datePublished":"2023-11-01T08:49:38+00:00","dateModified":"2023-11-01T08:50:55+00:00","breadcrumb":{"@id":"https:\/\/diariodepe.com.br\/cri\/2023\/11\/01\/empresarios-chineses-em-angola-aplaudem-isencao-de-vistos-para-turistas\/#breadcrumb"},"inLanguage":"pt-BR","potentialAction":[{"@type":"ReadAction","target":["https:\/\/diariodepe.com.br\/cri\/2023\/11\/01\/empresarios-chineses-em-angola-aplaudem-isencao-de-vistos-para-turistas\/"]}]},{"@type":"BreadcrumbList","@id":"https:\/\/diariodepe.com.br\/cri\/2023\/11\/01\/empresarios-chineses-em-angola-aplaudem-isencao-de-vistos-para-turistas\/#breadcrumb","itemListElement":[{"@type":"ListItem","position":1,"name":"In\u00edcio","item":"https:\/\/diariodepe.com.br\/cri\/"},{"@type":"ListItem","position":2,"name":"Empres\u00e1rios chineses em Angola aplaudem isen\u00e7\u00e3o de vistos para turistas"}]},{"@type":"WebSite","@id":"https:\/\/diariodepe.com.br\/cri\/#website","url":"https:\/\/diariodepe.com.br\/cri\/","name":"CRI e Diario de Pernambuco","description":"R\u00e1dio Internacional da China","publisher":{"@id":"https:\/\/diariodepe.com.br\/cri\/#organization"},"potentialAction":[{"@type":"SearchAction","target":{"@type":"EntryPoint","urlTemplate":"https:\/\/diariodepe.com.br\/cri\/?s={search_term_string}"},"query-input":{"@type":"PropertyValueSpecification","valueRequired":true,"valueName":"search_term_string"}}],"inLanguage":"pt-BR"},{"@type":"Organization","@id":"https:\/\/diariodepe.com.br\/cri\/#organization","name":"CRI e Diario de Pernambuco","url":"https:\/\/diariodepe.com.br\/cri\/","logo":{"@type":"ImageObject","inLanguage":"pt-BR","@id":"https:\/\/diariodepe.com.br\/cri\/#\/schema\/logo\/image\/","url":"https:\/\/diariodepe.com.br\/cri\/wp-content\/uploads\/sites\/2\/2022\/12\/cropped-Logo.jpg","contentUrl":"https:\/\/diariodepe.com.br\/cri\/wp-content\/uploads\/sites\/2\/2022\/12\/cropped-Logo.jpg","width":700,"height":59,"caption":"CRI e Diario de Pernambuco"},"image":{"@id":"https:\/\/diariodepe.com.br\/cri\/#\/schema\/logo\/image\/"}},{"@type":"Person","@id":"https:\/\/diariodepe.com.br\/cri\/#\/schema\/person\/121bb28d84f1a5b1205ef4ce9c2e0c6b","name":"Ismael Lucas S. Pereira","image":{"@type":"ImageObject","inLanguage":"pt-BR","@id":"https:\/\/secure.gravatar.com\/avatar\/887a0f3b5a7ceea963a48499fb883ffce6b5037362def025c52c2505b15d63e4?s=96&d=mm&r=g","url":"https:\/\/secure.gravatar.com\/avatar\/887a0f3b5a7ceea963a48499fb883ffce6b5037362def025c52c2505b15d63e4?s=96&d=mm&r=g","contentUrl":"https:\/\/secure.gravatar.com\/avatar\/887a0f3b5a7ceea963a48499fb883ffce6b5037362def025c52c2505b15d63e4?s=96&d=mm&r=g","caption":"Ismael Lucas S. Pereira"},"url":"https:\/\/diariodepe.com.br\/cri\/author\/ismael-lucas\/"}]}},"cc_featured_image_caption":{"caption_text":false,"source_text":false,"source_url":false},"amp_enabled":true,"_links":{"self":[{"href":"https:\/\/diariodepe.com.br\/cri\/wp-json\/wp\/v2\/posts\/3305","targetHints":{"allow":["GET"]}}],"collection":[{"href":"https:\/\/diariodepe.com.br\/cri\/wp-json\/wp\/v2\/posts"}],"about":[{"href":"https:\/\/diariodepe.com.br\/cri\/wp-json\/wp\/v2\/types\/post"}],"author":[{"embeddable":true,"href":"https:\/\/diariodepe.com.br\/cri\/wp-json\/wp\/v2\/users\/2"}],"replies":[{"embeddable":true,"href":"https:\/\/diariodepe.com.br\/cri\/wp-json\/wp\/v2\/comments?post=3305"}],"version-history":[{"count":1,"href":"https:\/\/diariodepe.com.br\/cri\/wp-json\/wp\/v2\/posts\/3305\/revisions"}],"predecessor-version":[{"id":3307,"href":"https:\/\/diariodepe.com.br\/cri\/wp-json\/wp\/v2\/posts\/3305\/revisions\/3307"}],"wp:attachment":[{"href":"https:\/\/diariodepe.com.br\/cri\/wp-json\/wp\/v2\/media?parent=3305"}],"wp:term":[{"taxonomy":"category","embeddable":true,"href":"https:\/\/diariodepe.com.br\/cri\/wp-json\/wp\/v2\/categories?post=3305"},{"taxonomy":"post_tag","embeddable":true,"href":"https:\/\/diariodepe.com.br\/cri\/wp-json\/wp\/v2\/tags?post=3305"}],"curies":[{"name":"wp","href":"https:\/\/api.w.org\/{rel}","templated":true}]}}