{"id":3286,"date":"2023-10-29T23:59:04","date_gmt":"2023-10-30T02:59:04","guid":{"rendered":"https:\/\/diariodepe.com.br\/cri\/?p=3286"},"modified":"2023-10-29T23:59:04","modified_gmt":"2023-10-30T02:59:04","slug":"seminario-traz-perspectivas-e-desafios-para-proxima-decada-do-cinturao-e-rota","status":"publish","type":"post","link":"https:\/\/diariodepe.com.br\/cri\/2023\/10\/29\/seminario-traz-perspectivas-e-desafios-para-proxima-decada-do-cinturao-e-rota\/","title":{"rendered":"Semin\u00e1rio traz perspectivas e desafios para pr\u00f3xima d\u00e9cada do Cintur\u00e3o e Rota"},"content":{"rendered":"<p>Quais pilares s\u00e3o fundamentais para alcan\u00e7ar um desenvolvimento de alta qualidade na coopera\u00e7\u00e3o do Cintur\u00e3o e Rota para os pr\u00f3ximos 10 anos? No semin\u00e1rio promovido pelo Grupo de M\u00eddia da China, especialistas em estudos chineses do Brasil, Portugal e Mo\u00e7ambique apresentaram perspectivas e an\u00e1lises sobre a iniciativa \u201cCintur\u00e3o e Rota\u201d que acaba de celebrar sua primeira d\u00e9cada de conquistas com um f\u00f3rum realizado no \u00faltimo dia 18 em Beijing.<\/p>\n<p><iframe title=\"Semin\u00e1rio traz perspectivas e desafios para pr\u00f3xima d\u00e9cada do Cintur\u00e3o e Rota\" width=\"640\" height=\"360\" src=\"https:\/\/www.youtube.com\/embed\/S-LHzZhED3M?feature=oembed\" frameborder=\"0\" allow=\"accelerometer; autoplay; clipboard-write; encrypted-media; gyroscope; picture-in-picture; web-share\" referrerpolicy=\"strict-origin-when-cross-origin\" allowfullscreen><\/iframe><\/p>\n","protected":false},"excerpt":{"rendered":"<p>Quais pilares s\u00e3o fundamentais para alcan\u00e7ar um desenvolvimento de alta qualidade na coopera\u00e7\u00e3o do Cintur\u00e3o e Rota para os pr\u00f3ximos 10 anos? No semin\u00e1rio promovido pelo Grupo de M\u00eddia da China, especialistas em estudos chineses do Brasil, Portugal e Mo\u00e7ambique&#8230;<\/p>\n","protected":false},"author":2,"featured_media":0,"comment_status":"open","ping_status":"open","sticky":false,"template":"","format":"standard","meta":{"footnotes":""},"categories":[3,5],"tags":[],"class_list":["post-3286","post","type-post","status-publish","format-standard","hentry","category-china","category-destaques-capa"],"yoast_head":"<!-- This site is optimized with the Yoast SEO plugin v27.4 - https:\/\/yoast.com\/product\/yoast-seo-wordpress\/ -->\n<title>Semin\u00e1rio traz perspectivas e desafios para pr\u00f3xima d\u00e9cada do Cintur\u00e3o e Rota - CRI e Diario de Pernambuco<\/title>\n<meta name=\"robots\" content=\"index, follow, max-snippet:-1, max-image-preview:large, max-video-preview:-1\" \/>\n<link rel=\"canonical\" href=\"https:\/\/diariodepe.com.br\/cri\/2023\/10\/29\/seminario-traz-perspectivas-e-desafios-para-proxima-decada-do-cinturao-e-rota\/\" \/>\n<meta property=\"og:locale\" content=\"pt_BR\" \/>\n<meta property=\"og:type\" content=\"article\" \/>\n<meta property=\"og:title\" content=\"Semin\u00e1rio traz perspectivas e desafios para pr\u00f3xima d\u00e9cada do Cintur\u00e3o e Rota - CRI e Diario de Pernambuco\" \/>\n<meta property=\"og:description\" content=\"Quais pilares s\u00e3o fundamentais para alcan\u00e7ar um desenvolvimento de alta qualidade na coopera\u00e7\u00e3o do Cintur\u00e3o e Rota para os pr\u00f3ximos 10 anos? No semin\u00e1rio promovido pelo Grupo de M\u00eddia da China, especialistas em estudos chineses do Brasil, Portugal e Mo\u00e7ambique...\" \/>\n<meta property=\"og:url\" content=\"https:\/\/diariodepe.com.br\/cri\/2023\/10\/29\/seminario-traz-perspectivas-e-desafios-para-proxima-decada-do-cinturao-e-rota\/\" \/>\n<meta property=\"og:site_name\" content=\"CRI e Diario de Pernambuco\" \/>\n<meta property=\"article:published_time\" content=\"2023-10-30T02:59:04+00:00\" \/>\n<meta name=\"author\" content=\"Ismael Lucas S. Pereira\" \/>\n<meta name=\"twitter:card\" content=\"summary_large_image\" \/>\n<meta name=\"twitter:label1\" content=\"Escrito por\" \/>\n\t<meta name=\"twitter:data1\" content=\"Ismael Lucas S. Pereira\" \/>\n\t<meta name=\"twitter:label2\" content=\"Est. tempo de leitura\" \/>\n\t<meta name=\"twitter:data2\" content=\"1 minuto\" \/>\n<script type=\"application\/ld+json\" class=\"yoast-schema-graph\">{\"@context\":\"https:\\\/\\\/schema.org\",\"@graph\":[{\"@type\":\"Article\",\"@id\":\"https:\\\/\\\/diariodepe.com.br\\\/cri\\\/2023\\\/10\\\/29\\\/seminario-traz-perspectivas-e-desafios-para-proxima-decada-do-cinturao-e-rota\\\/#article\",\"isPartOf\":{\"@id\":\"https:\\\/\\\/diariodepe.com.br\\\/cri\\\/2023\\\/10\\\/29\\\/seminario-traz-perspectivas-e-desafios-para-proxima-decada-do-cinturao-e-rota\\\/\"},\"author\":{\"name\":\"Ismael Lucas S. Pereira\",\"@id\":\"https:\\\/\\\/diariodepe.com.br\\\/cri\\\/#\\\/schema\\\/person\\\/121bb28d84f1a5b1205ef4ce9c2e0c6b\"},\"headline\":\"Semin\u00e1rio traz perspectivas e desafios para pr\u00f3xima d\u00e9cada do Cintur\u00e3o e Rota\",\"datePublished\":\"2023-10-30T02:59:04+00:00\",\"mainEntityOfPage\":{\"@id\":\"https:\\\/\\\/diariodepe.com.br\\\/cri\\\/2023\\\/10\\\/29\\\/seminario-traz-perspectivas-e-desafios-para-proxima-decada-do-cinturao-e-rota\\\/\"},\"wordCount\":105,\"commentCount\":0,\"publisher\":{\"@id\":\"https:\\\/\\\/diariodepe.com.br\\\/cri\\\/#organization\"},\"articleSection\":[\"China\",\"Destaques Capa\"],\"inLanguage\":\"pt-BR\",\"potentialAction\":[{\"@type\":\"CommentAction\",\"name\":\"Comment\",\"target\":[\"https:\\\/\\\/diariodepe.com.br\\\/cri\\\/2023\\\/10\\\/29\\\/seminario-traz-perspectivas-e-desafios-para-proxima-decada-do-cinturao-e-rota\\\/#respond\"]}]},{\"@type\":\"WebPage\",\"@id\":\"https:\\\/\\\/diariodepe.com.br\\\/cri\\\/2023\\\/10\\\/29\\\/seminario-traz-perspectivas-e-desafios-para-proxima-decada-do-cinturao-e-rota\\\/\",\"url\":\"https:\\\/\\\/diariodepe.com.br\\\/cri\\\/2023\\\/10\\\/29\\\/seminario-traz-perspectivas-e-desafios-para-proxima-decada-do-cinturao-e-rota\\\/\",\"name\":\"Semin\u00e1rio traz perspectivas e desafios para pr\u00f3xima d\u00e9cada do Cintur\u00e3o e Rota - CRI e Diario de Pernambuco\",\"isPartOf\":{\"@id\":\"https:\\\/\\\/diariodepe.com.br\\\/cri\\\/#website\"},\"datePublished\":\"2023-10-30T02:59:04+00:00\",\"breadcrumb\":{\"@id\":\"https:\\\/\\\/diariodepe.com.br\\\/cri\\\/2023\\\/10\\\/29\\\/seminario-traz-perspectivas-e-desafios-para-proxima-decada-do-cinturao-e-rota\\\/#breadcrumb\"},\"inLanguage\":\"pt-BR\",\"potentialAction\":[{\"@type\":\"ReadAction\",\"target\":[\"https:\\\/\\\/diariodepe.com.br\\\/cri\\\/2023\\\/10\\\/29\\\/seminario-traz-perspectivas-e-desafios-para-proxima-decada-do-cinturao-e-rota\\\/\"]}]},{\"@type\":\"BreadcrumbList\",\"@id\":\"https:\\\/\\\/diariodepe.com.br\\\/cri\\\/2023\\\/10\\\/29\\\/seminario-traz-perspectivas-e-desafios-para-proxima-decada-do-cinturao-e-rota\\\/#breadcrumb\",\"itemListElement\":[{\"@type\":\"ListItem\",\"position\":1,\"name\":\"In\u00edcio\",\"item\":\"https:\\\/\\\/diariodepe.com.br\\\/cri\\\/\"},{\"@type\":\"ListItem\",\"position\":2,\"name\":\"Semin\u00e1rio traz perspectivas e desafios para pr\u00f3xima d\u00e9cada do Cintur\u00e3o e Rota\"}]},{\"@type\":\"WebSite\",\"@id\":\"https:\\\/\\\/diariodepe.com.br\\\/cri\\\/#website\",\"url\":\"https:\\\/\\\/diariodepe.com.br\\\/cri\\\/\",\"name\":\"CRI e Diario de Pernambuco\",\"description\":\"R\u00e1dio Internacional da China\",\"publisher\":{\"@id\":\"https:\\\/\\\/diariodepe.com.br\\\/cri\\\/#organization\"},\"potentialAction\":[{\"@type\":\"SearchAction\",\"target\":{\"@type\":\"EntryPoint\",\"urlTemplate\":\"https:\\\/\\\/diariodepe.com.br\\\/cri\\\/?s={search_term_string}\"},\"query-input\":{\"@type\":\"PropertyValueSpecification\",\"valueRequired\":true,\"valueName\":\"search_term_string\"}}],\"inLanguage\":\"pt-BR\"},{\"@type\":\"Organization\",\"@id\":\"https:\\\/\\\/diariodepe.com.br\\\/cri\\\/#organization\",\"name\":\"CRI e Diario de Pernambuco\",\"url\":\"https:\\\/\\\/diariodepe.com.br\\\/cri\\\/\",\"logo\":{\"@type\":\"ImageObject\",\"inLanguage\":\"pt-BR\",\"@id\":\"https:\\\/\\\/diariodepe.com.br\\\/cri\\\/#\\\/schema\\\/logo\\\/image\\\/\",\"url\":\"https:\\\/\\\/diariodepe.com.br\\\/cri\\\/wp-content\\\/uploads\\\/sites\\\/2\\\/2022\\\/12\\\/cropped-Logo.jpg\",\"contentUrl\":\"https:\\\/\\\/diariodepe.com.br\\\/cri\\\/wp-content\\\/uploads\\\/sites\\\/2\\\/2022\\\/12\\\/cropped-Logo.jpg\",\"width\":700,\"height\":59,\"caption\":\"CRI e Diario de Pernambuco\"},\"image\":{\"@id\":\"https:\\\/\\\/diariodepe.com.br\\\/cri\\\/#\\\/schema\\\/logo\\\/image\\\/\"}},{\"@type\":\"Person\",\"@id\":\"https:\\\/\\\/diariodepe.com.br\\\/cri\\\/#\\\/schema\\\/person\\\/121bb28d84f1a5b1205ef4ce9c2e0c6b\",\"name\":\"Ismael Lucas S. Pereira\",\"image\":{\"@type\":\"ImageObject\",\"inLanguage\":\"pt-BR\",\"@id\":\"https:\\\/\\\/secure.gravatar.com\\\/avatar\\\/887a0f3b5a7ceea963a48499fb883ffce6b5037362def025c52c2505b15d63e4?s=96&d=mm&r=g\",\"url\":\"https:\\\/\\\/secure.gravatar.com\\\/avatar\\\/887a0f3b5a7ceea963a48499fb883ffce6b5037362def025c52c2505b15d63e4?s=96&d=mm&r=g\",\"contentUrl\":\"https:\\\/\\\/secure.gravatar.com\\\/avatar\\\/887a0f3b5a7ceea963a48499fb883ffce6b5037362def025c52c2505b15d63e4?s=96&d=mm&r=g\",\"caption\":\"Ismael Lucas S. Pereira\"},\"url\":\"https:\\\/\\\/diariodepe.com.br\\\/cri\\\/author\\\/ismael-lucas\\\/\"}]}<\/script>\n<!-- \/ Yoast SEO plugin. -->","yoast_head_json":{"title":"Semin\u00e1rio traz perspectivas e desafios para pr\u00f3xima d\u00e9cada do Cintur\u00e3o e Rota - CRI e Diario de Pernambuco","robots":{"index":"index","follow":"follow","max-snippet":"max-snippet:-1","max-image-preview":"max-image-preview:large","max-video-preview":"max-video-preview:-1"},"canonical":"https:\/\/diariodepe.com.br\/cri\/2023\/10\/29\/seminario-traz-perspectivas-e-desafios-para-proxima-decada-do-cinturao-e-rota\/","og_locale":"pt_BR","og_type":"article","og_title":"Semin\u00e1rio traz perspectivas e desafios para pr\u00f3xima d\u00e9cada do Cintur\u00e3o e Rota - CRI e Diario de Pernambuco","og_description":"Quais pilares s\u00e3o fundamentais para alcan\u00e7ar um desenvolvimento de alta qualidade na coopera\u00e7\u00e3o do Cintur\u00e3o e Rota para os pr\u00f3ximos 10 anos? No semin\u00e1rio promovido pelo Grupo de M\u00eddia da China, especialistas em estudos chineses do Brasil, Portugal e Mo\u00e7ambique...","og_url":"https:\/\/diariodepe.com.br\/cri\/2023\/10\/29\/seminario-traz-perspectivas-e-desafios-para-proxima-decada-do-cinturao-e-rota\/","og_site_name":"CRI e Diario de Pernambuco","article_published_time":"2023-10-30T02:59:04+00:00","author":"Ismael Lucas S. Pereira","twitter_card":"summary_large_image","twitter_misc":{"Escrito por":"Ismael Lucas S. Pereira","Est. tempo de leitura":"1 minuto"},"schema":{"@context":"https:\/\/schema.org","@graph":[{"@type":"Article","@id":"https:\/\/diariodepe.com.br\/cri\/2023\/10\/29\/seminario-traz-perspectivas-e-desafios-para-proxima-decada-do-cinturao-e-rota\/#article","isPartOf":{"@id":"https:\/\/diariodepe.com.br\/cri\/2023\/10\/29\/seminario-traz-perspectivas-e-desafios-para-proxima-decada-do-cinturao-e-rota\/"},"author":{"name":"Ismael Lucas S. Pereira","@id":"https:\/\/diariodepe.com.br\/cri\/#\/schema\/person\/121bb28d84f1a5b1205ef4ce9c2e0c6b"},"headline":"Semin\u00e1rio traz perspectivas e desafios para pr\u00f3xima d\u00e9cada do Cintur\u00e3o e Rota","datePublished":"2023-10-30T02:59:04+00:00","mainEntityOfPage":{"@id":"https:\/\/diariodepe.com.br\/cri\/2023\/10\/29\/seminario-traz-perspectivas-e-desafios-para-proxima-decada-do-cinturao-e-rota\/"},"wordCount":105,"commentCount":0,"publisher":{"@id":"https:\/\/diariodepe.com.br\/cri\/#organization"},"articleSection":["China","Destaques Capa"],"inLanguage":"pt-BR","potentialAction":[{"@type":"CommentAction","name":"Comment","target":["https:\/\/diariodepe.com.br\/cri\/2023\/10\/29\/seminario-traz-perspectivas-e-desafios-para-proxima-decada-do-cinturao-e-rota\/#respond"]}]},{"@type":"WebPage","@id":"https:\/\/diariodepe.com.br\/cri\/2023\/10\/29\/seminario-traz-perspectivas-e-desafios-para-proxima-decada-do-cinturao-e-rota\/","url":"https:\/\/diariodepe.com.br\/cri\/2023\/10\/29\/seminario-traz-perspectivas-e-desafios-para-proxima-decada-do-cinturao-e-rota\/","name":"Semin\u00e1rio traz perspectivas e desafios para pr\u00f3xima d\u00e9cada do Cintur\u00e3o e Rota - CRI e Diario de Pernambuco","isPartOf":{"@id":"https:\/\/diariodepe.com.br\/cri\/#website"},"datePublished":"2023-10-30T02:59:04+00:00","breadcrumb":{"@id":"https:\/\/diariodepe.com.br\/cri\/2023\/10\/29\/seminario-traz-perspectivas-e-desafios-para-proxima-decada-do-cinturao-e-rota\/#breadcrumb"},"inLanguage":"pt-BR","potentialAction":[{"@type":"ReadAction","target":["https:\/\/diariodepe.com.br\/cri\/2023\/10\/29\/seminario-traz-perspectivas-e-desafios-para-proxima-decada-do-cinturao-e-rota\/"]}]},{"@type":"BreadcrumbList","@id":"https:\/\/diariodepe.com.br\/cri\/2023\/10\/29\/seminario-traz-perspectivas-e-desafios-para-proxima-decada-do-cinturao-e-rota\/#breadcrumb","itemListElement":[{"@type":"ListItem","position":1,"name":"In\u00edcio","item":"https:\/\/diariodepe.com.br\/cri\/"},{"@type":"ListItem","position":2,"name":"Semin\u00e1rio traz perspectivas e desafios para pr\u00f3xima d\u00e9cada do Cintur\u00e3o e Rota"}]},{"@type":"WebSite","@id":"https:\/\/diariodepe.com.br\/cri\/#website","url":"https:\/\/diariodepe.com.br\/cri\/","name":"CRI e Diario de Pernambuco","description":"R\u00e1dio Internacional da China","publisher":{"@id":"https:\/\/diariodepe.com.br\/cri\/#organization"},"potentialAction":[{"@type":"SearchAction","target":{"@type":"EntryPoint","urlTemplate":"https:\/\/diariodepe.com.br\/cri\/?s={search_term_string}"},"query-input":{"@type":"PropertyValueSpecification","valueRequired":true,"valueName":"search_term_string"}}],"inLanguage":"pt-BR"},{"@type":"Organization","@id":"https:\/\/diariodepe.com.br\/cri\/#organization","name":"CRI e Diario de Pernambuco","url":"https:\/\/diariodepe.com.br\/cri\/","logo":{"@type":"ImageObject","inLanguage":"pt-BR","@id":"https:\/\/diariodepe.com.br\/cri\/#\/schema\/logo\/image\/","url":"https:\/\/diariodepe.com.br\/cri\/wp-content\/uploads\/sites\/2\/2022\/12\/cropped-Logo.jpg","contentUrl":"https:\/\/diariodepe.com.br\/cri\/wp-content\/uploads\/sites\/2\/2022\/12\/cropped-Logo.jpg","width":700,"height":59,"caption":"CRI e Diario de Pernambuco"},"image":{"@id":"https:\/\/diariodepe.com.br\/cri\/#\/schema\/logo\/image\/"}},{"@type":"Person","@id":"https:\/\/diariodepe.com.br\/cri\/#\/schema\/person\/121bb28d84f1a5b1205ef4ce9c2e0c6b","name":"Ismael Lucas S. Pereira","image":{"@type":"ImageObject","inLanguage":"pt-BR","@id":"https:\/\/secure.gravatar.com\/avatar\/887a0f3b5a7ceea963a48499fb883ffce6b5037362def025c52c2505b15d63e4?s=96&d=mm&r=g","url":"https:\/\/secure.gravatar.com\/avatar\/887a0f3b5a7ceea963a48499fb883ffce6b5037362def025c52c2505b15d63e4?s=96&d=mm&r=g","contentUrl":"https:\/\/secure.gravatar.com\/avatar\/887a0f3b5a7ceea963a48499fb883ffce6b5037362def025c52c2505b15d63e4?s=96&d=mm&r=g","caption":"Ismael Lucas S. Pereira"},"url":"https:\/\/diariodepe.com.br\/cri\/author\/ismael-lucas\/"}]}},"cc_featured_image_caption":{"caption_text":false,"source_text":false,"source_url":false},"amp_enabled":true,"_links":{"self":[{"href":"https:\/\/diariodepe.com.br\/cri\/wp-json\/wp\/v2\/posts\/3286","targetHints":{"allow":["GET"]}}],"collection":[{"href":"https:\/\/diariodepe.com.br\/cri\/wp-json\/wp\/v2\/posts"}],"about":[{"href":"https:\/\/diariodepe.com.br\/cri\/wp-json\/wp\/v2\/types\/post"}],"author":[{"embeddable":true,"href":"https:\/\/diariodepe.com.br\/cri\/wp-json\/wp\/v2\/users\/2"}],"replies":[{"embeddable":true,"href":"https:\/\/diariodepe.com.br\/cri\/wp-json\/wp\/v2\/comments?post=3286"}],"version-history":[{"count":1,"href":"https:\/\/diariodepe.com.br\/cri\/wp-json\/wp\/v2\/posts\/3286\/revisions"}],"predecessor-version":[{"id":3291,"href":"https:\/\/diariodepe.com.br\/cri\/wp-json\/wp\/v2\/posts\/3286\/revisions\/3291"}],"wp:attachment":[{"href":"https:\/\/diariodepe.com.br\/cri\/wp-json\/wp\/v2\/media?parent=3286"}],"wp:term":[{"taxonomy":"category","embeddable":true,"href":"https:\/\/diariodepe.com.br\/cri\/wp-json\/wp\/v2\/categories?post=3286"},{"taxonomy":"post_tag","embeddable":true,"href":"https:\/\/diariodepe.com.br\/cri\/wp-json\/wp\/v2\/tags?post=3286"}],"curies":[{"name":"wp","href":"https:\/\/api.w.org\/{rel}","templated":true}]}}