{"id":3281,"date":"2023-10-26T23:02:59","date_gmt":"2023-10-27T02:02:59","guid":{"rendered":"https:\/\/diariodepe.com.br\/cri\/?p=3281"},"modified":"2023-10-26T23:02:59","modified_gmt":"2023-10-27T02:02:59","slug":"exposicao-do-cmg-e-inaugurada-em-genebra","status":"publish","type":"post","link":"https:\/\/diariodepe.com.br\/cri\/2023\/10\/26\/exposicao-do-cmg-e-inaugurada-em-genebra\/","title":{"rendered":"Exposi\u00e7\u00e3o do CMG \u00e9 inaugurada em Genebra"},"content":{"rendered":"<p>A exposi\u00e7\u00e3o especial da \u201cTurn\u00ea Mundial Viagem pelas Civiliza\u00e7\u00f5es\u201d come\u00e7ou nesta quinta-feira (26) no Pal\u00e1cio das Na\u00e7\u00f5es, em Genebra, da Su\u00ed\u00e7a. A exibi\u00e7\u00e3o \u00e9 organizada pelo Grupo de M\u00eddia da China (CMG, na sigla em ingl\u00eas), pelo Escrit\u00f3rio da ONU em Genebra e pela miss\u00e3o permanente da China em Genebra.<\/p>\n<p>O vice-chefe do Departamento de Comunica\u00e7\u00e3o do Comit\u00ea Central do Partido Comunista da China e presidente do CMG, Shen Haixiong, afirmou que a prosperidade cultural e os progressos da humanidade s\u00e3o insepar\u00e1veis dos interc\u00e2mbios e aprendizagens m\u00fatuos. Usando tecnologias digitais, a exposi\u00e7\u00e3o vai permitir ao p\u00fablico conhecer a origem e os encantos da civiliza\u00e7\u00e3o chinesa. O CMG continuar\u00e1 envidando esfor\u00e7os para promover as trocas, miscigena\u00e7\u00f5es culturais e a sinergia entre os povos dos diferentes pa\u00edses do mundo.<\/p>\n","protected":false},"excerpt":{"rendered":"<p>A exposi\u00e7\u00e3o especial da \u201cTurn\u00ea Mundial Viagem pelas Civiliza\u00e7\u00f5es\u201d come\u00e7ou nesta quinta-feira (26) no Pal\u00e1cio das Na\u00e7\u00f5es, em Genebra, da Su\u00ed\u00e7a. A exibi\u00e7\u00e3o \u00e9 organizada pelo Grupo de M\u00eddia da China (CMG, na sigla em ingl\u00eas), pelo Escrit\u00f3rio da ONU&#8230;<\/p>\n","protected":false},"author":2,"featured_media":3282,"comment_status":"open","ping_status":"open","sticky":false,"template":"","format":"standard","meta":{"footnotes":""},"categories":[1],"tags":[],"class_list":["post-3281","post","type-post","status-publish","format-standard","has-post-thumbnail","hentry","category-estudio-paulista"],"yoast_head":"<!-- This site is optimized with the Yoast SEO plugin v27.4 - https:\/\/yoast.com\/product\/yoast-seo-wordpress\/ -->\n<title>Exposi\u00e7\u00e3o do CMG \u00e9 inaugurada em Genebra - CRI e Diario de Pernambuco<\/title>\n<meta name=\"robots\" content=\"index, follow, max-snippet:-1, max-image-preview:large, max-video-preview:-1\" \/>\n<link rel=\"canonical\" href=\"https:\/\/diariodepe.com.br\/cri\/2023\/10\/26\/exposicao-do-cmg-e-inaugurada-em-genebra\/\" \/>\n<meta property=\"og:locale\" content=\"pt_BR\" \/>\n<meta property=\"og:type\" content=\"article\" \/>\n<meta property=\"og:title\" content=\"Exposi\u00e7\u00e3o do CMG \u00e9 inaugurada em Genebra - CRI e Diario de Pernambuco\" \/>\n<meta property=\"og:description\" content=\"A exposi\u00e7\u00e3o especial da \u201cTurn\u00ea Mundial Viagem pelas Civiliza\u00e7\u00f5es\u201d come\u00e7ou nesta quinta-feira (26) no Pal\u00e1cio das Na\u00e7\u00f5es, em Genebra, da Su\u00ed\u00e7a. A exibi\u00e7\u00e3o \u00e9 organizada pelo Grupo de M\u00eddia da China (CMG, na sigla em ingl\u00eas), pelo Escrit\u00f3rio da ONU...\" \/>\n<meta property=\"og:url\" content=\"https:\/\/diariodepe.com.br\/cri\/2023\/10\/26\/exposicao-do-cmg-e-inaugurada-em-genebra\/\" \/>\n<meta property=\"og:site_name\" content=\"CRI e Diario de Pernambuco\" \/>\n<meta property=\"article:published_time\" content=\"2023-10-27T02:02:59+00:00\" \/>\n<meta property=\"og:image\" content=\"https:\/\/diariodepe.com.br\/cri\/wp-content\/uploads\/sites\/2\/2023\/10\/2023102621272962046-1_\u526f\u672c.jpg\" \/>\n\t<meta property=\"og:image:width\" content=\"2000\" \/>\n\t<meta property=\"og:image:height\" content=\"1158\" \/>\n\t<meta property=\"og:image:type\" content=\"image\/jpeg\" \/>\n<meta name=\"author\" content=\"Ismael Lucas S. Pereira\" \/>\n<meta name=\"twitter:card\" content=\"summary_large_image\" \/>\n<meta name=\"twitter:label1\" content=\"Escrito por\" \/>\n\t<meta name=\"twitter:data1\" content=\"Ismael Lucas S. Pereira\" \/>\n\t<meta name=\"twitter:label2\" content=\"Est. tempo de leitura\" \/>\n\t<meta name=\"twitter:data2\" content=\"1 minuto\" \/>\n<script type=\"application\/ld+json\" class=\"yoast-schema-graph\">{\"@context\":\"https:\\\/\\\/schema.org\",\"@graph\":[{\"@type\":\"Article\",\"@id\":\"https:\\\/\\\/diariodepe.com.br\\\/cri\\\/2023\\\/10\\\/26\\\/exposicao-do-cmg-e-inaugurada-em-genebra\\\/#article\",\"isPartOf\":{\"@id\":\"https:\\\/\\\/diariodepe.com.br\\\/cri\\\/2023\\\/10\\\/26\\\/exposicao-do-cmg-e-inaugurada-em-genebra\\\/\"},\"author\":{\"name\":\"Ismael Lucas S. Pereira\",\"@id\":\"https:\\\/\\\/diariodepe.com.br\\\/cri\\\/#\\\/schema\\\/person\\\/121bb28d84f1a5b1205ef4ce9c2e0c6b\"},\"headline\":\"Exposi\u00e7\u00e3o do CMG \u00e9 inaugurada em Genebra\",\"datePublished\":\"2023-10-27T02:02:59+00:00\",\"mainEntityOfPage\":{\"@id\":\"https:\\\/\\\/diariodepe.com.br\\\/cri\\\/2023\\\/10\\\/26\\\/exposicao-do-cmg-e-inaugurada-em-genebra\\\/\"},\"wordCount\":154,\"commentCount\":0,\"publisher\":{\"@id\":\"https:\\\/\\\/diariodepe.com.br\\\/cri\\\/#organization\"},\"image\":{\"@id\":\"https:\\\/\\\/diariodepe.com.br\\\/cri\\\/2023\\\/10\\\/26\\\/exposicao-do-cmg-e-inaugurada-em-genebra\\\/#primaryimage\"},\"thumbnailUrl\":\"https:\\\/\\\/diariodepe.com.br\\\/cri\\\/wp-content\\\/uploads\\\/sites\\\/2\\\/2023\\\/10\\\/2023102621272962046-1_\u526f\u672c.jpg\",\"articleSection\":[\"Est\u00fadio Paulista\"],\"inLanguage\":\"pt-BR\",\"potentialAction\":[{\"@type\":\"CommentAction\",\"name\":\"Comment\",\"target\":[\"https:\\\/\\\/diariodepe.com.br\\\/cri\\\/2023\\\/10\\\/26\\\/exposicao-do-cmg-e-inaugurada-em-genebra\\\/#respond\"]}]},{\"@type\":\"WebPage\",\"@id\":\"https:\\\/\\\/diariodepe.com.br\\\/cri\\\/2023\\\/10\\\/26\\\/exposicao-do-cmg-e-inaugurada-em-genebra\\\/\",\"url\":\"https:\\\/\\\/diariodepe.com.br\\\/cri\\\/2023\\\/10\\\/26\\\/exposicao-do-cmg-e-inaugurada-em-genebra\\\/\",\"name\":\"Exposi\u00e7\u00e3o do CMG \u00e9 inaugurada em Genebra - CRI e Diario de Pernambuco\",\"isPartOf\":{\"@id\":\"https:\\\/\\\/diariodepe.com.br\\\/cri\\\/#website\"},\"primaryImageOfPage\":{\"@id\":\"https:\\\/\\\/diariodepe.com.br\\\/cri\\\/2023\\\/10\\\/26\\\/exposicao-do-cmg-e-inaugurada-em-genebra\\\/#primaryimage\"},\"image\":{\"@id\":\"https:\\\/\\\/diariodepe.com.br\\\/cri\\\/2023\\\/10\\\/26\\\/exposicao-do-cmg-e-inaugurada-em-genebra\\\/#primaryimage\"},\"thumbnailUrl\":\"https:\\\/\\\/diariodepe.com.br\\\/cri\\\/wp-content\\\/uploads\\\/sites\\\/2\\\/2023\\\/10\\\/2023102621272962046-1_\u526f\u672c.jpg\",\"datePublished\":\"2023-10-27T02:02:59+00:00\",\"breadcrumb\":{\"@id\":\"https:\\\/\\\/diariodepe.com.br\\\/cri\\\/2023\\\/10\\\/26\\\/exposicao-do-cmg-e-inaugurada-em-genebra\\\/#breadcrumb\"},\"inLanguage\":\"pt-BR\",\"potentialAction\":[{\"@type\":\"ReadAction\",\"target\":[\"https:\\\/\\\/diariodepe.com.br\\\/cri\\\/2023\\\/10\\\/26\\\/exposicao-do-cmg-e-inaugurada-em-genebra\\\/\"]}]},{\"@type\":\"ImageObject\",\"inLanguage\":\"pt-BR\",\"@id\":\"https:\\\/\\\/diariodepe.com.br\\\/cri\\\/2023\\\/10\\\/26\\\/exposicao-do-cmg-e-inaugurada-em-genebra\\\/#primaryimage\",\"url\":\"https:\\\/\\\/diariodepe.com.br\\\/cri\\\/wp-content\\\/uploads\\\/sites\\\/2\\\/2023\\\/10\\\/2023102621272962046-1_\u526f\u672c.jpg\",\"contentUrl\":\"https:\\\/\\\/diariodepe.com.br\\\/cri\\\/wp-content\\\/uploads\\\/sites\\\/2\\\/2023\\\/10\\\/2023102621272962046-1_\u526f\u672c.jpg\",\"width\":2000,\"height\":1158},{\"@type\":\"BreadcrumbList\",\"@id\":\"https:\\\/\\\/diariodepe.com.br\\\/cri\\\/2023\\\/10\\\/26\\\/exposicao-do-cmg-e-inaugurada-em-genebra\\\/#breadcrumb\",\"itemListElement\":[{\"@type\":\"ListItem\",\"position\":1,\"name\":\"In\u00edcio\",\"item\":\"https:\\\/\\\/diariodepe.com.br\\\/cri\\\/\"},{\"@type\":\"ListItem\",\"position\":2,\"name\":\"Exposi\u00e7\u00e3o do CMG \u00e9 inaugurada em Genebra\"}]},{\"@type\":\"WebSite\",\"@id\":\"https:\\\/\\\/diariodepe.com.br\\\/cri\\\/#website\",\"url\":\"https:\\\/\\\/diariodepe.com.br\\\/cri\\\/\",\"name\":\"CRI e Diario de Pernambuco\",\"description\":\"R\u00e1dio Internacional da China\",\"publisher\":{\"@id\":\"https:\\\/\\\/diariodepe.com.br\\\/cri\\\/#organization\"},\"potentialAction\":[{\"@type\":\"SearchAction\",\"target\":{\"@type\":\"EntryPoint\",\"urlTemplate\":\"https:\\\/\\\/diariodepe.com.br\\\/cri\\\/?s={search_term_string}\"},\"query-input\":{\"@type\":\"PropertyValueSpecification\",\"valueRequired\":true,\"valueName\":\"search_term_string\"}}],\"inLanguage\":\"pt-BR\"},{\"@type\":\"Organization\",\"@id\":\"https:\\\/\\\/diariodepe.com.br\\\/cri\\\/#organization\",\"name\":\"CRI e Diario de Pernambuco\",\"url\":\"https:\\\/\\\/diariodepe.com.br\\\/cri\\\/\",\"logo\":{\"@type\":\"ImageObject\",\"inLanguage\":\"pt-BR\",\"@id\":\"https:\\\/\\\/diariodepe.com.br\\\/cri\\\/#\\\/schema\\\/logo\\\/image\\\/\",\"url\":\"https:\\\/\\\/diariodepe.com.br\\\/cri\\\/wp-content\\\/uploads\\\/sites\\\/2\\\/2022\\\/12\\\/cropped-Logo.jpg\",\"contentUrl\":\"https:\\\/\\\/diariodepe.com.br\\\/cri\\\/wp-content\\\/uploads\\\/sites\\\/2\\\/2022\\\/12\\\/cropped-Logo.jpg\",\"width\":700,\"height\":59,\"caption\":\"CRI e Diario de Pernambuco\"},\"image\":{\"@id\":\"https:\\\/\\\/diariodepe.com.br\\\/cri\\\/#\\\/schema\\\/logo\\\/image\\\/\"}},{\"@type\":\"Person\",\"@id\":\"https:\\\/\\\/diariodepe.com.br\\\/cri\\\/#\\\/schema\\\/person\\\/121bb28d84f1a5b1205ef4ce9c2e0c6b\",\"name\":\"Ismael Lucas S. Pereira\",\"image\":{\"@type\":\"ImageObject\",\"inLanguage\":\"pt-BR\",\"@id\":\"https:\\\/\\\/secure.gravatar.com\\\/avatar\\\/887a0f3b5a7ceea963a48499fb883ffce6b5037362def025c52c2505b15d63e4?s=96&d=mm&r=g\",\"url\":\"https:\\\/\\\/secure.gravatar.com\\\/avatar\\\/887a0f3b5a7ceea963a48499fb883ffce6b5037362def025c52c2505b15d63e4?s=96&d=mm&r=g\",\"contentUrl\":\"https:\\\/\\\/secure.gravatar.com\\\/avatar\\\/887a0f3b5a7ceea963a48499fb883ffce6b5037362def025c52c2505b15d63e4?s=96&d=mm&r=g\",\"caption\":\"Ismael Lucas S. Pereira\"},\"url\":\"https:\\\/\\\/diariodepe.com.br\\\/cri\\\/author\\\/ismael-lucas\\\/\"}]}<\/script>\n<!-- \/ Yoast SEO plugin. -->","yoast_head_json":{"title":"Exposi\u00e7\u00e3o do CMG \u00e9 inaugurada em Genebra - CRI e Diario de Pernambuco","robots":{"index":"index","follow":"follow","max-snippet":"max-snippet:-1","max-image-preview":"max-image-preview:large","max-video-preview":"max-video-preview:-1"},"canonical":"https:\/\/diariodepe.com.br\/cri\/2023\/10\/26\/exposicao-do-cmg-e-inaugurada-em-genebra\/","og_locale":"pt_BR","og_type":"article","og_title":"Exposi\u00e7\u00e3o do CMG \u00e9 inaugurada em Genebra - CRI e Diario de Pernambuco","og_description":"A exposi\u00e7\u00e3o especial da \u201cTurn\u00ea Mundial Viagem pelas Civiliza\u00e7\u00f5es\u201d come\u00e7ou nesta quinta-feira (26) no Pal\u00e1cio das Na\u00e7\u00f5es, em Genebra, da Su\u00ed\u00e7a. A exibi\u00e7\u00e3o \u00e9 organizada pelo Grupo de M\u00eddia da China (CMG, na sigla em ingl\u00eas), pelo Escrit\u00f3rio da ONU...","og_url":"https:\/\/diariodepe.com.br\/cri\/2023\/10\/26\/exposicao-do-cmg-e-inaugurada-em-genebra\/","og_site_name":"CRI e Diario de Pernambuco","article_published_time":"2023-10-27T02:02:59+00:00","og_image":[{"width":2000,"height":1158,"url":"https:\/\/diariodepe.com.br\/cri\/wp-content\/uploads\/sites\/2\/2023\/10\/2023102621272962046-1_\u526f\u672c.jpg","type":"image\/jpeg"}],"author":"Ismael Lucas S. Pereira","twitter_card":"summary_large_image","twitter_misc":{"Escrito por":"Ismael Lucas S. Pereira","Est. tempo de leitura":"1 minuto"},"schema":{"@context":"https:\/\/schema.org","@graph":[{"@type":"Article","@id":"https:\/\/diariodepe.com.br\/cri\/2023\/10\/26\/exposicao-do-cmg-e-inaugurada-em-genebra\/#article","isPartOf":{"@id":"https:\/\/diariodepe.com.br\/cri\/2023\/10\/26\/exposicao-do-cmg-e-inaugurada-em-genebra\/"},"author":{"name":"Ismael Lucas S. Pereira","@id":"https:\/\/diariodepe.com.br\/cri\/#\/schema\/person\/121bb28d84f1a5b1205ef4ce9c2e0c6b"},"headline":"Exposi\u00e7\u00e3o do CMG \u00e9 inaugurada em Genebra","datePublished":"2023-10-27T02:02:59+00:00","mainEntityOfPage":{"@id":"https:\/\/diariodepe.com.br\/cri\/2023\/10\/26\/exposicao-do-cmg-e-inaugurada-em-genebra\/"},"wordCount":154,"commentCount":0,"publisher":{"@id":"https:\/\/diariodepe.com.br\/cri\/#organization"},"image":{"@id":"https:\/\/diariodepe.com.br\/cri\/2023\/10\/26\/exposicao-do-cmg-e-inaugurada-em-genebra\/#primaryimage"},"thumbnailUrl":"https:\/\/diariodepe.com.br\/cri\/wp-content\/uploads\/sites\/2\/2023\/10\/2023102621272962046-1_\u526f\u672c.jpg","articleSection":["Est\u00fadio Paulista"],"inLanguage":"pt-BR","potentialAction":[{"@type":"CommentAction","name":"Comment","target":["https:\/\/diariodepe.com.br\/cri\/2023\/10\/26\/exposicao-do-cmg-e-inaugurada-em-genebra\/#respond"]}]},{"@type":"WebPage","@id":"https:\/\/diariodepe.com.br\/cri\/2023\/10\/26\/exposicao-do-cmg-e-inaugurada-em-genebra\/","url":"https:\/\/diariodepe.com.br\/cri\/2023\/10\/26\/exposicao-do-cmg-e-inaugurada-em-genebra\/","name":"Exposi\u00e7\u00e3o do CMG \u00e9 inaugurada em Genebra - CRI e Diario de Pernambuco","isPartOf":{"@id":"https:\/\/diariodepe.com.br\/cri\/#website"},"primaryImageOfPage":{"@id":"https:\/\/diariodepe.com.br\/cri\/2023\/10\/26\/exposicao-do-cmg-e-inaugurada-em-genebra\/#primaryimage"},"image":{"@id":"https:\/\/diariodepe.com.br\/cri\/2023\/10\/26\/exposicao-do-cmg-e-inaugurada-em-genebra\/#primaryimage"},"thumbnailUrl":"https:\/\/diariodepe.com.br\/cri\/wp-content\/uploads\/sites\/2\/2023\/10\/2023102621272962046-1_\u526f\u672c.jpg","datePublished":"2023-10-27T02:02:59+00:00","breadcrumb":{"@id":"https:\/\/diariodepe.com.br\/cri\/2023\/10\/26\/exposicao-do-cmg-e-inaugurada-em-genebra\/#breadcrumb"},"inLanguage":"pt-BR","potentialAction":[{"@type":"ReadAction","target":["https:\/\/diariodepe.com.br\/cri\/2023\/10\/26\/exposicao-do-cmg-e-inaugurada-em-genebra\/"]}]},{"@type":"ImageObject","inLanguage":"pt-BR","@id":"https:\/\/diariodepe.com.br\/cri\/2023\/10\/26\/exposicao-do-cmg-e-inaugurada-em-genebra\/#primaryimage","url":"https:\/\/diariodepe.com.br\/cri\/wp-content\/uploads\/sites\/2\/2023\/10\/2023102621272962046-1_\u526f\u672c.jpg","contentUrl":"https:\/\/diariodepe.com.br\/cri\/wp-content\/uploads\/sites\/2\/2023\/10\/2023102621272962046-1_\u526f\u672c.jpg","width":2000,"height":1158},{"@type":"BreadcrumbList","@id":"https:\/\/diariodepe.com.br\/cri\/2023\/10\/26\/exposicao-do-cmg-e-inaugurada-em-genebra\/#breadcrumb","itemListElement":[{"@type":"ListItem","position":1,"name":"In\u00edcio","item":"https:\/\/diariodepe.com.br\/cri\/"},{"@type":"ListItem","position":2,"name":"Exposi\u00e7\u00e3o do CMG \u00e9 inaugurada em Genebra"}]},{"@type":"WebSite","@id":"https:\/\/diariodepe.com.br\/cri\/#website","url":"https:\/\/diariodepe.com.br\/cri\/","name":"CRI e Diario de Pernambuco","description":"R\u00e1dio Internacional da China","publisher":{"@id":"https:\/\/diariodepe.com.br\/cri\/#organization"},"potentialAction":[{"@type":"SearchAction","target":{"@type":"EntryPoint","urlTemplate":"https:\/\/diariodepe.com.br\/cri\/?s={search_term_string}"},"query-input":{"@type":"PropertyValueSpecification","valueRequired":true,"valueName":"search_term_string"}}],"inLanguage":"pt-BR"},{"@type":"Organization","@id":"https:\/\/diariodepe.com.br\/cri\/#organization","name":"CRI e Diario de Pernambuco","url":"https:\/\/diariodepe.com.br\/cri\/","logo":{"@type":"ImageObject","inLanguage":"pt-BR","@id":"https:\/\/diariodepe.com.br\/cri\/#\/schema\/logo\/image\/","url":"https:\/\/diariodepe.com.br\/cri\/wp-content\/uploads\/sites\/2\/2022\/12\/cropped-Logo.jpg","contentUrl":"https:\/\/diariodepe.com.br\/cri\/wp-content\/uploads\/sites\/2\/2022\/12\/cropped-Logo.jpg","width":700,"height":59,"caption":"CRI e Diario de Pernambuco"},"image":{"@id":"https:\/\/diariodepe.com.br\/cri\/#\/schema\/logo\/image\/"}},{"@type":"Person","@id":"https:\/\/diariodepe.com.br\/cri\/#\/schema\/person\/121bb28d84f1a5b1205ef4ce9c2e0c6b","name":"Ismael Lucas S. Pereira","image":{"@type":"ImageObject","inLanguage":"pt-BR","@id":"https:\/\/secure.gravatar.com\/avatar\/887a0f3b5a7ceea963a48499fb883ffce6b5037362def025c52c2505b15d63e4?s=96&d=mm&r=g","url":"https:\/\/secure.gravatar.com\/avatar\/887a0f3b5a7ceea963a48499fb883ffce6b5037362def025c52c2505b15d63e4?s=96&d=mm&r=g","contentUrl":"https:\/\/secure.gravatar.com\/avatar\/887a0f3b5a7ceea963a48499fb883ffce6b5037362def025c52c2505b15d63e4?s=96&d=mm&r=g","caption":"Ismael Lucas S. Pereira"},"url":"https:\/\/diariodepe.com.br\/cri\/author\/ismael-lucas\/"}]}},"cc_featured_image_caption":{"caption_text":false,"source_text":false,"source_url":false},"amp_enabled":true,"_links":{"self":[{"href":"https:\/\/diariodepe.com.br\/cri\/wp-json\/wp\/v2\/posts\/3281","targetHints":{"allow":["GET"]}}],"collection":[{"href":"https:\/\/diariodepe.com.br\/cri\/wp-json\/wp\/v2\/posts"}],"about":[{"href":"https:\/\/diariodepe.com.br\/cri\/wp-json\/wp\/v2\/types\/post"}],"author":[{"embeddable":true,"href":"https:\/\/diariodepe.com.br\/cri\/wp-json\/wp\/v2\/users\/2"}],"replies":[{"embeddable":true,"href":"https:\/\/diariodepe.com.br\/cri\/wp-json\/wp\/v2\/comments?post=3281"}],"version-history":[{"count":1,"href":"https:\/\/diariodepe.com.br\/cri\/wp-json\/wp\/v2\/posts\/3281\/revisions"}],"predecessor-version":[{"id":3283,"href":"https:\/\/diariodepe.com.br\/cri\/wp-json\/wp\/v2\/posts\/3281\/revisions\/3283"}],"wp:featuredmedia":[{"embeddable":true,"href":"https:\/\/diariodepe.com.br\/cri\/wp-json\/wp\/v2\/media\/3282"}],"wp:attachment":[{"href":"https:\/\/diariodepe.com.br\/cri\/wp-json\/wp\/v2\/media?parent=3281"}],"wp:term":[{"taxonomy":"category","embeddable":true,"href":"https:\/\/diariodepe.com.br\/cri\/wp-json\/wp\/v2\/categories?post=3281"},{"taxonomy":"post_tag","embeddable":true,"href":"https:\/\/diariodepe.com.br\/cri\/wp-json\/wp\/v2\/tags?post=3281"}],"curies":[{"name":"wp","href":"https:\/\/api.w.org\/{rel}","templated":true}]}}