{"id":328,"date":"2023-01-08T09:19:57","date_gmt":"2023-01-08T12:19:57","guid":{"rendered":"https:\/\/diariodepe.com.br\/cri\/?p=328"},"modified":"2023-01-08T09:19:58","modified_gmt":"2023-01-08T12:19:58","slug":"comentario-politicos-dos-eua-que-politizam-a-pandemia-devem-ouvir-a-voz-da-ciencia","status":"publish","type":"post","link":"https:\/\/diariodepe.com.br\/cri\/2023\/01\/08\/comentario-politicos-dos-eua-que-politizam-a-pandemia-devem-ouvir-a-voz-da-ciencia\/","title":{"rendered":"<strong>Coment\u00e1rio: Pol\u00edticos dos EUA que politizam a pandemia devem ouvir a voz da ci\u00eancia<\/strong>"},"content":{"rendered":"\n<p>\u201cA nova pol\u00edtica dos EUA que exige o teste de Covid-19 antes dos voos para todos os viajantes provenientes da China ter\u00e1 pouca influ\u00eancia para limitar a dissemina\u00e7\u00e3o do v\u00edrus e n\u00e3o ajudar\u00e1 a avaliar a situa\u00e7\u00e3o de aumento dos casos pelo mundo\u201d, informou nesta sexta-feira (6) a Sociedade Americana de Doen\u00e7as Infecciosas (IDSA, na sigla em ingl\u00eas) na sua conta nas redes sociais.&nbsp;<\/p>\n\n\n\n<p>O Centro Europeu de Preven\u00e7\u00e3o e Controlo das Doen\u00e7as (ECDC, na sigla em ingl\u00eas) declarou que a imposi\u00e7\u00e3o de medidas restritivas aos viajantes vindos da China n\u00e3o \u00e9 razo\u00e1vel. O Conselho Internacional de Aeroportos na Europa, que representa mais de 500 aeroportos europeus, tamb\u00e9m condenou as restri\u00e7\u00f5es de entrada contra a China.&nbsp;<\/p>\n\n\n\n<p>A luta contra a Covid-19 \u00e9 uma \u201cguerra da ci\u00eancia\u201d. Entretanto, as pol\u00edticas de restri\u00e7\u00e3o aplicadas pelos EUA aos viajantes da China violam os princ\u00edpios cient\u00edficos.\u00a0<\/p>\n\n\n\n<p>No in\u00edcio da pandemia, em 2020, os EUA adotaram medidas para restringir a entrada de chineses. No entanto, devido ao fato de terem ignorado os avisos da Organiza\u00e7\u00e3o Mundial da Sa\u00fade (OMS), \u00e0 neglig\u00eancia na preven\u00e7\u00e3o da pandemia e \u00e0s disputas partid\u00e1rias, a pandemia eclodiu rapidamente nos EUA. O pa\u00eds teve o maior n\u00famero de infec\u00e7\u00f5es e de mortos do mundo. Isso comprova que na aus\u00eancia de medidas cient\u00edficas, as restri\u00e7\u00f5es de viagens n\u00e3o geram efeito na preven\u00e7\u00e3o de surtos.&nbsp;<\/p>\n\n\n\n<p>A julgar pela an\u00e1lise do v\u00edrus, a principal cepa da Covid-19 que circula atualmente na China j\u00e1 havia se espalhado pelo mundo antes. De acordo com as informa\u00e7\u00f5es divulgadas pela OMS no dia 4, os dados fornecidos pela Comiss\u00e3o Nacional de Sa\u00fade da China mostram que as principais cepas atuais na China s\u00e3o consistentes com as sequ\u00eancias gen\u00e9ticas de passageiros chineses infectados que foram detectadas por outros pa\u00edses. N\u00e3o foram encontradas novas variantes ou muta\u00e7\u00f5es significativas do v\u00edrus. Segundo o jornal Lianhe Zaobao de Cingapura, as sequ\u00eancias do genoma viral coletadas pela Global Initiative on Sharing\u00a0Avian\u00a0Influenza Data (GISAID, na sigla em ingl\u00eas) durante esta rodada de dissemina\u00e7\u00e3o do novo coronav\u00edrus mostram que nenhuma nova cepa surgiu na China.\u00a0<\/p>\n\n\n\n<p>esde dezembro do ano passado, os Estados Unidos foram afetados por uma tripla influ\u00eancia do v\u00edrus sincicial respirat\u00f3rio, de Covid-19 e de influenza. O sistema m\u00e9dico dos EUA estava \u00e0 beira de colapso. Apesar dessa situa\u00e7\u00e3o, as autoridades norte-americanas n\u00e3o tomaram nenhuma medida em \u00e2mbito nacional, nem implementaram a \u201cobrigatoriedade de m\u00e1scaras\u201d, ignorando a sa\u00fade e a vida da popula\u00e7\u00e3o. Al\u00e9m disso, os EUA tentaram fugir da responsabilidade e n\u00e3o pararam de difamar e reprimir a China.&nbsp;<\/p>\n\n\n\n<p>Os pol\u00edticos americanos obcecados com a manipula\u00e7\u00e3o pol\u00edtica n\u00e3o devem esquecer: nos \u00faltimos tr\u00eas anos, mais de 100 milh\u00f5es de estadunidenses foram infectadas pela Covid-19, mais de 1,08 milh\u00e3o de pessoas morreram e deixaram 250 mil \u00f3rf\u00e3os. Ao mesmo tempo, foram incitados a discrimina\u00e7\u00e3o racial e o \u00f3dio aos asi\u00e1ticos.&nbsp;<\/p>\n\n\n\n<p>O jornal New York Times informou no dia 5 que as medidas atuais dos EUA s\u00e3o exatamente as mesmas, como a proibi\u00e7\u00e3o de viagens contra chineses aplicada no in\u00edcio de 2020, a qual foi uma pol\u00edtica racista.&nbsp;<\/p>\n","protected":false},"excerpt":{"rendered":"<p>\u201cA nova pol\u00edtica dos EUA que exige o teste de Covid-19 antes dos voos para todos os viajantes provenientes da China ter\u00e1 pouca influ\u00eancia para limitar a dissemina\u00e7\u00e3o do v\u00edrus e n\u00e3o ajudar\u00e1 a avaliar a situa\u00e7\u00e3o de aumento dos&#8230;<\/p>\n","protected":false},"author":2,"featured_media":329,"comment_status":"open","ping_status":"open","sticky":false,"template":"","format":"standard","meta":{"footnotes":""},"categories":[7],"tags":[],"class_list":["post-328","post","type-post","status-publish","format-standard","has-post-thumbnail","hentry","category-visao"],"yoast_head":"<!-- This site is optimized with the Yoast SEO plugin v27.4 - https:\/\/yoast.com\/product\/yoast-seo-wordpress\/ -->\n<title>Coment\u00e1rio: Pol\u00edticos dos EUA que politizam a pandemia devem ouvir a voz da ci\u00eancia - CRI e Diario de Pernambuco<\/title>\n<meta name=\"robots\" content=\"index, follow, max-snippet:-1, max-image-preview:large, max-video-preview:-1\" \/>\n<link rel=\"canonical\" href=\"https:\/\/diariodepe.com.br\/cri\/2023\/01\/08\/comentario-politicos-dos-eua-que-politizam-a-pandemia-devem-ouvir-a-voz-da-ciencia\/\" \/>\n<meta property=\"og:locale\" content=\"pt_BR\" \/>\n<meta property=\"og:type\" content=\"article\" \/>\n<meta property=\"og:title\" content=\"Coment\u00e1rio: Pol\u00edticos dos EUA que politizam a pandemia devem ouvir a voz da ci\u00eancia - CRI e Diario de Pernambuco\" \/>\n<meta property=\"og:description\" content=\"\u201cA nova pol\u00edtica dos EUA que exige o teste de Covid-19 antes dos voos para todos os viajantes provenientes da China ter\u00e1 pouca influ\u00eancia para limitar a dissemina\u00e7\u00e3o do v\u00edrus e n\u00e3o ajudar\u00e1 a avaliar a situa\u00e7\u00e3o de aumento dos...\" \/>\n<meta property=\"og:url\" content=\"https:\/\/diariodepe.com.br\/cri\/2023\/01\/08\/comentario-politicos-dos-eua-que-politizam-a-pandemia-devem-ouvir-a-voz-da-ciencia\/\" \/>\n<meta property=\"og:site_name\" content=\"CRI e Diario de Pernambuco\" \/>\n<meta property=\"article:published_time\" content=\"2023-01-08T12:19:57+00:00\" \/>\n<meta property=\"article:modified_time\" content=\"2023-01-08T12:19:58+00:00\" \/>\n<meta property=\"og:image\" content=\"https:\/\/diariodepe.com.br\/cri\/wp-content\/uploads\/sites\/2\/2023\/01\/2023010722194088010-1.png\" \/>\n\t<meta property=\"og:image:width\" content=\"1334\" \/>\n\t<meta property=\"og:image:height\" content=\"551\" \/>\n\t<meta property=\"og:image:type\" content=\"image\/png\" \/>\n<meta name=\"author\" content=\"Ismael Lucas S. Pereira\" \/>\n<meta name=\"twitter:card\" content=\"summary_large_image\" \/>\n<meta name=\"twitter:label1\" content=\"Escrito por\" \/>\n\t<meta name=\"twitter:data1\" content=\"Ismael Lucas S. Pereira\" \/>\n\t<meta name=\"twitter:label2\" content=\"Est. tempo de leitura\" \/>\n\t<meta name=\"twitter:data2\" content=\"3 minutos\" \/>\n<script type=\"application\/ld+json\" class=\"yoast-schema-graph\">{\"@context\":\"https:\\\/\\\/schema.org\",\"@graph\":[{\"@type\":\"Article\",\"@id\":\"https:\\\/\\\/diariodepe.com.br\\\/cri\\\/2023\\\/01\\\/08\\\/comentario-politicos-dos-eua-que-politizam-a-pandemia-devem-ouvir-a-voz-da-ciencia\\\/#article\",\"isPartOf\":{\"@id\":\"https:\\\/\\\/diariodepe.com.br\\\/cri\\\/2023\\\/01\\\/08\\\/comentario-politicos-dos-eua-que-politizam-a-pandemia-devem-ouvir-a-voz-da-ciencia\\\/\"},\"author\":{\"name\":\"Ismael Lucas S. Pereira\",\"@id\":\"https:\\\/\\\/diariodepe.com.br\\\/cri\\\/#\\\/schema\\\/person\\\/121bb28d84f1a5b1205ef4ce9c2e0c6b\"},\"headline\":\"Coment\u00e1rio: Pol\u00edticos dos EUA que politizam a pandemia devem ouvir a voz da ci\u00eancia\",\"datePublished\":\"2023-01-08T12:19:57+00:00\",\"dateModified\":\"2023-01-08T12:19:58+00:00\",\"mainEntityOfPage\":{\"@id\":\"https:\\\/\\\/diariodepe.com.br\\\/cri\\\/2023\\\/01\\\/08\\\/comentario-politicos-dos-eua-que-politizam-a-pandemia-devem-ouvir-a-voz-da-ciencia\\\/\"},\"wordCount\":592,\"commentCount\":0,\"publisher\":{\"@id\":\"https:\\\/\\\/diariodepe.com.br\\\/cri\\\/#organization\"},\"image\":{\"@id\":\"https:\\\/\\\/diariodepe.com.br\\\/cri\\\/2023\\\/01\\\/08\\\/comentario-politicos-dos-eua-que-politizam-a-pandemia-devem-ouvir-a-voz-da-ciencia\\\/#primaryimage\"},\"thumbnailUrl\":\"https:\\\/\\\/diariodepe.com.br\\\/cri\\\/wp-content\\\/uploads\\\/sites\\\/2\\\/2023\\\/01\\\/2023010722194088010-1.png\",\"articleSection\":[\"Vis\u00e3o\"],\"inLanguage\":\"pt-BR\",\"potentialAction\":[{\"@type\":\"CommentAction\",\"name\":\"Comment\",\"target\":[\"https:\\\/\\\/diariodepe.com.br\\\/cri\\\/2023\\\/01\\\/08\\\/comentario-politicos-dos-eua-que-politizam-a-pandemia-devem-ouvir-a-voz-da-ciencia\\\/#respond\"]}]},{\"@type\":\"WebPage\",\"@id\":\"https:\\\/\\\/diariodepe.com.br\\\/cri\\\/2023\\\/01\\\/08\\\/comentario-politicos-dos-eua-que-politizam-a-pandemia-devem-ouvir-a-voz-da-ciencia\\\/\",\"url\":\"https:\\\/\\\/diariodepe.com.br\\\/cri\\\/2023\\\/01\\\/08\\\/comentario-politicos-dos-eua-que-politizam-a-pandemia-devem-ouvir-a-voz-da-ciencia\\\/\",\"name\":\"Coment\u00e1rio: Pol\u00edticos dos EUA que politizam a pandemia devem ouvir a voz da ci\u00eancia - CRI e Diario de Pernambuco\",\"isPartOf\":{\"@id\":\"https:\\\/\\\/diariodepe.com.br\\\/cri\\\/#website\"},\"primaryImageOfPage\":{\"@id\":\"https:\\\/\\\/diariodepe.com.br\\\/cri\\\/2023\\\/01\\\/08\\\/comentario-politicos-dos-eua-que-politizam-a-pandemia-devem-ouvir-a-voz-da-ciencia\\\/#primaryimage\"},\"image\":{\"@id\":\"https:\\\/\\\/diariodepe.com.br\\\/cri\\\/2023\\\/01\\\/08\\\/comentario-politicos-dos-eua-que-politizam-a-pandemia-devem-ouvir-a-voz-da-ciencia\\\/#primaryimage\"},\"thumbnailUrl\":\"https:\\\/\\\/diariodepe.com.br\\\/cri\\\/wp-content\\\/uploads\\\/sites\\\/2\\\/2023\\\/01\\\/2023010722194088010-1.png\",\"datePublished\":\"2023-01-08T12:19:57+00:00\",\"dateModified\":\"2023-01-08T12:19:58+00:00\",\"breadcrumb\":{\"@id\":\"https:\\\/\\\/diariodepe.com.br\\\/cri\\\/2023\\\/01\\\/08\\\/comentario-politicos-dos-eua-que-politizam-a-pandemia-devem-ouvir-a-voz-da-ciencia\\\/#breadcrumb\"},\"inLanguage\":\"pt-BR\",\"potentialAction\":[{\"@type\":\"ReadAction\",\"target\":[\"https:\\\/\\\/diariodepe.com.br\\\/cri\\\/2023\\\/01\\\/08\\\/comentario-politicos-dos-eua-que-politizam-a-pandemia-devem-ouvir-a-voz-da-ciencia\\\/\"]}]},{\"@type\":\"ImageObject\",\"inLanguage\":\"pt-BR\",\"@id\":\"https:\\\/\\\/diariodepe.com.br\\\/cri\\\/2023\\\/01\\\/08\\\/comentario-politicos-dos-eua-que-politizam-a-pandemia-devem-ouvir-a-voz-da-ciencia\\\/#primaryimage\",\"url\":\"https:\\\/\\\/diariodepe.com.br\\\/cri\\\/wp-content\\\/uploads\\\/sites\\\/2\\\/2023\\\/01\\\/2023010722194088010-1.png\",\"contentUrl\":\"https:\\\/\\\/diariodepe.com.br\\\/cri\\\/wp-content\\\/uploads\\\/sites\\\/2\\\/2023\\\/01\\\/2023010722194088010-1.png\",\"width\":1334,\"height\":551},{\"@type\":\"BreadcrumbList\",\"@id\":\"https:\\\/\\\/diariodepe.com.br\\\/cri\\\/2023\\\/01\\\/08\\\/comentario-politicos-dos-eua-que-politizam-a-pandemia-devem-ouvir-a-voz-da-ciencia\\\/#breadcrumb\",\"itemListElement\":[{\"@type\":\"ListItem\",\"position\":1,\"name\":\"In\u00edcio\",\"item\":\"https:\\\/\\\/diariodepe.com.br\\\/cri\\\/\"},{\"@type\":\"ListItem\",\"position\":2,\"name\":\"Coment\u00e1rio: Pol\u00edticos dos EUA que politizam a pandemia devem ouvir a voz da ci\u00eancia\"}]},{\"@type\":\"WebSite\",\"@id\":\"https:\\\/\\\/diariodepe.com.br\\\/cri\\\/#website\",\"url\":\"https:\\\/\\\/diariodepe.com.br\\\/cri\\\/\",\"name\":\"CRI e Diario de Pernambuco\",\"description\":\"R\u00e1dio Internacional da China\",\"publisher\":{\"@id\":\"https:\\\/\\\/diariodepe.com.br\\\/cri\\\/#organization\"},\"potentialAction\":[{\"@type\":\"SearchAction\",\"target\":{\"@type\":\"EntryPoint\",\"urlTemplate\":\"https:\\\/\\\/diariodepe.com.br\\\/cri\\\/?s={search_term_string}\"},\"query-input\":{\"@type\":\"PropertyValueSpecification\",\"valueRequired\":true,\"valueName\":\"search_term_string\"}}],\"inLanguage\":\"pt-BR\"},{\"@type\":\"Organization\",\"@id\":\"https:\\\/\\\/diariodepe.com.br\\\/cri\\\/#organization\",\"name\":\"CRI e Diario de Pernambuco\",\"url\":\"https:\\\/\\\/diariodepe.com.br\\\/cri\\\/\",\"logo\":{\"@type\":\"ImageObject\",\"inLanguage\":\"pt-BR\",\"@id\":\"https:\\\/\\\/diariodepe.com.br\\\/cri\\\/#\\\/schema\\\/logo\\\/image\\\/\",\"url\":\"https:\\\/\\\/diariodepe.com.br\\\/cri\\\/wp-content\\\/uploads\\\/sites\\\/2\\\/2022\\\/12\\\/cropped-Logo.jpg\",\"contentUrl\":\"https:\\\/\\\/diariodepe.com.br\\\/cri\\\/wp-content\\\/uploads\\\/sites\\\/2\\\/2022\\\/12\\\/cropped-Logo.jpg\",\"width\":700,\"height\":59,\"caption\":\"CRI e Diario de Pernambuco\"},\"image\":{\"@id\":\"https:\\\/\\\/diariodepe.com.br\\\/cri\\\/#\\\/schema\\\/logo\\\/image\\\/\"}},{\"@type\":\"Person\",\"@id\":\"https:\\\/\\\/diariodepe.com.br\\\/cri\\\/#\\\/schema\\\/person\\\/121bb28d84f1a5b1205ef4ce9c2e0c6b\",\"name\":\"Ismael Lucas S. Pereira\",\"image\":{\"@type\":\"ImageObject\",\"inLanguage\":\"pt-BR\",\"@id\":\"https:\\\/\\\/secure.gravatar.com\\\/avatar\\\/887a0f3b5a7ceea963a48499fb883ffce6b5037362def025c52c2505b15d63e4?s=96&d=mm&r=g\",\"url\":\"https:\\\/\\\/secure.gravatar.com\\\/avatar\\\/887a0f3b5a7ceea963a48499fb883ffce6b5037362def025c52c2505b15d63e4?s=96&d=mm&r=g\",\"contentUrl\":\"https:\\\/\\\/secure.gravatar.com\\\/avatar\\\/887a0f3b5a7ceea963a48499fb883ffce6b5037362def025c52c2505b15d63e4?s=96&d=mm&r=g\",\"caption\":\"Ismael Lucas S. Pereira\"},\"url\":\"https:\\\/\\\/diariodepe.com.br\\\/cri\\\/author\\\/ismael-lucas\\\/\"}]}<\/script>\n<!-- \/ Yoast SEO plugin. -->","yoast_head_json":{"title":"Coment\u00e1rio: Pol\u00edticos dos EUA que politizam a pandemia devem ouvir a voz da ci\u00eancia - CRI e Diario de Pernambuco","robots":{"index":"index","follow":"follow","max-snippet":"max-snippet:-1","max-image-preview":"max-image-preview:large","max-video-preview":"max-video-preview:-1"},"canonical":"https:\/\/diariodepe.com.br\/cri\/2023\/01\/08\/comentario-politicos-dos-eua-que-politizam-a-pandemia-devem-ouvir-a-voz-da-ciencia\/","og_locale":"pt_BR","og_type":"article","og_title":"Coment\u00e1rio: Pol\u00edticos dos EUA que politizam a pandemia devem ouvir a voz da ci\u00eancia - CRI e Diario de Pernambuco","og_description":"\u201cA nova pol\u00edtica dos EUA que exige o teste de Covid-19 antes dos voos para todos os viajantes provenientes da China ter\u00e1 pouca influ\u00eancia para limitar a dissemina\u00e7\u00e3o do v\u00edrus e n\u00e3o ajudar\u00e1 a avaliar a situa\u00e7\u00e3o de aumento dos...","og_url":"https:\/\/diariodepe.com.br\/cri\/2023\/01\/08\/comentario-politicos-dos-eua-que-politizam-a-pandemia-devem-ouvir-a-voz-da-ciencia\/","og_site_name":"CRI e Diario de Pernambuco","article_published_time":"2023-01-08T12:19:57+00:00","article_modified_time":"2023-01-08T12:19:58+00:00","og_image":[{"width":1334,"height":551,"url":"https:\/\/diariodepe.com.br\/cri\/wp-content\/uploads\/sites\/2\/2023\/01\/2023010722194088010-1.png","type":"image\/png"}],"author":"Ismael Lucas S. Pereira","twitter_card":"summary_large_image","twitter_misc":{"Escrito por":"Ismael Lucas S. Pereira","Est. tempo de leitura":"3 minutos"},"schema":{"@context":"https:\/\/schema.org","@graph":[{"@type":"Article","@id":"https:\/\/diariodepe.com.br\/cri\/2023\/01\/08\/comentario-politicos-dos-eua-que-politizam-a-pandemia-devem-ouvir-a-voz-da-ciencia\/#article","isPartOf":{"@id":"https:\/\/diariodepe.com.br\/cri\/2023\/01\/08\/comentario-politicos-dos-eua-que-politizam-a-pandemia-devem-ouvir-a-voz-da-ciencia\/"},"author":{"name":"Ismael Lucas S. Pereira","@id":"https:\/\/diariodepe.com.br\/cri\/#\/schema\/person\/121bb28d84f1a5b1205ef4ce9c2e0c6b"},"headline":"Coment\u00e1rio: Pol\u00edticos dos EUA que politizam a pandemia devem ouvir a voz da ci\u00eancia","datePublished":"2023-01-08T12:19:57+00:00","dateModified":"2023-01-08T12:19:58+00:00","mainEntityOfPage":{"@id":"https:\/\/diariodepe.com.br\/cri\/2023\/01\/08\/comentario-politicos-dos-eua-que-politizam-a-pandemia-devem-ouvir-a-voz-da-ciencia\/"},"wordCount":592,"commentCount":0,"publisher":{"@id":"https:\/\/diariodepe.com.br\/cri\/#organization"},"image":{"@id":"https:\/\/diariodepe.com.br\/cri\/2023\/01\/08\/comentario-politicos-dos-eua-que-politizam-a-pandemia-devem-ouvir-a-voz-da-ciencia\/#primaryimage"},"thumbnailUrl":"https:\/\/diariodepe.com.br\/cri\/wp-content\/uploads\/sites\/2\/2023\/01\/2023010722194088010-1.png","articleSection":["Vis\u00e3o"],"inLanguage":"pt-BR","potentialAction":[{"@type":"CommentAction","name":"Comment","target":["https:\/\/diariodepe.com.br\/cri\/2023\/01\/08\/comentario-politicos-dos-eua-que-politizam-a-pandemia-devem-ouvir-a-voz-da-ciencia\/#respond"]}]},{"@type":"WebPage","@id":"https:\/\/diariodepe.com.br\/cri\/2023\/01\/08\/comentario-politicos-dos-eua-que-politizam-a-pandemia-devem-ouvir-a-voz-da-ciencia\/","url":"https:\/\/diariodepe.com.br\/cri\/2023\/01\/08\/comentario-politicos-dos-eua-que-politizam-a-pandemia-devem-ouvir-a-voz-da-ciencia\/","name":"Coment\u00e1rio: Pol\u00edticos dos EUA que politizam a pandemia devem ouvir a voz da ci\u00eancia - CRI e Diario de Pernambuco","isPartOf":{"@id":"https:\/\/diariodepe.com.br\/cri\/#website"},"primaryImageOfPage":{"@id":"https:\/\/diariodepe.com.br\/cri\/2023\/01\/08\/comentario-politicos-dos-eua-que-politizam-a-pandemia-devem-ouvir-a-voz-da-ciencia\/#primaryimage"},"image":{"@id":"https:\/\/diariodepe.com.br\/cri\/2023\/01\/08\/comentario-politicos-dos-eua-que-politizam-a-pandemia-devem-ouvir-a-voz-da-ciencia\/#primaryimage"},"thumbnailUrl":"https:\/\/diariodepe.com.br\/cri\/wp-content\/uploads\/sites\/2\/2023\/01\/2023010722194088010-1.png","datePublished":"2023-01-08T12:19:57+00:00","dateModified":"2023-01-08T12:19:58+00:00","breadcrumb":{"@id":"https:\/\/diariodepe.com.br\/cri\/2023\/01\/08\/comentario-politicos-dos-eua-que-politizam-a-pandemia-devem-ouvir-a-voz-da-ciencia\/#breadcrumb"},"inLanguage":"pt-BR","potentialAction":[{"@type":"ReadAction","target":["https:\/\/diariodepe.com.br\/cri\/2023\/01\/08\/comentario-politicos-dos-eua-que-politizam-a-pandemia-devem-ouvir-a-voz-da-ciencia\/"]}]},{"@type":"ImageObject","inLanguage":"pt-BR","@id":"https:\/\/diariodepe.com.br\/cri\/2023\/01\/08\/comentario-politicos-dos-eua-que-politizam-a-pandemia-devem-ouvir-a-voz-da-ciencia\/#primaryimage","url":"https:\/\/diariodepe.com.br\/cri\/wp-content\/uploads\/sites\/2\/2023\/01\/2023010722194088010-1.png","contentUrl":"https:\/\/diariodepe.com.br\/cri\/wp-content\/uploads\/sites\/2\/2023\/01\/2023010722194088010-1.png","width":1334,"height":551},{"@type":"BreadcrumbList","@id":"https:\/\/diariodepe.com.br\/cri\/2023\/01\/08\/comentario-politicos-dos-eua-que-politizam-a-pandemia-devem-ouvir-a-voz-da-ciencia\/#breadcrumb","itemListElement":[{"@type":"ListItem","position":1,"name":"In\u00edcio","item":"https:\/\/diariodepe.com.br\/cri\/"},{"@type":"ListItem","position":2,"name":"Coment\u00e1rio: Pol\u00edticos dos EUA que politizam a pandemia devem ouvir a voz da ci\u00eancia"}]},{"@type":"WebSite","@id":"https:\/\/diariodepe.com.br\/cri\/#website","url":"https:\/\/diariodepe.com.br\/cri\/","name":"CRI e Diario de Pernambuco","description":"R\u00e1dio Internacional da China","publisher":{"@id":"https:\/\/diariodepe.com.br\/cri\/#organization"},"potentialAction":[{"@type":"SearchAction","target":{"@type":"EntryPoint","urlTemplate":"https:\/\/diariodepe.com.br\/cri\/?s={search_term_string}"},"query-input":{"@type":"PropertyValueSpecification","valueRequired":true,"valueName":"search_term_string"}}],"inLanguage":"pt-BR"},{"@type":"Organization","@id":"https:\/\/diariodepe.com.br\/cri\/#organization","name":"CRI e Diario de Pernambuco","url":"https:\/\/diariodepe.com.br\/cri\/","logo":{"@type":"ImageObject","inLanguage":"pt-BR","@id":"https:\/\/diariodepe.com.br\/cri\/#\/schema\/logo\/image\/","url":"https:\/\/diariodepe.com.br\/cri\/wp-content\/uploads\/sites\/2\/2022\/12\/cropped-Logo.jpg","contentUrl":"https:\/\/diariodepe.com.br\/cri\/wp-content\/uploads\/sites\/2\/2022\/12\/cropped-Logo.jpg","width":700,"height":59,"caption":"CRI e Diario de Pernambuco"},"image":{"@id":"https:\/\/diariodepe.com.br\/cri\/#\/schema\/logo\/image\/"}},{"@type":"Person","@id":"https:\/\/diariodepe.com.br\/cri\/#\/schema\/person\/121bb28d84f1a5b1205ef4ce9c2e0c6b","name":"Ismael Lucas S. Pereira","image":{"@type":"ImageObject","inLanguage":"pt-BR","@id":"https:\/\/secure.gravatar.com\/avatar\/887a0f3b5a7ceea963a48499fb883ffce6b5037362def025c52c2505b15d63e4?s=96&d=mm&r=g","url":"https:\/\/secure.gravatar.com\/avatar\/887a0f3b5a7ceea963a48499fb883ffce6b5037362def025c52c2505b15d63e4?s=96&d=mm&r=g","contentUrl":"https:\/\/secure.gravatar.com\/avatar\/887a0f3b5a7ceea963a48499fb883ffce6b5037362def025c52c2505b15d63e4?s=96&d=mm&r=g","caption":"Ismael Lucas S. Pereira"},"url":"https:\/\/diariodepe.com.br\/cri\/author\/ismael-lucas\/"}]}},"cc_featured_image_caption":{"caption_text":"","source_text":"","source_url":""},"amp_enabled":true,"_links":{"self":[{"href":"https:\/\/diariodepe.com.br\/cri\/wp-json\/wp\/v2\/posts\/328","targetHints":{"allow":["GET"]}}],"collection":[{"href":"https:\/\/diariodepe.com.br\/cri\/wp-json\/wp\/v2\/posts"}],"about":[{"href":"https:\/\/diariodepe.com.br\/cri\/wp-json\/wp\/v2\/types\/post"}],"author":[{"embeddable":true,"href":"https:\/\/diariodepe.com.br\/cri\/wp-json\/wp\/v2\/users\/2"}],"replies":[{"embeddable":true,"href":"https:\/\/diariodepe.com.br\/cri\/wp-json\/wp\/v2\/comments?post=328"}],"version-history":[{"count":1,"href":"https:\/\/diariodepe.com.br\/cri\/wp-json\/wp\/v2\/posts\/328\/revisions"}],"predecessor-version":[{"id":330,"href":"https:\/\/diariodepe.com.br\/cri\/wp-json\/wp\/v2\/posts\/328\/revisions\/330"}],"wp:featuredmedia":[{"embeddable":true,"href":"https:\/\/diariodepe.com.br\/cri\/wp-json\/wp\/v2\/media\/329"}],"wp:attachment":[{"href":"https:\/\/diariodepe.com.br\/cri\/wp-json\/wp\/v2\/media?parent=328"}],"wp:term":[{"taxonomy":"category","embeddable":true,"href":"https:\/\/diariodepe.com.br\/cri\/wp-json\/wp\/v2\/categories?post=328"},{"taxonomy":"post_tag","embeddable":true,"href":"https:\/\/diariodepe.com.br\/cri\/wp-json\/wp\/v2\/tags?post=328"}],"curies":[{"name":"wp","href":"https:\/\/api.w.org\/{rel}","templated":true}]}}