{"id":3213,"date":"2023-10-26T04:37:17","date_gmt":"2023-10-26T07:37:17","guid":{"rendered":"https:\/\/diariodepe.com.br\/cri\/?p=3213"},"modified":"2023-10-26T04:37:17","modified_gmt":"2023-10-26T07:37:17","slug":"episodio-6-do-documentario-com-coracoes-unidos","status":"publish","type":"post","link":"https:\/\/diariodepe.com.br\/cri\/2023\/10\/26\/episodio-6-do-documentario-com-coracoes-unidos\/","title":{"rendered":"Epis\u00f3dio 6 do document\u00e1rio: Com cora\u00e7\u00f5es unidos"},"content":{"rendered":"<p>Os rios, como o sangue da terra, nutrem a terra e nutrem a civiliza\u00e7\u00e3o.<\/p>\n<p>A antiga Rota da Seda abrangia a bacia do rio Nilo, dos rios Tigre e Eufrates, dos rios Indo e Ganges, do rio Amarelo e do rio Yangtz\u00e9, e abrangia os locais de nascimento das civiliza\u00e7\u00f5es eg\u00edpcia, babil\u00f4nica, indiana e chinesa. Diferentes civiliza\u00e7\u00f5es, religi\u00f5es e ra\u00e7as procuram pontos em comum enquanto reservam as diferen\u00e7as.<\/p>\n<p>Em 14 de maio de 2017, o presidente Xi Jinping fez um discurso na cerim\u00f4nia de abertura do primeiro F\u00f3rum do Cintur\u00e3o e Rota para Coopera\u00e7\u00e3o Internacional.<\/p>\n<p>\u201cA antiga Rota da Seda se estendeu por milhares de quil\u00f4metros e permaneceu por milhares de anos, formando o esp\u00edrito da Rota da Seda que se traduz em paz e coopera\u00e7\u00e3o, abertura e inclus\u00e3o, aprendizagem m\u00fatua e benef\u00edcio rec\u00edproco. \u00c9 a heran\u00e7a preciosa da civiliza\u00e7\u00e3o humana.&#8221;<\/p>\n<p>Sob a orienta\u00e7\u00e3o do esp\u00edrito da Rota da Seda, a constru\u00e7\u00e3o conjunta do Cintur\u00e3o e Rota apoia a paz e o desenvolvimento, e tamb\u00e9m transmite sonhos e esperan\u00e7as.<\/p>\n<p>Tarde da noite do dia 10 de mar\u00e7o de 2023, a Ar\u00e1bia Saudita e o Ir\u00e3, dois pa\u00edses do Oriente M\u00e9dio que tinham rompido rela\u00e7\u00f5es diplom\u00e1ticas durante sete anos, apertaram as m\u00e3os e fizeram a paz na China, ponto de partida da Rota da Seda. Ao longo dos dez anos, a China promoveu ativamente o di\u00e1logo e a negocia\u00e7\u00e3o para resolver problemas, diferen\u00e7as e disputas entre pa\u00edses. Buscar o desenvolvimento na paz, promover a paz no desenvolvimento e permitir que todos os pa\u00edses que amam a paz avancem de m\u00e3os dadas.<\/p>\n","protected":false},"excerpt":{"rendered":"<p>Os rios, como o sangue da terra, nutrem a terra e nutrem a civiliza\u00e7\u00e3o. A antiga Rota da Seda abrangia a bacia do rio Nilo, dos rios Tigre e Eufrates, dos rios Indo e Ganges, do rio Amarelo e do&#8230;<\/p>\n","protected":false},"author":2,"featured_media":0,"comment_status":"open","ping_status":"open","sticky":false,"template":"","format":"standard","meta":{"footnotes":""},"categories":[3],"tags":[],"class_list":["post-3213","post","type-post","status-publish","format-standard","hentry","category-china"],"yoast_head":"<!-- This site is optimized with the Yoast SEO plugin v27.4 - https:\/\/yoast.com\/product\/yoast-seo-wordpress\/ -->\n<title>Epis\u00f3dio 6 do document\u00e1rio: Com cora\u00e7\u00f5es unidos - CRI e Diario de Pernambuco<\/title>\n<meta name=\"robots\" content=\"index, follow, max-snippet:-1, max-image-preview:large, max-video-preview:-1\" \/>\n<link rel=\"canonical\" href=\"https:\/\/diariodepe.com.br\/cri\/2023\/10\/26\/episodio-6-do-documentario-com-coracoes-unidos\/\" \/>\n<meta property=\"og:locale\" content=\"pt_BR\" \/>\n<meta property=\"og:type\" content=\"article\" \/>\n<meta property=\"og:title\" content=\"Epis\u00f3dio 6 do document\u00e1rio: Com cora\u00e7\u00f5es unidos - CRI e Diario de Pernambuco\" \/>\n<meta property=\"og:description\" content=\"Os rios, como o sangue da terra, nutrem a terra e nutrem a civiliza\u00e7\u00e3o. A antiga Rota da Seda abrangia a bacia do rio Nilo, dos rios Tigre e Eufrates, dos rios Indo e Ganges, do rio Amarelo e do...\" \/>\n<meta property=\"og:url\" content=\"https:\/\/diariodepe.com.br\/cri\/2023\/10\/26\/episodio-6-do-documentario-com-coracoes-unidos\/\" \/>\n<meta property=\"og:site_name\" content=\"CRI e Diario de Pernambuco\" \/>\n<meta property=\"article:published_time\" content=\"2023-10-26T07:37:17+00:00\" \/>\n<meta name=\"author\" content=\"Ismael Lucas S. Pereira\" \/>\n<meta name=\"twitter:card\" content=\"summary_large_image\" \/>\n<meta name=\"twitter:label1\" content=\"Escrito por\" \/>\n\t<meta name=\"twitter:data1\" content=\"Ismael Lucas S. Pereira\" \/>\n<script type=\"application\/ld+json\" class=\"yoast-schema-graph\">{\"@context\":\"https:\\\/\\\/schema.org\",\"@graph\":[{\"@type\":\"Article\",\"@id\":\"https:\\\/\\\/diariodepe.com.br\\\/cri\\\/2023\\\/10\\\/26\\\/episodio-6-do-documentario-com-coracoes-unidos\\\/#article\",\"isPartOf\":{\"@id\":\"https:\\\/\\\/diariodepe.com.br\\\/cri\\\/2023\\\/10\\\/26\\\/episodio-6-do-documentario-com-coracoes-unidos\\\/\"},\"author\":{\"name\":\"Ismael Lucas S. Pereira\",\"@id\":\"https:\\\/\\\/diariodepe.com.br\\\/cri\\\/#\\\/schema\\\/person\\\/121bb28d84f1a5b1205ef4ce9c2e0c6b\"},\"headline\":\"Epis\u00f3dio 6 do document\u00e1rio: Com cora\u00e7\u00f5es unidos\",\"datePublished\":\"2023-10-26T07:37:17+00:00\",\"mainEntityOfPage\":{\"@id\":\"https:\\\/\\\/diariodepe.com.br\\\/cri\\\/2023\\\/10\\\/26\\\/episodio-6-do-documentario-com-coracoes-unidos\\\/\"},\"wordCount\":304,\"commentCount\":0,\"publisher\":{\"@id\":\"https:\\\/\\\/diariodepe.com.br\\\/cri\\\/#organization\"},\"articleSection\":[\"China\"],\"inLanguage\":\"pt-BR\",\"potentialAction\":[{\"@type\":\"CommentAction\",\"name\":\"Comment\",\"target\":[\"https:\\\/\\\/diariodepe.com.br\\\/cri\\\/2023\\\/10\\\/26\\\/episodio-6-do-documentario-com-coracoes-unidos\\\/#respond\"]}]},{\"@type\":\"WebPage\",\"@id\":\"https:\\\/\\\/diariodepe.com.br\\\/cri\\\/2023\\\/10\\\/26\\\/episodio-6-do-documentario-com-coracoes-unidos\\\/\",\"url\":\"https:\\\/\\\/diariodepe.com.br\\\/cri\\\/2023\\\/10\\\/26\\\/episodio-6-do-documentario-com-coracoes-unidos\\\/\",\"name\":\"Epis\u00f3dio 6 do document\u00e1rio: Com cora\u00e7\u00f5es unidos - CRI e Diario de Pernambuco\",\"isPartOf\":{\"@id\":\"https:\\\/\\\/diariodepe.com.br\\\/cri\\\/#website\"},\"datePublished\":\"2023-10-26T07:37:17+00:00\",\"breadcrumb\":{\"@id\":\"https:\\\/\\\/diariodepe.com.br\\\/cri\\\/2023\\\/10\\\/26\\\/episodio-6-do-documentario-com-coracoes-unidos\\\/#breadcrumb\"},\"inLanguage\":\"pt-BR\",\"potentialAction\":[{\"@type\":\"ReadAction\",\"target\":[\"https:\\\/\\\/diariodepe.com.br\\\/cri\\\/2023\\\/10\\\/26\\\/episodio-6-do-documentario-com-coracoes-unidos\\\/\"]}]},{\"@type\":\"BreadcrumbList\",\"@id\":\"https:\\\/\\\/diariodepe.com.br\\\/cri\\\/2023\\\/10\\\/26\\\/episodio-6-do-documentario-com-coracoes-unidos\\\/#breadcrumb\",\"itemListElement\":[{\"@type\":\"ListItem\",\"position\":1,\"name\":\"In\u00edcio\",\"item\":\"https:\\\/\\\/diariodepe.com.br\\\/cri\\\/\"},{\"@type\":\"ListItem\",\"position\":2,\"name\":\"Epis\u00f3dio 6 do document\u00e1rio: Com cora\u00e7\u00f5es unidos\"}]},{\"@type\":\"WebSite\",\"@id\":\"https:\\\/\\\/diariodepe.com.br\\\/cri\\\/#website\",\"url\":\"https:\\\/\\\/diariodepe.com.br\\\/cri\\\/\",\"name\":\"CRI e Diario de Pernambuco\",\"description\":\"R\u00e1dio Internacional da China\",\"publisher\":{\"@id\":\"https:\\\/\\\/diariodepe.com.br\\\/cri\\\/#organization\"},\"potentialAction\":[{\"@type\":\"SearchAction\",\"target\":{\"@type\":\"EntryPoint\",\"urlTemplate\":\"https:\\\/\\\/diariodepe.com.br\\\/cri\\\/?s={search_term_string}\"},\"query-input\":{\"@type\":\"PropertyValueSpecification\",\"valueRequired\":true,\"valueName\":\"search_term_string\"}}],\"inLanguage\":\"pt-BR\"},{\"@type\":\"Organization\",\"@id\":\"https:\\\/\\\/diariodepe.com.br\\\/cri\\\/#organization\",\"name\":\"CRI e Diario de Pernambuco\",\"url\":\"https:\\\/\\\/diariodepe.com.br\\\/cri\\\/\",\"logo\":{\"@type\":\"ImageObject\",\"inLanguage\":\"pt-BR\",\"@id\":\"https:\\\/\\\/diariodepe.com.br\\\/cri\\\/#\\\/schema\\\/logo\\\/image\\\/\",\"url\":\"https:\\\/\\\/diariodepe.com.br\\\/cri\\\/wp-content\\\/uploads\\\/sites\\\/2\\\/2022\\\/12\\\/cropped-Logo.jpg\",\"contentUrl\":\"https:\\\/\\\/diariodepe.com.br\\\/cri\\\/wp-content\\\/uploads\\\/sites\\\/2\\\/2022\\\/12\\\/cropped-Logo.jpg\",\"width\":700,\"height\":59,\"caption\":\"CRI e Diario de Pernambuco\"},\"image\":{\"@id\":\"https:\\\/\\\/diariodepe.com.br\\\/cri\\\/#\\\/schema\\\/logo\\\/image\\\/\"}},{\"@type\":\"Person\",\"@id\":\"https:\\\/\\\/diariodepe.com.br\\\/cri\\\/#\\\/schema\\\/person\\\/121bb28d84f1a5b1205ef4ce9c2e0c6b\",\"name\":\"Ismael Lucas S. Pereira\",\"image\":{\"@type\":\"ImageObject\",\"inLanguage\":\"pt-BR\",\"@id\":\"https:\\\/\\\/secure.gravatar.com\\\/avatar\\\/887a0f3b5a7ceea963a48499fb883ffce6b5037362def025c52c2505b15d63e4?s=96&d=mm&r=g\",\"url\":\"https:\\\/\\\/secure.gravatar.com\\\/avatar\\\/887a0f3b5a7ceea963a48499fb883ffce6b5037362def025c52c2505b15d63e4?s=96&d=mm&r=g\",\"contentUrl\":\"https:\\\/\\\/secure.gravatar.com\\\/avatar\\\/887a0f3b5a7ceea963a48499fb883ffce6b5037362def025c52c2505b15d63e4?s=96&d=mm&r=g\",\"caption\":\"Ismael Lucas S. Pereira\"},\"url\":\"https:\\\/\\\/diariodepe.com.br\\\/cri\\\/author\\\/ismael-lucas\\\/\"}]}<\/script>\n<!-- \/ Yoast SEO plugin. -->","yoast_head_json":{"title":"Epis\u00f3dio 6 do document\u00e1rio: Com cora\u00e7\u00f5es unidos - CRI e Diario de Pernambuco","robots":{"index":"index","follow":"follow","max-snippet":"max-snippet:-1","max-image-preview":"max-image-preview:large","max-video-preview":"max-video-preview:-1"},"canonical":"https:\/\/diariodepe.com.br\/cri\/2023\/10\/26\/episodio-6-do-documentario-com-coracoes-unidos\/","og_locale":"pt_BR","og_type":"article","og_title":"Epis\u00f3dio 6 do document\u00e1rio: Com cora\u00e7\u00f5es unidos - CRI e Diario de Pernambuco","og_description":"Os rios, como o sangue da terra, nutrem a terra e nutrem a civiliza\u00e7\u00e3o. A antiga Rota da Seda abrangia a bacia do rio Nilo, dos rios Tigre e Eufrates, dos rios Indo e Ganges, do rio Amarelo e do...","og_url":"https:\/\/diariodepe.com.br\/cri\/2023\/10\/26\/episodio-6-do-documentario-com-coracoes-unidos\/","og_site_name":"CRI e Diario de Pernambuco","article_published_time":"2023-10-26T07:37:17+00:00","author":"Ismael Lucas S. Pereira","twitter_card":"summary_large_image","twitter_misc":{"Escrito por":"Ismael Lucas S. Pereira"},"schema":{"@context":"https:\/\/schema.org","@graph":[{"@type":"Article","@id":"https:\/\/diariodepe.com.br\/cri\/2023\/10\/26\/episodio-6-do-documentario-com-coracoes-unidos\/#article","isPartOf":{"@id":"https:\/\/diariodepe.com.br\/cri\/2023\/10\/26\/episodio-6-do-documentario-com-coracoes-unidos\/"},"author":{"name":"Ismael Lucas S. Pereira","@id":"https:\/\/diariodepe.com.br\/cri\/#\/schema\/person\/121bb28d84f1a5b1205ef4ce9c2e0c6b"},"headline":"Epis\u00f3dio 6 do document\u00e1rio: Com cora\u00e7\u00f5es unidos","datePublished":"2023-10-26T07:37:17+00:00","mainEntityOfPage":{"@id":"https:\/\/diariodepe.com.br\/cri\/2023\/10\/26\/episodio-6-do-documentario-com-coracoes-unidos\/"},"wordCount":304,"commentCount":0,"publisher":{"@id":"https:\/\/diariodepe.com.br\/cri\/#organization"},"articleSection":["China"],"inLanguage":"pt-BR","potentialAction":[{"@type":"CommentAction","name":"Comment","target":["https:\/\/diariodepe.com.br\/cri\/2023\/10\/26\/episodio-6-do-documentario-com-coracoes-unidos\/#respond"]}]},{"@type":"WebPage","@id":"https:\/\/diariodepe.com.br\/cri\/2023\/10\/26\/episodio-6-do-documentario-com-coracoes-unidos\/","url":"https:\/\/diariodepe.com.br\/cri\/2023\/10\/26\/episodio-6-do-documentario-com-coracoes-unidos\/","name":"Epis\u00f3dio 6 do document\u00e1rio: Com cora\u00e7\u00f5es unidos - CRI e Diario de Pernambuco","isPartOf":{"@id":"https:\/\/diariodepe.com.br\/cri\/#website"},"datePublished":"2023-10-26T07:37:17+00:00","breadcrumb":{"@id":"https:\/\/diariodepe.com.br\/cri\/2023\/10\/26\/episodio-6-do-documentario-com-coracoes-unidos\/#breadcrumb"},"inLanguage":"pt-BR","potentialAction":[{"@type":"ReadAction","target":["https:\/\/diariodepe.com.br\/cri\/2023\/10\/26\/episodio-6-do-documentario-com-coracoes-unidos\/"]}]},{"@type":"BreadcrumbList","@id":"https:\/\/diariodepe.com.br\/cri\/2023\/10\/26\/episodio-6-do-documentario-com-coracoes-unidos\/#breadcrumb","itemListElement":[{"@type":"ListItem","position":1,"name":"In\u00edcio","item":"https:\/\/diariodepe.com.br\/cri\/"},{"@type":"ListItem","position":2,"name":"Epis\u00f3dio 6 do document\u00e1rio: Com cora\u00e7\u00f5es unidos"}]},{"@type":"WebSite","@id":"https:\/\/diariodepe.com.br\/cri\/#website","url":"https:\/\/diariodepe.com.br\/cri\/","name":"CRI e Diario de Pernambuco","description":"R\u00e1dio Internacional da China","publisher":{"@id":"https:\/\/diariodepe.com.br\/cri\/#organization"},"potentialAction":[{"@type":"SearchAction","target":{"@type":"EntryPoint","urlTemplate":"https:\/\/diariodepe.com.br\/cri\/?s={search_term_string}"},"query-input":{"@type":"PropertyValueSpecification","valueRequired":true,"valueName":"search_term_string"}}],"inLanguage":"pt-BR"},{"@type":"Organization","@id":"https:\/\/diariodepe.com.br\/cri\/#organization","name":"CRI e Diario de Pernambuco","url":"https:\/\/diariodepe.com.br\/cri\/","logo":{"@type":"ImageObject","inLanguage":"pt-BR","@id":"https:\/\/diariodepe.com.br\/cri\/#\/schema\/logo\/image\/","url":"https:\/\/diariodepe.com.br\/cri\/wp-content\/uploads\/sites\/2\/2022\/12\/cropped-Logo.jpg","contentUrl":"https:\/\/diariodepe.com.br\/cri\/wp-content\/uploads\/sites\/2\/2022\/12\/cropped-Logo.jpg","width":700,"height":59,"caption":"CRI e Diario de Pernambuco"},"image":{"@id":"https:\/\/diariodepe.com.br\/cri\/#\/schema\/logo\/image\/"}},{"@type":"Person","@id":"https:\/\/diariodepe.com.br\/cri\/#\/schema\/person\/121bb28d84f1a5b1205ef4ce9c2e0c6b","name":"Ismael Lucas S. Pereira","image":{"@type":"ImageObject","inLanguage":"pt-BR","@id":"https:\/\/secure.gravatar.com\/avatar\/887a0f3b5a7ceea963a48499fb883ffce6b5037362def025c52c2505b15d63e4?s=96&d=mm&r=g","url":"https:\/\/secure.gravatar.com\/avatar\/887a0f3b5a7ceea963a48499fb883ffce6b5037362def025c52c2505b15d63e4?s=96&d=mm&r=g","contentUrl":"https:\/\/secure.gravatar.com\/avatar\/887a0f3b5a7ceea963a48499fb883ffce6b5037362def025c52c2505b15d63e4?s=96&d=mm&r=g","caption":"Ismael Lucas S. Pereira"},"url":"https:\/\/diariodepe.com.br\/cri\/author\/ismael-lucas\/"}]}},"cc_featured_image_caption":{"caption_text":false,"source_text":false,"source_url":false},"amp_enabled":true,"_links":{"self":[{"href":"https:\/\/diariodepe.com.br\/cri\/wp-json\/wp\/v2\/posts\/3213","targetHints":{"allow":["GET"]}}],"collection":[{"href":"https:\/\/diariodepe.com.br\/cri\/wp-json\/wp\/v2\/posts"}],"about":[{"href":"https:\/\/diariodepe.com.br\/cri\/wp-json\/wp\/v2\/types\/post"}],"author":[{"embeddable":true,"href":"https:\/\/diariodepe.com.br\/cri\/wp-json\/wp\/v2\/users\/2"}],"replies":[{"embeddable":true,"href":"https:\/\/diariodepe.com.br\/cri\/wp-json\/wp\/v2\/comments?post=3213"}],"version-history":[{"count":1,"href":"https:\/\/diariodepe.com.br\/cri\/wp-json\/wp\/v2\/posts\/3213\/revisions"}],"predecessor-version":[{"id":3214,"href":"https:\/\/diariodepe.com.br\/cri\/wp-json\/wp\/v2\/posts\/3213\/revisions\/3214"}],"wp:attachment":[{"href":"https:\/\/diariodepe.com.br\/cri\/wp-json\/wp\/v2\/media?parent=3213"}],"wp:term":[{"taxonomy":"category","embeddable":true,"href":"https:\/\/diariodepe.com.br\/cri\/wp-json\/wp\/v2\/categories?post=3213"},{"taxonomy":"post_tag","embeddable":true,"href":"https:\/\/diariodepe.com.br\/cri\/wp-json\/wp\/v2\/tags?post=3213"}],"curies":[{"name":"wp","href":"https:\/\/api.w.org\/{rel}","templated":true}]}}