{"id":3207,"date":"2023-10-25T22:44:40","date_gmt":"2023-10-26T01:44:40","guid":{"rendered":"https:\/\/diariodepe.com.br\/cri\/?p=3207"},"modified":"2023-10-25T22:44:40","modified_gmt":"2023-10-26T01:44:40","slug":"fazenda-que-produz-o-cafe-mais-caro-do-brasil-tambem-aposta-no-cha-da-bebida","status":"publish","type":"post","link":"https:\/\/diariodepe.com.br\/cri\/2023\/10\/25\/fazenda-que-produz-o-cafe-mais-caro-do-brasil-tambem-aposta-no-cha-da-bebida\/","title":{"rendered":"Fazenda que produz o caf\u00e9 mais caro do Brasil tamb\u00e9m aposta no ch\u00e1 da bebida"},"content":{"rendered":"<p>Voc\u00ea j\u00e1 imaginou beber um caf\u00e9 que veio das fezes de uma ave? No Brasil isso \u00e9 poss\u00edvel gra\u00e7as ao jacu, que de praga virou oportunidade. E o caf\u00e9 feito com os gr\u00e3os retirados das fezes da ave se tornou o mais caro do pa\u00eds.<\/p>\n<p><iframe title=\"Fazenda que produz o caf\u00e9 mais caro do Brasil tamb\u00e9m aposta no ch\u00e1 da bebida\" width=\"640\" height=\"360\" src=\"https:\/\/www.youtube.com\/embed\/2ek9jpbc-FY?feature=oembed\" frameborder=\"0\" allow=\"accelerometer; autoplay; clipboard-write; encrypted-media; gyroscope; picture-in-picture; web-share\" referrerpolicy=\"strict-origin-when-cross-origin\" allowfullscreen><\/iframe><\/p>\n","protected":false},"excerpt":{"rendered":"<p>Voc\u00ea j\u00e1 imaginou beber um caf\u00e9 que veio das fezes de uma ave? No Brasil isso \u00e9 poss\u00edvel gra\u00e7as ao jacu, que de praga virou oportunidade. E o caf\u00e9 feito com os gr\u00e3os retirados das fezes da ave se tornou&#8230;<\/p>\n","protected":false},"author":2,"featured_media":0,"comment_status":"open","ping_status":"open","sticky":false,"template":"","format":"standard","meta":{"footnotes":""},"categories":[9,11],"tags":[],"class_list":["post-3207","post","type-post","status-publish","format-standard","hentry","category-dptv-e-cri","category-videos"],"yoast_head":"<!-- This site is optimized with the Yoast SEO plugin v27.4 - https:\/\/yoast.com\/product\/yoast-seo-wordpress\/ -->\n<title>Fazenda que produz o caf\u00e9 mais caro do Brasil tamb\u00e9m aposta no ch\u00e1 da bebida - CRI e Diario de Pernambuco<\/title>\n<meta name=\"robots\" content=\"index, follow, max-snippet:-1, max-image-preview:large, max-video-preview:-1\" \/>\n<link rel=\"canonical\" href=\"https:\/\/diariodepe.com.br\/cri\/2023\/10\/25\/fazenda-que-produz-o-cafe-mais-caro-do-brasil-tambem-aposta-no-cha-da-bebida\/\" \/>\n<meta property=\"og:locale\" content=\"pt_BR\" \/>\n<meta property=\"og:type\" content=\"article\" \/>\n<meta property=\"og:title\" content=\"Fazenda que produz o caf\u00e9 mais caro do Brasil tamb\u00e9m aposta no ch\u00e1 da bebida - CRI e Diario de Pernambuco\" \/>\n<meta property=\"og:description\" content=\"Voc\u00ea j\u00e1 imaginou beber um caf\u00e9 que veio das fezes de uma ave? No Brasil isso \u00e9 poss\u00edvel gra\u00e7as ao jacu, que de praga virou oportunidade. E o caf\u00e9 feito com os gr\u00e3os retirados das fezes da ave se tornou...\" \/>\n<meta property=\"og:url\" content=\"https:\/\/diariodepe.com.br\/cri\/2023\/10\/25\/fazenda-que-produz-o-cafe-mais-caro-do-brasil-tambem-aposta-no-cha-da-bebida\/\" \/>\n<meta property=\"og:site_name\" content=\"CRI e Diario de Pernambuco\" \/>\n<meta property=\"article:published_time\" content=\"2023-10-26T01:44:40+00:00\" \/>\n<meta name=\"author\" content=\"Ismael Lucas S. Pereira\" \/>\n<meta name=\"twitter:card\" content=\"summary_large_image\" \/>\n<meta name=\"twitter:label1\" content=\"Escrito por\" \/>\n\t<meta name=\"twitter:data1\" content=\"Ismael Lucas S. Pereira\" \/>\n\t<meta name=\"twitter:label2\" content=\"Est. tempo de leitura\" \/>\n\t<meta name=\"twitter:data2\" content=\"1 minuto\" \/>\n<script type=\"application\/ld+json\" class=\"yoast-schema-graph\">{\"@context\":\"https:\\\/\\\/schema.org\",\"@graph\":[{\"@type\":\"Article\",\"@id\":\"https:\\\/\\\/diariodepe.com.br\\\/cri\\\/2023\\\/10\\\/25\\\/fazenda-que-produz-o-cafe-mais-caro-do-brasil-tambem-aposta-no-cha-da-bebida\\\/#article\",\"isPartOf\":{\"@id\":\"https:\\\/\\\/diariodepe.com.br\\\/cri\\\/2023\\\/10\\\/25\\\/fazenda-que-produz-o-cafe-mais-caro-do-brasil-tambem-aposta-no-cha-da-bebida\\\/\"},\"author\":{\"name\":\"Ismael Lucas S. Pereira\",\"@id\":\"https:\\\/\\\/diariodepe.com.br\\\/cri\\\/#\\\/schema\\\/person\\\/121bb28d84f1a5b1205ef4ce9c2e0c6b\"},\"headline\":\"Fazenda que produz o caf\u00e9 mais caro do Brasil tamb\u00e9m aposta no ch\u00e1 da bebida\",\"datePublished\":\"2023-10-26T01:44:40+00:00\",\"mainEntityOfPage\":{\"@id\":\"https:\\\/\\\/diariodepe.com.br\\\/cri\\\/2023\\\/10\\\/25\\\/fazenda-que-produz-o-cafe-mais-caro-do-brasil-tambem-aposta-no-cha-da-bebida\\\/\"},\"wordCount\":74,\"commentCount\":0,\"publisher\":{\"@id\":\"https:\\\/\\\/diariodepe.com.br\\\/cri\\\/#organization\"},\"articleSection\":[\"DPTV e CRI\",\"V\u00eddeos\"],\"inLanguage\":\"pt-BR\",\"potentialAction\":[{\"@type\":\"CommentAction\",\"name\":\"Comment\",\"target\":[\"https:\\\/\\\/diariodepe.com.br\\\/cri\\\/2023\\\/10\\\/25\\\/fazenda-que-produz-o-cafe-mais-caro-do-brasil-tambem-aposta-no-cha-da-bebida\\\/#respond\"]}]},{\"@type\":\"WebPage\",\"@id\":\"https:\\\/\\\/diariodepe.com.br\\\/cri\\\/2023\\\/10\\\/25\\\/fazenda-que-produz-o-cafe-mais-caro-do-brasil-tambem-aposta-no-cha-da-bebida\\\/\",\"url\":\"https:\\\/\\\/diariodepe.com.br\\\/cri\\\/2023\\\/10\\\/25\\\/fazenda-que-produz-o-cafe-mais-caro-do-brasil-tambem-aposta-no-cha-da-bebida\\\/\",\"name\":\"Fazenda que produz o caf\u00e9 mais caro do Brasil tamb\u00e9m aposta no ch\u00e1 da bebida - CRI e Diario de Pernambuco\",\"isPartOf\":{\"@id\":\"https:\\\/\\\/diariodepe.com.br\\\/cri\\\/#website\"},\"datePublished\":\"2023-10-26T01:44:40+00:00\",\"breadcrumb\":{\"@id\":\"https:\\\/\\\/diariodepe.com.br\\\/cri\\\/2023\\\/10\\\/25\\\/fazenda-que-produz-o-cafe-mais-caro-do-brasil-tambem-aposta-no-cha-da-bebida\\\/#breadcrumb\"},\"inLanguage\":\"pt-BR\",\"potentialAction\":[{\"@type\":\"ReadAction\",\"target\":[\"https:\\\/\\\/diariodepe.com.br\\\/cri\\\/2023\\\/10\\\/25\\\/fazenda-que-produz-o-cafe-mais-caro-do-brasil-tambem-aposta-no-cha-da-bebida\\\/\"]}]},{\"@type\":\"BreadcrumbList\",\"@id\":\"https:\\\/\\\/diariodepe.com.br\\\/cri\\\/2023\\\/10\\\/25\\\/fazenda-que-produz-o-cafe-mais-caro-do-brasil-tambem-aposta-no-cha-da-bebida\\\/#breadcrumb\",\"itemListElement\":[{\"@type\":\"ListItem\",\"position\":1,\"name\":\"In\u00edcio\",\"item\":\"https:\\\/\\\/diariodepe.com.br\\\/cri\\\/\"},{\"@type\":\"ListItem\",\"position\":2,\"name\":\"Fazenda que produz o caf\u00e9 mais caro do Brasil tamb\u00e9m aposta no ch\u00e1 da bebida\"}]},{\"@type\":\"WebSite\",\"@id\":\"https:\\\/\\\/diariodepe.com.br\\\/cri\\\/#website\",\"url\":\"https:\\\/\\\/diariodepe.com.br\\\/cri\\\/\",\"name\":\"CRI e Diario de Pernambuco\",\"description\":\"R\u00e1dio Internacional da China\",\"publisher\":{\"@id\":\"https:\\\/\\\/diariodepe.com.br\\\/cri\\\/#organization\"},\"potentialAction\":[{\"@type\":\"SearchAction\",\"target\":{\"@type\":\"EntryPoint\",\"urlTemplate\":\"https:\\\/\\\/diariodepe.com.br\\\/cri\\\/?s={search_term_string}\"},\"query-input\":{\"@type\":\"PropertyValueSpecification\",\"valueRequired\":true,\"valueName\":\"search_term_string\"}}],\"inLanguage\":\"pt-BR\"},{\"@type\":\"Organization\",\"@id\":\"https:\\\/\\\/diariodepe.com.br\\\/cri\\\/#organization\",\"name\":\"CRI e Diario de Pernambuco\",\"url\":\"https:\\\/\\\/diariodepe.com.br\\\/cri\\\/\",\"logo\":{\"@type\":\"ImageObject\",\"inLanguage\":\"pt-BR\",\"@id\":\"https:\\\/\\\/diariodepe.com.br\\\/cri\\\/#\\\/schema\\\/logo\\\/image\\\/\",\"url\":\"https:\\\/\\\/diariodepe.com.br\\\/cri\\\/wp-content\\\/uploads\\\/sites\\\/2\\\/2022\\\/12\\\/cropped-Logo.jpg\",\"contentUrl\":\"https:\\\/\\\/diariodepe.com.br\\\/cri\\\/wp-content\\\/uploads\\\/sites\\\/2\\\/2022\\\/12\\\/cropped-Logo.jpg\",\"width\":700,\"height\":59,\"caption\":\"CRI e Diario de Pernambuco\"},\"image\":{\"@id\":\"https:\\\/\\\/diariodepe.com.br\\\/cri\\\/#\\\/schema\\\/logo\\\/image\\\/\"}},{\"@type\":\"Person\",\"@id\":\"https:\\\/\\\/diariodepe.com.br\\\/cri\\\/#\\\/schema\\\/person\\\/121bb28d84f1a5b1205ef4ce9c2e0c6b\",\"name\":\"Ismael Lucas S. Pereira\",\"image\":{\"@type\":\"ImageObject\",\"inLanguage\":\"pt-BR\",\"@id\":\"https:\\\/\\\/secure.gravatar.com\\\/avatar\\\/887a0f3b5a7ceea963a48499fb883ffce6b5037362def025c52c2505b15d63e4?s=96&d=mm&r=g\",\"url\":\"https:\\\/\\\/secure.gravatar.com\\\/avatar\\\/887a0f3b5a7ceea963a48499fb883ffce6b5037362def025c52c2505b15d63e4?s=96&d=mm&r=g\",\"contentUrl\":\"https:\\\/\\\/secure.gravatar.com\\\/avatar\\\/887a0f3b5a7ceea963a48499fb883ffce6b5037362def025c52c2505b15d63e4?s=96&d=mm&r=g\",\"caption\":\"Ismael Lucas S. Pereira\"},\"url\":\"https:\\\/\\\/diariodepe.com.br\\\/cri\\\/author\\\/ismael-lucas\\\/\"}]}<\/script>\n<!-- \/ Yoast SEO plugin. -->","yoast_head_json":{"title":"Fazenda que produz o caf\u00e9 mais caro do Brasil tamb\u00e9m aposta no ch\u00e1 da bebida - CRI e Diario de Pernambuco","robots":{"index":"index","follow":"follow","max-snippet":"max-snippet:-1","max-image-preview":"max-image-preview:large","max-video-preview":"max-video-preview:-1"},"canonical":"https:\/\/diariodepe.com.br\/cri\/2023\/10\/25\/fazenda-que-produz-o-cafe-mais-caro-do-brasil-tambem-aposta-no-cha-da-bebida\/","og_locale":"pt_BR","og_type":"article","og_title":"Fazenda que produz o caf\u00e9 mais caro do Brasil tamb\u00e9m aposta no ch\u00e1 da bebida - CRI e Diario de Pernambuco","og_description":"Voc\u00ea j\u00e1 imaginou beber um caf\u00e9 que veio das fezes de uma ave? No Brasil isso \u00e9 poss\u00edvel gra\u00e7as ao jacu, que de praga virou oportunidade. E o caf\u00e9 feito com os gr\u00e3os retirados das fezes da ave se tornou...","og_url":"https:\/\/diariodepe.com.br\/cri\/2023\/10\/25\/fazenda-que-produz-o-cafe-mais-caro-do-brasil-tambem-aposta-no-cha-da-bebida\/","og_site_name":"CRI e Diario de Pernambuco","article_published_time":"2023-10-26T01:44:40+00:00","author":"Ismael Lucas S. Pereira","twitter_card":"summary_large_image","twitter_misc":{"Escrito por":"Ismael Lucas S. Pereira","Est. tempo de leitura":"1 minuto"},"schema":{"@context":"https:\/\/schema.org","@graph":[{"@type":"Article","@id":"https:\/\/diariodepe.com.br\/cri\/2023\/10\/25\/fazenda-que-produz-o-cafe-mais-caro-do-brasil-tambem-aposta-no-cha-da-bebida\/#article","isPartOf":{"@id":"https:\/\/diariodepe.com.br\/cri\/2023\/10\/25\/fazenda-que-produz-o-cafe-mais-caro-do-brasil-tambem-aposta-no-cha-da-bebida\/"},"author":{"name":"Ismael Lucas S. Pereira","@id":"https:\/\/diariodepe.com.br\/cri\/#\/schema\/person\/121bb28d84f1a5b1205ef4ce9c2e0c6b"},"headline":"Fazenda que produz o caf\u00e9 mais caro do Brasil tamb\u00e9m aposta no ch\u00e1 da bebida","datePublished":"2023-10-26T01:44:40+00:00","mainEntityOfPage":{"@id":"https:\/\/diariodepe.com.br\/cri\/2023\/10\/25\/fazenda-que-produz-o-cafe-mais-caro-do-brasil-tambem-aposta-no-cha-da-bebida\/"},"wordCount":74,"commentCount":0,"publisher":{"@id":"https:\/\/diariodepe.com.br\/cri\/#organization"},"articleSection":["DPTV e CRI","V\u00eddeos"],"inLanguage":"pt-BR","potentialAction":[{"@type":"CommentAction","name":"Comment","target":["https:\/\/diariodepe.com.br\/cri\/2023\/10\/25\/fazenda-que-produz-o-cafe-mais-caro-do-brasil-tambem-aposta-no-cha-da-bebida\/#respond"]}]},{"@type":"WebPage","@id":"https:\/\/diariodepe.com.br\/cri\/2023\/10\/25\/fazenda-que-produz-o-cafe-mais-caro-do-brasil-tambem-aposta-no-cha-da-bebida\/","url":"https:\/\/diariodepe.com.br\/cri\/2023\/10\/25\/fazenda-que-produz-o-cafe-mais-caro-do-brasil-tambem-aposta-no-cha-da-bebida\/","name":"Fazenda que produz o caf\u00e9 mais caro do Brasil tamb\u00e9m aposta no ch\u00e1 da bebida - CRI e Diario de Pernambuco","isPartOf":{"@id":"https:\/\/diariodepe.com.br\/cri\/#website"},"datePublished":"2023-10-26T01:44:40+00:00","breadcrumb":{"@id":"https:\/\/diariodepe.com.br\/cri\/2023\/10\/25\/fazenda-que-produz-o-cafe-mais-caro-do-brasil-tambem-aposta-no-cha-da-bebida\/#breadcrumb"},"inLanguage":"pt-BR","potentialAction":[{"@type":"ReadAction","target":["https:\/\/diariodepe.com.br\/cri\/2023\/10\/25\/fazenda-que-produz-o-cafe-mais-caro-do-brasil-tambem-aposta-no-cha-da-bebida\/"]}]},{"@type":"BreadcrumbList","@id":"https:\/\/diariodepe.com.br\/cri\/2023\/10\/25\/fazenda-que-produz-o-cafe-mais-caro-do-brasil-tambem-aposta-no-cha-da-bebida\/#breadcrumb","itemListElement":[{"@type":"ListItem","position":1,"name":"In\u00edcio","item":"https:\/\/diariodepe.com.br\/cri\/"},{"@type":"ListItem","position":2,"name":"Fazenda que produz o caf\u00e9 mais caro do Brasil tamb\u00e9m aposta no ch\u00e1 da bebida"}]},{"@type":"WebSite","@id":"https:\/\/diariodepe.com.br\/cri\/#website","url":"https:\/\/diariodepe.com.br\/cri\/","name":"CRI e Diario de Pernambuco","description":"R\u00e1dio Internacional da China","publisher":{"@id":"https:\/\/diariodepe.com.br\/cri\/#organization"},"potentialAction":[{"@type":"SearchAction","target":{"@type":"EntryPoint","urlTemplate":"https:\/\/diariodepe.com.br\/cri\/?s={search_term_string}"},"query-input":{"@type":"PropertyValueSpecification","valueRequired":true,"valueName":"search_term_string"}}],"inLanguage":"pt-BR"},{"@type":"Organization","@id":"https:\/\/diariodepe.com.br\/cri\/#organization","name":"CRI e Diario de Pernambuco","url":"https:\/\/diariodepe.com.br\/cri\/","logo":{"@type":"ImageObject","inLanguage":"pt-BR","@id":"https:\/\/diariodepe.com.br\/cri\/#\/schema\/logo\/image\/","url":"https:\/\/diariodepe.com.br\/cri\/wp-content\/uploads\/sites\/2\/2022\/12\/cropped-Logo.jpg","contentUrl":"https:\/\/diariodepe.com.br\/cri\/wp-content\/uploads\/sites\/2\/2022\/12\/cropped-Logo.jpg","width":700,"height":59,"caption":"CRI e Diario de Pernambuco"},"image":{"@id":"https:\/\/diariodepe.com.br\/cri\/#\/schema\/logo\/image\/"}},{"@type":"Person","@id":"https:\/\/diariodepe.com.br\/cri\/#\/schema\/person\/121bb28d84f1a5b1205ef4ce9c2e0c6b","name":"Ismael Lucas S. Pereira","image":{"@type":"ImageObject","inLanguage":"pt-BR","@id":"https:\/\/secure.gravatar.com\/avatar\/887a0f3b5a7ceea963a48499fb883ffce6b5037362def025c52c2505b15d63e4?s=96&d=mm&r=g","url":"https:\/\/secure.gravatar.com\/avatar\/887a0f3b5a7ceea963a48499fb883ffce6b5037362def025c52c2505b15d63e4?s=96&d=mm&r=g","contentUrl":"https:\/\/secure.gravatar.com\/avatar\/887a0f3b5a7ceea963a48499fb883ffce6b5037362def025c52c2505b15d63e4?s=96&d=mm&r=g","caption":"Ismael Lucas S. Pereira"},"url":"https:\/\/diariodepe.com.br\/cri\/author\/ismael-lucas\/"}]}},"cc_featured_image_caption":{"caption_text":false,"source_text":false,"source_url":false},"amp_enabled":true,"_links":{"self":[{"href":"https:\/\/diariodepe.com.br\/cri\/wp-json\/wp\/v2\/posts\/3207","targetHints":{"allow":["GET"]}}],"collection":[{"href":"https:\/\/diariodepe.com.br\/cri\/wp-json\/wp\/v2\/posts"}],"about":[{"href":"https:\/\/diariodepe.com.br\/cri\/wp-json\/wp\/v2\/types\/post"}],"author":[{"embeddable":true,"href":"https:\/\/diariodepe.com.br\/cri\/wp-json\/wp\/v2\/users\/2"}],"replies":[{"embeddable":true,"href":"https:\/\/diariodepe.com.br\/cri\/wp-json\/wp\/v2\/comments?post=3207"}],"version-history":[{"count":1,"href":"https:\/\/diariodepe.com.br\/cri\/wp-json\/wp\/v2\/posts\/3207\/revisions"}],"predecessor-version":[{"id":3208,"href":"https:\/\/diariodepe.com.br\/cri\/wp-json\/wp\/v2\/posts\/3207\/revisions\/3208"}],"wp:attachment":[{"href":"https:\/\/diariodepe.com.br\/cri\/wp-json\/wp\/v2\/media?parent=3207"}],"wp:term":[{"taxonomy":"category","embeddable":true,"href":"https:\/\/diariodepe.com.br\/cri\/wp-json\/wp\/v2\/categories?post=3207"},{"taxonomy":"post_tag","embeddable":true,"href":"https:\/\/diariodepe.com.br\/cri\/wp-json\/wp\/v2\/tags?post=3207"}],"curies":[{"name":"wp","href":"https:\/\/api.w.org\/{rel}","templated":true}]}}