{"id":3202,"date":"2023-10-24T23:23:35","date_gmt":"2023-10-25T02:23:35","guid":{"rendered":"https:\/\/diariodepe.com.br\/cri\/?p=3202"},"modified":"2023-10-24T23:23:35","modified_gmt":"2023-10-25T02:23:35","slug":"abertura-comercial-chinesa-continua-a-contribuir-para-o-crescimento-mundial","status":"publish","type":"post","link":"https:\/\/diariodepe.com.br\/cri\/2023\/10\/24\/abertura-comercial-chinesa-continua-a-contribuir-para-o-crescimento-mundial\/","title":{"rendered":"Abertura comercial chinesa continua a contribuir para o crescimento mundial"},"content":{"rendered":"<p>A recente desacelera\u00e7\u00e3o econ\u00f4mica na China, fruto da reorienta\u00e7\u00e3o de seu modelo de crescimento para o mercado interno, do protecionismo de outros grandes pa\u00edses e de fatores geopol\u00edticos devia ser vista como um processo tempor\u00e1rio e revers\u00edvel no m\u00e9dio prazo. No entanto, analistas de bancos e da grande m\u00eddia financeira internacional aproveitam, com base na an\u00e1lise superficial do sobe e desce de indicadores conjunturais, para prognosticar uma tend\u00eancia duradoura de estagna\u00e7\u00e3o do pa\u00eds asi\u00e1tico e de suposta futura crise econ\u00f4mica e pol\u00edtica.<\/p>\n<p>Nesse contexto e diante do clamor antiglobaliza\u00e7\u00e3o e regionaliza\u00e7\u00e3o das cadeias globais de valor, a China, ao contr\u00e1rio do que \u00e9 apregoado, persiste na sua estrat\u00e9gia de promo\u00e7\u00e3o da abertura ao exterior por meio de uma s\u00e9rie de a\u00e7\u00f5es concretas, como a melhoria no clima de neg\u00f3cios, a realiza\u00e7\u00e3o de diversas feiras e exposi\u00e7\u00f5es comerciais internacionais, a implementa\u00e7\u00e3o de acordos de parceria econ\u00f4mica e liberaliza\u00e7\u00e3o do com\u00e9rcio com diversos pa\u00edses e regi\u00f5es e facilita\u00e7\u00e3o de investimentos. Tudo isso contribuindo para refor\u00e7ar suas rela\u00e7\u00f5es econ\u00f4micas externas e mitigar as tend\u00eancias de enfraquecimento do livre com\u00e9rcio e do movimento global de capitais.<\/p>\n<p>Com efeito, a grande maioria das empresas de capital estrangeiro que operam na China se diz satisfeita com o ambiente de neg\u00f3cios favor\u00e1vel do pa\u00eds e confiante no mercado chin\u00eas, de acordo com uma pesquisa divulgada pelo Conselho Chin\u00eas para a Promo\u00e7\u00e3o do Com\u00e9rcio Internacional (CCPIT, em ingl\u00eas) durante o segundo trimestre de 2023. A pesquisa sobre ambiente de neg\u00f3cios no pa\u00eds considerou itens como acesso ao mercado, pagamento de impostos, solu\u00e7\u00e3o de controv\u00e9rsias e a situa\u00e7\u00e3o de concorr\u00eancia de mercado na China. Assim, quase 90% das empresas financiadas por estrangeiros que foram pesquisadas se declaram satisfeitas com o ambiente de neg\u00f3cios chin\u00eas. As empresas estrangeiras tamb\u00e9m parecem otimistas sobre sua atua\u00e7\u00e3o na China, com mais de 80% dos entrevistados com expectativa positiva de que o retorno de seus investimentos permane\u00e7a est\u00e1vel ou aumente em 2023.<\/p>\n<p>No tocante a feiras e exposi\u00e7\u00f5es comerciais, a China realiza de 23 a 27 de outubro de 2023 a segunda fase da 134\u00aa\u00a0Feira de Importa\u00e7\u00e3o e Exporta\u00e7\u00e3o da China, realizada em Guangzhou), considerada a maior feira comercial de exposi\u00e7\u00f5es do planeta. Trata-se de um evento de com\u00e9rcio exterior abrangente, com o maior n\u00famero de potenciais compradores, a mais completa variedade de produtos, servi\u00e7os e tecnologias e o maior volume de neg\u00f3cios do mundo. Isso sem falar em uma s\u00e9rie de outras feiras setoriais j\u00e1 realizadas ao longo e at\u00e9 o fim do ano.\u00a0Embora a feira venha sendo realizada desde 1957, ela enfrentou desafios e conseguiu superar todos eles, inclusive a pandemia de Covid-19. \u00c9 um evento que promove a conex\u00e3o comercial entre o mundo e a China, e que, por sua vez, evidencia as conquistas e os avan\u00e7os que o pa\u00eds alcan\u00e7ou ao longo de v\u00e1rias d\u00e9cadas.<\/p>\n<p>No campo das negocia\u00e7\u00f5es comerciais a China envida esfor\u00e7os para colocar em opera\u00e7\u00e3o a Parceria Econ\u00f4mica Abrangente Regional (RCEP, na sigla em ingl\u00eas), continua a impulsionar a ades\u00e3o ao Acordo Abrangente e Progressivo para a Parceria Transpac\u00edfica (CPTPP) e ao Acordo de Parceria da Economia Digital (DEPA). Tudo isso al\u00e9m de criar 21 Zonas de Livre Com\u00e9rcio Piloto, estabelecer o Porto de Livre Com\u00e9rcio de Hainan e reduzir a lista negativa para investimento estrangeiro direto (IED), com a amplia\u00e7\u00e3o da abertura ao capital externo de setores de servi\u00e7os como telecomunica\u00e7\u00f5es e sa\u00fade. Para completar esse esfor\u00e7o de abertura econ\u00f4mica ao exterior, a China adota nova Lei de Investimento Estrangeiro e um regulamento para otimizar o ambiente de neg\u00f3cios.<\/p>\n<p>Desde 2013, a China \u00e9 o segundo maior importador do mundo, com importa\u00e7\u00f5es totalizando a marca de 18,1 trilh\u00f5es de yuans\u00a0em 2022, o que correspondeu a 13,8% das importa\u00e7\u00f5es mundiais, contra 8,35% para os EUA e 3,22% para o Jap\u00e3o. Somente o bloco da Uni\u00e3o Europeia, com 27 pa\u00edses, \u00e9 que supera a China como maior importador mundial, com 22,93% do total. \u00a0No corrente ano, segundo dados da Organiza\u00e7\u00e3o para a Coopera\u00e7\u00e3o e Desenvolvimento Econ\u00f4mico (OCDE), o valor das importa\u00e7\u00f5es chinesas estaria se reduzindo em rela\u00e7\u00e3o aos trimestres anteriores. \u00a0No entanto, essa tend\u00eancia conjuntural \u00e9 de ordem mais geral, uma vez que muitos outros pa\u00edses que fazem parte do G20, como Alemanha, EUA e \u00cdndia, apresentam tamb\u00e9m recuos nos \u00faltimos trimestres no valor de suas importa\u00e7\u00f5es por conta do cen\u00e1rio global de desacelera\u00e7\u00e3o econ\u00f4mica.<\/p>\n<p>O fato que merece destaque \u00e9 que, sendo o segundo maior importador mundial h\u00e1 10 anos, a China tem contribu\u00eddo fortemente para o crescimento de seus parceiros comerciais pela via da demanda chinesa por bens e mat\u00e9rias-primas junto aos demais pa\u00edses com quem mant\u00e9m rela\u00e7\u00f5es de com\u00e9rcio. Na verdade, o ritmo das importa\u00e7\u00f5es chinesas funciona como um term\u00f4metro para os pre\u00e7os nos mercados de commodities\u00a0e um elemento de sustenta\u00e7\u00e3o da renda e emprego nos setores exportadores de in\u00fameros pa\u00edses, sejam aqueles avan\u00e7ados, emergentes ou em desenvolvimento, que comercializam seus produtos com a China. Tudo isso sem mencionar a sinaliza\u00e7\u00e3o que as compras chinesas no exterior d\u00e3o para investidores nos mercados de ativos pelo mundo afora.<\/p>\n<p>H\u00e1, por fim, raz\u00f5es para crer que a continuidade do processo de abertura da China para o exterior, mesmo em um contexto mundial desafiador, atuar\u00e1 como uma alavanca importante para enfrentar movimentos contr\u00e1rios \u00e0 globaliza\u00e7\u00e3o e para a manuten\u00e7\u00e3o das cadeias globais de valor e dos fluxos atuais de com\u00e9rcio internacional, mitigando impactos adversos de medidas protecionistas tomadas por outros pa\u00edses e evitando o isolacionismo econ\u00f4mico e o fechamento de mercados. Essa postura chinesa \u00e9 uma salutar aposta no futuro compartilhado do mundo e uma contribui\u00e7\u00e3o respons\u00e1vel para o bem-estar geral e a paz mundial.<\/p>\n<p>Por Jos\u00e9 Nelson Bessa Maia, mestre em Economia e doutor em Rela\u00e7\u00f5es Internacionais pela Universidade de Bras\u00edlia (UnB) e pesquisador independente das rela\u00e7\u00f5es China-Brasil, China-Pa\u00edses Lus\u00f3fonos e China-Am\u00e9rica Latina.<\/p>\n","protected":false},"excerpt":{"rendered":"<p>A recente desacelera\u00e7\u00e3o econ\u00f4mica na China, fruto da reorienta\u00e7\u00e3o de seu modelo de crescimento para o mercado interno, do protecionismo de outros grandes pa\u00edses e de fatores geopol\u00edticos devia ser vista como um processo tempor\u00e1rio e revers\u00edvel no m\u00e9dio prazo&#8230;.<\/p>\n","protected":false},"author":2,"featured_media":0,"comment_status":"open","ping_status":"open","sticky":false,"template":"","format":"standard","meta":{"footnotes":""},"categories":[7],"tags":[],"class_list":["post-3202","post","type-post","status-publish","format-standard","hentry","category-visao"],"yoast_head":"<!-- This site is optimized with the Yoast SEO plugin v27.4 - https:\/\/yoast.com\/product\/yoast-seo-wordpress\/ -->\n<title>Abertura comercial chinesa continua a contribuir para o crescimento mundial - CRI e Diario de Pernambuco<\/title>\n<meta name=\"robots\" content=\"index, follow, max-snippet:-1, max-image-preview:large, max-video-preview:-1\" \/>\n<link rel=\"canonical\" href=\"https:\/\/diariodepe.com.br\/cri\/2023\/10\/24\/abertura-comercial-chinesa-continua-a-contribuir-para-o-crescimento-mundial\/\" \/>\n<meta property=\"og:locale\" content=\"pt_BR\" \/>\n<meta property=\"og:type\" content=\"article\" \/>\n<meta property=\"og:title\" content=\"Abertura comercial chinesa continua a contribuir para o crescimento mundial - CRI e Diario de Pernambuco\" \/>\n<meta property=\"og:description\" content=\"A recente desacelera\u00e7\u00e3o econ\u00f4mica na China, fruto da reorienta\u00e7\u00e3o de seu modelo de crescimento para o mercado interno, do protecionismo de outros grandes pa\u00edses e de fatores geopol\u00edticos devia ser vista como um processo tempor\u00e1rio e revers\u00edvel no m\u00e9dio prazo....\" \/>\n<meta property=\"og:url\" content=\"https:\/\/diariodepe.com.br\/cri\/2023\/10\/24\/abertura-comercial-chinesa-continua-a-contribuir-para-o-crescimento-mundial\/\" \/>\n<meta property=\"og:site_name\" content=\"CRI e Diario de Pernambuco\" \/>\n<meta property=\"article:published_time\" content=\"2023-10-25T02:23:35+00:00\" \/>\n<meta name=\"author\" content=\"Ismael Lucas S. Pereira\" \/>\n<meta name=\"twitter:card\" content=\"summary_large_image\" \/>\n<meta name=\"twitter:label1\" content=\"Escrito por\" \/>\n\t<meta name=\"twitter:data1\" content=\"Ismael Lucas S. Pereira\" \/>\n\t<meta name=\"twitter:label2\" content=\"Est. tempo de leitura\" \/>\n\t<meta name=\"twitter:data2\" content=\"6 minutos\" \/>\n<script type=\"application\/ld+json\" class=\"yoast-schema-graph\">{\"@context\":\"https:\\\/\\\/schema.org\",\"@graph\":[{\"@type\":\"Article\",\"@id\":\"https:\\\/\\\/diariodepe.com.br\\\/cri\\\/2023\\\/10\\\/24\\\/abertura-comercial-chinesa-continua-a-contribuir-para-o-crescimento-mundial\\\/#article\",\"isPartOf\":{\"@id\":\"https:\\\/\\\/diariodepe.com.br\\\/cri\\\/2023\\\/10\\\/24\\\/abertura-comercial-chinesa-continua-a-contribuir-para-o-crescimento-mundial\\\/\"},\"author\":{\"name\":\"Ismael Lucas S. Pereira\",\"@id\":\"https:\\\/\\\/diariodepe.com.br\\\/cri\\\/#\\\/schema\\\/person\\\/121bb28d84f1a5b1205ef4ce9c2e0c6b\"},\"headline\":\"Abertura comercial chinesa continua a contribuir para o crescimento mundial\",\"datePublished\":\"2023-10-25T02:23:35+00:00\",\"mainEntityOfPage\":{\"@id\":\"https:\\\/\\\/diariodepe.com.br\\\/cri\\\/2023\\\/10\\\/24\\\/abertura-comercial-chinesa-continua-a-contribuir-para-o-crescimento-mundial\\\/\"},\"wordCount\":1081,\"commentCount\":0,\"publisher\":{\"@id\":\"https:\\\/\\\/diariodepe.com.br\\\/cri\\\/#organization\"},\"articleSection\":[\"Vis\u00e3o\"],\"inLanguage\":\"pt-BR\",\"potentialAction\":[{\"@type\":\"CommentAction\",\"name\":\"Comment\",\"target\":[\"https:\\\/\\\/diariodepe.com.br\\\/cri\\\/2023\\\/10\\\/24\\\/abertura-comercial-chinesa-continua-a-contribuir-para-o-crescimento-mundial\\\/#respond\"]}]},{\"@type\":\"WebPage\",\"@id\":\"https:\\\/\\\/diariodepe.com.br\\\/cri\\\/2023\\\/10\\\/24\\\/abertura-comercial-chinesa-continua-a-contribuir-para-o-crescimento-mundial\\\/\",\"url\":\"https:\\\/\\\/diariodepe.com.br\\\/cri\\\/2023\\\/10\\\/24\\\/abertura-comercial-chinesa-continua-a-contribuir-para-o-crescimento-mundial\\\/\",\"name\":\"Abertura comercial chinesa continua a contribuir para o crescimento mundial - CRI e Diario de Pernambuco\",\"isPartOf\":{\"@id\":\"https:\\\/\\\/diariodepe.com.br\\\/cri\\\/#website\"},\"datePublished\":\"2023-10-25T02:23:35+00:00\",\"breadcrumb\":{\"@id\":\"https:\\\/\\\/diariodepe.com.br\\\/cri\\\/2023\\\/10\\\/24\\\/abertura-comercial-chinesa-continua-a-contribuir-para-o-crescimento-mundial\\\/#breadcrumb\"},\"inLanguage\":\"pt-BR\",\"potentialAction\":[{\"@type\":\"ReadAction\",\"target\":[\"https:\\\/\\\/diariodepe.com.br\\\/cri\\\/2023\\\/10\\\/24\\\/abertura-comercial-chinesa-continua-a-contribuir-para-o-crescimento-mundial\\\/\"]}]},{\"@type\":\"BreadcrumbList\",\"@id\":\"https:\\\/\\\/diariodepe.com.br\\\/cri\\\/2023\\\/10\\\/24\\\/abertura-comercial-chinesa-continua-a-contribuir-para-o-crescimento-mundial\\\/#breadcrumb\",\"itemListElement\":[{\"@type\":\"ListItem\",\"position\":1,\"name\":\"In\u00edcio\",\"item\":\"https:\\\/\\\/diariodepe.com.br\\\/cri\\\/\"},{\"@type\":\"ListItem\",\"position\":2,\"name\":\"Abertura comercial chinesa continua a contribuir para o crescimento mundial\"}]},{\"@type\":\"WebSite\",\"@id\":\"https:\\\/\\\/diariodepe.com.br\\\/cri\\\/#website\",\"url\":\"https:\\\/\\\/diariodepe.com.br\\\/cri\\\/\",\"name\":\"CRI e Diario de Pernambuco\",\"description\":\"R\u00e1dio Internacional da China\",\"publisher\":{\"@id\":\"https:\\\/\\\/diariodepe.com.br\\\/cri\\\/#organization\"},\"potentialAction\":[{\"@type\":\"SearchAction\",\"target\":{\"@type\":\"EntryPoint\",\"urlTemplate\":\"https:\\\/\\\/diariodepe.com.br\\\/cri\\\/?s={search_term_string}\"},\"query-input\":{\"@type\":\"PropertyValueSpecification\",\"valueRequired\":true,\"valueName\":\"search_term_string\"}}],\"inLanguage\":\"pt-BR\"},{\"@type\":\"Organization\",\"@id\":\"https:\\\/\\\/diariodepe.com.br\\\/cri\\\/#organization\",\"name\":\"CRI e Diario de Pernambuco\",\"url\":\"https:\\\/\\\/diariodepe.com.br\\\/cri\\\/\",\"logo\":{\"@type\":\"ImageObject\",\"inLanguage\":\"pt-BR\",\"@id\":\"https:\\\/\\\/diariodepe.com.br\\\/cri\\\/#\\\/schema\\\/logo\\\/image\\\/\",\"url\":\"https:\\\/\\\/diariodepe.com.br\\\/cri\\\/wp-content\\\/uploads\\\/sites\\\/2\\\/2022\\\/12\\\/cropped-Logo.jpg\",\"contentUrl\":\"https:\\\/\\\/diariodepe.com.br\\\/cri\\\/wp-content\\\/uploads\\\/sites\\\/2\\\/2022\\\/12\\\/cropped-Logo.jpg\",\"width\":700,\"height\":59,\"caption\":\"CRI e Diario de Pernambuco\"},\"image\":{\"@id\":\"https:\\\/\\\/diariodepe.com.br\\\/cri\\\/#\\\/schema\\\/logo\\\/image\\\/\"}},{\"@type\":\"Person\",\"@id\":\"https:\\\/\\\/diariodepe.com.br\\\/cri\\\/#\\\/schema\\\/person\\\/121bb28d84f1a5b1205ef4ce9c2e0c6b\",\"name\":\"Ismael Lucas S. Pereira\",\"image\":{\"@type\":\"ImageObject\",\"inLanguage\":\"pt-BR\",\"@id\":\"https:\\\/\\\/secure.gravatar.com\\\/avatar\\\/887a0f3b5a7ceea963a48499fb883ffce6b5037362def025c52c2505b15d63e4?s=96&d=mm&r=g\",\"url\":\"https:\\\/\\\/secure.gravatar.com\\\/avatar\\\/887a0f3b5a7ceea963a48499fb883ffce6b5037362def025c52c2505b15d63e4?s=96&d=mm&r=g\",\"contentUrl\":\"https:\\\/\\\/secure.gravatar.com\\\/avatar\\\/887a0f3b5a7ceea963a48499fb883ffce6b5037362def025c52c2505b15d63e4?s=96&d=mm&r=g\",\"caption\":\"Ismael Lucas S. Pereira\"},\"url\":\"https:\\\/\\\/diariodepe.com.br\\\/cri\\\/author\\\/ismael-lucas\\\/\"}]}<\/script>\n<!-- \/ Yoast SEO plugin. -->","yoast_head_json":{"title":"Abertura comercial chinesa continua a contribuir para o crescimento mundial - CRI e Diario de Pernambuco","robots":{"index":"index","follow":"follow","max-snippet":"max-snippet:-1","max-image-preview":"max-image-preview:large","max-video-preview":"max-video-preview:-1"},"canonical":"https:\/\/diariodepe.com.br\/cri\/2023\/10\/24\/abertura-comercial-chinesa-continua-a-contribuir-para-o-crescimento-mundial\/","og_locale":"pt_BR","og_type":"article","og_title":"Abertura comercial chinesa continua a contribuir para o crescimento mundial - CRI e Diario de Pernambuco","og_description":"A recente desacelera\u00e7\u00e3o econ\u00f4mica na China, fruto da reorienta\u00e7\u00e3o de seu modelo de crescimento para o mercado interno, do protecionismo de outros grandes pa\u00edses e de fatores geopol\u00edticos devia ser vista como um processo tempor\u00e1rio e revers\u00edvel no m\u00e9dio prazo....","og_url":"https:\/\/diariodepe.com.br\/cri\/2023\/10\/24\/abertura-comercial-chinesa-continua-a-contribuir-para-o-crescimento-mundial\/","og_site_name":"CRI e Diario de Pernambuco","article_published_time":"2023-10-25T02:23:35+00:00","author":"Ismael Lucas S. Pereira","twitter_card":"summary_large_image","twitter_misc":{"Escrito por":"Ismael Lucas S. Pereira","Est. tempo de leitura":"6 minutos"},"schema":{"@context":"https:\/\/schema.org","@graph":[{"@type":"Article","@id":"https:\/\/diariodepe.com.br\/cri\/2023\/10\/24\/abertura-comercial-chinesa-continua-a-contribuir-para-o-crescimento-mundial\/#article","isPartOf":{"@id":"https:\/\/diariodepe.com.br\/cri\/2023\/10\/24\/abertura-comercial-chinesa-continua-a-contribuir-para-o-crescimento-mundial\/"},"author":{"name":"Ismael Lucas S. Pereira","@id":"https:\/\/diariodepe.com.br\/cri\/#\/schema\/person\/121bb28d84f1a5b1205ef4ce9c2e0c6b"},"headline":"Abertura comercial chinesa continua a contribuir para o crescimento mundial","datePublished":"2023-10-25T02:23:35+00:00","mainEntityOfPage":{"@id":"https:\/\/diariodepe.com.br\/cri\/2023\/10\/24\/abertura-comercial-chinesa-continua-a-contribuir-para-o-crescimento-mundial\/"},"wordCount":1081,"commentCount":0,"publisher":{"@id":"https:\/\/diariodepe.com.br\/cri\/#organization"},"articleSection":["Vis\u00e3o"],"inLanguage":"pt-BR","potentialAction":[{"@type":"CommentAction","name":"Comment","target":["https:\/\/diariodepe.com.br\/cri\/2023\/10\/24\/abertura-comercial-chinesa-continua-a-contribuir-para-o-crescimento-mundial\/#respond"]}]},{"@type":"WebPage","@id":"https:\/\/diariodepe.com.br\/cri\/2023\/10\/24\/abertura-comercial-chinesa-continua-a-contribuir-para-o-crescimento-mundial\/","url":"https:\/\/diariodepe.com.br\/cri\/2023\/10\/24\/abertura-comercial-chinesa-continua-a-contribuir-para-o-crescimento-mundial\/","name":"Abertura comercial chinesa continua a contribuir para o crescimento mundial - CRI e Diario de Pernambuco","isPartOf":{"@id":"https:\/\/diariodepe.com.br\/cri\/#website"},"datePublished":"2023-10-25T02:23:35+00:00","breadcrumb":{"@id":"https:\/\/diariodepe.com.br\/cri\/2023\/10\/24\/abertura-comercial-chinesa-continua-a-contribuir-para-o-crescimento-mundial\/#breadcrumb"},"inLanguage":"pt-BR","potentialAction":[{"@type":"ReadAction","target":["https:\/\/diariodepe.com.br\/cri\/2023\/10\/24\/abertura-comercial-chinesa-continua-a-contribuir-para-o-crescimento-mundial\/"]}]},{"@type":"BreadcrumbList","@id":"https:\/\/diariodepe.com.br\/cri\/2023\/10\/24\/abertura-comercial-chinesa-continua-a-contribuir-para-o-crescimento-mundial\/#breadcrumb","itemListElement":[{"@type":"ListItem","position":1,"name":"In\u00edcio","item":"https:\/\/diariodepe.com.br\/cri\/"},{"@type":"ListItem","position":2,"name":"Abertura comercial chinesa continua a contribuir para o crescimento mundial"}]},{"@type":"WebSite","@id":"https:\/\/diariodepe.com.br\/cri\/#website","url":"https:\/\/diariodepe.com.br\/cri\/","name":"CRI e Diario de Pernambuco","description":"R\u00e1dio Internacional da China","publisher":{"@id":"https:\/\/diariodepe.com.br\/cri\/#organization"},"potentialAction":[{"@type":"SearchAction","target":{"@type":"EntryPoint","urlTemplate":"https:\/\/diariodepe.com.br\/cri\/?s={search_term_string}"},"query-input":{"@type":"PropertyValueSpecification","valueRequired":true,"valueName":"search_term_string"}}],"inLanguage":"pt-BR"},{"@type":"Organization","@id":"https:\/\/diariodepe.com.br\/cri\/#organization","name":"CRI e Diario de Pernambuco","url":"https:\/\/diariodepe.com.br\/cri\/","logo":{"@type":"ImageObject","inLanguage":"pt-BR","@id":"https:\/\/diariodepe.com.br\/cri\/#\/schema\/logo\/image\/","url":"https:\/\/diariodepe.com.br\/cri\/wp-content\/uploads\/sites\/2\/2022\/12\/cropped-Logo.jpg","contentUrl":"https:\/\/diariodepe.com.br\/cri\/wp-content\/uploads\/sites\/2\/2022\/12\/cropped-Logo.jpg","width":700,"height":59,"caption":"CRI e Diario de Pernambuco"},"image":{"@id":"https:\/\/diariodepe.com.br\/cri\/#\/schema\/logo\/image\/"}},{"@type":"Person","@id":"https:\/\/diariodepe.com.br\/cri\/#\/schema\/person\/121bb28d84f1a5b1205ef4ce9c2e0c6b","name":"Ismael Lucas S. Pereira","image":{"@type":"ImageObject","inLanguage":"pt-BR","@id":"https:\/\/secure.gravatar.com\/avatar\/887a0f3b5a7ceea963a48499fb883ffce6b5037362def025c52c2505b15d63e4?s=96&d=mm&r=g","url":"https:\/\/secure.gravatar.com\/avatar\/887a0f3b5a7ceea963a48499fb883ffce6b5037362def025c52c2505b15d63e4?s=96&d=mm&r=g","contentUrl":"https:\/\/secure.gravatar.com\/avatar\/887a0f3b5a7ceea963a48499fb883ffce6b5037362def025c52c2505b15d63e4?s=96&d=mm&r=g","caption":"Ismael Lucas S. Pereira"},"url":"https:\/\/diariodepe.com.br\/cri\/author\/ismael-lucas\/"}]}},"cc_featured_image_caption":{"caption_text":false,"source_text":false,"source_url":false},"amp_enabled":true,"_links":{"self":[{"href":"https:\/\/diariodepe.com.br\/cri\/wp-json\/wp\/v2\/posts\/3202","targetHints":{"allow":["GET"]}}],"collection":[{"href":"https:\/\/diariodepe.com.br\/cri\/wp-json\/wp\/v2\/posts"}],"about":[{"href":"https:\/\/diariodepe.com.br\/cri\/wp-json\/wp\/v2\/types\/post"}],"author":[{"embeddable":true,"href":"https:\/\/diariodepe.com.br\/cri\/wp-json\/wp\/v2\/users\/2"}],"replies":[{"embeddable":true,"href":"https:\/\/diariodepe.com.br\/cri\/wp-json\/wp\/v2\/comments?post=3202"}],"version-history":[{"count":1,"href":"https:\/\/diariodepe.com.br\/cri\/wp-json\/wp\/v2\/posts\/3202\/revisions"}],"predecessor-version":[{"id":3204,"href":"https:\/\/diariodepe.com.br\/cri\/wp-json\/wp\/v2\/posts\/3202\/revisions\/3204"}],"wp:attachment":[{"href":"https:\/\/diariodepe.com.br\/cri\/wp-json\/wp\/v2\/media?parent=3202"}],"wp:term":[{"taxonomy":"category","embeddable":true,"href":"https:\/\/diariodepe.com.br\/cri\/wp-json\/wp\/v2\/categories?post=3202"},{"taxonomy":"post_tag","embeddable":true,"href":"https:\/\/diariodepe.com.br\/cri\/wp-json\/wp\/v2\/tags?post=3202"}],"curies":[{"name":"wp","href":"https:\/\/api.w.org\/{rel}","templated":true}]}}