{"id":3192,"date":"2023-10-22T23:32:59","date_gmt":"2023-10-23T02:32:59","guid":{"rendered":"https:\/\/diariodepe.com.br\/cri\/?p=3192"},"modified":"2023-10-22T23:32:59","modified_gmt":"2023-10-23T02:32:59","slug":"xi-jinping-reune-se-com-presidente-vietnamita","status":"publish","type":"post","link":"https:\/\/diariodepe.com.br\/cri\/2023\/10\/22\/xi-jinping-reune-se-com-presidente-vietnamita\/","title":{"rendered":"Xi Jinping re\u00fane-se com presidente vietnamita"},"content":{"rendered":"<p>O presidente chin\u00eas, Xi Jinping, reuniu-se nesta sexta-feira com o presidente vietnamita, Vo Van Thuong, que est\u00e1 em Beijing para o terceiro F\u00f3rum do Cintur\u00e3o e Rota para Coopera\u00e7\u00e3o Internacional.<\/p>\n<p>Observando que a China e o Vietn\u00e3 desenvolveram uma profunda amizade de &#8220;camaradagem e fraternidade&#8221;, Xi Jinping disse que os dois pa\u00edses est\u00e3o avan\u00e7ando em sua pr\u00f3pria causa de moderniza\u00e7\u00e3o socialista, ambos consideram a rela\u00e7\u00e3o bilateral como uma prioridade em suas respectivas pol\u00edticas externas e veem o desenvolvimento um do outro como oportunidades para seu pr\u00f3prio desenvolvimento.<\/p>\n<p>Diante de um cen\u00e1rio internacional em r\u00e1pida mudan\u00e7a, os dois pa\u00edses devem trabalhar juntos para seguir o caminho do socialismo e construir uma comunidade de um futuro compartilhado com significado estrat\u00e9gico, apontou Xi Jinping.<\/p>\n<p>Ele pediu \u00e0 China e ao Vietn\u00e3 que busquem um caminho de prosperidade e for\u00e7a de acordo com suas pr\u00f3prias condi\u00e7\u00f5es nacionais e fortale\u00e7am a coopera\u00e7\u00e3o para promover a sinergia entre a Iniciativa do Cintur\u00e3o e Rota e o plano &#8220;Dois Corredores e Um C\u00edrculo Econ\u00f4mico&#8221;.<\/p>\n<p>Os pa\u00edses tamb\u00e9m devem fortalecer a coopera\u00e7\u00e3o em campos emergentes, como o com\u00e9rcio eletr\u00f4nico, e devem continuar a tornar o v\u00ednculo entre os povos da China e do Vietn\u00e3, particularmente as gera\u00e7\u00f5es mais jovens, ainda mais pr\u00f3ximos, afirmou Xi Jinping.<\/p>\n<p>Thuong exaltou que, na \u00faltima d\u00e9cada, o Cintur\u00e3o e Rota se tornou uma importante plataforma de coopera\u00e7\u00e3o internacional de alta qualidade, com abertura e inclus\u00e3o, impulsionando o desenvolvimento dos pa\u00edses relevantes e promovendo a amizade entre seus povos.<\/p>\n<p>O discurso do presidente Xi Jinping na cerim\u00f4nia de abertura do f\u00f3rum exp\u00f4s planos estrat\u00e9gicos e medidas concretas, que influenciar\u00e3o muito a futura coopera\u00e7\u00e3o internacional e o desenvolvimento global, elogiou o presidente vietnamita.<\/p>\n<p>Thuong garantiu que o Vietn\u00e3 sempre considera o desenvolvimento da China como uma oportunidade e apoia o pa\u00eds no desenvolvimento e na realiza\u00e7\u00e3o do objetivo de se transformar em um grande pa\u00eds socialista moderno dentro do prazo planejado. O Vietn\u00e3 acredita que a China far\u00e1 maiores contribui\u00e7\u00f5es para promover a paz e o desenvolvimento mundiais, acrescentou.<\/p>\n<p>O lado vietnamita est\u00e1 disposto a intensificar a comunica\u00e7\u00e3o estrat\u00e9gica de alto n\u00edvel com a parte chinesa e enriquecer continuamente o conte\u00fado da parceria de coopera\u00e7\u00e3o estrat\u00e9gica abrangente Vietn\u00e3-China sob novas circunst\u00e2ncias, salientou Thuong.<\/p>\n<p>Oficiais chineses de alto escal\u00e3o Cai Qi e Wang Yi estiveram presentes na reuni\u00e3o.<\/p>\n","protected":false},"excerpt":{"rendered":"<p>O presidente chin\u00eas, Xi Jinping, reuniu-se nesta sexta-feira com o presidente vietnamita, Vo Van Thuong, que est\u00e1 em Beijing para o terceiro F\u00f3rum do Cintur\u00e3o e Rota para Coopera\u00e7\u00e3o Internacional. Observando que a China e o Vietn\u00e3 desenvolveram uma profunda&#8230;<\/p>\n","protected":false},"author":2,"featured_media":3193,"comment_status":"open","ping_status":"open","sticky":false,"template":"","format":"standard","meta":{"footnotes":""},"categories":[3,5],"tags":[],"class_list":["post-3192","post","type-post","status-publish","format-standard","has-post-thumbnail","hentry","category-china","category-destaques-capa"],"yoast_head":"<!-- This site is optimized with the Yoast SEO plugin v27.4 - https:\/\/yoast.com\/product\/yoast-seo-wordpress\/ -->\n<title>Xi Jinping re\u00fane-se com presidente vietnamita - CRI e Diario de Pernambuco<\/title>\n<meta name=\"robots\" content=\"index, follow, max-snippet:-1, max-image-preview:large, max-video-preview:-1\" \/>\n<link rel=\"canonical\" href=\"https:\/\/diariodepe.com.br\/cri\/2023\/10\/22\/xi-jinping-reune-se-com-presidente-vietnamita\/\" \/>\n<meta property=\"og:locale\" content=\"pt_BR\" \/>\n<meta property=\"og:type\" content=\"article\" \/>\n<meta property=\"og:title\" content=\"Xi Jinping re\u00fane-se com presidente vietnamita - CRI e Diario de Pernambuco\" \/>\n<meta property=\"og:description\" content=\"O presidente chin\u00eas, Xi Jinping, reuniu-se nesta sexta-feira com o presidente vietnamita, Vo Van Thuong, que est\u00e1 em Beijing para o terceiro F\u00f3rum do Cintur\u00e3o e Rota para Coopera\u00e7\u00e3o Internacional. Observando que a China e o Vietn\u00e3 desenvolveram uma profunda...\" \/>\n<meta property=\"og:url\" content=\"https:\/\/diariodepe.com.br\/cri\/2023\/10\/22\/xi-jinping-reune-se-com-presidente-vietnamita\/\" \/>\n<meta property=\"og:site_name\" content=\"CRI e Diario de Pernambuco\" \/>\n<meta property=\"article:published_time\" content=\"2023-10-23T02:32:59+00:00\" \/>\n<meta property=\"og:image\" content=\"https:\/\/diariodepe.com.br\/cri\/wp-content\/uploads\/sites\/2\/2023\/10\/2023102021122576632.png\" \/>\n\t<meta property=\"og:image:width\" content=\"1011\" \/>\n\t<meta property=\"og:image:height\" content=\"813\" \/>\n\t<meta property=\"og:image:type\" content=\"image\/png\" \/>\n<meta name=\"author\" content=\"Ismael Lucas S. Pereira\" \/>\n<meta name=\"twitter:card\" content=\"summary_large_image\" \/>\n<meta name=\"twitter:label1\" content=\"Escrito por\" \/>\n\t<meta name=\"twitter:data1\" content=\"Ismael Lucas S. Pereira\" \/>\n\t<meta name=\"twitter:label2\" content=\"Est. tempo de leitura\" \/>\n\t<meta name=\"twitter:data2\" content=\"3 minutos\" \/>\n<script type=\"application\/ld+json\" class=\"yoast-schema-graph\">{\"@context\":\"https:\\\/\\\/schema.org\",\"@graph\":[{\"@type\":\"Article\",\"@id\":\"https:\\\/\\\/diariodepe.com.br\\\/cri\\\/2023\\\/10\\\/22\\\/xi-jinping-reune-se-com-presidente-vietnamita\\\/#article\",\"isPartOf\":{\"@id\":\"https:\\\/\\\/diariodepe.com.br\\\/cri\\\/2023\\\/10\\\/22\\\/xi-jinping-reune-se-com-presidente-vietnamita\\\/\"},\"author\":{\"name\":\"Ismael Lucas S. Pereira\",\"@id\":\"https:\\\/\\\/diariodepe.com.br\\\/cri\\\/#\\\/schema\\\/person\\\/121bb28d84f1a5b1205ef4ce9c2e0c6b\"},\"headline\":\"Xi Jinping re\u00fane-se com presidente vietnamita\",\"datePublished\":\"2023-10-23T02:32:59+00:00\",\"mainEntityOfPage\":{\"@id\":\"https:\\\/\\\/diariodepe.com.br\\\/cri\\\/2023\\\/10\\\/22\\\/xi-jinping-reune-se-com-presidente-vietnamita\\\/\"},\"wordCount\":446,\"commentCount\":0,\"publisher\":{\"@id\":\"https:\\\/\\\/diariodepe.com.br\\\/cri\\\/#organization\"},\"image\":{\"@id\":\"https:\\\/\\\/diariodepe.com.br\\\/cri\\\/2023\\\/10\\\/22\\\/xi-jinping-reune-se-com-presidente-vietnamita\\\/#primaryimage\"},\"thumbnailUrl\":\"https:\\\/\\\/diariodepe.com.br\\\/cri\\\/wp-content\\\/uploads\\\/sites\\\/2\\\/2023\\\/10\\\/2023102021122576632.png\",\"articleSection\":[\"China\",\"Destaques Capa\"],\"inLanguage\":\"pt-BR\",\"potentialAction\":[{\"@type\":\"CommentAction\",\"name\":\"Comment\",\"target\":[\"https:\\\/\\\/diariodepe.com.br\\\/cri\\\/2023\\\/10\\\/22\\\/xi-jinping-reune-se-com-presidente-vietnamita\\\/#respond\"]}]},{\"@type\":\"WebPage\",\"@id\":\"https:\\\/\\\/diariodepe.com.br\\\/cri\\\/2023\\\/10\\\/22\\\/xi-jinping-reune-se-com-presidente-vietnamita\\\/\",\"url\":\"https:\\\/\\\/diariodepe.com.br\\\/cri\\\/2023\\\/10\\\/22\\\/xi-jinping-reune-se-com-presidente-vietnamita\\\/\",\"name\":\"Xi Jinping re\u00fane-se com presidente vietnamita - CRI e Diario de Pernambuco\",\"isPartOf\":{\"@id\":\"https:\\\/\\\/diariodepe.com.br\\\/cri\\\/#website\"},\"primaryImageOfPage\":{\"@id\":\"https:\\\/\\\/diariodepe.com.br\\\/cri\\\/2023\\\/10\\\/22\\\/xi-jinping-reune-se-com-presidente-vietnamita\\\/#primaryimage\"},\"image\":{\"@id\":\"https:\\\/\\\/diariodepe.com.br\\\/cri\\\/2023\\\/10\\\/22\\\/xi-jinping-reune-se-com-presidente-vietnamita\\\/#primaryimage\"},\"thumbnailUrl\":\"https:\\\/\\\/diariodepe.com.br\\\/cri\\\/wp-content\\\/uploads\\\/sites\\\/2\\\/2023\\\/10\\\/2023102021122576632.png\",\"datePublished\":\"2023-10-23T02:32:59+00:00\",\"breadcrumb\":{\"@id\":\"https:\\\/\\\/diariodepe.com.br\\\/cri\\\/2023\\\/10\\\/22\\\/xi-jinping-reune-se-com-presidente-vietnamita\\\/#breadcrumb\"},\"inLanguage\":\"pt-BR\",\"potentialAction\":[{\"@type\":\"ReadAction\",\"target\":[\"https:\\\/\\\/diariodepe.com.br\\\/cri\\\/2023\\\/10\\\/22\\\/xi-jinping-reune-se-com-presidente-vietnamita\\\/\"]}]},{\"@type\":\"ImageObject\",\"inLanguage\":\"pt-BR\",\"@id\":\"https:\\\/\\\/diariodepe.com.br\\\/cri\\\/2023\\\/10\\\/22\\\/xi-jinping-reune-se-com-presidente-vietnamita\\\/#primaryimage\",\"url\":\"https:\\\/\\\/diariodepe.com.br\\\/cri\\\/wp-content\\\/uploads\\\/sites\\\/2\\\/2023\\\/10\\\/2023102021122576632.png\",\"contentUrl\":\"https:\\\/\\\/diariodepe.com.br\\\/cri\\\/wp-content\\\/uploads\\\/sites\\\/2\\\/2023\\\/10\\\/2023102021122576632.png\",\"width\":1011,\"height\":813},{\"@type\":\"BreadcrumbList\",\"@id\":\"https:\\\/\\\/diariodepe.com.br\\\/cri\\\/2023\\\/10\\\/22\\\/xi-jinping-reune-se-com-presidente-vietnamita\\\/#breadcrumb\",\"itemListElement\":[{\"@type\":\"ListItem\",\"position\":1,\"name\":\"In\u00edcio\",\"item\":\"https:\\\/\\\/diariodepe.com.br\\\/cri\\\/\"},{\"@type\":\"ListItem\",\"position\":2,\"name\":\"Xi Jinping re\u00fane-se com presidente vietnamita\"}]},{\"@type\":\"WebSite\",\"@id\":\"https:\\\/\\\/diariodepe.com.br\\\/cri\\\/#website\",\"url\":\"https:\\\/\\\/diariodepe.com.br\\\/cri\\\/\",\"name\":\"CRI e Diario de Pernambuco\",\"description\":\"R\u00e1dio Internacional da China\",\"publisher\":{\"@id\":\"https:\\\/\\\/diariodepe.com.br\\\/cri\\\/#organization\"},\"potentialAction\":[{\"@type\":\"SearchAction\",\"target\":{\"@type\":\"EntryPoint\",\"urlTemplate\":\"https:\\\/\\\/diariodepe.com.br\\\/cri\\\/?s={search_term_string}\"},\"query-input\":{\"@type\":\"PropertyValueSpecification\",\"valueRequired\":true,\"valueName\":\"search_term_string\"}}],\"inLanguage\":\"pt-BR\"},{\"@type\":\"Organization\",\"@id\":\"https:\\\/\\\/diariodepe.com.br\\\/cri\\\/#organization\",\"name\":\"CRI e Diario de Pernambuco\",\"url\":\"https:\\\/\\\/diariodepe.com.br\\\/cri\\\/\",\"logo\":{\"@type\":\"ImageObject\",\"inLanguage\":\"pt-BR\",\"@id\":\"https:\\\/\\\/diariodepe.com.br\\\/cri\\\/#\\\/schema\\\/logo\\\/image\\\/\",\"url\":\"https:\\\/\\\/diariodepe.com.br\\\/cri\\\/wp-content\\\/uploads\\\/sites\\\/2\\\/2022\\\/12\\\/cropped-Logo.jpg\",\"contentUrl\":\"https:\\\/\\\/diariodepe.com.br\\\/cri\\\/wp-content\\\/uploads\\\/sites\\\/2\\\/2022\\\/12\\\/cropped-Logo.jpg\",\"width\":700,\"height\":59,\"caption\":\"CRI e Diario de Pernambuco\"},\"image\":{\"@id\":\"https:\\\/\\\/diariodepe.com.br\\\/cri\\\/#\\\/schema\\\/logo\\\/image\\\/\"}},{\"@type\":\"Person\",\"@id\":\"https:\\\/\\\/diariodepe.com.br\\\/cri\\\/#\\\/schema\\\/person\\\/121bb28d84f1a5b1205ef4ce9c2e0c6b\",\"name\":\"Ismael Lucas S. Pereira\",\"image\":{\"@type\":\"ImageObject\",\"inLanguage\":\"pt-BR\",\"@id\":\"https:\\\/\\\/secure.gravatar.com\\\/avatar\\\/887a0f3b5a7ceea963a48499fb883ffce6b5037362def025c52c2505b15d63e4?s=96&d=mm&r=g\",\"url\":\"https:\\\/\\\/secure.gravatar.com\\\/avatar\\\/887a0f3b5a7ceea963a48499fb883ffce6b5037362def025c52c2505b15d63e4?s=96&d=mm&r=g\",\"contentUrl\":\"https:\\\/\\\/secure.gravatar.com\\\/avatar\\\/887a0f3b5a7ceea963a48499fb883ffce6b5037362def025c52c2505b15d63e4?s=96&d=mm&r=g\",\"caption\":\"Ismael Lucas S. Pereira\"},\"url\":\"https:\\\/\\\/diariodepe.com.br\\\/cri\\\/author\\\/ismael-lucas\\\/\"}]}<\/script>\n<!-- \/ Yoast SEO plugin. -->","yoast_head_json":{"title":"Xi Jinping re\u00fane-se com presidente vietnamita - CRI e Diario de Pernambuco","robots":{"index":"index","follow":"follow","max-snippet":"max-snippet:-1","max-image-preview":"max-image-preview:large","max-video-preview":"max-video-preview:-1"},"canonical":"https:\/\/diariodepe.com.br\/cri\/2023\/10\/22\/xi-jinping-reune-se-com-presidente-vietnamita\/","og_locale":"pt_BR","og_type":"article","og_title":"Xi Jinping re\u00fane-se com presidente vietnamita - CRI e Diario de Pernambuco","og_description":"O presidente chin\u00eas, Xi Jinping, reuniu-se nesta sexta-feira com o presidente vietnamita, Vo Van Thuong, que est\u00e1 em Beijing para o terceiro F\u00f3rum do Cintur\u00e3o e Rota para Coopera\u00e7\u00e3o Internacional. Observando que a China e o Vietn\u00e3 desenvolveram uma profunda...","og_url":"https:\/\/diariodepe.com.br\/cri\/2023\/10\/22\/xi-jinping-reune-se-com-presidente-vietnamita\/","og_site_name":"CRI e Diario de Pernambuco","article_published_time":"2023-10-23T02:32:59+00:00","og_image":[{"width":1011,"height":813,"url":"https:\/\/diariodepe.com.br\/cri\/wp-content\/uploads\/sites\/2\/2023\/10\/2023102021122576632.png","type":"image\/png"}],"author":"Ismael Lucas S. Pereira","twitter_card":"summary_large_image","twitter_misc":{"Escrito por":"Ismael Lucas S. Pereira","Est. tempo de leitura":"3 minutos"},"schema":{"@context":"https:\/\/schema.org","@graph":[{"@type":"Article","@id":"https:\/\/diariodepe.com.br\/cri\/2023\/10\/22\/xi-jinping-reune-se-com-presidente-vietnamita\/#article","isPartOf":{"@id":"https:\/\/diariodepe.com.br\/cri\/2023\/10\/22\/xi-jinping-reune-se-com-presidente-vietnamita\/"},"author":{"name":"Ismael Lucas S. Pereira","@id":"https:\/\/diariodepe.com.br\/cri\/#\/schema\/person\/121bb28d84f1a5b1205ef4ce9c2e0c6b"},"headline":"Xi Jinping re\u00fane-se com presidente vietnamita","datePublished":"2023-10-23T02:32:59+00:00","mainEntityOfPage":{"@id":"https:\/\/diariodepe.com.br\/cri\/2023\/10\/22\/xi-jinping-reune-se-com-presidente-vietnamita\/"},"wordCount":446,"commentCount":0,"publisher":{"@id":"https:\/\/diariodepe.com.br\/cri\/#organization"},"image":{"@id":"https:\/\/diariodepe.com.br\/cri\/2023\/10\/22\/xi-jinping-reune-se-com-presidente-vietnamita\/#primaryimage"},"thumbnailUrl":"https:\/\/diariodepe.com.br\/cri\/wp-content\/uploads\/sites\/2\/2023\/10\/2023102021122576632.png","articleSection":["China","Destaques Capa"],"inLanguage":"pt-BR","potentialAction":[{"@type":"CommentAction","name":"Comment","target":["https:\/\/diariodepe.com.br\/cri\/2023\/10\/22\/xi-jinping-reune-se-com-presidente-vietnamita\/#respond"]}]},{"@type":"WebPage","@id":"https:\/\/diariodepe.com.br\/cri\/2023\/10\/22\/xi-jinping-reune-se-com-presidente-vietnamita\/","url":"https:\/\/diariodepe.com.br\/cri\/2023\/10\/22\/xi-jinping-reune-se-com-presidente-vietnamita\/","name":"Xi Jinping re\u00fane-se com presidente vietnamita - CRI e Diario de Pernambuco","isPartOf":{"@id":"https:\/\/diariodepe.com.br\/cri\/#website"},"primaryImageOfPage":{"@id":"https:\/\/diariodepe.com.br\/cri\/2023\/10\/22\/xi-jinping-reune-se-com-presidente-vietnamita\/#primaryimage"},"image":{"@id":"https:\/\/diariodepe.com.br\/cri\/2023\/10\/22\/xi-jinping-reune-se-com-presidente-vietnamita\/#primaryimage"},"thumbnailUrl":"https:\/\/diariodepe.com.br\/cri\/wp-content\/uploads\/sites\/2\/2023\/10\/2023102021122576632.png","datePublished":"2023-10-23T02:32:59+00:00","breadcrumb":{"@id":"https:\/\/diariodepe.com.br\/cri\/2023\/10\/22\/xi-jinping-reune-se-com-presidente-vietnamita\/#breadcrumb"},"inLanguage":"pt-BR","potentialAction":[{"@type":"ReadAction","target":["https:\/\/diariodepe.com.br\/cri\/2023\/10\/22\/xi-jinping-reune-se-com-presidente-vietnamita\/"]}]},{"@type":"ImageObject","inLanguage":"pt-BR","@id":"https:\/\/diariodepe.com.br\/cri\/2023\/10\/22\/xi-jinping-reune-se-com-presidente-vietnamita\/#primaryimage","url":"https:\/\/diariodepe.com.br\/cri\/wp-content\/uploads\/sites\/2\/2023\/10\/2023102021122576632.png","contentUrl":"https:\/\/diariodepe.com.br\/cri\/wp-content\/uploads\/sites\/2\/2023\/10\/2023102021122576632.png","width":1011,"height":813},{"@type":"BreadcrumbList","@id":"https:\/\/diariodepe.com.br\/cri\/2023\/10\/22\/xi-jinping-reune-se-com-presidente-vietnamita\/#breadcrumb","itemListElement":[{"@type":"ListItem","position":1,"name":"In\u00edcio","item":"https:\/\/diariodepe.com.br\/cri\/"},{"@type":"ListItem","position":2,"name":"Xi Jinping re\u00fane-se com presidente vietnamita"}]},{"@type":"WebSite","@id":"https:\/\/diariodepe.com.br\/cri\/#website","url":"https:\/\/diariodepe.com.br\/cri\/","name":"CRI e Diario de Pernambuco","description":"R\u00e1dio Internacional da China","publisher":{"@id":"https:\/\/diariodepe.com.br\/cri\/#organization"},"potentialAction":[{"@type":"SearchAction","target":{"@type":"EntryPoint","urlTemplate":"https:\/\/diariodepe.com.br\/cri\/?s={search_term_string}"},"query-input":{"@type":"PropertyValueSpecification","valueRequired":true,"valueName":"search_term_string"}}],"inLanguage":"pt-BR"},{"@type":"Organization","@id":"https:\/\/diariodepe.com.br\/cri\/#organization","name":"CRI e Diario de Pernambuco","url":"https:\/\/diariodepe.com.br\/cri\/","logo":{"@type":"ImageObject","inLanguage":"pt-BR","@id":"https:\/\/diariodepe.com.br\/cri\/#\/schema\/logo\/image\/","url":"https:\/\/diariodepe.com.br\/cri\/wp-content\/uploads\/sites\/2\/2022\/12\/cropped-Logo.jpg","contentUrl":"https:\/\/diariodepe.com.br\/cri\/wp-content\/uploads\/sites\/2\/2022\/12\/cropped-Logo.jpg","width":700,"height":59,"caption":"CRI e Diario de Pernambuco"},"image":{"@id":"https:\/\/diariodepe.com.br\/cri\/#\/schema\/logo\/image\/"}},{"@type":"Person","@id":"https:\/\/diariodepe.com.br\/cri\/#\/schema\/person\/121bb28d84f1a5b1205ef4ce9c2e0c6b","name":"Ismael Lucas S. Pereira","image":{"@type":"ImageObject","inLanguage":"pt-BR","@id":"https:\/\/secure.gravatar.com\/avatar\/887a0f3b5a7ceea963a48499fb883ffce6b5037362def025c52c2505b15d63e4?s=96&d=mm&r=g","url":"https:\/\/secure.gravatar.com\/avatar\/887a0f3b5a7ceea963a48499fb883ffce6b5037362def025c52c2505b15d63e4?s=96&d=mm&r=g","contentUrl":"https:\/\/secure.gravatar.com\/avatar\/887a0f3b5a7ceea963a48499fb883ffce6b5037362def025c52c2505b15d63e4?s=96&d=mm&r=g","caption":"Ismael Lucas S. Pereira"},"url":"https:\/\/diariodepe.com.br\/cri\/author\/ismael-lucas\/"}]}},"cc_featured_image_caption":{"caption_text":false,"source_text":false,"source_url":false},"amp_enabled":true,"_links":{"self":[{"href":"https:\/\/diariodepe.com.br\/cri\/wp-json\/wp\/v2\/posts\/3192","targetHints":{"allow":["GET"]}}],"collection":[{"href":"https:\/\/diariodepe.com.br\/cri\/wp-json\/wp\/v2\/posts"}],"about":[{"href":"https:\/\/diariodepe.com.br\/cri\/wp-json\/wp\/v2\/types\/post"}],"author":[{"embeddable":true,"href":"https:\/\/diariodepe.com.br\/cri\/wp-json\/wp\/v2\/users\/2"}],"replies":[{"embeddable":true,"href":"https:\/\/diariodepe.com.br\/cri\/wp-json\/wp\/v2\/comments?post=3192"}],"version-history":[{"count":1,"href":"https:\/\/diariodepe.com.br\/cri\/wp-json\/wp\/v2\/posts\/3192\/revisions"}],"predecessor-version":[{"id":3194,"href":"https:\/\/diariodepe.com.br\/cri\/wp-json\/wp\/v2\/posts\/3192\/revisions\/3194"}],"wp:featuredmedia":[{"embeddable":true,"href":"https:\/\/diariodepe.com.br\/cri\/wp-json\/wp\/v2\/media\/3193"}],"wp:attachment":[{"href":"https:\/\/diariodepe.com.br\/cri\/wp-json\/wp\/v2\/media?parent=3192"}],"wp:term":[{"taxonomy":"category","embeddable":true,"href":"https:\/\/diariodepe.com.br\/cri\/wp-json\/wp\/v2\/categories?post=3192"},{"taxonomy":"post_tag","embeddable":true,"href":"https:\/\/diariodepe.com.br\/cri\/wp-json\/wp\/v2\/tags?post=3192"}],"curies":[{"name":"wp","href":"https:\/\/api.w.org\/{rel}","templated":true}]}}