{"id":3184,"date":"2023-10-21T00:10:12","date_gmt":"2023-10-21T03:10:12","guid":{"rendered":"https:\/\/diariodepe.com.br\/cri\/?p=3184"},"modified":"2023-10-21T00:10:12","modified_gmt":"2023-10-21T03:10:12","slug":"cinturao-e-rota-rumo-a-proxima-decada-dourada","status":"publish","type":"post","link":"https:\/\/diariodepe.com.br\/cri\/2023\/10\/21\/cinturao-e-rota-rumo-a-proxima-decada-dourada\/","title":{"rendered":"Cintur\u00e3o e Rota: rumo \u00e0 pr\u00f3xima d\u00e9cada dourada"},"content":{"rendered":"<p data-spm-anchor-id=\"0.0.0.i1\">\u201cTrens aceleram nos trilhos, autom\u00f3veis correm nas estradas&#8230; navios de carga singram ondas, e o com\u00e9rcio eletr\u00f4nico, que traz tanta conveni\u00eancia \u00e0s pessoas \u2014 todos s\u00e3o s\u00edmbolos do com\u00e9rcio internacional na nova era&#8230;\u201d<\/p>\n<p>Com essas met\u00e1foras, o presidente chin\u00eas, Xi Jinping, descreveu uma imagem v\u00edvida dos \u00eaxitos na coopera\u00e7\u00e3o da Iniciativa Cintur\u00e3o e Rota, que completa agora uma d\u00e9cada desde o seu lan\u00e7amento. Na abertura do 3\u00ba F\u00f3rum do Cintur\u00e3o e Rota para Coopera\u00e7\u00e3o Internacional, realizada nesta quarta-feira (18), o l\u00edder chin\u00eas teceu um balan\u00e7o positivo em torno das experi\u00eancias obtidas na coopera\u00e7\u00e3o da Iniciativa, e anunciou o novo plano para seu desenvolvimento de alta qualidade para os pr\u00f3ximos 10 anos.<\/p>\n<p>Neste v\u00eddeo, vamos ressaltar as palavras de Xi Jinping que tiveram maior repercuss\u00e3o no sentido de trazer uma forte mensagem de \u00eanfase no desenvolvimento comum atrav\u00e9s da coopera\u00e7\u00e3o.<\/p>\n<p><iframe title=\"Cintur\u00e3o e Rota: rumo \u00e0 pr\u00f3xima d\u00e9cada dourada\" width=\"640\" height=\"360\" src=\"https:\/\/www.youtube.com\/embed\/ne00vtWFVmk?feature=oembed\" frameborder=\"0\" allow=\"accelerometer; autoplay; clipboard-write; encrypted-media; gyroscope; picture-in-picture; web-share\" referrerpolicy=\"strict-origin-when-cross-origin\" allowfullscreen><\/iframe><\/p>\n","protected":false},"excerpt":{"rendered":"<p>\u201cTrens aceleram nos trilhos, autom\u00f3veis correm nas estradas&#8230; navios de carga singram ondas, e o com\u00e9rcio eletr\u00f4nico, que traz tanta conveni\u00eancia \u00e0s pessoas \u2014 todos s\u00e3o s\u00edmbolos do com\u00e9rcio internacional na nova era&#8230;\u201d Com essas met\u00e1foras, o presidente chin\u00eas, Xi&#8230;<\/p>\n","protected":false},"author":2,"featured_media":0,"comment_status":"open","ping_status":"open","sticky":false,"template":"","format":"standard","meta":{"footnotes":""},"categories":[11],"tags":[],"class_list":["post-3184","post","type-post","status-publish","format-standard","hentry","category-videos"],"yoast_head":"<!-- This site is optimized with the Yoast SEO plugin v27.4 - https:\/\/yoast.com\/product\/yoast-seo-wordpress\/ -->\n<title>Cintur\u00e3o e Rota: rumo \u00e0 pr\u00f3xima d\u00e9cada dourada - CRI e Diario de Pernambuco<\/title>\n<meta name=\"robots\" content=\"index, follow, max-snippet:-1, max-image-preview:large, max-video-preview:-1\" \/>\n<link rel=\"canonical\" href=\"https:\/\/diariodepe.com.br\/cri\/2023\/10\/21\/cinturao-e-rota-rumo-a-proxima-decada-dourada\/\" \/>\n<meta property=\"og:locale\" content=\"pt_BR\" \/>\n<meta property=\"og:type\" content=\"article\" \/>\n<meta property=\"og:title\" content=\"Cintur\u00e3o e Rota: rumo \u00e0 pr\u00f3xima d\u00e9cada dourada - CRI e Diario de Pernambuco\" \/>\n<meta property=\"og:description\" content=\"\u201cTrens aceleram nos trilhos, autom\u00f3veis correm nas estradas&#8230; navios de carga singram ondas, e o com\u00e9rcio eletr\u00f4nico, que traz tanta conveni\u00eancia \u00e0s pessoas \u2014 todos s\u00e3o s\u00edmbolos do com\u00e9rcio internacional na nova era&#8230;\u201d Com essas met\u00e1foras, o presidente chin\u00eas, Xi...\" \/>\n<meta property=\"og:url\" content=\"https:\/\/diariodepe.com.br\/cri\/2023\/10\/21\/cinturao-e-rota-rumo-a-proxima-decada-dourada\/\" \/>\n<meta property=\"og:site_name\" content=\"CRI e Diario de Pernambuco\" \/>\n<meta property=\"article:published_time\" content=\"2023-10-21T03:10:12+00:00\" \/>\n<meta name=\"author\" content=\"Ismael Lucas S. Pereira\" \/>\n<meta name=\"twitter:card\" content=\"summary_large_image\" \/>\n<meta name=\"twitter:label1\" content=\"Escrito por\" \/>\n\t<meta name=\"twitter:data1\" content=\"Ismael Lucas S. Pereira\" \/>\n\t<meta name=\"twitter:label2\" content=\"Est. tempo de leitura\" \/>\n\t<meta name=\"twitter:data2\" content=\"1 minuto\" \/>\n<script type=\"application\/ld+json\" class=\"yoast-schema-graph\">{\"@context\":\"https:\\\/\\\/schema.org\",\"@graph\":[{\"@type\":\"Article\",\"@id\":\"https:\\\/\\\/diariodepe.com.br\\\/cri\\\/2023\\\/10\\\/21\\\/cinturao-e-rota-rumo-a-proxima-decada-dourada\\\/#article\",\"isPartOf\":{\"@id\":\"https:\\\/\\\/diariodepe.com.br\\\/cri\\\/2023\\\/10\\\/21\\\/cinturao-e-rota-rumo-a-proxima-decada-dourada\\\/\"},\"author\":{\"name\":\"Ismael Lucas S. Pereira\",\"@id\":\"https:\\\/\\\/diariodepe.com.br\\\/cri\\\/#\\\/schema\\\/person\\\/121bb28d84f1a5b1205ef4ce9c2e0c6b\"},\"headline\":\"Cintur\u00e3o e Rota: rumo \u00e0 pr\u00f3xima d\u00e9cada dourada\",\"datePublished\":\"2023-10-21T03:10:12+00:00\",\"mainEntityOfPage\":{\"@id\":\"https:\\\/\\\/diariodepe.com.br\\\/cri\\\/2023\\\/10\\\/21\\\/cinturao-e-rota-rumo-a-proxima-decada-dourada\\\/\"},\"wordCount\":182,\"commentCount\":0,\"publisher\":{\"@id\":\"https:\\\/\\\/diariodepe.com.br\\\/cri\\\/#organization\"},\"articleSection\":[\"V\u00eddeos\"],\"inLanguage\":\"pt-BR\",\"potentialAction\":[{\"@type\":\"CommentAction\",\"name\":\"Comment\",\"target\":[\"https:\\\/\\\/diariodepe.com.br\\\/cri\\\/2023\\\/10\\\/21\\\/cinturao-e-rota-rumo-a-proxima-decada-dourada\\\/#respond\"]}]},{\"@type\":\"WebPage\",\"@id\":\"https:\\\/\\\/diariodepe.com.br\\\/cri\\\/2023\\\/10\\\/21\\\/cinturao-e-rota-rumo-a-proxima-decada-dourada\\\/\",\"url\":\"https:\\\/\\\/diariodepe.com.br\\\/cri\\\/2023\\\/10\\\/21\\\/cinturao-e-rota-rumo-a-proxima-decada-dourada\\\/\",\"name\":\"Cintur\u00e3o e Rota: rumo \u00e0 pr\u00f3xima d\u00e9cada dourada - CRI e Diario de Pernambuco\",\"isPartOf\":{\"@id\":\"https:\\\/\\\/diariodepe.com.br\\\/cri\\\/#website\"},\"datePublished\":\"2023-10-21T03:10:12+00:00\",\"breadcrumb\":{\"@id\":\"https:\\\/\\\/diariodepe.com.br\\\/cri\\\/2023\\\/10\\\/21\\\/cinturao-e-rota-rumo-a-proxima-decada-dourada\\\/#breadcrumb\"},\"inLanguage\":\"pt-BR\",\"potentialAction\":[{\"@type\":\"ReadAction\",\"target\":[\"https:\\\/\\\/diariodepe.com.br\\\/cri\\\/2023\\\/10\\\/21\\\/cinturao-e-rota-rumo-a-proxima-decada-dourada\\\/\"]}]},{\"@type\":\"BreadcrumbList\",\"@id\":\"https:\\\/\\\/diariodepe.com.br\\\/cri\\\/2023\\\/10\\\/21\\\/cinturao-e-rota-rumo-a-proxima-decada-dourada\\\/#breadcrumb\",\"itemListElement\":[{\"@type\":\"ListItem\",\"position\":1,\"name\":\"In\u00edcio\",\"item\":\"https:\\\/\\\/diariodepe.com.br\\\/cri\\\/\"},{\"@type\":\"ListItem\",\"position\":2,\"name\":\"Cintur\u00e3o e Rota: rumo \u00e0 pr\u00f3xima d\u00e9cada dourada\"}]},{\"@type\":\"WebSite\",\"@id\":\"https:\\\/\\\/diariodepe.com.br\\\/cri\\\/#website\",\"url\":\"https:\\\/\\\/diariodepe.com.br\\\/cri\\\/\",\"name\":\"CRI e Diario de Pernambuco\",\"description\":\"R\u00e1dio Internacional da China\",\"publisher\":{\"@id\":\"https:\\\/\\\/diariodepe.com.br\\\/cri\\\/#organization\"},\"potentialAction\":[{\"@type\":\"SearchAction\",\"target\":{\"@type\":\"EntryPoint\",\"urlTemplate\":\"https:\\\/\\\/diariodepe.com.br\\\/cri\\\/?s={search_term_string}\"},\"query-input\":{\"@type\":\"PropertyValueSpecification\",\"valueRequired\":true,\"valueName\":\"search_term_string\"}}],\"inLanguage\":\"pt-BR\"},{\"@type\":\"Organization\",\"@id\":\"https:\\\/\\\/diariodepe.com.br\\\/cri\\\/#organization\",\"name\":\"CRI e Diario de Pernambuco\",\"url\":\"https:\\\/\\\/diariodepe.com.br\\\/cri\\\/\",\"logo\":{\"@type\":\"ImageObject\",\"inLanguage\":\"pt-BR\",\"@id\":\"https:\\\/\\\/diariodepe.com.br\\\/cri\\\/#\\\/schema\\\/logo\\\/image\\\/\",\"url\":\"https:\\\/\\\/diariodepe.com.br\\\/cri\\\/wp-content\\\/uploads\\\/sites\\\/2\\\/2022\\\/12\\\/cropped-Logo.jpg\",\"contentUrl\":\"https:\\\/\\\/diariodepe.com.br\\\/cri\\\/wp-content\\\/uploads\\\/sites\\\/2\\\/2022\\\/12\\\/cropped-Logo.jpg\",\"width\":700,\"height\":59,\"caption\":\"CRI e Diario de Pernambuco\"},\"image\":{\"@id\":\"https:\\\/\\\/diariodepe.com.br\\\/cri\\\/#\\\/schema\\\/logo\\\/image\\\/\"}},{\"@type\":\"Person\",\"@id\":\"https:\\\/\\\/diariodepe.com.br\\\/cri\\\/#\\\/schema\\\/person\\\/121bb28d84f1a5b1205ef4ce9c2e0c6b\",\"name\":\"Ismael Lucas S. Pereira\",\"image\":{\"@type\":\"ImageObject\",\"inLanguage\":\"pt-BR\",\"@id\":\"https:\\\/\\\/secure.gravatar.com\\\/avatar\\\/887a0f3b5a7ceea963a48499fb883ffce6b5037362def025c52c2505b15d63e4?s=96&d=mm&r=g\",\"url\":\"https:\\\/\\\/secure.gravatar.com\\\/avatar\\\/887a0f3b5a7ceea963a48499fb883ffce6b5037362def025c52c2505b15d63e4?s=96&d=mm&r=g\",\"contentUrl\":\"https:\\\/\\\/secure.gravatar.com\\\/avatar\\\/887a0f3b5a7ceea963a48499fb883ffce6b5037362def025c52c2505b15d63e4?s=96&d=mm&r=g\",\"caption\":\"Ismael Lucas S. Pereira\"},\"url\":\"https:\\\/\\\/diariodepe.com.br\\\/cri\\\/author\\\/ismael-lucas\\\/\"}]}<\/script>\n<!-- \/ Yoast SEO plugin. -->","yoast_head_json":{"title":"Cintur\u00e3o e Rota: rumo \u00e0 pr\u00f3xima d\u00e9cada dourada - CRI e Diario de Pernambuco","robots":{"index":"index","follow":"follow","max-snippet":"max-snippet:-1","max-image-preview":"max-image-preview:large","max-video-preview":"max-video-preview:-1"},"canonical":"https:\/\/diariodepe.com.br\/cri\/2023\/10\/21\/cinturao-e-rota-rumo-a-proxima-decada-dourada\/","og_locale":"pt_BR","og_type":"article","og_title":"Cintur\u00e3o e Rota: rumo \u00e0 pr\u00f3xima d\u00e9cada dourada - CRI e Diario de Pernambuco","og_description":"\u201cTrens aceleram nos trilhos, autom\u00f3veis correm nas estradas&#8230; navios de carga singram ondas, e o com\u00e9rcio eletr\u00f4nico, que traz tanta conveni\u00eancia \u00e0s pessoas \u2014 todos s\u00e3o s\u00edmbolos do com\u00e9rcio internacional na nova era&#8230;\u201d Com essas met\u00e1foras, o presidente chin\u00eas, Xi...","og_url":"https:\/\/diariodepe.com.br\/cri\/2023\/10\/21\/cinturao-e-rota-rumo-a-proxima-decada-dourada\/","og_site_name":"CRI e Diario de Pernambuco","article_published_time":"2023-10-21T03:10:12+00:00","author":"Ismael Lucas S. Pereira","twitter_card":"summary_large_image","twitter_misc":{"Escrito por":"Ismael Lucas S. Pereira","Est. tempo de leitura":"1 minuto"},"schema":{"@context":"https:\/\/schema.org","@graph":[{"@type":"Article","@id":"https:\/\/diariodepe.com.br\/cri\/2023\/10\/21\/cinturao-e-rota-rumo-a-proxima-decada-dourada\/#article","isPartOf":{"@id":"https:\/\/diariodepe.com.br\/cri\/2023\/10\/21\/cinturao-e-rota-rumo-a-proxima-decada-dourada\/"},"author":{"name":"Ismael Lucas S. Pereira","@id":"https:\/\/diariodepe.com.br\/cri\/#\/schema\/person\/121bb28d84f1a5b1205ef4ce9c2e0c6b"},"headline":"Cintur\u00e3o e Rota: rumo \u00e0 pr\u00f3xima d\u00e9cada dourada","datePublished":"2023-10-21T03:10:12+00:00","mainEntityOfPage":{"@id":"https:\/\/diariodepe.com.br\/cri\/2023\/10\/21\/cinturao-e-rota-rumo-a-proxima-decada-dourada\/"},"wordCount":182,"commentCount":0,"publisher":{"@id":"https:\/\/diariodepe.com.br\/cri\/#organization"},"articleSection":["V\u00eddeos"],"inLanguage":"pt-BR","potentialAction":[{"@type":"CommentAction","name":"Comment","target":["https:\/\/diariodepe.com.br\/cri\/2023\/10\/21\/cinturao-e-rota-rumo-a-proxima-decada-dourada\/#respond"]}]},{"@type":"WebPage","@id":"https:\/\/diariodepe.com.br\/cri\/2023\/10\/21\/cinturao-e-rota-rumo-a-proxima-decada-dourada\/","url":"https:\/\/diariodepe.com.br\/cri\/2023\/10\/21\/cinturao-e-rota-rumo-a-proxima-decada-dourada\/","name":"Cintur\u00e3o e Rota: rumo \u00e0 pr\u00f3xima d\u00e9cada dourada - CRI e Diario de Pernambuco","isPartOf":{"@id":"https:\/\/diariodepe.com.br\/cri\/#website"},"datePublished":"2023-10-21T03:10:12+00:00","breadcrumb":{"@id":"https:\/\/diariodepe.com.br\/cri\/2023\/10\/21\/cinturao-e-rota-rumo-a-proxima-decada-dourada\/#breadcrumb"},"inLanguage":"pt-BR","potentialAction":[{"@type":"ReadAction","target":["https:\/\/diariodepe.com.br\/cri\/2023\/10\/21\/cinturao-e-rota-rumo-a-proxima-decada-dourada\/"]}]},{"@type":"BreadcrumbList","@id":"https:\/\/diariodepe.com.br\/cri\/2023\/10\/21\/cinturao-e-rota-rumo-a-proxima-decada-dourada\/#breadcrumb","itemListElement":[{"@type":"ListItem","position":1,"name":"In\u00edcio","item":"https:\/\/diariodepe.com.br\/cri\/"},{"@type":"ListItem","position":2,"name":"Cintur\u00e3o e Rota: rumo \u00e0 pr\u00f3xima d\u00e9cada dourada"}]},{"@type":"WebSite","@id":"https:\/\/diariodepe.com.br\/cri\/#website","url":"https:\/\/diariodepe.com.br\/cri\/","name":"CRI e Diario de Pernambuco","description":"R\u00e1dio Internacional da China","publisher":{"@id":"https:\/\/diariodepe.com.br\/cri\/#organization"},"potentialAction":[{"@type":"SearchAction","target":{"@type":"EntryPoint","urlTemplate":"https:\/\/diariodepe.com.br\/cri\/?s={search_term_string}"},"query-input":{"@type":"PropertyValueSpecification","valueRequired":true,"valueName":"search_term_string"}}],"inLanguage":"pt-BR"},{"@type":"Organization","@id":"https:\/\/diariodepe.com.br\/cri\/#organization","name":"CRI e Diario de Pernambuco","url":"https:\/\/diariodepe.com.br\/cri\/","logo":{"@type":"ImageObject","inLanguage":"pt-BR","@id":"https:\/\/diariodepe.com.br\/cri\/#\/schema\/logo\/image\/","url":"https:\/\/diariodepe.com.br\/cri\/wp-content\/uploads\/sites\/2\/2022\/12\/cropped-Logo.jpg","contentUrl":"https:\/\/diariodepe.com.br\/cri\/wp-content\/uploads\/sites\/2\/2022\/12\/cropped-Logo.jpg","width":700,"height":59,"caption":"CRI e Diario de Pernambuco"},"image":{"@id":"https:\/\/diariodepe.com.br\/cri\/#\/schema\/logo\/image\/"}},{"@type":"Person","@id":"https:\/\/diariodepe.com.br\/cri\/#\/schema\/person\/121bb28d84f1a5b1205ef4ce9c2e0c6b","name":"Ismael Lucas S. Pereira","image":{"@type":"ImageObject","inLanguage":"pt-BR","@id":"https:\/\/secure.gravatar.com\/avatar\/887a0f3b5a7ceea963a48499fb883ffce6b5037362def025c52c2505b15d63e4?s=96&d=mm&r=g","url":"https:\/\/secure.gravatar.com\/avatar\/887a0f3b5a7ceea963a48499fb883ffce6b5037362def025c52c2505b15d63e4?s=96&d=mm&r=g","contentUrl":"https:\/\/secure.gravatar.com\/avatar\/887a0f3b5a7ceea963a48499fb883ffce6b5037362def025c52c2505b15d63e4?s=96&d=mm&r=g","caption":"Ismael Lucas S. Pereira"},"url":"https:\/\/diariodepe.com.br\/cri\/author\/ismael-lucas\/"}]}},"cc_featured_image_caption":{"caption_text":false,"source_text":false,"source_url":false},"amp_enabled":true,"_links":{"self":[{"href":"https:\/\/diariodepe.com.br\/cri\/wp-json\/wp\/v2\/posts\/3184","targetHints":{"allow":["GET"]}}],"collection":[{"href":"https:\/\/diariodepe.com.br\/cri\/wp-json\/wp\/v2\/posts"}],"about":[{"href":"https:\/\/diariodepe.com.br\/cri\/wp-json\/wp\/v2\/types\/post"}],"author":[{"embeddable":true,"href":"https:\/\/diariodepe.com.br\/cri\/wp-json\/wp\/v2\/users\/2"}],"replies":[{"embeddable":true,"href":"https:\/\/diariodepe.com.br\/cri\/wp-json\/wp\/v2\/comments?post=3184"}],"version-history":[{"count":1,"href":"https:\/\/diariodepe.com.br\/cri\/wp-json\/wp\/v2\/posts\/3184\/revisions"}],"predecessor-version":[{"id":3185,"href":"https:\/\/diariodepe.com.br\/cri\/wp-json\/wp\/v2\/posts\/3184\/revisions\/3185"}],"wp:attachment":[{"href":"https:\/\/diariodepe.com.br\/cri\/wp-json\/wp\/v2\/media?parent=3184"}],"wp:term":[{"taxonomy":"category","embeddable":true,"href":"https:\/\/diariodepe.com.br\/cri\/wp-json\/wp\/v2\/categories?post=3184"},{"taxonomy":"post_tag","embeddable":true,"href":"https:\/\/diariodepe.com.br\/cri\/wp-json\/wp\/v2\/tags?post=3184"}],"curies":[{"name":"wp","href":"https:\/\/api.w.org\/{rel}","templated":true}]}}