{"id":3181,"date":"2023-10-21T00:06:37","date_gmt":"2023-10-21T03:06:37","guid":{"rendered":"https:\/\/diariodepe.com.br\/cri\/?p=3181"},"modified":"2023-10-21T00:06:37","modified_gmt":"2023-10-21T03:06:37","slug":"xi-jinping-recebe-presidente-da-camara-dos-deputados-do-brasil","status":"publish","type":"post","link":"https:\/\/diariodepe.com.br\/cri\/2023\/10\/21\/xi-jinping-recebe-presidente-da-camara-dos-deputados-do-brasil\/","title":{"rendered":"Xi Jinping recebe presidente da C\u00e2mara dos Deputados do Brasil"},"content":{"rendered":"<p>O presidente chin\u00eas, Xi Jinping, se encontrou nesta sexta-feira (20) em Beijing com o presidente da C\u00e2mara dos Deputados do Brasil, Arthur Lira.<\/p>\n<p>Xi Jinping saudou o deputado brasileiro e deu boas-vindas a ele e sua delega\u00e7\u00e3o . O presidente chin\u00eas pediu a Lira para transmitir o cumprimento para o presidente brasileiro, Luiz In\u00e1cio Lula da Silva, um velho amigo da China.<\/p>\n<p>Xi Jinping lembrou que, no in\u00edcio deste ano, ele teve um encontro frut\u00edfero com o presidente Lula e ambos alcan\u00e7aram muitos consensos. A parte chinesa quer trabalhar junto com o Brasil para abrir um futuro brilhante das rela\u00e7\u00f5es bilaterais.<\/p>\n<p>\u201c\u00c9 a primeira vez que o senhor Lira visita a China e tamb\u00e9m a primeira visita de um presidente da C\u00e2mara dos Deputados do Brasil nos \u00faltimos dez anos. Por isso, \u00e9 uma visita importante e acredito que vai com certeza alcan\u00e7ar sucessos\u201d, completou Xi Jinping.<\/p>\n","protected":false},"excerpt":{"rendered":"<p>O presidente chin\u00eas, Xi Jinping, se encontrou nesta sexta-feira (20) em Beijing com o presidente da C\u00e2mara dos Deputados do Brasil, Arthur Lira. Xi Jinping saudou o deputado brasileiro e deu boas-vindas a ele e sua delega\u00e7\u00e3o . O presidente&#8230;<\/p>\n","protected":false},"author":2,"featured_media":3182,"comment_status":"open","ping_status":"open","sticky":false,"template":"","format":"standard","meta":{"footnotes":""},"categories":[3,5],"tags":[],"class_list":["post-3181","post","type-post","status-publish","format-standard","has-post-thumbnail","hentry","category-china","category-destaques-capa"],"yoast_head":"<!-- This site is optimized with the Yoast SEO plugin v27.4 - https:\/\/yoast.com\/product\/yoast-seo-wordpress\/ -->\n<title>Xi Jinping recebe presidente da C\u00e2mara dos Deputados do Brasil - CRI e Diario de Pernambuco<\/title>\n<meta name=\"robots\" content=\"index, follow, max-snippet:-1, max-image-preview:large, max-video-preview:-1\" \/>\n<link rel=\"canonical\" href=\"https:\/\/diariodepe.com.br\/cri\/2023\/10\/21\/xi-jinping-recebe-presidente-da-camara-dos-deputados-do-brasil\/\" \/>\n<meta property=\"og:locale\" content=\"pt_BR\" \/>\n<meta property=\"og:type\" content=\"article\" \/>\n<meta property=\"og:title\" content=\"Xi Jinping recebe presidente da C\u00e2mara dos Deputados do Brasil - CRI e Diario de Pernambuco\" \/>\n<meta property=\"og:description\" content=\"O presidente chin\u00eas, Xi Jinping, se encontrou nesta sexta-feira (20) em Beijing com o presidente da C\u00e2mara dos Deputados do Brasil, Arthur Lira. Xi Jinping saudou o deputado brasileiro e deu boas-vindas a ele e sua delega\u00e7\u00e3o . O presidente...\" \/>\n<meta property=\"og:url\" content=\"https:\/\/diariodepe.com.br\/cri\/2023\/10\/21\/xi-jinping-recebe-presidente-da-camara-dos-deputados-do-brasil\/\" \/>\n<meta property=\"og:site_name\" content=\"CRI e Diario de Pernambuco\" \/>\n<meta property=\"article:published_time\" content=\"2023-10-21T03:06:37+00:00\" \/>\n<meta property=\"og:image\" content=\"https:\/\/diariodepe.com.br\/cri\/wp-content\/uploads\/sites\/2\/2023\/10\/2023102019363588953.jpg\" \/>\n\t<meta property=\"og:image:width\" content=\"900\" \/>\n\t<meta property=\"og:image:height\" content=\"727\" \/>\n\t<meta property=\"og:image:type\" content=\"image\/jpeg\" \/>\n<meta name=\"author\" content=\"Ismael Lucas S. Pereira\" \/>\n<meta name=\"twitter:card\" content=\"summary_large_image\" \/>\n<meta name=\"twitter:label1\" content=\"Escrito por\" \/>\n\t<meta name=\"twitter:data1\" content=\"Ismael Lucas S. Pereira\" \/>\n\t<meta name=\"twitter:label2\" content=\"Est. tempo de leitura\" \/>\n\t<meta name=\"twitter:data2\" content=\"1 minuto\" \/>\n<script type=\"application\/ld+json\" class=\"yoast-schema-graph\">{\"@context\":\"https:\\\/\\\/schema.org\",\"@graph\":[{\"@type\":\"Article\",\"@id\":\"https:\\\/\\\/diariodepe.com.br\\\/cri\\\/2023\\\/10\\\/21\\\/xi-jinping-recebe-presidente-da-camara-dos-deputados-do-brasil\\\/#article\",\"isPartOf\":{\"@id\":\"https:\\\/\\\/diariodepe.com.br\\\/cri\\\/2023\\\/10\\\/21\\\/xi-jinping-recebe-presidente-da-camara-dos-deputados-do-brasil\\\/\"},\"author\":{\"name\":\"Ismael Lucas S. Pereira\",\"@id\":\"https:\\\/\\\/diariodepe.com.br\\\/cri\\\/#\\\/schema\\\/person\\\/121bb28d84f1a5b1205ef4ce9c2e0c6b\"},\"headline\":\"Xi Jinping recebe presidente da C\u00e2mara dos Deputados do Brasil\",\"datePublished\":\"2023-10-21T03:06:37+00:00\",\"mainEntityOfPage\":{\"@id\":\"https:\\\/\\\/diariodepe.com.br\\\/cri\\\/2023\\\/10\\\/21\\\/xi-jinping-recebe-presidente-da-camara-dos-deputados-do-brasil\\\/\"},\"wordCount\":166,\"commentCount\":0,\"publisher\":{\"@id\":\"https:\\\/\\\/diariodepe.com.br\\\/cri\\\/#organization\"},\"image\":{\"@id\":\"https:\\\/\\\/diariodepe.com.br\\\/cri\\\/2023\\\/10\\\/21\\\/xi-jinping-recebe-presidente-da-camara-dos-deputados-do-brasil\\\/#primaryimage\"},\"thumbnailUrl\":\"https:\\\/\\\/diariodepe.com.br\\\/cri\\\/wp-content\\\/uploads\\\/sites\\\/2\\\/2023\\\/10\\\/2023102019363588953.jpg\",\"articleSection\":[\"China\",\"Destaques Capa\"],\"inLanguage\":\"pt-BR\",\"potentialAction\":[{\"@type\":\"CommentAction\",\"name\":\"Comment\",\"target\":[\"https:\\\/\\\/diariodepe.com.br\\\/cri\\\/2023\\\/10\\\/21\\\/xi-jinping-recebe-presidente-da-camara-dos-deputados-do-brasil\\\/#respond\"]}]},{\"@type\":\"WebPage\",\"@id\":\"https:\\\/\\\/diariodepe.com.br\\\/cri\\\/2023\\\/10\\\/21\\\/xi-jinping-recebe-presidente-da-camara-dos-deputados-do-brasil\\\/\",\"url\":\"https:\\\/\\\/diariodepe.com.br\\\/cri\\\/2023\\\/10\\\/21\\\/xi-jinping-recebe-presidente-da-camara-dos-deputados-do-brasil\\\/\",\"name\":\"Xi Jinping recebe presidente da C\u00e2mara dos Deputados do Brasil - CRI e Diario de Pernambuco\",\"isPartOf\":{\"@id\":\"https:\\\/\\\/diariodepe.com.br\\\/cri\\\/#website\"},\"primaryImageOfPage\":{\"@id\":\"https:\\\/\\\/diariodepe.com.br\\\/cri\\\/2023\\\/10\\\/21\\\/xi-jinping-recebe-presidente-da-camara-dos-deputados-do-brasil\\\/#primaryimage\"},\"image\":{\"@id\":\"https:\\\/\\\/diariodepe.com.br\\\/cri\\\/2023\\\/10\\\/21\\\/xi-jinping-recebe-presidente-da-camara-dos-deputados-do-brasil\\\/#primaryimage\"},\"thumbnailUrl\":\"https:\\\/\\\/diariodepe.com.br\\\/cri\\\/wp-content\\\/uploads\\\/sites\\\/2\\\/2023\\\/10\\\/2023102019363588953.jpg\",\"datePublished\":\"2023-10-21T03:06:37+00:00\",\"breadcrumb\":{\"@id\":\"https:\\\/\\\/diariodepe.com.br\\\/cri\\\/2023\\\/10\\\/21\\\/xi-jinping-recebe-presidente-da-camara-dos-deputados-do-brasil\\\/#breadcrumb\"},\"inLanguage\":\"pt-BR\",\"potentialAction\":[{\"@type\":\"ReadAction\",\"target\":[\"https:\\\/\\\/diariodepe.com.br\\\/cri\\\/2023\\\/10\\\/21\\\/xi-jinping-recebe-presidente-da-camara-dos-deputados-do-brasil\\\/\"]}]},{\"@type\":\"ImageObject\",\"inLanguage\":\"pt-BR\",\"@id\":\"https:\\\/\\\/diariodepe.com.br\\\/cri\\\/2023\\\/10\\\/21\\\/xi-jinping-recebe-presidente-da-camara-dos-deputados-do-brasil\\\/#primaryimage\",\"url\":\"https:\\\/\\\/diariodepe.com.br\\\/cri\\\/wp-content\\\/uploads\\\/sites\\\/2\\\/2023\\\/10\\\/2023102019363588953.jpg\",\"contentUrl\":\"https:\\\/\\\/diariodepe.com.br\\\/cri\\\/wp-content\\\/uploads\\\/sites\\\/2\\\/2023\\\/10\\\/2023102019363588953.jpg\",\"width\":900,\"height\":727,\"caption\":\"\u65b0\u534e\u793e\u7167\u7247\uff0c\u5317\u4eac\uff0c2023\u5e7410\u670820\u65e5 \u4e60\u8fd1\u5e73\u4f1a\u89c1\u5df4\u897f\u4f17\u8bae\u957f\u91cc\u62c9 10\u670820\u65e5\u4e0a\u5348\uff0c\u56fd\u5bb6\u4e3b\u5e2d\u4e60\u8fd1\u5e73\u5728\u5317\u4eac\u4eba\u6c11\u5927\u4f1a\u5802\u4f1a\u89c1\u5df4\u897f\u4f17\u8bae\u957f\u91cc\u62c9\u3002 \u65b0\u534e\u793e\u8bb0\u8005 \u7fdf\u5065\u5c9a \u6444\"},{\"@type\":\"BreadcrumbList\",\"@id\":\"https:\\\/\\\/diariodepe.com.br\\\/cri\\\/2023\\\/10\\\/21\\\/xi-jinping-recebe-presidente-da-camara-dos-deputados-do-brasil\\\/#breadcrumb\",\"itemListElement\":[{\"@type\":\"ListItem\",\"position\":1,\"name\":\"In\u00edcio\",\"item\":\"https:\\\/\\\/diariodepe.com.br\\\/cri\\\/\"},{\"@type\":\"ListItem\",\"position\":2,\"name\":\"Xi Jinping recebe presidente da C\u00e2mara dos Deputados do Brasil\"}]},{\"@type\":\"WebSite\",\"@id\":\"https:\\\/\\\/diariodepe.com.br\\\/cri\\\/#website\",\"url\":\"https:\\\/\\\/diariodepe.com.br\\\/cri\\\/\",\"name\":\"CRI e Diario de Pernambuco\",\"description\":\"R\u00e1dio Internacional da China\",\"publisher\":{\"@id\":\"https:\\\/\\\/diariodepe.com.br\\\/cri\\\/#organization\"},\"potentialAction\":[{\"@type\":\"SearchAction\",\"target\":{\"@type\":\"EntryPoint\",\"urlTemplate\":\"https:\\\/\\\/diariodepe.com.br\\\/cri\\\/?s={search_term_string}\"},\"query-input\":{\"@type\":\"PropertyValueSpecification\",\"valueRequired\":true,\"valueName\":\"search_term_string\"}}],\"inLanguage\":\"pt-BR\"},{\"@type\":\"Organization\",\"@id\":\"https:\\\/\\\/diariodepe.com.br\\\/cri\\\/#organization\",\"name\":\"CRI e Diario de Pernambuco\",\"url\":\"https:\\\/\\\/diariodepe.com.br\\\/cri\\\/\",\"logo\":{\"@type\":\"ImageObject\",\"inLanguage\":\"pt-BR\",\"@id\":\"https:\\\/\\\/diariodepe.com.br\\\/cri\\\/#\\\/schema\\\/logo\\\/image\\\/\",\"url\":\"https:\\\/\\\/diariodepe.com.br\\\/cri\\\/wp-content\\\/uploads\\\/sites\\\/2\\\/2022\\\/12\\\/cropped-Logo.jpg\",\"contentUrl\":\"https:\\\/\\\/diariodepe.com.br\\\/cri\\\/wp-content\\\/uploads\\\/sites\\\/2\\\/2022\\\/12\\\/cropped-Logo.jpg\",\"width\":700,\"height\":59,\"caption\":\"CRI e Diario de Pernambuco\"},\"image\":{\"@id\":\"https:\\\/\\\/diariodepe.com.br\\\/cri\\\/#\\\/schema\\\/logo\\\/image\\\/\"}},{\"@type\":\"Person\",\"@id\":\"https:\\\/\\\/diariodepe.com.br\\\/cri\\\/#\\\/schema\\\/person\\\/121bb28d84f1a5b1205ef4ce9c2e0c6b\",\"name\":\"Ismael Lucas S. Pereira\",\"image\":{\"@type\":\"ImageObject\",\"inLanguage\":\"pt-BR\",\"@id\":\"https:\\\/\\\/secure.gravatar.com\\\/avatar\\\/887a0f3b5a7ceea963a48499fb883ffce6b5037362def025c52c2505b15d63e4?s=96&d=mm&r=g\",\"url\":\"https:\\\/\\\/secure.gravatar.com\\\/avatar\\\/887a0f3b5a7ceea963a48499fb883ffce6b5037362def025c52c2505b15d63e4?s=96&d=mm&r=g\",\"contentUrl\":\"https:\\\/\\\/secure.gravatar.com\\\/avatar\\\/887a0f3b5a7ceea963a48499fb883ffce6b5037362def025c52c2505b15d63e4?s=96&d=mm&r=g\",\"caption\":\"Ismael Lucas S. Pereira\"},\"url\":\"https:\\\/\\\/diariodepe.com.br\\\/cri\\\/author\\\/ismael-lucas\\\/\"}]}<\/script>\n<!-- \/ Yoast SEO plugin. -->","yoast_head_json":{"title":"Xi Jinping recebe presidente da C\u00e2mara dos Deputados do Brasil - CRI e Diario de Pernambuco","robots":{"index":"index","follow":"follow","max-snippet":"max-snippet:-1","max-image-preview":"max-image-preview:large","max-video-preview":"max-video-preview:-1"},"canonical":"https:\/\/diariodepe.com.br\/cri\/2023\/10\/21\/xi-jinping-recebe-presidente-da-camara-dos-deputados-do-brasil\/","og_locale":"pt_BR","og_type":"article","og_title":"Xi Jinping recebe presidente da C\u00e2mara dos Deputados do Brasil - CRI e Diario de Pernambuco","og_description":"O presidente chin\u00eas, Xi Jinping, se encontrou nesta sexta-feira (20) em Beijing com o presidente da C\u00e2mara dos Deputados do Brasil, Arthur Lira. Xi Jinping saudou o deputado brasileiro e deu boas-vindas a ele e sua delega\u00e7\u00e3o . O presidente...","og_url":"https:\/\/diariodepe.com.br\/cri\/2023\/10\/21\/xi-jinping-recebe-presidente-da-camara-dos-deputados-do-brasil\/","og_site_name":"CRI e Diario de Pernambuco","article_published_time":"2023-10-21T03:06:37+00:00","og_image":[{"width":900,"height":727,"url":"https:\/\/diariodepe.com.br\/cri\/wp-content\/uploads\/sites\/2\/2023\/10\/2023102019363588953.jpg","type":"image\/jpeg"}],"author":"Ismael Lucas S. Pereira","twitter_card":"summary_large_image","twitter_misc":{"Escrito por":"Ismael Lucas S. Pereira","Est. tempo de leitura":"1 minuto"},"schema":{"@context":"https:\/\/schema.org","@graph":[{"@type":"Article","@id":"https:\/\/diariodepe.com.br\/cri\/2023\/10\/21\/xi-jinping-recebe-presidente-da-camara-dos-deputados-do-brasil\/#article","isPartOf":{"@id":"https:\/\/diariodepe.com.br\/cri\/2023\/10\/21\/xi-jinping-recebe-presidente-da-camara-dos-deputados-do-brasil\/"},"author":{"name":"Ismael Lucas S. Pereira","@id":"https:\/\/diariodepe.com.br\/cri\/#\/schema\/person\/121bb28d84f1a5b1205ef4ce9c2e0c6b"},"headline":"Xi Jinping recebe presidente da C\u00e2mara dos Deputados do Brasil","datePublished":"2023-10-21T03:06:37+00:00","mainEntityOfPage":{"@id":"https:\/\/diariodepe.com.br\/cri\/2023\/10\/21\/xi-jinping-recebe-presidente-da-camara-dos-deputados-do-brasil\/"},"wordCount":166,"commentCount":0,"publisher":{"@id":"https:\/\/diariodepe.com.br\/cri\/#organization"},"image":{"@id":"https:\/\/diariodepe.com.br\/cri\/2023\/10\/21\/xi-jinping-recebe-presidente-da-camara-dos-deputados-do-brasil\/#primaryimage"},"thumbnailUrl":"https:\/\/diariodepe.com.br\/cri\/wp-content\/uploads\/sites\/2\/2023\/10\/2023102019363588953.jpg","articleSection":["China","Destaques Capa"],"inLanguage":"pt-BR","potentialAction":[{"@type":"CommentAction","name":"Comment","target":["https:\/\/diariodepe.com.br\/cri\/2023\/10\/21\/xi-jinping-recebe-presidente-da-camara-dos-deputados-do-brasil\/#respond"]}]},{"@type":"WebPage","@id":"https:\/\/diariodepe.com.br\/cri\/2023\/10\/21\/xi-jinping-recebe-presidente-da-camara-dos-deputados-do-brasil\/","url":"https:\/\/diariodepe.com.br\/cri\/2023\/10\/21\/xi-jinping-recebe-presidente-da-camara-dos-deputados-do-brasil\/","name":"Xi Jinping recebe presidente da C\u00e2mara dos Deputados do Brasil - CRI e Diario de Pernambuco","isPartOf":{"@id":"https:\/\/diariodepe.com.br\/cri\/#website"},"primaryImageOfPage":{"@id":"https:\/\/diariodepe.com.br\/cri\/2023\/10\/21\/xi-jinping-recebe-presidente-da-camara-dos-deputados-do-brasil\/#primaryimage"},"image":{"@id":"https:\/\/diariodepe.com.br\/cri\/2023\/10\/21\/xi-jinping-recebe-presidente-da-camara-dos-deputados-do-brasil\/#primaryimage"},"thumbnailUrl":"https:\/\/diariodepe.com.br\/cri\/wp-content\/uploads\/sites\/2\/2023\/10\/2023102019363588953.jpg","datePublished":"2023-10-21T03:06:37+00:00","breadcrumb":{"@id":"https:\/\/diariodepe.com.br\/cri\/2023\/10\/21\/xi-jinping-recebe-presidente-da-camara-dos-deputados-do-brasil\/#breadcrumb"},"inLanguage":"pt-BR","potentialAction":[{"@type":"ReadAction","target":["https:\/\/diariodepe.com.br\/cri\/2023\/10\/21\/xi-jinping-recebe-presidente-da-camara-dos-deputados-do-brasil\/"]}]},{"@type":"ImageObject","inLanguage":"pt-BR","@id":"https:\/\/diariodepe.com.br\/cri\/2023\/10\/21\/xi-jinping-recebe-presidente-da-camara-dos-deputados-do-brasil\/#primaryimage","url":"https:\/\/diariodepe.com.br\/cri\/wp-content\/uploads\/sites\/2\/2023\/10\/2023102019363588953.jpg","contentUrl":"https:\/\/diariodepe.com.br\/cri\/wp-content\/uploads\/sites\/2\/2023\/10\/2023102019363588953.jpg","width":900,"height":727,"caption":"\u65b0\u534e\u793e\u7167\u7247\uff0c\u5317\u4eac\uff0c2023\u5e7410\u670820\u65e5 \u4e60\u8fd1\u5e73\u4f1a\u89c1\u5df4\u897f\u4f17\u8bae\u957f\u91cc\u62c9 10\u670820\u65e5\u4e0a\u5348\uff0c\u56fd\u5bb6\u4e3b\u5e2d\u4e60\u8fd1\u5e73\u5728\u5317\u4eac\u4eba\u6c11\u5927\u4f1a\u5802\u4f1a\u89c1\u5df4\u897f\u4f17\u8bae\u957f\u91cc\u62c9\u3002 \u65b0\u534e\u793e\u8bb0\u8005 \u7fdf\u5065\u5c9a \u6444"},{"@type":"BreadcrumbList","@id":"https:\/\/diariodepe.com.br\/cri\/2023\/10\/21\/xi-jinping-recebe-presidente-da-camara-dos-deputados-do-brasil\/#breadcrumb","itemListElement":[{"@type":"ListItem","position":1,"name":"In\u00edcio","item":"https:\/\/diariodepe.com.br\/cri\/"},{"@type":"ListItem","position":2,"name":"Xi Jinping recebe presidente da C\u00e2mara dos Deputados do Brasil"}]},{"@type":"WebSite","@id":"https:\/\/diariodepe.com.br\/cri\/#website","url":"https:\/\/diariodepe.com.br\/cri\/","name":"CRI e Diario de Pernambuco","description":"R\u00e1dio Internacional da China","publisher":{"@id":"https:\/\/diariodepe.com.br\/cri\/#organization"},"potentialAction":[{"@type":"SearchAction","target":{"@type":"EntryPoint","urlTemplate":"https:\/\/diariodepe.com.br\/cri\/?s={search_term_string}"},"query-input":{"@type":"PropertyValueSpecification","valueRequired":true,"valueName":"search_term_string"}}],"inLanguage":"pt-BR"},{"@type":"Organization","@id":"https:\/\/diariodepe.com.br\/cri\/#organization","name":"CRI e Diario de Pernambuco","url":"https:\/\/diariodepe.com.br\/cri\/","logo":{"@type":"ImageObject","inLanguage":"pt-BR","@id":"https:\/\/diariodepe.com.br\/cri\/#\/schema\/logo\/image\/","url":"https:\/\/diariodepe.com.br\/cri\/wp-content\/uploads\/sites\/2\/2022\/12\/cropped-Logo.jpg","contentUrl":"https:\/\/diariodepe.com.br\/cri\/wp-content\/uploads\/sites\/2\/2022\/12\/cropped-Logo.jpg","width":700,"height":59,"caption":"CRI e Diario de Pernambuco"},"image":{"@id":"https:\/\/diariodepe.com.br\/cri\/#\/schema\/logo\/image\/"}},{"@type":"Person","@id":"https:\/\/diariodepe.com.br\/cri\/#\/schema\/person\/121bb28d84f1a5b1205ef4ce9c2e0c6b","name":"Ismael Lucas S. Pereira","image":{"@type":"ImageObject","inLanguage":"pt-BR","@id":"https:\/\/secure.gravatar.com\/avatar\/887a0f3b5a7ceea963a48499fb883ffce6b5037362def025c52c2505b15d63e4?s=96&d=mm&r=g","url":"https:\/\/secure.gravatar.com\/avatar\/887a0f3b5a7ceea963a48499fb883ffce6b5037362def025c52c2505b15d63e4?s=96&d=mm&r=g","contentUrl":"https:\/\/secure.gravatar.com\/avatar\/887a0f3b5a7ceea963a48499fb883ffce6b5037362def025c52c2505b15d63e4?s=96&d=mm&r=g","caption":"Ismael Lucas S. Pereira"},"url":"https:\/\/diariodepe.com.br\/cri\/author\/ismael-lucas\/"}]}},"cc_featured_image_caption":{"caption_text":false,"source_text":false,"source_url":false},"amp_enabled":true,"_links":{"self":[{"href":"https:\/\/diariodepe.com.br\/cri\/wp-json\/wp\/v2\/posts\/3181","targetHints":{"allow":["GET"]}}],"collection":[{"href":"https:\/\/diariodepe.com.br\/cri\/wp-json\/wp\/v2\/posts"}],"about":[{"href":"https:\/\/diariodepe.com.br\/cri\/wp-json\/wp\/v2\/types\/post"}],"author":[{"embeddable":true,"href":"https:\/\/diariodepe.com.br\/cri\/wp-json\/wp\/v2\/users\/2"}],"replies":[{"embeddable":true,"href":"https:\/\/diariodepe.com.br\/cri\/wp-json\/wp\/v2\/comments?post=3181"}],"version-history":[{"count":1,"href":"https:\/\/diariodepe.com.br\/cri\/wp-json\/wp\/v2\/posts\/3181\/revisions"}],"predecessor-version":[{"id":3183,"href":"https:\/\/diariodepe.com.br\/cri\/wp-json\/wp\/v2\/posts\/3181\/revisions\/3183"}],"wp:featuredmedia":[{"embeddable":true,"href":"https:\/\/diariodepe.com.br\/cri\/wp-json\/wp\/v2\/media\/3182"}],"wp:attachment":[{"href":"https:\/\/diariodepe.com.br\/cri\/wp-json\/wp\/v2\/media?parent=3181"}],"wp:term":[{"taxonomy":"category","embeddable":true,"href":"https:\/\/diariodepe.com.br\/cri\/wp-json\/wp\/v2\/categories?post=3181"},{"taxonomy":"post_tag","embeddable":true,"href":"https:\/\/diariodepe.com.br\/cri\/wp-json\/wp\/v2\/tags?post=3181"}],"curies":[{"name":"wp","href":"https:\/\/api.w.org\/{rel}","templated":true}]}}